{"id":32464,"date":"2021-07-12T12:00:29","date_gmt":"2021-07-12T16:00:29","guid":{"rendered":"http:\/\/blogdalucianaoliveira.com.br\/blog\/?p=32464"},"modified":"2021-07-12T12:00:31","modified_gmt":"2021-07-12T16:00:31","slug":"a-coragem-de-pamella-de-holanda-e-rara-a-monstruosidade-do-dj-ivis-nao","status":"publish","type":"post","link":"http:\/\/blogdalucianaoliveira.com.br\/blog\/2021\/07\/12\/a-coragem-de-pamella-de-holanda-e-rara-a-monstruosidade-do-dj-ivis-nao\/","title":{"rendered":"A coragem de P\u00e2mella de Holanda \u00e9 rara. A monstruosidade do DJ Ivis, n\u00e3o"},"content":{"rendered":"\n<figure class=\"wp-block-image\"><img data-recalc-dims=\"1\" height=\"338\" width=\"600\" decoding=\"async\" src=\"https:\/\/i0.wp.com\/www.diariodocentrodomundo.com.br\/wp-content\/uploads\/2021\/07\/dj-ivis-1-600x338.jpg?resize=600%2C338&#038;ssl=1\" alt=\"\"\/><\/figure>\n\n\n\n<p><strong>Por Nathal\u00ed, no DCM<\/strong> &#8211; N\u00e3o consegui ver todos os v\u00eddeos das agress\u00f5es do tal DJ Ivis contra sua agora ex-esposa \u2013 socos, chutes e pontap\u00e9s na presen\u00e7a da filha, um beb\u00ea de nove meses.<\/p>\n\n\n\n<!--more-->\n\n\n\n<p>Primeiro considerei uma obriga\u00e7\u00e3o assistir \u00e0s imagens at\u00e9 o final para opinar aqui sobre o assunto, mas conclu\u00ed em seguida que todas n\u00f3s j\u00e1 conhecemos bem a monstruosidade dessas cenas que se repetem a cada minuto no Brasil e no mundo. Aconselho \u00e0s mulheres que, se puderem, evitem. Vinte segundos foram suficientes pra me causarem um sentimento do qual ainda n\u00e3o sei como me livrar \u2013 talvez escrevendo.<\/p>\n\n\n\n<p>Embora chocantes, as agress\u00f5es brutais do DJ e produtor musical contra P\u00e2mela de Holanda n\u00e3o s\u00e3o as primeiras que chegam \u00e0 grande m\u00eddia \u2013 dentre as tantas que acontecem entre quatro paredes e ningu\u00e9m desconfia de nada.<\/p>\n\n\n\n<p>Quem conseguiu esquecer o caso do tamb\u00e9m m\u00fasico Victor, da dupla Victor e Leo, que chutou a barriga da esposa gr\u00e1vida? As imagens viralizaram e ele ainda fez piada na internet. Sim, piada. E n\u00e3o deu em nada. Nunca foi preso.<\/p>\n\n\n\n<p>A verdade \u00e9 que a dita moral conservadora, aquela hipocritamente idolatrada pela fam\u00edlia tradicional brasileira, tem um n\u00edvel de toler\u00e2ncia absurdamente alto a esse tipo de barb\u00e1rie.<\/p>\n\n\n\n<p>N\u00e3o seria exagero dizer que, nas fam\u00edlias tradicionais, poucas coisas s\u00e3o t\u00e3o comuns quanto agress\u00f5es contra mulheres&nbsp; que s\u00e3o silenciadas e amea\u00e7adas a vida inteira e jamais denunciam.<\/p>\n\n\n\n<p>No Brasil, a mulher que escolhe denunciar um agressor precisa estar preparada pra provar que de fato foi agredida, que n\u00e3o \u00e9 uma interesseira chantagista,&nbsp; e, por fim, que n\u00e3o mereceu apanhar.<\/p>\n\n\n\n<p>Depois da agress\u00e3o, ela enfrenta uma s\u00e9rie de agress\u00f5es (institucionais) pra tentar frear as agress\u00f5es \u2013 um paradoxo ainda mais brutal do que aquelas imagens que eu precisei evitar.<\/p>\n\n\n\n<p>Por isso a coragem de P\u00e2mella \u00e9 t\u00e3o inspiradora: denunciar, no Brasil, \u00e9 quase um ato de hero\u00edsmo, e a hist\u00f3ria de silenciamento dessa mulher se parece com muitas outras que tantas de n\u00f3s j\u00e1 conhecemos ou presenciamos.<\/p>\n\n\n\n<p>\u201cEu me calei por muito tempo! Eu sofria com minha filha, sem apoio at\u00e9 dos que diziam estar ali pra ajudar, que eram coniventes e presenciavam tudo calados sem interferir com a desculpa que eu tinha que aguentar calada porque era o \u2018jeito dele\u2019, era esse o \u2018temperamento dele\u2019 e que se eu quisesse viver com ele, teria que me sujeitar e ser submissa. N\u00e3o se calem!!! N\u00e3o se calem jamais!!! Eu n\u00e3o vou me calar!\u201d, escreveu no Instagram, a mesma rede que usou astutamente para fazer uma den\u00fancia irrefut\u00e1vel at\u00e9&nbsp;mesmo por um sistema judici\u00e1rio que coloca as v\u00edtimas na posi\u00e7\u00e3o de investigadas.<\/p>\n\n\n\n<p>Usar as redes sociais com intelig\u00eancia para denunciar viol\u00eancia dom\u00e9stica \u00e9 uma resposta aceit\u00e1vel a esse judici\u00e1rio macho que sempre d\u00e1 um jeito de culpar a v\u00edtima.&nbsp;Imagina quantos poderosos perderiam suas m\u00e1scaras (seus empregos e, com sorte, sua liberdade) se virasse tend\u00eancia postar v\u00eddeo de agress\u00e3o no Instagram?<\/p>\n\n\n\n<p>E mesmo diante das imagens \u2013 provas incontest\u00e1veis \u2013 O DJ Ivis postou um v\u00eddeo de acusa\u00e7\u00f5es \u00e0 sua v\u00edtima.<\/p>\n\n\n\n<p>\u201cEu era ofendido e agredido tendo que aguentar calado, sofri amea\u00e7as de morte\u201d, diz o homem flagrado espancando a esposa em imagens virais.<\/p>\n\n\n\n<p>Numa sociedade que permite que homens como Victor estejam impunes, homens como Ivis se sentem no direito de se reclamarem v\u00edtimas mesmo havendo&nbsp; provas cabais de que s\u00e3o agressores monstruosos. Eles sabem que, quando a poeira baixar, eles ser\u00e3o perdoados: \u00e9 assim que o ciclo da viol\u00eancia de g\u00eanero se perpetua.<\/p>\n\n\n\n<p>Para al\u00e9m disso, as palavras deste homem n\u00e3o merecem nenhum outro contra-argumento. \u00c9 a voz de P\u00e2mella que devemos ouvir agora, e espero que sua coragem inspire mulheres que est\u00e3o sendo agredidas neste momento.<\/p>\n\n\n\n<p>Em um pa\u00eds como o Brasil \u2013 cuja \u201cmoral conservadora\u201d admite espancar mulheres (inclusive gr\u00e1vidas e lactantes), sair da in\u00e9rcia e denunciar a viol\u00eancia dom\u00e9stica exige, no m\u00ednimo, muita coragem.<br><\/p>\n\n\n\n<p><\/p>\n","protected":false},"excerpt":{"rendered":"<p>Por Nathal\u00ed, no DCM &#8211; N\u00e3o consegui ver todos os v\u00eddeos das agress\u00f5es do tal DJ Ivis contra sua agora ex-esposa \u2013 socos, chutes e pontap\u00e9s na presen\u00e7a da filha, um beb\u00ea de nove meses.<\/p>\n","protected":false},"author":1,"featured_media":0,"comment_status":"closed","ping_status":"open","sticky":false,"template":"","format":"standard","meta":{"_exactmetrics_skip_tracking":false,"_exactmetrics_sitenote_active":false,"_exactmetrics_sitenote_note":"","_exactmetrics_sitenote_category":0,"jetpack_post_was_ever_published":false,"_jetpack_newsletter_access":"","_jetpack_dont_email_post_to_subs":false,"_jetpack_newsletter_tier_id":0,"_jetpack_memberships_contains_paywalled_content":false,"_jetpack_memberships_contains_paid_content":false,"footnotes":"","jetpack_publicize_message":"","jetpack_publicize_feature_enabled":true,"jetpack_social_post_already_shared":true,"jetpack_social_options":{"image_generator_settings":{"template":"highway","enabled":false},"version":2}},"categories":[1],"tags":[],"class_list":["post-32464","post","type-post","status-publish","format-standard","hentry","category-notas"],"jetpack_publicize_connections":[],"jetpack_sharing_enabled":true,"jetpack_featured_media_url":"","jetpack_shortlink":"https:\/\/wp.me\/p7wKYW-8rC","jetpack-related-posts":[],"_links":{"self":[{"href":"http:\/\/blogdalucianaoliveira.com.br\/blog\/wp-json\/wp\/v2\/posts\/32464","targetHints":{"allow":["GET"]}}],"collection":[{"href":"http:\/\/blogdalucianaoliveira.com.br\/blog\/wp-json\/wp\/v2\/posts"}],"about":[{"href":"http:\/\/blogdalucianaoliveira.com.br\/blog\/wp-json\/wp\/v2\/types\/post"}],"author":[{"embeddable":true,"href":"http:\/\/blogdalucianaoliveira.com.br\/blog\/wp-json\/wp\/v2\/users\/1"}],"replies":[{"embeddable":true,"href":"http:\/\/blogdalucianaoliveira.com.br\/blog\/wp-json\/wp\/v2\/comments?post=32464"}],"version-history":[{"count":1,"href":"http:\/\/blogdalucianaoliveira.com.br\/blog\/wp-json\/wp\/v2\/posts\/32464\/revisions"}],"predecessor-version":[{"id":32465,"href":"http:\/\/blogdalucianaoliveira.com.br\/blog\/wp-json\/wp\/v2\/posts\/32464\/revisions\/32465"}],"wp:attachment":[{"href":"http:\/\/blogdalucianaoliveira.com.br\/blog\/wp-json\/wp\/v2\/media?parent=32464"}],"wp:term":[{"taxonomy":"category","embeddable":true,"href":"http:\/\/blogdalucianaoliveira.com.br\/blog\/wp-json\/wp\/v2\/categories?post=32464"},{"taxonomy":"post_tag","embeddable":true,"href":"http:\/\/blogdalucianaoliveira.com.br\/blog\/wp-json\/wp\/v2\/tags?post=32464"}],"curies":[{"name":"wp","href":"https:\/\/api.w.org\/{rel}","templated":true}]}}