{"id":32470,"date":"2021-07-13T15:05:42","date_gmt":"2021-07-13T19:05:42","guid":{"rendered":"http:\/\/blogdalucianaoliveira.com.br\/blog\/?p=32470"},"modified":"2021-07-13T15:38:34","modified_gmt":"2021-07-13T19:38:34","slug":"o-dj-ivis-pode-estar-do-seu-lado-e-nao-o-ve","status":"publish","type":"post","link":"http:\/\/blogdalucianaoliveira.com.br\/blog\/2021\/07\/13\/o-dj-ivis-pode-estar-do-seu-lado-e-nao-o-ve\/","title":{"rendered":"O Dj Ivis pode estar do seu lado e n\u00e3o o v\u00ea"},"content":{"rendered":"\n<figure class=\"wp-block-image size-large\"><img loading=\"lazy\" decoding=\"async\" width=\"872\" height=\"1074\" data-attachment-id=\"32471\" data-permalink=\"http:\/\/blogdalucianaoliveira.com.br\/blog\/2021\/07\/13\/o-dj-ivis-pode-estar-do-seu-lado-e-nao-o-ve\/6bf5aba6-8000-4c42-b41d-f01330022c98\/\" data-orig-file=\"https:\/\/i0.wp.com\/blogdalucianaoliveira.com.br\/blog\/wp-content\/uploads\/2021\/07\/6BF5ABA6-8000-4C42-B41D-F01330022C98.jpeg?fit=872%2C1074\" data-orig-size=\"872,1074\" data-comments-opened=\"0\" data-image-meta=\"{&quot;aperture&quot;:&quot;0&quot;,&quot;credit&quot;:&quot;&quot;,&quot;camera&quot;:&quot;&quot;,&quot;caption&quot;:&quot;&quot;,&quot;created_timestamp&quot;:&quot;0&quot;,&quot;copyright&quot;:&quot;&quot;,&quot;focal_length&quot;:&quot;0&quot;,&quot;iso&quot;:&quot;0&quot;,&quot;shutter_speed&quot;:&quot;0&quot;,&quot;title&quot;:&quot;&quot;,&quot;orientation&quot;:&quot;1&quot;}\" data-image-title=\"6BF5ABA6-8000-4C42-B41D-F01330022C98\" data-image-description=\"\" data-image-caption=\"\" data-medium-file=\"https:\/\/i0.wp.com\/blogdalucianaoliveira.com.br\/blog\/wp-content\/uploads\/2021\/07\/6BF5ABA6-8000-4C42-B41D-F01330022C98.jpeg?fit=244%2C300\" data-large-file=\"https:\/\/i0.wp.com\/blogdalucianaoliveira.com.br\/blog\/wp-content\/uploads\/2021\/07\/6BF5ABA6-8000-4C42-B41D-F01330022C98.jpeg?fit=600%2C739\" src=\"https:\/\/i0.wp.com\/blogdalucianaoliveira.com.br\/blog\/wp-content\/uploads\/2021\/07\/6BF5ABA6-8000-4C42-B41D-F01330022C98.jpeg?fit=600%2C739\" alt=\"\" class=\"wp-image-32471\" srcset=\"https:\/\/i0.wp.com\/blogdalucianaoliveira.com.br\/blog\/wp-content\/uploads\/2021\/07\/6BF5ABA6-8000-4C42-B41D-F01330022C98.jpeg?w=872 872w, https:\/\/i0.wp.com\/blogdalucianaoliveira.com.br\/blog\/wp-content\/uploads\/2021\/07\/6BF5ABA6-8000-4C42-B41D-F01330022C98.jpeg?resize=244%2C300 244w, https:\/\/i0.wp.com\/blogdalucianaoliveira.com.br\/blog\/wp-content\/uploads\/2021\/07\/6BF5ABA6-8000-4C42-B41D-F01330022C98.jpeg?resize=831%2C1024 831w, https:\/\/i0.wp.com\/blogdalucianaoliveira.com.br\/blog\/wp-content\/uploads\/2021\/07\/6BF5ABA6-8000-4C42-B41D-F01330022C98.jpeg?resize=768%2C946 768w\" sizes=\"auto, (max-width: 600px) 100vw, 600px\" \/><\/figure>\n\n\n\n<p>Aos 16 anos fui v\u00edtima de viol\u00eancia praticada por um ex-namorado que n\u00e3o aceitava o fim do relacionamento. <\/p>\n\n\n\n<p>Eu disse 16 anos. Imagine sua filha, irm\u00e3, voc\u00ea. <\/p>\n\n\n\n<!--more-->\n\n\n\n<p>Foram v\u00e1rios dias de agress\u00f5es  f\u00edsicas e amea\u00e7as de morte contra minha fam\u00edlia. <\/p>\n\n\n\n<p>Foi um sufoco pra me libertar.<br>\nNaquela \u00e9poca n\u00e3o tinha Lei Maria da Penha, nem se falava de viol\u00eancia contra a mulher. <\/p>\n\n\n\n<p>Coragem de contar aos meus pais? Nunca! Morria de medo que o agressor os matasse. <\/p>\n\n\n\n<p>Com coragem que tirei n\u00e3o sei de onde o larguei na primeira agress\u00e3o, mas a\u00ed vieram outras e outras. <\/p>\n\n\n\n<p>Sofri v\u00e1rias, nas ruas, na minha escola, onde ia. Ele esperava nas esquinas para me atacar. <\/p>\n\n\n\n<p>Um cunhado me socorreu e o agressor fugiu de Rond\u00f4nia com medo de peia e de ser denunciado. <\/p>\n\n\n\n<p>Ele era mais velho e gozava de popularidade na cidade. <\/p>\n\n\n\n<p>Morreu recentemente e causou como\u00e7\u00e3o nas redes sociais. <br> Vi muita gente o agradecer pela sua colabora\u00e7\u00e3o no segmento de dan\u00e7a em Porto Velho e por sua humanidade. <\/p>\n\n\n\n<p>Me perguntei: como um sujeito t\u00e3o mau enganou tanta gente por tanto tempo?<\/p>\n\n\n\n<p>Alguns sabiam que era perverso e mesmo assim teceram muitos elogios ap\u00f3s sua morte. N\u00e3o foi com eles, por que se importar? <\/p>\n\n\n\n<p>Pensei em perguntar por que a quem sabia e dizer a quem n\u00e3o sabia do que ele era capaz. <\/p>\n\n\n\n<p>Duas pessoas pr\u00f3ximas me disseram pra perdoar e pedir a Deus o descanso pra ele. <\/p>\n\n\n\n<p>S\u00f3 pensava: esse n\u00e3o sobe. Esse desce. <\/p>\n\n\n\n<p>Confesso, n\u00e3o me alegrei, mas tamb\u00e9m n\u00e3o fiquei triste com a morte dele. Foi estranhamente frio o al\u00edvio. <\/p>\n\n\n\n<p>Na verdade s\u00f3 pensei que nunca mais sentiria aquele medo paralisante que me acompanhou a vida toda. <\/p>\n\n\n\n<p>Ele havia recentemente voltado pra Porto Velho e quando o reencontrei, garanto, o medo que eu senti foi o mesmo de quando era adolescente. <\/p>\n\n\n\n<p>O ch\u00e3o se abriu quando dei de cara com ele, mesmo hoje sendo uma mulher forte, esclarecida, protegida, desabei de medo. <\/p>\n\n\n\n<p>Quem nunca sentiu esse medo n\u00e3o sabe o que \u00e9. <\/p>\n\n\n\n<p>A viol\u00eancia mesmo ap\u00f3s interrompida persegue a mulher feito uma sombra maligna. <\/p>\n\n\n\n<p>Quando ouvir um grito de medo desse, corra pra ajudar! <\/p>\n\n\n\n<p>Tudo que eu queria era que algu\u00e9m corresse pra me ajudar. Muitos viram e nada fizeram. <\/p>\n\n\n\n<p>O #djivis pode estar do seu lado e n\u00e3o o v\u00ea. <\/p>\n\n\n\n<p>Uma mulher pode estar gritando e voc\u00ea n\u00e3o ouve. <\/p>\n\n\n\n<p>Eu vivi esse terror. <\/p>\n\n\n\n<p>Mas, aqueles olhos de f\u00faria me encarando, me reduzindo a medo, nunca mais! <br><\/p>\n\n\n\n<p>Hoje eu vou pra cima quando um homem tenta me parar, me calar. E uns me dizem louca. N\u00e3o sabem como constru\u00ed minha coragem. <br><\/p>\n\n\n\n<p>Fez escuro, o amanh\u00e3 chegou e hoje eu canto. <\/p>\n\n\n\n<h1 class=\"wp-block-heading\">#SilenciadasNuncaMais<\/h1>\n","protected":false},"excerpt":{"rendered":"<p>Aos 16 anos fui v\u00edtima de viol\u00eancia praticada por um ex-namorado que n\u00e3o aceitava o fim do relacionamento. Eu disse 16 anos. Imagine sua filha, irm\u00e3, voc\u00ea.<\/p>\n","protected":false},"author":1,"featured_media":0,"comment_status":"closed","ping_status":"open","sticky":false,"template":"","format":"standard","meta":{"_exactmetrics_skip_tracking":false,"_exactmetrics_sitenote_active":false,"_exactmetrics_sitenote_note":"","_exactmetrics_sitenote_category":0,"jetpack_post_was_ever_published":false,"_jetpack_newsletter_access":"","_jetpack_dont_email_post_to_subs":false,"_jetpack_newsletter_tier_id":0,"_jetpack_memberships_contains_paywalled_content":false,"_jetpack_memberships_contains_paid_content":false,"footnotes":"","jetpack_publicize_message":"","jetpack_publicize_feature_enabled":true,"jetpack_social_post_already_shared":true,"jetpack_social_options":{"image_generator_settings":{"template":"highway","enabled":false},"version":2}},"categories":[1],"tags":[],"class_list":["post-32470","post","type-post","status-publish","format-standard","hentry","category-notas"],"jetpack_publicize_connections":[],"jetpack_sharing_enabled":true,"jetpack_featured_media_url":"","jetpack_shortlink":"https:\/\/wp.me\/p7wKYW-8rI","jetpack-related-posts":[],"_links":{"self":[{"href":"http:\/\/blogdalucianaoliveira.com.br\/blog\/wp-json\/wp\/v2\/posts\/32470","targetHints":{"allow":["GET"]}}],"collection":[{"href":"http:\/\/blogdalucianaoliveira.com.br\/blog\/wp-json\/wp\/v2\/posts"}],"about":[{"href":"http:\/\/blogdalucianaoliveira.com.br\/blog\/wp-json\/wp\/v2\/types\/post"}],"author":[{"embeddable":true,"href":"http:\/\/blogdalucianaoliveira.com.br\/blog\/wp-json\/wp\/v2\/users\/1"}],"replies":[{"embeddable":true,"href":"http:\/\/blogdalucianaoliveira.com.br\/blog\/wp-json\/wp\/v2\/comments?post=32470"}],"version-history":[{"count":4,"href":"http:\/\/blogdalucianaoliveira.com.br\/blog\/wp-json\/wp\/v2\/posts\/32470\/revisions"}],"predecessor-version":[{"id":32475,"href":"http:\/\/blogdalucianaoliveira.com.br\/blog\/wp-json\/wp\/v2\/posts\/32470\/revisions\/32475"}],"wp:attachment":[{"href":"http:\/\/blogdalucianaoliveira.com.br\/blog\/wp-json\/wp\/v2\/media?parent=32470"}],"wp:term":[{"taxonomy":"category","embeddable":true,"href":"http:\/\/blogdalucianaoliveira.com.br\/blog\/wp-json\/wp\/v2\/categories?post=32470"},{"taxonomy":"post_tag","embeddable":true,"href":"http:\/\/blogdalucianaoliveira.com.br\/blog\/wp-json\/wp\/v2\/tags?post=32470"}],"curies":[{"name":"wp","href":"https:\/\/api.w.org\/{rel}","templated":true}]}}