{"id":32476,"date":"2021-07-14T10:31:43","date_gmt":"2021-07-14T14:31:43","guid":{"rendered":"http:\/\/blogdalucianaoliveira.com.br\/blog\/?p=32476"},"modified":"2021-07-14T10:31:46","modified_gmt":"2021-07-14T14:31:46","slug":"governo-bolsonaro-enfraquece-o-inpe-e-retira-do-orgao-divulgacao-sobre-dados-de-queimadas","status":"publish","type":"post","link":"http:\/\/blogdalucianaoliveira.com.br\/blog\/2021\/07\/14\/governo-bolsonaro-enfraquece-o-inpe-e-retira-do-orgao-divulgacao-sobre-dados-de-queimadas\/","title":{"rendered":"Governo Bolsonaro enfraquece o INPE e retira do \u00f3rg\u00e3o divulga\u00e7\u00e3o sobre dados de queimadas"},"content":{"rendered":"\n<figure class=\"wp-block-image size-large\"><img data-recalc-dims=\"1\" loading=\"lazy\" decoding=\"async\" width=\"600\" height=\"411\" data-attachment-id=\"32477\" data-permalink=\"http:\/\/blogdalucianaoliveira.com.br\/blog\/2021\/07\/14\/governo-bolsonaro-enfraquece-o-inpe-e-retira-do-orgao-divulgacao-sobre-dados-de-queimadas\/f1d8e605-4faa-4f2e-ae79-751838086b05\/\" data-orig-file=\"https:\/\/i0.wp.com\/blogdalucianaoliveira.com.br\/blog\/wp-content\/uploads\/2021\/07\/F1D8E605-4FAA-4F2E-AE79-751838086B05.jpeg?fit=948%2C649\" data-orig-size=\"948,649\" data-comments-opened=\"0\" data-image-meta=\"{&quot;aperture&quot;:&quot;0&quot;,&quot;credit&quot;:&quot;&quot;,&quot;camera&quot;:&quot;&quot;,&quot;caption&quot;:&quot;&quot;,&quot;created_timestamp&quot;:&quot;0&quot;,&quot;copyright&quot;:&quot;&quot;,&quot;focal_length&quot;:&quot;0&quot;,&quot;iso&quot;:&quot;0&quot;,&quot;shutter_speed&quot;:&quot;0&quot;,&quot;title&quot;:&quot;&quot;,&quot;orientation&quot;:&quot;0&quot;}\" data-image-title=\"F1D8E605-4FAA-4F2E-AE79-751838086B05\" data-image-description=\"\" data-image-caption=\"\" data-medium-file=\"https:\/\/i0.wp.com\/blogdalucianaoliveira.com.br\/blog\/wp-content\/uploads\/2021\/07\/F1D8E605-4FAA-4F2E-AE79-751838086B05.jpeg?fit=300%2C205\" data-large-file=\"https:\/\/i0.wp.com\/blogdalucianaoliveira.com.br\/blog\/wp-content\/uploads\/2021\/07\/F1D8E605-4FAA-4F2E-AE79-751838086B05.jpeg?fit=600%2C411\" src=\"https:\/\/i0.wp.com\/blogdalucianaoliveira.com.br\/blog\/wp-content\/uploads\/2021\/07\/F1D8E605-4FAA-4F2E-AE79-751838086B05.jpeg?resize=600%2C411\" alt=\"\" class=\"wp-image-32477\" srcset=\"https:\/\/i0.wp.com\/blogdalucianaoliveira.com.br\/blog\/wp-content\/uploads\/2021\/07\/F1D8E605-4FAA-4F2E-AE79-751838086B05.jpeg?w=948 948w, https:\/\/i0.wp.com\/blogdalucianaoliveira.com.br\/blog\/wp-content\/uploads\/2021\/07\/F1D8E605-4FAA-4F2E-AE79-751838086B05.jpeg?resize=300%2C205 300w, https:\/\/i0.wp.com\/blogdalucianaoliveira.com.br\/blog\/wp-content\/uploads\/2021\/07\/F1D8E605-4FAA-4F2E-AE79-751838086B05.jpeg?resize=768%2C526 768w, https:\/\/i0.wp.com\/blogdalucianaoliveira.com.br\/blog\/wp-content\/uploads\/2021\/07\/F1D8E605-4FAA-4F2E-AE79-751838086B05.jpeg?resize=438%2C300 438w\" sizes=\"auto, (max-width: 600px) 100vw, 600px\" \/><\/figure>\n\n\n\n<p><strong>El Pa\u00eds <\/strong>&#8211; A partir desta ter\u00e7a-feira, informa\u00e7\u00f5es sobre queimadas e inc\u00eandios florestais no Brasil ser\u00e3o monitorados e divulgados pelo Instituto Nacional de Meteorologia (Inmet), subordinado ao Minist\u00e9rio da Agricultura.<\/p>\n\n\n\n<!--more-->\n\n\n\n<p>A partir desta ter\u00e7a-feira, os<a href=\"https:\/\/brasil.elpais.com\/brasil\/2021-05-07\/desmatamento-na-amazonia-no-mes-de-abril-e-o-maior-em-seis-anos-aponta-inpe.html\" target=\"_blank\" rel=\"noreferrer noopener\">&nbsp;dados sobre queimadas e inc\u00eandios florestais<\/a>&nbsp;no Brasil ser\u00e3o monitorados e divulgados pelo Instituto Nacional de Meteorologia (Inmet), subordinado ao Minist\u00e9rio da Agricultura, e n\u00e3o mais pelo Instituto Nacional de Pesquisas Espaciais (INPE), um \u00f3rg\u00e3o estritamente t\u00e9cnico, vinculado ao Minist\u00e9rio de Ci\u00eancia e Tecnologia. A medida, que o Governo Bolsonaro afirma que n\u00e3o afetar\u00e1 o trabalho do INPE, alarmou mais uma vez especialistas e pesquisadores, que veem na mudan\u00e7a uma forma de tentar controlar a informa\u00e7\u00e3o e enfraquecer o \u00f3rg\u00e3o, que j\u00e1 foi atacado por Jair Bolsonaro. Os \u00faltimos dados divulgados pelo INPE mostram que a Amaz\u00f4nia teve o maior n\u00famero de focos de queimadas dos \u00faltimos 14 anos para m\u00eas de junho, com 2.308 focos de calor.<\/p>\n\n\n\n<p>O an\u00fancio da mudan\u00e7a foi feito na segunda-feira, durante reuni\u00e3o com a ministra da Agricultura, Tereza Cristina, com o diretor do Inmet, Miguel Ivan Lacerda de Oliveira. O diretor afirmou que os dados sobre locais com maior probabilidade de ocorr\u00eancia de queimadas ser\u00e3o divulgados pelo Painel de Monitoramento ao Risco de Inc\u00eandio, uma ferramenta criada, segundo Oliveira, para evitar problemas de integra\u00e7\u00e3o de dados, uma vez que as informa\u00e7\u00f5es meteorol\u00f3gicos vinham do Inmet. \u201c\u00c9 um problema que o Brasil enfrentava h\u00e1 d\u00e9cadas, na verdade, h\u00e1 mais de 40 anos, a pulveriza\u00e7\u00e3o na divulga\u00e7\u00e3o de dados sobre inc\u00eandio e meteorologia\u201d, disse. J\u00e1 o\u00a0<a rel=\"noreferrer noopener\" href=\"https:\/\/brasil.elpais.com\/noticias\/mapa-ministerio-agricultura-pecuaria-abastecimento-brasil\/\" target=\"_blank\">Minist\u00e9rio da Agricultura\u00a0<\/a>limitou-se a dizer, por meio de uma nota enviada \u00e0 imprensa, que \u201ca iniciativa se deu devido aos inc\u00eandios florestais e queimadas, que ocorrem normalmente de julho a setembro no Brasil central, ocasionando grande impacto ao meio ambiente, ao agroneg\u00f3cio e \u00e0 economia brasileira\u201d.<\/p>\n\n\n\n<p>Funcion\u00e1rios do INPE ouvidos pelo EL PA\u00cdS, que preferiram n\u00e3o se identificar, afirmaram que souberam das mudan\u00e7as pela imprensa e que o dia de trabalho foi de \u201cconfus\u00e3o\u201d nesta ter\u00e7a-feira. A\u00a0<a rel=\"noreferrer noopener\" href=\"https:\/\/brasil.elpais.com\/brasil\/2020-10-03\/escolha-de-um-civil-para-o-inpe-surpreende-mas-nao-tranquiliza-cientistas-sobre-monitoramento-ambiental.html\" target=\"_blank\">emiss\u00e3o de alertas de inc\u00eandio e \u00e1reas prop\u00edcias para fogo<\/a>\u00a0\u00e9 um subproduto do Programa Queimadas que o INPE desenvolve h\u00e1 d\u00e9cadas, com a divulga\u00e7\u00e3o di\u00e1ria de dados t\u00e9cnicos que s\u00e3o utilizados para a\u00e7\u00f5es de combate e preven\u00e7\u00e3o de inc\u00eandios. Um dos funcion\u00e1rios que conversou com a reportagem explica que o Painel de Monitoramento ao Risco de Inc\u00eandio seria apenas um novo produto do Inmet e que \u201co problema surgiu porque o an\u00fancio deu a impress\u00e3o de que o INPE e Censipam [Centro Gestor e Operacional do Sistema de Prote\u00e7\u00e3o da Amaz\u00f4nia] descontinuar\u00e3o seus servi\u00e7os\u201d.<\/p>\n\n\n\n<p>De fato, o Sistema Nacional de Meteorologia (SNM) publicou&nbsp;<a href=\"https:\/\/portal.inmet.gov.br\/uploads\/notastecnicas\/NOTA_CONJUNTA_SNM_INCENDIOS.pdf\">nota no in\u00edcio da tarde desta ter\u00e7a-feira<\/a>&nbsp;informando n\u00e3o ser verdadeira a informa\u00e7\u00e3o de que INPE e Censipam deixar\u00e3o de mostrar tais dados. O pr\u00f3prio texto \u2014que n\u00e3o est\u00e1 assinado\u2014 diz que as informa\u00e7\u00f5es de inc\u00eandios e queimadas ser\u00e3o divulgadas de forma unificada pelo Inmet e n\u00e3o mais por cada \u00f3rg\u00e3o. De acordo com a nota, o novo painel \u00e9 \u201c\u00e9 complementar aos produtos j\u00e1 implementados pelas Institui\u00e7\u00f5es e serve para melhorar o monitoramento de queimadas\u201d, com o objetivo de \u201cjuntar as informa\u00e7\u00f5es sobre o risco de inc\u00eandio e divulg\u00e1-las de maneira conjunta e n\u00e3o mais como cada institui\u00e7\u00e3o, ou seja, todos os relat\u00f3rios do Governo Federal ser\u00e3o divulgados em conjunto pelo Sistema Nacional de Meteorologia\u201d.<\/p>\n\n\n\n<p>O SNM tamb\u00e9m informa que enviar\u00e1 \u00e0 Casa Civil nos pr\u00f3ximos dias uma \u201cminuta de regulamenta\u00e7\u00e3o com o planejamento para a temporada de inc\u00eandios 2021\u201d, na qual consta que os \u00f3rg\u00e3os que o comp\u00f5em enviar\u00e3o boletins semanais com informa\u00e7\u00f5es sobre a situa\u00e7\u00e3o meteorol\u00f3gica, previs\u00f5es e monitoramento de queimadas.<\/p>\n\n\n\n<p>A explica\u00e7\u00e3o n\u00e3o acalmou os \u00e2nimos. \u201cBolsonaro fazendo jus ao t\u00edtulo de governo do desmonte ambiental. Retirou do INPE a fun\u00e7\u00e3o de divulgar dados de queimadas. Na pr\u00e1tica, o recado \u00e9: zero transpar\u00eancia, esvaziar \u00f3rg\u00e3o de monitoramento e sinalizar que apoia aqueles que praticam a\u00e7\u00f5es criminosas contra as florestas\u201d, escreveu a ex-ministra do Meio Ambiente, Marina Silva.<\/p>\n\n\n\n<p>O Governo de Jair Bolsonaro, tenta, desde 2019, mudar o sistema e a divulga\u00e7\u00e3o de dados sobre inc\u00eandios e desmatamento no pa\u00eds. Naquele mesmo ano,&nbsp;<a href=\"https:\/\/brasil.elpais.com\/brasil\/2019\/08\/02\/politica\/1564759880_243772.html\" target=\"_blank\" rel=\"noreferrer noopener\">o f\u00edsico Ricardo Galv\u00e3o foi exonerado do cargo de diretor do INPE pelo presidente<\/a>&nbsp;ap\u00f3s defender a veracidade dos dados divulgados pelo \u00f3rg\u00e3o \u2014duas semanas antes, Bolsonaro afirmou que as informa\u00e7\u00f5es sobre a a\u00e7\u00e3o de criminosos na Amaz\u00f4nia publicadas pelo INPE eram \u201cmentirosas\u201d. Ap\u00f3s a sa\u00edda de Galv\u00e3o, os dados t\u00eam continuado a mostrar um aumento sistem\u00e1tico mensal nos n\u00edveis de desmatamento, por exemplo, mas Bolsonaro continuou a afirmar que o ex-diretor, que estava no INPE desde 1970, estaria \u201ca servi\u00e7o de alguma ONG\u201d.<\/p>\n\n\n\n<p>Nesta ter\u00e7a-feira, Galv\u00e3o disse ao&nbsp;<em>Estado de S. Paulo&nbsp;<\/em>que a mudan\u00e7a proposta na divulga\u00e7\u00e3o dos dados de queimadas \u00e9 mais uma forma de tentar controlar as informa\u00e7\u00f5es e ressaltou que \u201co trabalho feito pelo INPE nessa \u00e1rea \u00e9 reconhecido mundialmente\u201d. \u201cO INPE n\u00e3o tinha essa quest\u00e3o de conflito de interesses. \u00c9 um \u00f3rg\u00e3o da ci\u00eancia e tecnologia. Seus dados sempre foram importantes e respeitados. Essa mudan\u00e7a claramente \u00e9 para controlar a informa\u00e7\u00e3o. \u00c9 a \u00fanica raz\u00e3o de fazer isso\u201d, disse o ex-diretor do \u00f3rg\u00e3o.<\/p>\n","protected":false},"excerpt":{"rendered":"<p>El Pa\u00eds &#8211; A partir desta ter\u00e7a-feira, informa\u00e7\u00f5es sobre queimadas e inc\u00eandios florestais no Brasil ser\u00e3o monitorados e divulgados pelo Instituto Nacional de Meteorologia (Inmet), subordinado ao Minist\u00e9rio da Agricultura.<\/p>\n","protected":false},"author":1,"featured_media":0,"comment_status":"closed","ping_status":"open","sticky":false,"template":"","format":"standard","meta":{"_exactmetrics_skip_tracking":false,"_exactmetrics_sitenote_active":false,"_exactmetrics_sitenote_note":"","_exactmetrics_sitenote_category":0,"jetpack_post_was_ever_published":false,"_jetpack_newsletter_access":"","_jetpack_dont_email_post_to_subs":false,"_jetpack_newsletter_tier_id":0,"_jetpack_memberships_contains_paywalled_content":false,"_jetpack_memberships_contains_paid_content":false,"footnotes":"","jetpack_publicize_message":"","jetpack_publicize_feature_enabled":true,"jetpack_social_post_already_shared":true,"jetpack_social_options":{"image_generator_settings":{"template":"highway","enabled":false},"version":2}},"categories":[1],"tags":[],"class_list":["post-32476","post","type-post","status-publish","format-standard","hentry","category-notas"],"jetpack_publicize_connections":[],"jetpack_sharing_enabled":true,"jetpack_featured_media_url":"","jetpack_shortlink":"https:\/\/wp.me\/p7wKYW-8rO","jetpack-related-posts":[],"_links":{"self":[{"href":"http:\/\/blogdalucianaoliveira.com.br\/blog\/wp-json\/wp\/v2\/posts\/32476","targetHints":{"allow":["GET"]}}],"collection":[{"href":"http:\/\/blogdalucianaoliveira.com.br\/blog\/wp-json\/wp\/v2\/posts"}],"about":[{"href":"http:\/\/blogdalucianaoliveira.com.br\/blog\/wp-json\/wp\/v2\/types\/post"}],"author":[{"embeddable":true,"href":"http:\/\/blogdalucianaoliveira.com.br\/blog\/wp-json\/wp\/v2\/users\/1"}],"replies":[{"embeddable":true,"href":"http:\/\/blogdalucianaoliveira.com.br\/blog\/wp-json\/wp\/v2\/comments?post=32476"}],"version-history":[{"count":1,"href":"http:\/\/blogdalucianaoliveira.com.br\/blog\/wp-json\/wp\/v2\/posts\/32476\/revisions"}],"predecessor-version":[{"id":32478,"href":"http:\/\/blogdalucianaoliveira.com.br\/blog\/wp-json\/wp\/v2\/posts\/32476\/revisions\/32478"}],"wp:attachment":[{"href":"http:\/\/blogdalucianaoliveira.com.br\/blog\/wp-json\/wp\/v2\/media?parent=32476"}],"wp:term":[{"taxonomy":"category","embeddable":true,"href":"http:\/\/blogdalucianaoliveira.com.br\/blog\/wp-json\/wp\/v2\/categories?post=32476"},{"taxonomy":"post_tag","embeddable":true,"href":"http:\/\/blogdalucianaoliveira.com.br\/blog\/wp-json\/wp\/v2\/tags?post=32476"}],"curies":[{"name":"wp","href":"https:\/\/api.w.org\/{rel}","templated":true}]}}