{"id":32482,"date":"2021-07-15T12:33:35","date_gmt":"2021-07-15T16:33:35","guid":{"rendered":"http:\/\/blogdalucianaoliveira.com.br\/blog\/?p=32482"},"modified":"2021-07-15T12:33:39","modified_gmt":"2021-07-15T16:33:39","slug":"entenda-como-a-boiada-vai-passar-se-o-pl-da-grilagem-for-aprovado-no-congresso","status":"publish","type":"post","link":"http:\/\/blogdalucianaoliveira.com.br\/blog\/2021\/07\/15\/entenda-como-a-boiada-vai-passar-se-o-pl-da-grilagem-for-aprovado-no-congresso\/","title":{"rendered":"Entenda como a boiada vai passar se o &#8220;PL da grilagem&#8221; for aprovado no Congresso"},"content":{"rendered":"\n<figure class=\"wp-block-image size-large\"><img data-recalc-dims=\"1\" loading=\"lazy\" decoding=\"async\" width=\"600\" height=\"421\" data-attachment-id=\"32483\" data-permalink=\"http:\/\/blogdalucianaoliveira.com.br\/blog\/2021\/07\/15\/entenda-como-a-boiada-vai-passar-se-o-pl-da-grilagem-for-aprovado-no-congresso\/brazil-environment-fire-2\/\" data-orig-file=\"https:\/\/i0.wp.com\/blogdalucianaoliveira.com.br\/blog\/wp-content\/uploads\/2021\/07\/D5568970-592F-4990-BCB5-36BD81E907FB.jpeg?fit=800%2C561\" data-orig-size=\"800,561\" data-comments-opened=\"0\" data-image-meta=\"{&quot;aperture&quot;:&quot;0&quot;,&quot;credit&quot;:&quot;AFP&quot;,&quot;camera&quot;:&quot;&quot;,&quot;caption&quot;:&quot;Smoke rises from an illegally lit fire in Amazon rainforest reserve, south of Novo Progresso in Para state, Brazil, on August 15, 2020. (Photo by CARL DE SOUZA \\\/ AFP)&quot;,&quot;created_timestamp&quot;:&quot;1597514283&quot;,&quot;copyright&quot;:&quot;AFP or licensors&quot;,&quot;focal_length&quot;:&quot;0&quot;,&quot;iso&quot;:&quot;0&quot;,&quot;shutter_speed&quot;:&quot;0&quot;,&quot;title&quot;:&quot;BRAZIL-ENVIRONMENT-FIRE&quot;,&quot;orientation&quot;:&quot;0&quot;}\" data-image-title=\"BRAZIL-ENVIRONMENT-FIRE\" data-image-description=\"\" data-image-caption=\"&lt;p&gt;Smoke rises from an illegally lit fire in Amazon rainforest reserve, south of Novo Progresso in Para state, Brazil, on August 15, 2020. (Photo by CARL DE SOUZA \/ AFP)&lt;\/p&gt;\n\" data-medium-file=\"https:\/\/i0.wp.com\/blogdalucianaoliveira.com.br\/blog\/wp-content\/uploads\/2021\/07\/D5568970-592F-4990-BCB5-36BD81E907FB.jpeg?fit=300%2C210\" data-large-file=\"https:\/\/i0.wp.com\/blogdalucianaoliveira.com.br\/blog\/wp-content\/uploads\/2021\/07\/D5568970-592F-4990-BCB5-36BD81E907FB.jpeg?fit=600%2C421\" src=\"https:\/\/i0.wp.com\/blogdalucianaoliveira.com.br\/blog\/wp-content\/uploads\/2021\/07\/D5568970-592F-4990-BCB5-36BD81E907FB.jpeg?resize=600%2C421\" alt=\"\" class=\"wp-image-32483\" srcset=\"https:\/\/i0.wp.com\/blogdalucianaoliveira.com.br\/blog\/wp-content\/uploads\/2021\/07\/D5568970-592F-4990-BCB5-36BD81E907FB.jpeg?w=800 800w, https:\/\/i0.wp.com\/blogdalucianaoliveira.com.br\/blog\/wp-content\/uploads\/2021\/07\/D5568970-592F-4990-BCB5-36BD81E907FB.jpeg?resize=300%2C210 300w, https:\/\/i0.wp.com\/blogdalucianaoliveira.com.br\/blog\/wp-content\/uploads\/2021\/07\/D5568970-592F-4990-BCB5-36BD81E907FB.jpeg?resize=768%2C539 768w, https:\/\/i0.wp.com\/blogdalucianaoliveira.com.br\/blog\/wp-content\/uploads\/2021\/07\/D5568970-592F-4990-BCB5-36BD81E907FB.jpeg?resize=428%2C300 428w\" sizes=\"auto, (max-width: 600px) 100vw, 600px\" \/><\/figure>\n\n\n\n<h4 class=\"wp-block-heading\">Projeto permite regularizar terras griladas, inclusive onde h\u00e1 povos ind\u00edgenas, quilombolas e comunidades tradicionais&nbsp;<\/h4>\n\n\n\n<!--more-->\n\n\n\n<p>Murilo Pajolla\u00a0Brasil de Fato | L\u00e1brea (AM) |<\/p>\n\n\n\n<p>A C\u00e2mara dos Deputados pode votar a qualquer momento o \u201cPL da Grilagem\u201d, apelido dado por ambientalistas e pesquisadores ao Projeto de Lei (PL) 2.633\/2020.<\/p>\n\n\n\n<p>O texto tramita em\u00a0<a rel=\"noreferrer noopener\" href=\"https:\/\/www.brasildefato.com.br\/2021\/06\/08\/camara-pode-votar-urgencia-de-pl-da-grilagem-e-escandaloso-diz-greenpeace\" target=\"_blank\">regime de urg\u00eancia, ou seja, pulando etapas regimentais<\/a>. Caso aprovado, segue para o Senado, antes da san\u00e7\u00e3o presidencial.<\/p>\n\n\n\n<p>Na pr\u00e1tica, a aprova\u00e7\u00e3o abriria caminho para a<a href=\"https:\/\/www.brasildefato.com.br\/2021\/04\/30\/pl-que-flexibiliza-regularizacao-fundiaria-premia-invasores-avaliam-ambientalistas\" target=\"_blank\" rel=\"noreferrer noopener\">regulariza\u00e7\u00e3o de \u00e1reas p\u00fablicas invadidas por grileiros e criminosos ambientais<\/a>&nbsp;e facilitaria a legaliza\u00e7\u00e3o de invas\u00f5es onde h\u00e1 comunidades tradicionais,&nbsp;ind\u00edgenas e quilombolas.&nbsp;&nbsp;<\/p>\n\n\n\n<p><a href=\"https:\/\/www.brasildefato.com.br\/2021\/07\/11\/grileiros-e-madeireiros-de-rondonia-invadem-acre-em-acao-multicriminal-com-trafico-e-grilagem\" target=\"_blank\" rel=\"noreferrer noopener\">::&nbsp;Grileiros e madeireiros de Rond\u00f4nia invadem Acre em a\u00e7\u00e3o multicriminal, com tr\u00e1fico e grilagem ::<\/a><\/p>\n\n\n\n<p>\u201cO projeto passa uma narrativa p\u00e9ssima de que pode tudo. Pode ocupar, pode desmatar, que depois o governo vai regularizar. Vai causar mais invas\u00f5es de terras p\u00fablicas e mais desmatamento\u201d, avaliou Suely Ara\u00fajo, especialista s\u00eanior em pol\u00edticas p\u00fablicas do Observat\u00f3rio do Clima e ex-presidente do Ibama entre 2016 e 2018.<\/p>\n\n\n\n<p>Um estudo do Instituto Socioambiental (ISA) estima que o PL, defendido pela bancada ruralista, tem o potencial de anistiar invasores de 55 e 65 milh\u00f5es de hectares de terras da Uni\u00e3o. Cada hectare equivale ao tamanho de um campo de futebol. A grilagem, segundo a entidade, aumentou 274% entre 2018 e 2020 no Brasil.<\/p>\n\n\n\n<p><a href=\"https:\/\/www.brasildefato.com.br\/2021\/05\/06\/bispos-da-amazonia-pedem-retirada-da-pl-da-grilagem-em-carta-a-rodrigo-pacheco\" target=\"_blank\" rel=\"noreferrer noopener\">::&nbsp;Bispos da Amaz\u00f4nia pedem retirada da PL da Grilagem em carta a Rodrigo Pacheco ::<\/a><\/p>\n\n\n\n<p>Cavalo de troia&nbsp;<\/p>\n\n\n\n<p><a href=\"https:\/\/www.brasildefato.com.br\/2020\/05\/14\/relator-da-mp-da-grilagem-apresenta-projeto-de-lei-com-mesmo-teor-e-acentua-disputa\" target=\"_blank\" rel=\"noreferrer noopener\">O &#8220;PL da grilagem&#8221; \u00e9 uma vers\u00e3o mais moderada da Medida Provis\u00f3ria (MP) 910\/ 2019<\/a>, proposta do presidente Jair Bolsonaro (sem partido). Sob intensa press\u00e3o de ambientalistas, a mat\u00e9ria&nbsp;\u201ccaducou\u201d ap\u00f3s n\u00e3o ter sido votada no prazo pela C\u00e2mara.<\/p>\n\n\n\n<p>Ambas as iniciativas estendem a invasores regras mais flex\u00edveis de regulariza\u00e7\u00e3o fundi\u00e1ria, j\u00e1 v\u00e1lidas para pequenas propriedades que n\u00e3o produzem impacto ambiental significativo.&nbsp;<\/p>\n\n\n\n<p>Ao passar de MP para PL, o potencial danoso ao meio ambiente da proposta foi atenuado. Mas, segundo Ara\u00fajo, trata-se de uma estrat\u00e9gia para facilitar a tramita\u00e7\u00e3o e a inclus\u00e3o de pontos pol\u00eamicos por meio de emendas.&nbsp;<\/p>\n\n\n\n<figure class=\"wp-block-image\"><img data-recalc-dims=\"1\" decoding=\"async\" src=\"https:\/\/i0.wp.com\/images02.brasildefato.com.br\/16a7737b60e270dd655af66c2ae78222.jpeg?w=600&#038;ssl=1\" alt=\"\"\/><\/figure>\n\n\n\n<p><br>Diretamente ligada a conflitos de terra, grilagem impulsiona desmatamento das florestas brasileiras \/ Daniel Beltra \/ Greenpeace<\/p>\n\n\n\n<p>\u201cAtualmente o PL 2633 prev\u00ea regras flex\u00edveis para propriedades de at\u00e9 seis m\u00f3dulos fiscais e para ocupa\u00e7\u00f5es realizadas at\u00e9 2008. O problema \u00e9 que ele ser\u00e1 usado como \u2018cavalo de troia\u2019 para estender isso &#8211; na C\u00e2mara ou no Senado &#8211; para at\u00e9 15 m\u00f3dulos fiscais e ocupa\u00e7\u00f5es mais recentes. O que vai sair do Congresso n\u00e3o \u00e9 essa vers\u00e3o simplificada (do PL), longe disso\u201d, alertou&nbsp;a ex-presidente do Ibama.&nbsp;<\/p>\n\n\n\n<p>A medida de um m\u00f3dulo fiscal varia de 5 a 110 hectares, conforme o munic\u00edpio onde est\u00e1 a propriedade. At\u00e9 quatro m\u00f3dulos, os im\u00f3veis s\u00e3o considerados como pequena propriedade; entre 4 e 5, m\u00e9dia propriedade; acima de 15, grande propriedade.&nbsp;<\/p>\n\n\n\n<p><a href=\"https:\/\/www.brasildefato.com.br\/2020\/05\/14\/relator-da-mp-da-grilagem-apresenta-projeto-de-lei-com-mesmo-teor-e-acentua-disputa\" target=\"_blank\" rel=\"noreferrer noopener\">::&nbsp;Relator da &#8220;MP da Grilagem&#8221; apresenta Projeto de Lei com mesmo teor e acentua disputa ::<\/a><\/p>\n\n\n\n<p>\u201cEsse \u00e9 um PL perigoso e desnecess\u00e1rio, porque as regras atuais j\u00e1 beneficiam os pequenos ocupantes, a agricultura familiar. N\u00e3o h\u00e1 necessidade de estender a flexibiliza\u00e7\u00e3o. As regras hoje beneficiam ocupa\u00e7\u00f5es de at\u00e9 4 m\u00f3dulos, que correspondem a mais de 90% do que precisa ser regularizado\u201d, afirmou Ara\u00fajo.<\/p>\n\n\n\n<p>Povos da floresta desprotegidos&nbsp;&nbsp;<\/p>\n\n\n\n<p>O &#8220;PL da grilagem&#8221; permite ainda que grileiros regularizem territ\u00f3rios invadidos, mesmo onde houver presen\u00e7a de comunidades tradicionais.&nbsp;<\/p>\n\n\n\n<p>Quando um im\u00f3vel rural est\u00e1 em processo de regulariza\u00e7\u00e3o fundi\u00e1ria, a Funai, o ICMBio e o Incra podem manifestar interesse sobre a \u00e1rea, se l\u00e1 estiverem ind\u00edgenas, quilombolas ou unidades de conserva\u00e7\u00e3o.&nbsp;<\/p>\n\n\n\n<p><a href=\"https:\/\/www.brasildefato.com.br\/2020\/05\/20\/em-coletiva-sociedade-civil-reforca-coro-contra-votacao-de-pl-da-grilagem\" target=\"_blank\" rel=\"noreferrer noopener\">::&nbsp;Em coletiva, sociedade civil refor\u00e7a coro contra vota\u00e7\u00e3o de \u201cPL da Grilagem\u201d ::<\/a><\/p>\n\n\n\n<p>Caso aprovado, o texto vai restringir a atua\u00e7\u00e3o desses \u00f3rg\u00e3os, exigindo a apresenta\u00e7\u00e3o de estudo t\u00e9cnico, no prazo de seis meses, que comprove o impacto socioambiental.<\/p>\n\n\n\n<figure class=\"wp-block-image\"><img data-recalc-dims=\"1\" decoding=\"async\" src=\"https:\/\/i0.wp.com\/cdn.brasildefato.com.br\/media\/0af0e1f5ee77db29878662005fb4a27d.jpg?w=600&#038;ssl=1\" alt=\"\"\/><\/figure>\n\n\n\n<p><br>PL da grilagem&nbsp;permite que grileiros regularizem territ\u00f3rios invadidos, mesmo onde houver presen\u00e7a de comunidades tradicionais&nbsp;\/ Marcello Casal Jr\/Ag\u00eancia Brasil<\/p>\n\n\n\n<p>\u201cIsso \u00e9 bastante grave porque, muitas vezes, principalmente terras ind\u00edgenas e quilombolas ainda est\u00e3o nas fases iniciais. E n\u00e3o h\u00e1 estudo t\u00e9cnico definitivo que possa comprovar a presen\u00e7a de todos esses requisitos\u201d, diz Juliana Batista, advogada do ISA.&nbsp;<\/p>\n\n\n\n<p>Al\u00e9m disso, a pol\u00edtica federal de sucateamento dos \u00f3rg\u00e3os destinados a proteger os povos da floresta pode impedir que levantamentos desse tipo sejam realizados em tempo h\u00e1bil.&nbsp;<\/p>\n\n\n\n<p>\u201cO estado n\u00e3o tem capacidade t\u00e9cnica e de pessoal para produzir estudos t\u00e3o complexos em 180 dias, ainda mais de um quantidade de territ\u00f3rio t\u00e3o grande\u201d, explicou&nbsp;a advogada.<\/p>\n\n\n\n<p>Regulariza\u00e7\u00e3o do desmatamento&nbsp;<\/p>\n\n\n\n<p>O PL 2633 prev\u00ea o conceito de \u201cim\u00f3vel em regulariza\u00e7\u00e3o\u201d atrav\u00e9s do Cadastro Ambiental Rural (CAR), mecanismo autodeclarat\u00f3rio criado pelo C\u00f3digo Florestal de 2012 e j\u00e1 utilizado de maneira fraudulenta por grileiros para forjar a posse de terras. O invasor pode, pela internet, fazer o cadastro da propriedade para tentar&nbsp;validar a situa\u00e7\u00e3o ambiental do im\u00f3vel.&nbsp;<\/p>\n\n\n\n<p>Segundo um levantamento do Instituto de Pesquisa Ambiental da Amaz\u00f4nia (Ipam), 18,6 milh\u00f5es de hectares de florestas p\u00fablicas n\u00e3o destinadas &#8211; que n\u00e3o possuem uso espec\u00edfico pela legisla\u00e7\u00e3o &#8211; haviam sido declaradas de maneira irregular atrav\u00e9s do CAR at\u00e9 o fim de 2020.&nbsp;<\/p>\n\n\n\n<p><a href=\"https:\/\/www.brasildefato.com.br\/2021\/04\/30\/pl-que-flexibiliza-regularizacao-fundiaria-premia-invasores-avaliam-ambientalistas\" target=\"_blank\" rel=\"noreferrer noopener\">::&nbsp;PL que flexibiliza regulariza\u00e7\u00e3o fundi\u00e1ria premia invasores, avaliam especialistas ::<\/a><\/p>\n\n\n\n<p>\u201cDefensores do projeto est\u00e3o dizendo que ele vai combater o desmatamento, por permitir que se localize o CPF do invasor para que ele recupere o dano. E isso \u00e9 mentira&#8221;, afirmou&nbsp;Batista.<\/p>\n\n\n\n<p>\u201cSe voc\u00ea aceita que uma \u00e1rea que s\u00f3 tem um CAR &#8211; que sequer foi avaliado pelo \u00f3rg\u00e3o ambiental &#8211; possa ser considerada uma \u00e1rea em dia com as suas obriga\u00e7\u00f5es ambientais, n\u00e3o haver\u00e1 nenhum tipo de seguran\u00e7a que esse invasor que vai receber o t\u00edtulo dessa \u00e1rea vai, de fato, recompor esses danos ambientais\u201d, complementou.<\/p>\n\n\n\n<p>Edi\u00e7\u00e3o: Vivian Virissimo<\/p>\n","protected":false},"excerpt":{"rendered":"<p>Projeto permite regularizar terras griladas, inclusive onde h\u00e1 povos ind\u00edgenas, quilombolas e comunidades tradicionais&nbsp;<\/p>\n","protected":false},"author":1,"featured_media":0,"comment_status":"closed","ping_status":"open","sticky":false,"template":"","format":"standard","meta":{"_exactmetrics_skip_tracking":false,"_exactmetrics_sitenote_active":false,"_exactmetrics_sitenote_note":"","_exactmetrics_sitenote_category":0,"jetpack_post_was_ever_published":false,"_jetpack_newsletter_access":"","_jetpack_dont_email_post_to_subs":false,"_jetpack_newsletter_tier_id":0,"_jetpack_memberships_contains_paywalled_content":false,"_jetpack_memberships_contains_paid_content":false,"footnotes":"","jetpack_publicize_message":"","jetpack_publicize_feature_enabled":true,"jetpack_social_post_already_shared":true,"jetpack_social_options":{"image_generator_settings":{"template":"highway","enabled":false},"version":2}},"categories":[1],"tags":[],"class_list":["post-32482","post","type-post","status-publish","format-standard","hentry","category-notas"],"jetpack_publicize_connections":[],"jetpack_sharing_enabled":true,"jetpack_featured_media_url":"","jetpack_shortlink":"https:\/\/wp.me\/p7wKYW-8rU","jetpack-related-posts":[],"_links":{"self":[{"href":"http:\/\/blogdalucianaoliveira.com.br\/blog\/wp-json\/wp\/v2\/posts\/32482","targetHints":{"allow":["GET"]}}],"collection":[{"href":"http:\/\/blogdalucianaoliveira.com.br\/blog\/wp-json\/wp\/v2\/posts"}],"about":[{"href":"http:\/\/blogdalucianaoliveira.com.br\/blog\/wp-json\/wp\/v2\/types\/post"}],"author":[{"embeddable":true,"href":"http:\/\/blogdalucianaoliveira.com.br\/blog\/wp-json\/wp\/v2\/users\/1"}],"replies":[{"embeddable":true,"href":"http:\/\/blogdalucianaoliveira.com.br\/blog\/wp-json\/wp\/v2\/comments?post=32482"}],"version-history":[{"count":1,"href":"http:\/\/blogdalucianaoliveira.com.br\/blog\/wp-json\/wp\/v2\/posts\/32482\/revisions"}],"predecessor-version":[{"id":32484,"href":"http:\/\/blogdalucianaoliveira.com.br\/blog\/wp-json\/wp\/v2\/posts\/32482\/revisions\/32484"}],"wp:attachment":[{"href":"http:\/\/blogdalucianaoliveira.com.br\/blog\/wp-json\/wp\/v2\/media?parent=32482"}],"wp:term":[{"taxonomy":"category","embeddable":true,"href":"http:\/\/blogdalucianaoliveira.com.br\/blog\/wp-json\/wp\/v2\/categories?post=32482"},{"taxonomy":"post_tag","embeddable":true,"href":"http:\/\/blogdalucianaoliveira.com.br\/blog\/wp-json\/wp\/v2\/tags?post=32482"}],"curies":[{"name":"wp","href":"https:\/\/api.w.org\/{rel}","templated":true}]}}