{"id":32485,"date":"2021-07-16T12:03:49","date_gmt":"2021-07-16T16:03:49","guid":{"rendered":"http:\/\/blogdalucianaoliveira.com.br\/blog\/?p=32485"},"modified":"2021-07-16T12:08:16","modified_gmt":"2021-07-16T16:08:16","slug":"ro-com-musica-engajada-edier-e-black-z-alertam-para-ecocidio-na-amazonia","status":"publish","type":"post","link":"http:\/\/blogdalucianaoliveira.com.br\/blog\/2021\/07\/16\/ro-com-musica-engajada-edier-e-black-z-alertam-para-ecocidio-na-amazonia\/","title":{"rendered":"RO: Com m\u00fasica engajada \u00c9dier e Black Z alertam para ecoc\u00eddio na Amaz\u00f4nia"},"content":{"rendered":"\n<figure class=\"wp-block-image size-large\"><img loading=\"lazy\" decoding=\"async\" width=\"1072\" height=\"574\" data-attachment-id=\"32486\" data-permalink=\"http:\/\/blogdalucianaoliveira.com.br\/blog\/2021\/07\/16\/ro-com-musica-engajada-edier-e-black-z-alertam-para-ecocidio-na-amazonia\/dupla-2\/\" data-orig-file=\"https:\/\/i0.wp.com\/blogdalucianaoliveira.com.br\/blog\/wp-content\/uploads\/2021\/07\/dupla.jpg?fit=1072%2C574\" data-orig-size=\"1072,574\" data-comments-opened=\"0\" data-image-meta=\"{&quot;aperture&quot;:&quot;0&quot;,&quot;credit&quot;:&quot;&quot;,&quot;camera&quot;:&quot;&quot;,&quot;caption&quot;:&quot;&quot;,&quot;created_timestamp&quot;:&quot;0&quot;,&quot;copyright&quot;:&quot;&quot;,&quot;focal_length&quot;:&quot;0&quot;,&quot;iso&quot;:&quot;0&quot;,&quot;shutter_speed&quot;:&quot;0&quot;,&quot;title&quot;:&quot;&quot;,&quot;orientation&quot;:&quot;0&quot;}\" data-image-title=\"dupla\" data-image-description=\"\" data-image-caption=\"\" data-medium-file=\"https:\/\/i0.wp.com\/blogdalucianaoliveira.com.br\/blog\/wp-content\/uploads\/2021\/07\/dupla.jpg?fit=300%2C161\" data-large-file=\"https:\/\/i0.wp.com\/blogdalucianaoliveira.com.br\/blog\/wp-content\/uploads\/2021\/07\/dupla.jpg?fit=600%2C321\" src=\"https:\/\/i0.wp.com\/blogdalucianaoliveira.com.br\/blog\/wp-content\/uploads\/2021\/07\/dupla.jpg?fit=600%2C321&amp;ssl=1\" alt=\"\" class=\"wp-image-32486\" srcset=\"https:\/\/i0.wp.com\/blogdalucianaoliveira.com.br\/blog\/wp-content\/uploads\/2021\/07\/dupla.jpg?w=1072 1072w, https:\/\/i0.wp.com\/blogdalucianaoliveira.com.br\/blog\/wp-content\/uploads\/2021\/07\/dupla.jpg?resize=300%2C161 300w, https:\/\/i0.wp.com\/blogdalucianaoliveira.com.br\/blog\/wp-content\/uploads\/2021\/07\/dupla.jpg?resize=1024%2C548 1024w, https:\/\/i0.wp.com\/blogdalucianaoliveira.com.br\/blog\/wp-content\/uploads\/2021\/07\/dupla.jpg?resize=768%2C411 768w, https:\/\/i0.wp.com\/blogdalucianaoliveira.com.br\/blog\/wp-content\/uploads\/2021\/07\/dupla.jpg?resize=560%2C300 560w\" sizes=\"auto, (max-width: 600px) 100vw, 600px\" \/><\/figure>\n\n\n\n<p>O videoclipe de Pachamama, m\u00fasica composta em 2020, acaba de ser lan\u00e7ado e traduz a preocupa\u00e7\u00e3o com a Amaz\u00f4nia que encara nos pr\u00f3ximos tr\u00eas meses mais uma temporada de queimadas.<\/p>\n\n\n\n<p>Rond\u00f4nia \u00e9 um dos estados sempre no topo do ranking de desmatamentos e queimadas e Porto Velho, onde os dois m\u00fasicos moram, o munic\u00edpio com mais destrui\u00e7\u00e3o das florestas.<\/p>\n\n\n\n<p>O estado tem em 15 dias de julho mais focos de calor que em todo julho de 2020.<\/p>\n\n\n\n<!--more-->\n\n\n\n<p><strong><em>\u201cBotaram fogo na esperan\u00e7a. Roubaram o futuro\u201d, canta a Black Z.<\/em><\/strong><\/p>\n\n\n\n<p>Confira o videoclipe:<\/p>\n\n\n\n<figure class=\"wp-block-embed-youtube wp-block-embed is-type-video is-provider-youtube wp-embed-aspect-16-9 wp-has-aspect-ratio\"><div class=\"wp-block-embed__wrapper\">\n<div class=\"jetpack-video-wrapper\"><iframe loading=\"lazy\" title=\"A Black Z - Pachamama (Clipe Oficial)\" width=\"600\" height=\"338\" src=\"https:\/\/www.youtube.com\/embed\/uO3plZ7Oejk?feature=oembed\" frameborder=\"0\" allow=\"accelerometer; autoplay; clipboard-write; encrypted-media; gyroscope; picture-in-picture; web-share\" referrerpolicy=\"strict-origin-when-cross-origin\" allowfullscreen><\/iframe><\/div>\n<\/div><\/figure>\n\n\n\n<p>\u00c9dier<strong> <\/strong>William<strong> <\/strong>nasceu em Ariquemes, \u00e9 ator, escritor, criador audiovisual e produtor cultural, graduado em Letras e T\u00e9cnico em Audiovisual. Produziu filmes que foram premiados no Brasil e no exterior. \u00c9 o idealizador\/organizador do Madeira Festival de Teatro e do Cine RO e conquistou v\u00e1rios pr\u00eamios nacionais, entre eles, da ANCINE, SESC e ITA\u00da CULTURAL.<\/p>\n\n\n\n<figure class=\"wp-block-image size-large\"><img data-recalc-dims=\"1\" loading=\"lazy\" decoding=\"async\" width=\"600\" height=\"671\" data-attachment-id=\"32488\" data-permalink=\"http:\/\/blogdalucianaoliveira.com.br\/blog\/2021\/07\/16\/ro-com-musica-engajada-edier-e-black-z-alertam-para-ecocidio-na-amazonia\/5b450e09-e5e4-418d-84fe-b5420da39297\/\" data-orig-file=\"https:\/\/i0.wp.com\/blogdalucianaoliveira.com.br\/blog\/wp-content\/uploads\/2021\/07\/5B450E09-E5E4-418D-84FE-B5420DA39297.jpeg?fit=714%2C799\" data-orig-size=\"714,799\" data-comments-opened=\"0\" data-image-meta=\"{&quot;aperture&quot;:&quot;0&quot;,&quot;credit&quot;:&quot;&quot;,&quot;camera&quot;:&quot;&quot;,&quot;caption&quot;:&quot;&quot;,&quot;created_timestamp&quot;:&quot;0&quot;,&quot;copyright&quot;:&quot;&quot;,&quot;focal_length&quot;:&quot;0&quot;,&quot;iso&quot;:&quot;0&quot;,&quot;shutter_speed&quot;:&quot;0&quot;,&quot;title&quot;:&quot;&quot;,&quot;orientation&quot;:&quot;1&quot;}\" data-image-title=\"5B450E09-E5E4-418D-84FE-B5420DA39297\" data-image-description=\"\" data-image-caption=\"\" data-medium-file=\"https:\/\/i0.wp.com\/blogdalucianaoliveira.com.br\/blog\/wp-content\/uploads\/2021\/07\/5B450E09-E5E4-418D-84FE-B5420DA39297.jpeg?fit=268%2C300\" data-large-file=\"https:\/\/i0.wp.com\/blogdalucianaoliveira.com.br\/blog\/wp-content\/uploads\/2021\/07\/5B450E09-E5E4-418D-84FE-B5420DA39297.jpeg?fit=600%2C671\" src=\"https:\/\/i0.wp.com\/blogdalucianaoliveira.com.br\/blog\/wp-content\/uploads\/2021\/07\/5B450E09-E5E4-418D-84FE-B5420DA39297.jpeg?resize=600%2C671\" alt=\"\" class=\"wp-image-32488\" srcset=\"https:\/\/i0.wp.com\/blogdalucianaoliveira.com.br\/blog\/wp-content\/uploads\/2021\/07\/5B450E09-E5E4-418D-84FE-B5420DA39297.jpeg?w=714 714w, https:\/\/i0.wp.com\/blogdalucianaoliveira.com.br\/blog\/wp-content\/uploads\/2021\/07\/5B450E09-E5E4-418D-84FE-B5420DA39297.jpeg?resize=268%2C300 268w\" sizes=\"auto, (max-width: 600px) 100vw, 600px\" \/><\/figure>\n\n\n\n<p>O artista cria suas obras sempre se preocupando com a\nnecessidade de se oportunizar \u00e0s minorias, por meio da palavra, o protagonismo\ne o empoderamento.<\/p>\n\n\n\n<p>A<strong> <\/strong>influ\u00eancia musical, segundo \u00c9dier, \u201c\u00e9 Indie como Florence and the Machine e J\u00e3o, pop nacional como Gloria Groove, MPB como Lininier, dentre muitos outros&#8221;.<\/p>\n\n\n\n<p>Um compositor que descobriu a inquietude muito cedo e desde ent\u00e3o comp\u00f5e para conscientizar as pessoas.<\/p>\n\n\n\n<p><strong>\u201c<\/strong>Desde\nsempre, as quest\u00f5es que permeiam a sociedade foi um motor para a cria\u00e7\u00e3o dos\nmeus textos. Quando conheci o cantor A Black Z e vi seu potencial quis ser seu\nprodutor. Devido ao fato de ele n\u00e3o compor m\u00fasicas me ofereci a compor as\ncan\u00e7\u00f5es para ele\u201d, diz \u00c9dier.<\/p>\n\n\n\n<p>A escolha dos temas das can\u00e7\u00f5es foi feita ap\u00f3s v\u00e1rias sess\u00f5es\nde conversas para compreender e real\u00e7ar as identidades de compositor e cantor.<\/p>\n\n\n\n<p>&nbsp;Zenital Produ\u00e7\u00f5es a empresa criada com o princ\u00edpio de colocar em cena todos os grupos invisibilizados.<\/p>\n\n\n\n<figure class=\"wp-block-image size-large\"><img decoding=\"async\" src=\"blob:http:\/\/blogdalucianaoliveira.com.br\/88ea0c64-893e-4bb3-aed2-963295deaa8c\" alt=\"\"\/><\/figure>\n\n\n\n<p>A<strong> <\/strong>Black<strong> <\/strong>Z<strong> <\/strong>\u00e9 um homem preto gay, filho de m\u00e3e solo. Ele nasceu em Santa In\u00eas no Maranh\u00e3o, mas se tornou rondoniano quando a m\u00e3e veio procurar o pai do cantor, que anteriormente viera para Rond\u00f4nia em \u201cbusca de novas oportunidades\u201d. Nunca o encontraram. <\/p>\n\n\n\n<p>No in\u00edcio da descoberta de sua voz, A Black Z foi cantor de m\u00fasica gospel em corais. Com o passar do tempo se aceitou gay e j\u00e1 n\u00e3o cabia dentro da igreja. A partir desse ponto da sua exist\u00eancia come\u00e7ou a buscar novas refer\u00eancias para o seu canto, especialmente Fat Family, Vanessa Jackson e Tim Maia. Na atualidade Liniker \u00e9 uma de suas grandes inspira\u00e7\u00f5es.<\/p>\n\n\n\n<p>A Black Z descobriu na m\u00fasica uma v\u00e1lvula de escape para toda\na press\u00e3o que ser preto, pobre e gay provoca em uma pessoa. Com sua voz potente,\ndesde 2018 fez covers de Tim Maia, tocou em bares e casamentos.<\/p>\n\n\n\n<p>Em 2019 conheceu seu produtor \u00c9dier William e juntos\ncome\u00e7aram a produzir o primeiro \u00e1lbum do cantor: Futuro; e na sequ\u00eancia o EP Pachamama,\nresultado de processos de estudos e pesquisas sobre a degrada\u00e7\u00e3o ambiental que\nvem destruindo um dos mais belos biomas do mundo.<\/p>\n\n\n\n<p>\u201cNosso quintal est\u00e1 em chamas e n\u00e3o temos outro instrumento\npara combater o fogo, a n\u00e3o ser a conscientiza\u00e7\u00e3o. Nesse a arte \u00e9 um importante\nmeio para se provocar reflex\u00e3o e transforma\u00e7\u00e3o no pensamento da sociedade\u201d,\nressalta \u00c9dier.<\/p>\n\n\n\n<p>O diretor do videoclipe se banha em refer\u00eancias de grandes\nfilmes como \u201cLabirinto do Fauno\u201d e se inspirada nos elementos fogo e \u00e1gua, para\nproduzir um clipe que desdenha dos padr\u00f5es narrativos\/ est\u00e9ticos que estamos\nacostumados ver em clipes.<\/p>\n\n\n\n<p>As can\u00e7\u00f5es do \u00c1LBUM FUTURO falam de sentimentos como amor,\ndores, amizade, discrimina\u00e7\u00e3o e respeito, misturando acordes ora mel\u00f3dicos, ora\ndan\u00e7antes com a poesia que reside em cada letra. No ritmo do neo soul e outros\ng\u00eaneros musicais \u00e9 poss\u00edvel fazer reflex\u00f5es que nos mostram a urg\u00eancia de um\nnovo olhar ao nosso redor.<\/p>\n\n\n\n<p>Destacamos as faixas <strong>\u201cFuturo\u201d e \u201cHipocrisia\u201d<\/strong> que foram lan\u00e7adas como single:<\/p>\n\n\n\n<figure class=\"wp-block-embed-youtube wp-block-embed is-type-video is-provider-youtube wp-embed-aspect-16-9 wp-has-aspect-ratio\"><div class=\"wp-block-embed__wrapper\">\n<div class=\"jetpack-video-wrapper\"><iframe loading=\"lazy\" title=\"A Black Z - Futuro (Clipe Oficial)\" width=\"600\" height=\"338\" src=\"https:\/\/www.youtube.com\/embed\/iZPWYevcF6E?feature=oembed\" frameborder=\"0\" allow=\"accelerometer; autoplay; clipboard-write; encrypted-media; gyroscope; picture-in-picture; web-share\" referrerpolicy=\"strict-origin-when-cross-origin\" allowfullscreen><\/iframe><\/div>\n<\/div><\/figure>\n\n\n\n<figure class=\"wp-block-embed-youtube wp-block-embed is-type-video is-provider-youtube wp-embed-aspect-16-9 wp-has-aspect-ratio\"><div class=\"wp-block-embed__wrapper\">\n<div class=\"jetpack-video-wrapper\"><iframe loading=\"lazy\" title=\"Hipocrisia - A BLACK Z -  Lyric Video Oficial\" width=\"600\" height=\"338\" src=\"https:\/\/www.youtube.com\/embed\/Ovcs2hG3_8I?feature=oembed\" frameborder=\"0\" allow=\"accelerometer; autoplay; clipboard-write; encrypted-media; gyroscope; picture-in-picture; web-share\" referrerpolicy=\"strict-origin-when-cross-origin\" allowfullscreen><\/iframe><\/div>\n<\/div><\/figure>\n\n\n\n<p>A parceria \u00e9 para produzir o tipo de m\u00fasica contestadora que provoque reflex\u00e3o e transforma\u00e7\u00e3o na sociedade.<\/p>\n","protected":false},"excerpt":{"rendered":"<p>O videoclipe de Pachamama, m\u00fasica composta em 2020, acaba de ser lan\u00e7ado e traduz a preocupa\u00e7\u00e3o com a Amaz\u00f4nia que encara nos pr\u00f3ximos tr\u00eas meses mais uma temporada de queimadas. Rond\u00f4nia \u00e9 um dos estados sempre no topo do ranking de desmatamentos e queimadas e Porto Velho, onde os dois m\u00fasicos moram, o munic\u00edpio com&#8230;<a class=\"more-link\" href=\"http:\/\/blogdalucianaoliveira.com.br\/blog\/2021\/07\/16\/ro-com-musica-engajada-edier-e-black-z-alertam-para-ecocidio-na-amazonia\/\">Continue a leitura <span class=\"meta-nav\">&raquo;<\/span><\/a><\/p>\n","protected":false},"author":1,"featured_media":0,"comment_status":"closed","ping_status":"open","sticky":false,"template":"","format":"standard","meta":{"_exactmetrics_skip_tracking":false,"_exactmetrics_sitenote_active":false,"_exactmetrics_sitenote_note":"","_exactmetrics_sitenote_category":0,"jetpack_post_was_ever_published":false,"_jetpack_newsletter_access":"","_jetpack_dont_email_post_to_subs":false,"_jetpack_newsletter_tier_id":0,"_jetpack_memberships_contains_paywalled_content":false,"_jetpack_memberships_contains_paid_content":false,"footnotes":"","jetpack_publicize_message":"","jetpack_publicize_feature_enabled":true,"jetpack_social_post_already_shared":true,"jetpack_social_options":{"image_generator_settings":{"template":"highway","enabled":false},"version":2}},"categories":[1],"tags":[576,252,579,580,386,577,578,295],"class_list":["post-32485","post","type-post","status-publish","format-standard","hentry","category-notas","tag-a-black-z","tag-amazonia","tag-desmatamentos","tag-destruicao","tag-meio-ambiente","tag-musica","tag-pachamama","tag-queimadas"],"jetpack_publicize_connections":[],"jetpack_sharing_enabled":true,"jetpack_featured_media_url":"","jetpack_shortlink":"https:\/\/wp.me\/p7wKYW-8rX","jetpack-related-posts":[],"_links":{"self":[{"href":"http:\/\/blogdalucianaoliveira.com.br\/blog\/wp-json\/wp\/v2\/posts\/32485","targetHints":{"allow":["GET"]}}],"collection":[{"href":"http:\/\/blogdalucianaoliveira.com.br\/blog\/wp-json\/wp\/v2\/posts"}],"about":[{"href":"http:\/\/blogdalucianaoliveira.com.br\/blog\/wp-json\/wp\/v2\/types\/post"}],"author":[{"embeddable":true,"href":"http:\/\/blogdalucianaoliveira.com.br\/blog\/wp-json\/wp\/v2\/users\/1"}],"replies":[{"embeddable":true,"href":"http:\/\/blogdalucianaoliveira.com.br\/blog\/wp-json\/wp\/v2\/comments?post=32485"}],"version-history":[{"count":3,"href":"http:\/\/blogdalucianaoliveira.com.br\/blog\/wp-json\/wp\/v2\/posts\/32485\/revisions"}],"predecessor-version":[{"id":32491,"href":"http:\/\/blogdalucianaoliveira.com.br\/blog\/wp-json\/wp\/v2\/posts\/32485\/revisions\/32491"}],"wp:attachment":[{"href":"http:\/\/blogdalucianaoliveira.com.br\/blog\/wp-json\/wp\/v2\/media?parent=32485"}],"wp:term":[{"taxonomy":"category","embeddable":true,"href":"http:\/\/blogdalucianaoliveira.com.br\/blog\/wp-json\/wp\/v2\/categories?post=32485"},{"taxonomy":"post_tag","embeddable":true,"href":"http:\/\/blogdalucianaoliveira.com.br\/blog\/wp-json\/wp\/v2\/tags?post=32485"}],"curies":[{"name":"wp","href":"https:\/\/api.w.org\/{rel}","templated":true}]}}