{"id":32495,"date":"2021-07-17T23:37:39","date_gmt":"2021-07-18T03:37:39","guid":{"rendered":"http:\/\/blogdalucianaoliveira.com.br\/blog\/?p=32495"},"modified":"2021-07-17T23:37:44","modified_gmt":"2021-07-18T03:37:44","slug":"aprovacao-da-lc-1089-20-intensifica-ameacas-e-invasoes-as-terras-indigenas","status":"publish","type":"post","link":"http:\/\/blogdalucianaoliveira.com.br\/blog\/2021\/07\/17\/aprovacao-da-lc-1089-20-intensifica-ameacas-e-invasoes-as-terras-indigenas\/","title":{"rendered":"Aprova\u00e7\u00e3o da LC 1089\/20 intensifica amea\u00e7as e invas\u00f5es \u00e0s Terras Ind\u00edgenas"},"content":{"rendered":"\n<figure class=\"wp-block-image size-large\"><img data-recalc-dims=\"1\" loading=\"lazy\" decoding=\"async\" width=\"600\" height=\"346\" data-attachment-id=\"32496\" data-permalink=\"http:\/\/blogdalucianaoliveira.com.br\/blog\/2021\/07\/17\/aprovacao-da-lc-1089-20-intensifica-ameacas-e-invasoes-as-terras-indigenas\/d8eff8f4-4bf4-4f1e-b1da-9687b184bac2\/\" data-orig-file=\"https:\/\/i0.wp.com\/blogdalucianaoliveira.com.br\/blog\/wp-content\/uploads\/2021\/07\/D8EFF8F4-4BF4-4F1E-B1DA-9687B184BAC2.jpeg?fit=1024%2C590\" data-orig-size=\"1024,590\" data-comments-opened=\"0\" data-image-meta=\"{&quot;aperture&quot;:&quot;0&quot;,&quot;credit&quot;:&quot;&quot;,&quot;camera&quot;:&quot;&quot;,&quot;caption&quot;:&quot;&quot;,&quot;created_timestamp&quot;:&quot;0&quot;,&quot;copyright&quot;:&quot;&quot;,&quot;focal_length&quot;:&quot;0&quot;,&quot;iso&quot;:&quot;0&quot;,&quot;shutter_speed&quot;:&quot;0&quot;,&quot;title&quot;:&quot;&quot;,&quot;orientation&quot;:&quot;0&quot;}\" data-image-title=\"D8EFF8F4-4BF4-4F1E-B1DA-9687B184BAC2\" data-image-description=\"\" data-image-caption=\"\" data-medium-file=\"https:\/\/i0.wp.com\/blogdalucianaoliveira.com.br\/blog\/wp-content\/uploads\/2021\/07\/D8EFF8F4-4BF4-4F1E-B1DA-9687B184BAC2.jpeg?fit=300%2C173\" data-large-file=\"https:\/\/i0.wp.com\/blogdalucianaoliveira.com.br\/blog\/wp-content\/uploads\/2021\/07\/D8EFF8F4-4BF4-4F1E-B1DA-9687B184BAC2.jpeg?fit=600%2C346\" src=\"https:\/\/i0.wp.com\/blogdalucianaoliveira.com.br\/blog\/wp-content\/uploads\/2021\/07\/D8EFF8F4-4BF4-4F1E-B1DA-9687B184BAC2.jpeg?resize=600%2C346\" alt=\"\" class=\"wp-image-32496\" srcset=\"https:\/\/i0.wp.com\/blogdalucianaoliveira.com.br\/blog\/wp-content\/uploads\/2021\/07\/D8EFF8F4-4BF4-4F1E-B1DA-9687B184BAC2.jpeg?w=1024 1024w, https:\/\/i0.wp.com\/blogdalucianaoliveira.com.br\/blog\/wp-content\/uploads\/2021\/07\/D8EFF8F4-4BF4-4F1E-B1DA-9687B184BAC2.jpeg?resize=300%2C173 300w, https:\/\/i0.wp.com\/blogdalucianaoliveira.com.br\/blog\/wp-content\/uploads\/2021\/07\/D8EFF8F4-4BF4-4F1E-B1DA-9687B184BAC2.jpeg?resize=768%2C443 768w, https:\/\/i0.wp.com\/blogdalucianaoliveira.com.br\/blog\/wp-content\/uploads\/2021\/07\/D8EFF8F4-4BF4-4F1E-B1DA-9687B184BAC2.jpeg?resize=521%2C300 521w\" sizes=\"auto, (max-width: 600px) 100vw, 600px\" \/><\/figure>\n\n\n\n<p><strong>COIAB<\/strong> &#8211; Lideran\u00e7as de Rond\u00f4nia, Noroeste do Mato Grosso e Sul do Amazonas afirmaram que aprova\u00e7\u00e3o da lei exp\u00f5e ainda mais os territ\u00f3rios.<\/p>\n\n\n\n<!--more-->\n\n\n\n<p>Ap\u00f3s encontro realizado do dia 12 a 14 de julho, lideran\u00e7as da Organiza\u00e7\u00e3o dos Povos Ind\u00edgenas de Rond\u00f4nia Noroeste do Mato-Grosso e Sul do Amazonas (Opiroma) divulgaram uma carta afirmando que as amea\u00e7as se intensificaram com a desafeta\u00e7\u00e3o de mais de 200 mil hectares das Unidades de Conserva\u00e7\u00e3o Ambiental Resex Jaci Paran\u00e1 e Parque Estadual Guajar\u00e1-Mirim a partir da aprova\u00e7\u00e3o da Lei Complementar (LC) 1089\/21 pela Assembleia Legislativa e sancionada pelo atual governo do estado de Rond\u00f4nia. A lei complementar foi aprovada sem vetos em maio deste ano. <br>O encontro aconteceu no Centro da Arquidiocese Pastoral, em Porto Velho (RO) e reuniu ind\u00edgenas Karitiana, Karipuna, Kano\u00e9, Kassup\u00e1, Uru Eu Wau Wau, Oro Waram, Oro Waram Xijein, Salam\u00e3e, Oro Mon. A preocupa\u00e7\u00e3o \u00e9 que as amea\u00e7as e invas\u00f5es cheguem aos os territ\u00f3rios ind\u00edgenas Karipuna, Uru Eu Wau Wau, Karitiana, Lage e Ribeir\u00e3o. <br><a href=\"https:\/\/s3.amazonaws.com\/appforest_uf\/f1626465360323x803419635948738400\/CARTA_OPIROMA_LC_1089.pdf\" target=\"_blank\" rel=\"noreferrer noopener\"><strong>De acordo com a carta assinada pelas lideran\u00e7as<\/strong><\/a>, com a aprova\u00e7\u00e3o dessa lei complementar, os territ\u00f3rios que j\u00e1 estavam extremamente invadidos, passaram a sofrer mais invas\u00f5es, \u201cuma vez que n\u00e3o h\u00e1 mais nenhum tipo de prote\u00e7\u00e3o ao redor ou zona de amortecimento e porque os invasores passaram a sentir mais confian\u00e7a de que suas invas\u00f5es ser\u00e3o um dia legalizados\u201d. <br>Ao todo, a lei reduz cerca de 167 mil hectares de \u00e1reas de reservas extrativistas em Rond\u00f4nia. As lideran\u00e7as afirmaram que a lei \u00e9 uma \u201cpremia\u00e7\u00e3o aos invasores\u201d e tem motivado as invas\u00f5es nas terras ind\u00edgenas (TIs). O documento revela ainda que de janeiro a maio de 2021, a TI Karipuna teve mais de 500 hectares de seu territ\u00f3rio desmatado pelos invasores. <br><strong>Isolados<\/strong> O documento destaca ainda a situa\u00e7\u00e3o dos povos ind\u00edgenas isolados dessa regi\u00e3o que j\u00e1 sofriam com as invas\u00f5es, passaram a sofrer mais press\u00f5es pelo desmatamento provocado pela retirada de madeira e pela agropecu\u00e1ria. A consequ\u00eancia, segundo a carta, foi a redu\u00e7\u00e3o de sua \u00e1rea de perambula\u00e7\u00e3o e com muito menos recursos para sua sobreviv\u00eancia f\u00edsica e cultural, o que significar\u00e1 um verdadeiro exterm\u00ednio desses povos. <br>As lideran\u00e7as da Opiroma se manifestaram contra a LC 1089\/2021 e declararam apoio ao Minist\u00e9rio P\u00fablico Estadual pela promo\u00e7\u00e3o da A\u00e7\u00e3o Direta de Inconstitucionalidade e de todas as iniciativas de \u00f3rg\u00e3os p\u00fablicos no sentido de manter a floresta em p\u00e9 e do respeito aos seus povos tradicionais. <br><strong>MPF <\/strong>As lideran\u00e7as ind\u00edgenas Karitiana, Karipuna, Uru-eu-wau-wau, Oro Mon, Oro Waram Xijein, Oro Waram, Kassup\u00e1, dos povos ind\u00edgenas dos territ\u00f3rios Karitiana, Karipuna, Uru-eu-wau-wau, Ribeir\u00e3o, Lages e Kassup\u00e1; representantes da Opiroma e a Coordena\u00e7\u00e3o das Organiza\u00e7\u00f5es Ind\u00edgenas da Amaz\u00f4nia Brasileira (Coiab) e lideran\u00e7as Cano\u00e9 e Oron Mon acionaram o<a href=\"https:\/\/s3.amazonaws.com\/appforest_uf\/f1626465514710x546430159166139300\/PRM-GMI-RO-00001353.2021.pdf\" target=\"_blank\" rel=\"noreferrer noopener\">Minist\u00e9rio P\u00fablico Federal para denunciar os impactos causados pela LC 1089\/202<\/a>0 e as amea\u00e7as que representam aos territ\u00f3rios. <br>No \u00faltimo dia 14, por videoconfer\u00eancia, as lideran\u00e7as se reuniram com as procuradoras da Rep\u00fablica Tatiana de Noronha Versiani Ribeiro e Gisele Dias de Oliveira Bleggi Cunha. Na ocasi\u00e3o, as procuradoras informaram que a institui\u00e7\u00e3o tem envidado esfor\u00e7os extra e judicialmente na preserva\u00e7\u00e3o das terras ind\u00edgenas e comunidades tradicionais. <\/p>\n","protected":false},"excerpt":{"rendered":"<p>COIAB &#8211; Lideran\u00e7as de Rond\u00f4nia, Noroeste do Mato Grosso e Sul do Amazonas afirmaram que aprova\u00e7\u00e3o da lei exp\u00f5e ainda mais os territ\u00f3rios.<\/p>\n","protected":false},"author":1,"featured_media":0,"comment_status":"closed","ping_status":"open","sticky":false,"template":"","format":"standard","meta":{"_exactmetrics_skip_tracking":false,"_exactmetrics_sitenote_active":false,"_exactmetrics_sitenote_note":"","_exactmetrics_sitenote_category":0,"jetpack_post_was_ever_published":false,"_jetpack_newsletter_access":"","_jetpack_dont_email_post_to_subs":false,"_jetpack_newsletter_tier_id":0,"_jetpack_memberships_contains_paywalled_content":false,"_jetpack_memberships_contains_paid_content":false,"footnotes":"","jetpack_publicize_message":"","jetpack_publicize_feature_enabled":true,"jetpack_social_post_already_shared":true,"jetpack_social_options":{"image_generator_settings":{"template":"highway","enabled":false},"version":2}},"categories":[1],"tags":[],"class_list":["post-32495","post","type-post","status-publish","format-standard","hentry","category-notas"],"jetpack_publicize_connections":[],"jetpack_sharing_enabled":true,"jetpack_featured_media_url":"","jetpack_shortlink":"https:\/\/wp.me\/p7wKYW-8s7","jetpack-related-posts":[],"_links":{"self":[{"href":"http:\/\/blogdalucianaoliveira.com.br\/blog\/wp-json\/wp\/v2\/posts\/32495","targetHints":{"allow":["GET"]}}],"collection":[{"href":"http:\/\/blogdalucianaoliveira.com.br\/blog\/wp-json\/wp\/v2\/posts"}],"about":[{"href":"http:\/\/blogdalucianaoliveira.com.br\/blog\/wp-json\/wp\/v2\/types\/post"}],"author":[{"embeddable":true,"href":"http:\/\/blogdalucianaoliveira.com.br\/blog\/wp-json\/wp\/v2\/users\/1"}],"replies":[{"embeddable":true,"href":"http:\/\/blogdalucianaoliveira.com.br\/blog\/wp-json\/wp\/v2\/comments?post=32495"}],"version-history":[{"count":1,"href":"http:\/\/blogdalucianaoliveira.com.br\/blog\/wp-json\/wp\/v2\/posts\/32495\/revisions"}],"predecessor-version":[{"id":32497,"href":"http:\/\/blogdalucianaoliveira.com.br\/blog\/wp-json\/wp\/v2\/posts\/32495\/revisions\/32497"}],"wp:attachment":[{"href":"http:\/\/blogdalucianaoliveira.com.br\/blog\/wp-json\/wp\/v2\/media?parent=32495"}],"wp:term":[{"taxonomy":"category","embeddable":true,"href":"http:\/\/blogdalucianaoliveira.com.br\/blog\/wp-json\/wp\/v2\/categories?post=32495"},{"taxonomy":"post_tag","embeddable":true,"href":"http:\/\/blogdalucianaoliveira.com.br\/blog\/wp-json\/wp\/v2\/tags?post=32495"}],"curies":[{"name":"wp","href":"https:\/\/api.w.org\/{rel}","templated":true}]}}