{"id":32498,"date":"2021-07-18T19:40:06","date_gmt":"2021-07-18T23:40:06","guid":{"rendered":"http:\/\/blogdalucianaoliveira.com.br\/blog\/?p=32498"},"modified":"2021-07-18T19:40:09","modified_gmt":"2021-07-18T23:40:09","slug":"campanha-contra-cuba-explora-dificuldades-reais-com-violencia-e-desinformacao-diz-jornalista","status":"publish","type":"post","link":"http:\/\/blogdalucianaoliveira.com.br\/blog\/2021\/07\/18\/campanha-contra-cuba-explora-dificuldades-reais-com-violencia-e-desinformacao-diz-jornalista\/","title":{"rendered":"Campanha contra Cuba explora dificuldades reais com viol\u00eancia e desinforma\u00e7\u00e3o, diz jornalista"},"content":{"rendered":"\n<figure class=\"wp-block-image size-large\"><img data-recalc-dims=\"1\" loading=\"lazy\" decoding=\"async\" width=\"600\" height=\"580\" data-attachment-id=\"32499\" data-permalink=\"http:\/\/blogdalucianaoliveira.com.br\/blog\/2021\/07\/18\/campanha-contra-cuba-explora-dificuldades-reais-com-violencia-e-desinformacao-diz-jornalista\/9fbde2b2-4a30-463e-b84f-d78cfe67390b\/\" data-orig-file=\"https:\/\/i0.wp.com\/blogdalucianaoliveira.com.br\/blog\/wp-content\/uploads\/2021\/07\/9FBDE2B2-4A30-463E-B84F-D78CFE67390B.jpeg?fit=800%2C773\" data-orig-size=\"800,773\" data-comments-opened=\"0\" data-image-meta=\"{&quot;aperture&quot;:&quot;0&quot;,&quot;credit&quot;:&quot;&quot;,&quot;camera&quot;:&quot;&quot;,&quot;caption&quot;:&quot;&quot;,&quot;created_timestamp&quot;:&quot;0&quot;,&quot;copyright&quot;:&quot;&quot;,&quot;focal_length&quot;:&quot;0&quot;,&quot;iso&quot;:&quot;0&quot;,&quot;shutter_speed&quot;:&quot;0&quot;,&quot;title&quot;:&quot;&quot;,&quot;orientation&quot;:&quot;0&quot;}\" data-image-title=\"9FBDE2B2-4A30-463E-B84F-D78CFE67390B\" data-image-description=\"\" data-image-caption=\"\" data-medium-file=\"https:\/\/i0.wp.com\/blogdalucianaoliveira.com.br\/blog\/wp-content\/uploads\/2021\/07\/9FBDE2B2-4A30-463E-B84F-D78CFE67390B.jpeg?fit=300%2C290\" data-large-file=\"https:\/\/i0.wp.com\/blogdalucianaoliveira.com.br\/blog\/wp-content\/uploads\/2021\/07\/9FBDE2B2-4A30-463E-B84F-D78CFE67390B.jpeg?fit=600%2C580\" src=\"https:\/\/i0.wp.com\/blogdalucianaoliveira.com.br\/blog\/wp-content\/uploads\/2021\/07\/9FBDE2B2-4A30-463E-B84F-D78CFE67390B.jpeg?resize=600%2C580\" alt=\"\" class=\"wp-image-32499\" srcset=\"https:\/\/i0.wp.com\/blogdalucianaoliveira.com.br\/blog\/wp-content\/uploads\/2021\/07\/9FBDE2B2-4A30-463E-B84F-D78CFE67390B.jpeg?w=800 800w, https:\/\/i0.wp.com\/blogdalucianaoliveira.com.br\/blog\/wp-content\/uploads\/2021\/07\/9FBDE2B2-4A30-463E-B84F-D78CFE67390B.jpeg?resize=300%2C290 300w, https:\/\/i0.wp.com\/blogdalucianaoliveira.com.br\/blog\/wp-content\/uploads\/2021\/07\/9FBDE2B2-4A30-463E-B84F-D78CFE67390B.jpeg?resize=768%2C742 768w, https:\/\/i0.wp.com\/blogdalucianaoliveira.com.br\/blog\/wp-content\/uploads\/2021\/07\/9FBDE2B2-4A30-463E-B84F-D78CFE67390B.jpeg?resize=310%2C300 310w\" sizes=\"auto, (max-width: 600px) 100vw, 600px\" \/><\/figure>\n\n\n\n<h4 class=\"wp-block-heading\">&#8220;Ainda que haja alguma tens\u00e3o, as manifesta\u00e7\u00f5es desapareceram\u201d, relata Iroel S\u00e1nchez, editor do La Pupila Insomne<\/h4>\n\n\n\n<!--more-->\n\n\n\n<p>Altamiro Borges e Felipe Bianchi\u00a0<a rel=\"noreferrer noopener\" target=\"_blank\" href=\"https:\/\/baraodeitarare.org.br\/site\/noticias\/internacional\/guerra-psicologica-contra-cuba-alia-violencia-a-desinformacao-afirma-iroel-sanchez\">Bar\u00e3o de Itarar\u00e9<\/a><\/p>\n\n\n\n<p>\u201cNeste exato momento, em Cuba, h\u00e1 uma situa\u00e7\u00e3o de calma e tranquilidade. O \u00faltimo dia no qual vimos manifesta\u00e7\u00f5es foi segunda-feira (12). J\u00e1 \u00e9 sexta-feira, quase s\u00e1bado, e ainda que haja alguma tens\u00e3o, as manifesta\u00e7\u00f5es desapareceram\u201d, relata Iroel S\u00e1nchez.<\/p>\n\n\n\n<p>Desde Cuba, o jornalista e editor do La Pupila Insomne contou ao Centro de Estudos da M\u00eddia Alternativa Bar\u00e3o de Itarar\u00e9 algumas das impress\u00f5es sobre o epis\u00f3dio. Os motivos das manifesta\u00e7\u00f5es, avalia, s\u00e3o resultado de uma conjun\u00e7\u00e3o de fatores: \u201cH\u00e1, sim, um deterioramento objetivo da situa\u00e7\u00e3o econ\u00f4mica, especialmente ligado \u00e0 escassez e desabastecimento de mantimentos, al\u00e9m de \u2018apag\u00f5es\u2019 causados por cortes na energia el\u00e9trica\u201d, conta.<\/p>\n\n\n\n<p>\u201cPortanto, \u00e9 sim um problema real. Por\u00e9m, \u00e9 um problema obviamente ligado ao endurecimento do bloqueio e das san\u00e7\u00f5es contra Cuba\u201d, sublinha S\u00e1nchez. Para se ter ideia, somente em 2020, a pol\u00edtica criminosa do bloqueio \u00e0 ilha resultou em preju\u00edzos da ordem de 5,5 bilh\u00f5es de d\u00f3lares. \u201cEste cen\u00e1rio agravou-se com Donald Trump, mas \u00e9 importante denunciar a sua manuten\u00e7\u00e3o sob o governo de Joe Biden\u201d, aponta.<\/p>\n\n\n\n<p>Uma combina\u00e7\u00e3o explosiva\u2026 e fabricada<\/p>\n\n\n\n<p>Conforme descreve o jornalista, o cen\u00e1rio era bem distinto antes da pandemia do novo coronav\u00edrus. \u201cEm 2020, antes da pandemia, at\u00e9 mar\u00e7o, n\u00e3o havia tanta tens\u00e3o. Ap\u00f3s a Covid-19, a situa\u00e7\u00e3o come\u00e7a a mudar\u201d. O turismo, por exemplo, movimenta milh\u00f5es de d\u00f3lares e esta receita simplesmente desapareceu por conta da pandemia.<\/p>\n\n\n\n<p>As restri\u00e7\u00f5es impostas por Trump e mantidas por Biden, somadas aos efeitos da pandemia, geraram uma situa\u00e7\u00e3o de desabastecimento e dificuldades objetivas na vida da popula\u00e7\u00e3o, afirma S\u00e1nchez. E a\u00ed come\u00e7a o problema: \u201cAproveitando-se deste cen\u00e1rio de dificuldade, grupos contrarrevolucion\u00e1rios pagos, ou seja, n\u00e3o s\u00e3o aut\u00f4nomos, mas contratados, entraram em cena. E digo que s\u00e3o pagos pois<a rel=\"noreferrer noopener\" href=\"https:\/\/www.brasildefators.com.br\/2021\/07\/12\/presenca-de-bandeiras-dos-eua-aos-montes-mostram-verdadeira-origem-dos-protestos-em-cuba\" target=\"_blank\">\u00a0os Estados Unidos<\/a>destinam cerca de 50 milh\u00f5es de d\u00f3lares do seu or\u00e7amento anual para pagar esses grupos. Isso \u00e9 algo p\u00fablico\u201d, denuncia.<\/p>\n\n\n\n<figure class=\"wp-block-embed-twitter wp-block-embed is-type-rich is-provider-twitter\"><div class=\"wp-block-embed__wrapper\">\n<blockquote class=\"twitter-tweet\" data-width=\"550\" data-dnt=\"true\"><p lang=\"es\" dir=\"ltr\">La guerra de las mentiras contra <a href=\"https:\/\/twitter.com\/hashtag\/Cuba?src=hash&amp;ref_src=twsrc%5Etfw\">#Cuba<\/a>: Ac\u00e1 algunas de las <a href=\"https:\/\/twitter.com\/hashtag\/FakeNews?src=hash&amp;ref_src=twsrc%5Etfw\">#FakeNews<\/a> m\u00e1s notorias <a href=\"https:\/\/t.co\/HeEdBZ6K6H\">https:\/\/t.co\/HeEdBZ6K6H<\/a><\/p>&mdash; Iroel S\u00e1nchez (@iroelsanchez) <a href=\"https:\/\/twitter.com\/iroelsanchez\/status\/1416757597680521219?ref_src=twsrc%5Etfw\">July 18, 2021<\/a><\/blockquote><script async src=\"https:\/\/platform.twitter.com\/widgets.js\" charset=\"utf-8\"><\/script>\n<\/div><\/figure>\n\n\n\n<p>A novidade em mais este ataque na longa saga da&nbsp;<a href=\"https:\/\/www.brasildefato.com.br\/2020\/01\/01\/revolucao-cubana-61-anos-com-nova-constituicao-e-resistencia-historica\" target=\"_blank\" rel=\"noreferrer noopener\">Revolu\u00e7\u00e3o Cubana&nbsp;<\/a>\u00e9 a componente da chamada \u2018guerra de quarta gera\u00e7\u00e3o\u2019 ou \u2018guerra n\u00e3o-convencional\u2019. \u201cOs atos de vandalismo e viol\u00eancia s\u00e3o parte de uma a\u00e7\u00e3o maior, coordenada desde uma feroz campanha nas redes sociais, com agita\u00e7\u00e3o e, especialmente, um oceano de not\u00edcias falsas. Toda a orquestra\u00e7\u00e3o nas redes sociais escancara, inclusive, o enorme financiamento que h\u00e1 por tr\u00e1s desta a\u00e7\u00e3o. Esta combina\u00e7\u00e3o das dificuldades reais com a viol\u00eancia e a desinforma\u00e7\u00e3o resulta em uma verdadeira guerra psicol\u00f3gica\u201d.<\/p>\n\n\n\n<p>De acordo com S\u00e1nchez, a resposta contundente e \u00e1gil do presidente Miguel D\u00edaz-Canel foi fundamental para contornar o ataque, convocando rapidamente o povo cubano a sair \u00e0s ruas e defender a revolu\u00e7\u00e3o. \u201cGrupos revolucion\u00e1rios sa\u00edram \u00e0s ruas com apoio da pol\u00edcia. Mas ao contr\u00e1rio do que noticiam, \u00e9 uma pol\u00edcia bem diferente da pol\u00edcia brasileira, por exemplo. \u00c9 uma pol\u00edcia que n\u00e3o usa armas longas, por exemplo. Foi uma a\u00e7\u00e3o bem sucedida para garantir a tranquilidade\u201d, diz.<\/p>\n\n\n\n<p>Sa\u00eddas para a crise e a solidariedade internacional<\/p>\n\n\n\n<p>Segundo S\u00e1nchez, o governo cubano tem trabalhado intensamente para encontrar sa\u00eddas \u00e0s dificuldades causadas pelas san\u00e7\u00f5es e agravadas pela pandemia. \u201cH\u00e1 importantes avan\u00e7os em temas como a livre exporta\u00e7\u00e3o de alimentos e medicamentos atrav\u00e9s de viajantes e tamb\u00e9m est\u00e3o ocorrendo transforma\u00e7\u00f5es nas empresas estatais, que s\u00e3o fundamentais para a economia nacional\u201d, relata.<\/p>\n\n\n\n<p><a href=\"https:\/\/www.brasildefato.com.br\/2021\/07\/12\/entenda-os-fatores-que-desencadearam-as-maiores-manifestacoes-opositoras-em-cuba-desde-1994\" target=\"_blank\" rel=\"noreferrer noopener\"><strong>::&nbsp;Entenda os fatores que desencadearam as maiores manifesta\u00e7\u00f5es opositoras em Cuba desde 1994 ::<\/strong><\/a><\/p>\n\n\n\n<p>\u201cTamb\u00e9m h\u00e1 empenho no reparo das plantas geradoras de eletricidade para evitar os \u2018apag\u00f5es\u2019 e pol\u00edticas para facilitar o acesso \u00e0 cesta b\u00e1sica por parte dos mais necessitados. Essas medidas, que podem parecer t\u00edmidas diante da brutalidade do bloqueio, ajudam a gerar uma situa\u00e7\u00e3o social menos tensa, mais tranquila para a vida cotidiana das pessoas. O governo est\u00e1 muito comprometido com essa tarefa\u201d.<\/p>\n\n\n\n<p>Atento \u00e0s&nbsp;<a href=\"http:\/\/Manifestantes se re\u00fanem em frente \u00e0 embaixada para prestar solidariedade a Cuba\" target=\"_blank\" rel=\"noreferrer noopener\">manifesta\u00e7\u00f5es de solidariedade por parte do povo brasileiro<\/a>, S\u00e1nchez destaca a import\u00e2ncia desta batalha contra a desinforma\u00e7\u00e3o, seja ela praticada nas redes sociais ou nos grandes grupos privados de comunica\u00e7\u00e3o: \u201cDesde Cuba, nossa mensagem para os amigos da m\u00eddia alternativa e meios contra-hegem\u00f4nicos no Brasil \u00e9 de agradecimento pelo apoio e defesa da revolu\u00e7\u00e3o cubana. Agradecemos a importante difus\u00e3o que voc\u00eas t\u00eam feito sobre a verdade do que se passa em nosso pa\u00eds. \u00c9 uma dura batalha contra o predom\u00ednio monop\u00f3lico da mentira dos grandes meios, que novamente t\u00eam papel fundamental nos ataques contra Cuba. Cuidem-se, protejam a sa\u00fade de voc\u00eas e tenham certeza que Cuba seguir\u00e1 defendendo esta revolu\u00e7\u00e3o que gera tanta solidariedade\u201d.<\/p>\n","protected":false},"excerpt":{"rendered":"<p>&#8220;Ainda que haja alguma tens\u00e3o, as manifesta\u00e7\u00f5es desapareceram\u201d, relata Iroel S\u00e1nchez, editor do La Pupila Insomne<\/p>\n","protected":false},"author":1,"featured_media":0,"comment_status":"closed","ping_status":"open","sticky":false,"template":"","format":"standard","meta":{"_exactmetrics_skip_tracking":false,"_exactmetrics_sitenote_active":false,"_exactmetrics_sitenote_note":"","_exactmetrics_sitenote_category":0,"jetpack_post_was_ever_published":false,"_jetpack_newsletter_access":"","_jetpack_dont_email_post_to_subs":false,"_jetpack_newsletter_tier_id":0,"_jetpack_memberships_contains_paywalled_content":false,"_jetpack_memberships_contains_paid_content":false,"footnotes":"","jetpack_publicize_message":"","jetpack_publicize_feature_enabled":true,"jetpack_social_post_already_shared":true,"jetpack_social_options":{"image_generator_settings":{"template":"highway","enabled":false},"version":2}},"categories":[1],"tags":[],"class_list":["post-32498","post","type-post","status-publish","format-standard","hentry","category-notas"],"jetpack_publicize_connections":[],"jetpack_sharing_enabled":true,"jetpack_featured_media_url":"","jetpack_shortlink":"https:\/\/wp.me\/p7wKYW-8sa","jetpack-related-posts":[],"_links":{"self":[{"href":"http:\/\/blogdalucianaoliveira.com.br\/blog\/wp-json\/wp\/v2\/posts\/32498","targetHints":{"allow":["GET"]}}],"collection":[{"href":"http:\/\/blogdalucianaoliveira.com.br\/blog\/wp-json\/wp\/v2\/posts"}],"about":[{"href":"http:\/\/blogdalucianaoliveira.com.br\/blog\/wp-json\/wp\/v2\/types\/post"}],"author":[{"embeddable":true,"href":"http:\/\/blogdalucianaoliveira.com.br\/blog\/wp-json\/wp\/v2\/users\/1"}],"replies":[{"embeddable":true,"href":"http:\/\/blogdalucianaoliveira.com.br\/blog\/wp-json\/wp\/v2\/comments?post=32498"}],"version-history":[{"count":1,"href":"http:\/\/blogdalucianaoliveira.com.br\/blog\/wp-json\/wp\/v2\/posts\/32498\/revisions"}],"predecessor-version":[{"id":32500,"href":"http:\/\/blogdalucianaoliveira.com.br\/blog\/wp-json\/wp\/v2\/posts\/32498\/revisions\/32500"}],"wp:attachment":[{"href":"http:\/\/blogdalucianaoliveira.com.br\/blog\/wp-json\/wp\/v2\/media?parent=32498"}],"wp:term":[{"taxonomy":"category","embeddable":true,"href":"http:\/\/blogdalucianaoliveira.com.br\/blog\/wp-json\/wp\/v2\/categories?post=32498"},{"taxonomy":"post_tag","embeddable":true,"href":"http:\/\/blogdalucianaoliveira.com.br\/blog\/wp-json\/wp\/v2\/tags?post=32498"}],"curies":[{"name":"wp","href":"https:\/\/api.w.org\/{rel}","templated":true}]}}