{"id":32505,"date":"2021-07-19T18:39:51","date_gmt":"2021-07-19T22:39:51","guid":{"rendered":"http:\/\/blogdalucianaoliveira.com.br\/blog\/?p=32505"},"modified":"2021-07-19T18:39:56","modified_gmt":"2021-07-19T22:39:56","slug":"desmatamento-na-amazonia-cresce-51-nos-ultimos-11-meses-em-relacao-ao-periodo-anterior-aponta-imazon","status":"publish","type":"post","link":"http:\/\/blogdalucianaoliveira.com.br\/blog\/2021\/07\/19\/desmatamento-na-amazonia-cresce-51-nos-ultimos-11-meses-em-relacao-ao-periodo-anterior-aponta-imazon\/","title":{"rendered":"Desmatamento na Amaz\u00f4nia cresce 51% nos \u00faltimos 11 meses em rela\u00e7\u00e3o ao per\u00edodo anterior, aponta Imazon"},"content":{"rendered":"\n<figure class=\"wp-block-image size-large\"><img data-recalc-dims=\"1\" loading=\"lazy\" decoding=\"async\" width=\"600\" height=\"399\" data-attachment-id=\"32506\" data-permalink=\"http:\/\/blogdalucianaoliveira.com.br\/blog\/2021\/07\/19\/desmatamento-na-amazonia-cresce-51-nos-ultimos-11-meses-em-relacao-ao-periodo-anterior-aponta-imazon\/desma\/\" data-orig-file=\"https:\/\/i0.wp.com\/blogdalucianaoliveira.com.br\/blog\/wp-content\/uploads\/2021\/07\/desma.jpg?fit=770%2C512\" data-orig-size=\"770,512\" data-comments-opened=\"0\" data-image-meta=\"{&quot;aperture&quot;:&quot;0&quot;,&quot;credit&quot;:&quot;&quot;,&quot;camera&quot;:&quot;&quot;,&quot;caption&quot;:&quot;&quot;,&quot;created_timestamp&quot;:&quot;0&quot;,&quot;copyright&quot;:&quot;&quot;,&quot;focal_length&quot;:&quot;0&quot;,&quot;iso&quot;:&quot;0&quot;,&quot;shutter_speed&quot;:&quot;0&quot;,&quot;title&quot;:&quot;&quot;,&quot;orientation&quot;:&quot;0&quot;}\" data-image-title=\"desma\" data-image-description=\"\" data-image-caption=\"\" data-medium-file=\"https:\/\/i0.wp.com\/blogdalucianaoliveira.com.br\/blog\/wp-content\/uploads\/2021\/07\/desma.jpg?fit=300%2C199\" data-large-file=\"https:\/\/i0.wp.com\/blogdalucianaoliveira.com.br\/blog\/wp-content\/uploads\/2021\/07\/desma.jpg?fit=600%2C399\" src=\"https:\/\/i0.wp.com\/blogdalucianaoliveira.com.br\/blog\/wp-content\/uploads\/2021\/07\/desma.jpg?resize=600%2C399&#038;ssl=1\" alt=\"\" class=\"wp-image-32506\" srcset=\"https:\/\/i0.wp.com\/blogdalucianaoliveira.com.br\/blog\/wp-content\/uploads\/2021\/07\/desma.jpg?w=770 770w, https:\/\/i0.wp.com\/blogdalucianaoliveira.com.br\/blog\/wp-content\/uploads\/2021\/07\/desma.jpg?resize=300%2C199 300w, https:\/\/i0.wp.com\/blogdalucianaoliveira.com.br\/blog\/wp-content\/uploads\/2021\/07\/desma.jpg?resize=768%2C511 768w, https:\/\/i0.wp.com\/blogdalucianaoliveira.com.br\/blog\/wp-content\/uploads\/2021\/07\/desma.jpg?resize=451%2C300 451w\" sizes=\"auto, (max-width: 600px) 100vw, 600px\" \/><\/figure>\n\n\n\n<h4 class=\"wp-block-heading\">Instituto tamb\u00e9m aponta que devasta\u00e7\u00e3o do bioma no per\u00edodo \u00e9 a maior dos \u00faltimos dez anos.<\/h4>\n\n\n\n<!--more-->\n\n\n\n<p>Por La\u00eds Modelli, G1<\/p>\n\n\n\n<p>A Amaz\u00f4nia Legal brasileira registrou&nbsp;<strong>8.381 km\u00b2<\/strong>&nbsp;de desmatamento no acumulado dos \u00faltimos 11 meses, de agosto de 2020 at\u00e9 junho de 2021, a maior devasta\u00e7\u00e3o para o per\u00edodo em dez anos, segundo o Instituto do Homem e Meio Ambiente da Amaz\u00f4nia (Imazon).<\/p>\n\n\n\n<p>O desmatamento nos \u00faltimos 11 meses tamb\u00e9m \u00e9&nbsp;<strong>51% maior&nbsp;<\/strong>que o registrado no per\u00edodo anterior, de agosto de 2019 a junho de 2020, quando o bioma apresentou 5.533 km\u00b2 de devasta\u00e7\u00e3o.<\/p>\n\n\n\n<p>Considerando somente o acumulado deste ano, de janeiro a junho de 2021, a floresta perdeu uma \u00e1rea de 4.014 km\u00b2, a maior taxa de desmatamento para um primeiro semestre registrado na \u00faltima d\u00e9cada, de acordo com o pesquisador do Imazon, Ant\u00f4nio Fonseca.<\/p>\n\n\n\n<blockquote class=\"wp-block-quote is-layout-flow wp-block-quote-is-layout-flow\"><p>\u201cAs \u00e1reas desmatadas em mar\u00e7o, abril e maio foram as maiores dos \u00faltimos 10 anos para cada m\u00eas. E, se analisarmos apenas o acumulado em 2021, o desmatamento tamb\u00e9m \u00e9 o pior da \u00faltima d\u00e9cada\u201d, explica Fonseca.<\/p><\/blockquote>\n\n\n\n<p>Ainda segundo o Instituto, 61% da devasta\u00e7\u00e3o registrada no per\u00edodo ocorreu em terras privadas ou sob diversos est\u00e1gios de posse. O restante foi registrado em Assentamentos (22%) e Unidades de Conserva\u00e7\u00e3o (13%). Apenas 2% ocorreram em Terras Ind\u00edgenas (2%).<\/p>\n\n\n\n<p>Com isso, a estimativa \u00e9 que taxa anual de desmatamento na Amaz\u00f4nia, medida de agosto de um ano a julho do ano seguinte, seja ainda maior que a registrada no per\u00edodo encerrado em 2020, considerado o recorde hist\u00f3rico pelo Instituto Nacional de Pesquisas Espaciais (<a href=\"https:\/\/g1.globo.com\/tudo-sobre\/inpe\/\">Inpe<\/a>), do governo federal, que usa outra metodologia e aponta as \u00e1reas sob alerta de desmatamento.<\/p>\n\n\n\n<p>A&nbsp;<a href=\"https:\/\/g1.globo.com\/natureza\/noticia\/2020\/07\/10\/amazonia-bate-novo-recorde-nos-alertas-de-desmatamento-em-junho-aumento-dos-ultimos-11-meses-foi-de-64percent-aponta-inpe.ghtml\">pior taxa de desmatamento anual na Amaz\u00f4nia<\/a>&nbsp;registrada pelo Inpe foi a de 2008, quando foram derrubados 12.911 km\u00b2 de floresta. A segunda pior foi a de<a href=\"https:\/\/g1.globo.com\/natureza\/noticia\/2020\/06\/09\/desmatamento-na-amazonia-passa-de-10-mil-km-entre-agosto-de-2018-e-julho-de-2019-com-revisao-de-dados-do-prodes-do-inpe.ghtml\">&nbsp;2020, com 10.129 km\u00b2 devastados<\/a>.<\/p>\n\n\n\n<h2 class=\"wp-block-heading\">Onde ocorre o desmatamento<\/h2>\n\n\n\n<p>Em junho, a Amaz\u00f4nia perdeu uma \u00e1rea de floresta de 926 km\u00b2, territ\u00f3rio quase tr\u00eas vezes maior do que a cidade de Fortaleza, conforme o monitoramento do Imazon. Mais da metade deste desmatamento, 61%,&nbsp;<a href=\"https:\/\/g1.globo.com\/pa\/para\/noticia\/2021\/07\/19\/para-e-lider-de-desmatamento-na-amazonia-legal-em-junho-aponta-imazon.ghtml\">est\u00e1 concentrado em apenas dois estados<\/a>:&nbsp;<a href=\"https:\/\/g1.globo.com\/pa\/para\/\">Par\u00e1<\/a>&nbsp;e&nbsp;<a href=\"https:\/\/g1.globo.com\/am\/amazonas\/\">Amazonas<\/a>.<\/p>\n\n\n\n<p>Dos 5 munic\u00edpios mais devastados na Amaz\u00f4nia durante junho, tr\u00eas s\u00e3o do Par\u00e1 e dois do Amazonas:<\/p>\n\n\n\n<ul class=\"wp-block-list\"><li>Altamira (PA): 61 km\u00b2<\/li><li>S\u00e3o F\u00e9lix do Xingu (PA): 48 km\u00b2<\/li><li>L\u00e1brea (AM): 47 km\u00b2<\/li><li>Novo Progresso: 42 km\u00b2<\/li><li>Apu\u00ed (AM): 41 km\u00b2<\/li><\/ul>\n\n\n\n<p>Entre as 10 unidades de conserva\u00e7\u00e3o mais desmatadas em junho, o Par\u00e1 abriga seis delas, sendo as terras do Triunfo do Xingu e de Jamanxin as mais afetadas. As cinco Terras Ind\u00edgenas mais desmatadas no per\u00edodo tamb\u00e9m est\u00e3o no estado.<\/p>\n\n\n\n<p>J\u00e1 os cinco assentamentos mais desmatados da Amaz\u00f4nia no m\u00eas est\u00e3o no Amazonas.<\/p>\n\n\n\n<h2 class=\"wp-block-heading\">500 mil campos de futebol sob risco de fogo<\/h2>\n\n\n\n<p>Al\u00e9m do desmate, uma grande \u00e1rea de floresta est\u00e1 sob risco de queimadas nesta temporada: uma \u00e1rea de\u00a0<a href=\"https:\/\/g1.globo.com\/natureza\/noticia\/2021\/06\/30\/amazonia-area-quatro-vezes-maior-que-a-cidade-de-sp-esta-sob-risco-de-queimada-na-temporada-do-fogo-diz-ipam.ghtml\">5 mil km\u00b2 desmatados, correspondente a 500 mil campos de futebol ou quatro vezes a cidade de S\u00e3o Paulo, est\u00e1 sob risco de queimada<\/a>\u00a0na temporada do fogo de 2021. O alerta \u00e9 de um levantamento do Instituto de Pesquisa Ambiental da Amaz\u00f4nia (Ipam) e do Woodwell Climate Research.<\/p>\n","protected":false},"excerpt":{"rendered":"<p>Instituto tamb\u00e9m aponta que devasta\u00e7\u00e3o do bioma no per\u00edodo \u00e9 a maior dos \u00faltimos dez anos.<\/p>\n","protected":false},"author":1,"featured_media":0,"comment_status":"closed","ping_status":"open","sticky":false,"template":"","format":"standard","meta":{"_exactmetrics_skip_tracking":false,"_exactmetrics_sitenote_active":false,"_exactmetrics_sitenote_note":"","_exactmetrics_sitenote_category":0,"jetpack_post_was_ever_published":false,"_jetpack_newsletter_access":"","_jetpack_dont_email_post_to_subs":false,"_jetpack_newsletter_tier_id":0,"_jetpack_memberships_contains_paywalled_content":false,"_jetpack_memberships_contains_paid_content":false,"footnotes":"","jetpack_publicize_message":"","jetpack_publicize_feature_enabled":true,"jetpack_social_post_already_shared":true,"jetpack_social_options":{"image_generator_settings":{"template":"highway","enabled":false},"version":2}},"categories":[1],"tags":[],"class_list":["post-32505","post","type-post","status-publish","format-standard","hentry","category-notas"],"jetpack_publicize_connections":[],"jetpack_sharing_enabled":true,"jetpack_featured_media_url":"","jetpack_shortlink":"https:\/\/wp.me\/p7wKYW-8sh","jetpack-related-posts":[],"_links":{"self":[{"href":"http:\/\/blogdalucianaoliveira.com.br\/blog\/wp-json\/wp\/v2\/posts\/32505","targetHints":{"allow":["GET"]}}],"collection":[{"href":"http:\/\/blogdalucianaoliveira.com.br\/blog\/wp-json\/wp\/v2\/posts"}],"about":[{"href":"http:\/\/blogdalucianaoliveira.com.br\/blog\/wp-json\/wp\/v2\/types\/post"}],"author":[{"embeddable":true,"href":"http:\/\/blogdalucianaoliveira.com.br\/blog\/wp-json\/wp\/v2\/users\/1"}],"replies":[{"embeddable":true,"href":"http:\/\/blogdalucianaoliveira.com.br\/blog\/wp-json\/wp\/v2\/comments?post=32505"}],"version-history":[{"count":1,"href":"http:\/\/blogdalucianaoliveira.com.br\/blog\/wp-json\/wp\/v2\/posts\/32505\/revisions"}],"predecessor-version":[{"id":32507,"href":"http:\/\/blogdalucianaoliveira.com.br\/blog\/wp-json\/wp\/v2\/posts\/32505\/revisions\/32507"}],"wp:attachment":[{"href":"http:\/\/blogdalucianaoliveira.com.br\/blog\/wp-json\/wp\/v2\/media?parent=32505"}],"wp:term":[{"taxonomy":"category","embeddable":true,"href":"http:\/\/blogdalucianaoliveira.com.br\/blog\/wp-json\/wp\/v2\/categories?post=32505"},{"taxonomy":"post_tag","embeddable":true,"href":"http:\/\/blogdalucianaoliveira.com.br\/blog\/wp-json\/wp\/v2\/tags?post=32505"}],"curies":[{"name":"wp","href":"https:\/\/api.w.org\/{rel}","templated":true}]}}