{"id":32508,"date":"2021-07-20T07:12:08","date_gmt":"2021-07-20T11:12:08","guid":{"rendered":"http:\/\/blogdalucianaoliveira.com.br\/blog\/?p=32508"},"modified":"2021-07-20T07:12:11","modified_gmt":"2021-07-20T11:12:11","slug":"a-mamata-veste-farda-quem-sao-os-militares-com-mulher-e-filhos-empregados-no-governo-federal","status":"publish","type":"post","link":"http:\/\/blogdalucianaoliveira.com.br\/blog\/2021\/07\/20\/a-mamata-veste-farda-quem-sao-os-militares-com-mulher-e-filhos-empregados-no-governo-federal\/","title":{"rendered":"A mamata veste farda? Quem s\u00e3o os militares com mulher e filhos empregados no governo federal"},"content":{"rendered":"\n<figure class=\"wp-block-image size-large\"><img data-recalc-dims=\"1\" loading=\"lazy\" decoding=\"async\" width=\"600\" height=\"400\" data-attachment-id=\"32509\" data-permalink=\"http:\/\/blogdalucianaoliveira.com.br\/blog\/2021\/07\/20\/a-mamata-veste-farda-quem-sao-os-militares-com-mulher-e-filhos-empregados-no-governo-federal\/c999408c-a9a3-4683-b9ee-97f945974dea\/\" data-orig-file=\"https:\/\/i0.wp.com\/blogdalucianaoliveira.com.br\/blog\/wp-content\/uploads\/2021\/07\/C999408C-A9A3-4683-B9EE-97F945974DEA.jpeg?fit=640%2C427\" data-orig-size=\"640,427\" data-comments-opened=\"0\" data-image-meta=\"{&quot;aperture&quot;:&quot;0&quot;,&quot;credit&quot;:&quot;Yolanda Assun\\u00e7\\u00e3o&quot;,&quot;camera&quot;:&quot;&quot;,&quot;caption&quot;:&quot;&quot;,&quot;created_timestamp&quot;:&quot;0&quot;,&quot;copyright&quot;:&quot;&quot;,&quot;focal_length&quot;:&quot;0&quot;,&quot;iso&quot;:&quot;0&quot;,&quot;shutter_speed&quot;:&quot;0&quot;,&quot;title&quot;:&quot;&quot;,&quot;orientation&quot;:&quot;1&quot;}\" data-image-title=\"C999408C-A9A3-4683-B9EE-97F945974DEA\" data-image-description=\"\" data-image-caption=\"\" data-medium-file=\"https:\/\/i0.wp.com\/blogdalucianaoliveira.com.br\/blog\/wp-content\/uploads\/2021\/07\/C999408C-A9A3-4683-B9EE-97F945974DEA.jpeg?fit=300%2C200\" data-large-file=\"https:\/\/i0.wp.com\/blogdalucianaoliveira.com.br\/blog\/wp-content\/uploads\/2021\/07\/C999408C-A9A3-4683-B9EE-97F945974DEA.jpeg?fit=600%2C400\" src=\"https:\/\/i0.wp.com\/blogdalucianaoliveira.com.br\/blog\/wp-content\/uploads\/2021\/07\/C999408C-A9A3-4683-B9EE-97F945974DEA.jpeg?resize=600%2C400\" alt=\"\" class=\"wp-image-32509\" srcset=\"https:\/\/i0.wp.com\/blogdalucianaoliveira.com.br\/blog\/wp-content\/uploads\/2021\/07\/C999408C-A9A3-4683-B9EE-97F945974DEA.jpeg?w=640 640w, https:\/\/i0.wp.com\/blogdalucianaoliveira.com.br\/blog\/wp-content\/uploads\/2021\/07\/C999408C-A9A3-4683-B9EE-97F945974DEA.jpeg?resize=300%2C200 300w, https:\/\/i0.wp.com\/blogdalucianaoliveira.com.br\/blog\/wp-content\/uploads\/2021\/07\/C999408C-A9A3-4683-B9EE-97F945974DEA.jpeg?resize=450%2C300 450w\" sizes=\"auto, (max-width: 600px) 100vw, 600px\" \/><\/figure>\n\n\n\n<h4 class=\"wp-block-heading\">Contrata\u00e7\u00f5es para cargos de confian\u00e7a e promo\u00e7\u00f5es-rel\u00e2mpago com aumento salarial s\u00e3o rotina para aliados de Bolsonaro<\/h4>\n\n\n\n<!--more-->\n\n\n\n<p>Vin\u00edcius Segalla &#8211; Brasil de Fato | S\u00e3o Paulo (SP) |<\/p>\n\n\n\n<p>Pelo menos sete filhos, filhas,&nbsp;pai, irm\u00e3os&nbsp;e parentes em geral de militares com cargos no primeiro escal\u00e3o do governo federal&nbsp;foram nomeados a cargos p\u00fablicos de confian\u00e7a da administra\u00e7\u00e3o federal desde o in\u00edcio do governo de Jair Bolsonaro (sem partido), em janeiro de 2019.<\/p>\n\n\n\n<p>No \u00faltimo dia 9,&nbsp;<a href=\"https:\/\/www.brasildefato.com.br\/2021\/07\/09\/a-mamata-veste-farda-veja-10-casos-de-suspeitas-de-corrupcao-e-crimes-de-militares-desde-2019\" target=\"_blank\" rel=\"noreferrer noopener\">o&nbsp;<strong>Brasil de Fato&nbsp;<\/strong>publicou reportagem<\/a>&nbsp;que mostra dez&nbsp;casos&nbsp;de suspeita de corrup\u00e7\u00e3o e crimes envolvendo militares ligados aos Bolsonaro que foram denunciados desde 2019, quando o ex-capit\u00e3o do Ex\u00e9rcito assumiu a Presid\u00eancia da Rep\u00fablica:&nbsp;<\/p>\n\n\n\n<p><a href=\"https:\/\/www.brasildefato.com.br\/2021\/07\/09\/a-mamata-veste-farda-veja-10-casos-de-suspeitas-de-corrupcao-e-crimes-de-militares-desde-2019\" target=\"_blank\" rel=\"noreferrer noopener\"><strong>::A mamata veste farda? Veja 10 casos de suspeitas de corrup\u00e7\u00e3o e crimes de militares desde 2019::<\/strong><\/a><\/p>\n\n\n\n<p>Publica-se, agora, a lista de contrata\u00e7\u00f5es do governo Bolsonaro que beneficiam ou beneficiaram parentes de militares.<\/p>\n\n\n\n<p>No in\u00edcio da tarde da \u00faltima segunda-feira, o&nbsp;<strong>Brasil de Fato&nbsp;<\/strong>entrou em contato com o Ex\u00e9rcito Brasileiro a com o Minist\u00e9rio da Defesa, a quem est\u00e3o subordinadas as tr\u00eas Armas nacionais. A reportagem questionou se existe algum tipo de protocolo ou procedimento interno para o preenchimento de vagas de confian\u00e7a no Poder Executivo por parte de parentes militares que ocupam o primeiro escal\u00e3o.<\/p>\n\n\n\n<p>Questionou tamb\u00e9m se o Ex\u00e9rcito ou a Defesa teriam algo a comentar sobre as contrata\u00e7\u00f5es citadas nesta reportagem. Ate a sua publica\u00e7\u00e3o, n\u00e3o houve resposta. Caso as autoridades se manifestem, as informa\u00e7\u00f5es ser\u00e3o colocadas nesta p\u00e1gina.&nbsp;<\/p>\n\n\n\n<p>1 &#8211; A filha de Eduardo Pazuello que precisava de aux\u00edlio emergencial e foi&nbsp;contratada por Marcelo Crivella<\/p>\n\n\n\n<figure class=\"wp-block-image\"><img data-recalc-dims=\"1\" decoding=\"async\" src=\"https:\/\/i0.wp.com\/images03.brasildefato.com.br\/18f46d62d0c4621db7f0778ec9134d90.jpeg?w=600&#038;ssl=1\" alt=\"\"\/><\/figure>\n\n\n\n<p><br>Presidente Jair Bolsonaro e Eduardo Pazuello, general da ativa que ocupou o cargo de ministro da Sa\u00fade: a filha do militar precisava de aux\u00edlio emergencial, mas tinha curr\u00edculo para ser contratada pela prefeitura do Rio \/ Evaristo Sa\/AFP<\/p>\n\n\n\n<p>No dia&nbsp;23 de julho de 2020,&nbsp;Stephanie Santos Pazuello,&nbsp;filha do ent\u00e3o ministro da Sa\u00fade, general Eduardo Pazuello, foi nomeada para o cargo de supervisora da Diretoria de Gest\u00e3o de Pessoas da Empresa P\u00fablica de Sa\u00fade do Rio de Janeiro S.A, a RioSa\u00fade, com&nbsp;sal\u00e1rio bruto (sem contar gratifica\u00e7\u00f5es) de R$ 7.171.<\/p>\n\n\n\n<p>\u00c0 \u00e9poca, o prefeito da capital fluminense era&nbsp;Marcelo Crivella (Republicanos). Ele concorria \u00e0 reelei\u00e7\u00e3o com&nbsp;o apoio de Jair Bolsonaro. O&nbsp;cargo de confian\u00e7a foi franqueado pela secretaria da Casa Civil da prefeitura. O munic\u00edpio, ent\u00e3o,&nbsp;ao ser questionado sobre a contrata\u00e7\u00e3o, afirmou em nota que &#8220;Stephanie Pazuello n\u00e3o foi contratada por seu parentesco com o ministro e sim por sua experi\u00eancia na \u00e1rea e por sua forma\u00e7\u00e3o em administra\u00e7\u00e3o&#8221;.<\/p>\n\n\n\n<p>Se a justificativa municipal corresponde \u00e0 verdade, fato \u00e9 que os atributos profissionais da filha do general que explicariam a contrata\u00e7\u00e3o, por alguma raz\u00e3o, n\u00e3o resultavam em sucesso financeiro, pelo contr\u00e1rio.<\/p>\n\n\n\n<p>Tanto \u00e9 assim que, no dia 30 de julho de 2020 (sete dias ap\u00f3s sua nomea\u00e7\u00e3o na prefeitura do Rio), o nome de Stephanie constava em&nbsp;lista do governo federal como solicitante do aux\u00edlio emergencial pago a trabalhadores informais e pessoas de baixa renda para diminuir o impacto econ\u00f4mico da epidemia causada pelo novo coronav\u00edrus.<\/p>\n\n\n\n<p>A informa\u00e7\u00e3o consta nos sites da Dataprev, Caixa Econ\u00f4mica Federal e&nbsp;Portal da Transpar\u00eancia, e foi publicada na \u00e9poca pelo jornal&nbsp;<em>O Globo<\/em>.<\/p>\n\n\n\n<p>O nome da filha de Pazuello chegou a ser aprovado pelo governo para receber o aux\u00edlio, mas o valor n\u00e3o foi liberado porque os sistemas detectaram inconsist\u00eancias em seu cadastro.<\/p>\n\n\n\n<p><a href=\"https:\/\/www.brasildefato.com.br\/2020\/07\/24\/filhas-de-generais-ocuparem-cargo-no-governo-crime-ou-so-nepotismo\" target=\"_blank\" rel=\"noreferrer noopener\"><strong>::Filhas de generais ocuparem cargo no governo: crime ou &#8220;s\u00f3&#8221; nepotismo?::<\/strong><\/a><\/p>\n\n\n\n<p>2 &#8211; A filha do general Braga Netto que se formou em design&nbsp;e foi nomeada para ser gerente da Ag\u00eancia Nacional de Sa\u00fade<\/p>\n\n\n\n<figure class=\"wp-block-image\"><img data-recalc-dims=\"1\" decoding=\"async\" src=\"https:\/\/i0.wp.com\/cdn.brasildefato.com.br\/media\/75f52da7f6825d014e3f4334e10d9f2f.jpeg?w=600&#038;ssl=1\" alt=\"\"\/><\/figure>\n\n\n\n<p><br>O ministro da Casa Civil, general Braga Netto (esq), o ministro da Economia, Paulo Guedes, e o presidente da Rep\u00fablica, Jair Bolsonaro \/ Marcello Casal Jr\/Ag\u00eancia Brasil<\/p>\n\n\n\n<p>Tamb\u00e9m em julho de 2020, uma semana antes da contrata\u00e7\u00e3o da filha de Pazuello pela prefeitura do Rio, Isabela Oass\u00e9 de Moraes Ancora Braga Netto,&nbsp;filha do ministro da Casa Civil, Walter Braga Netto, foi indicada para um cargo de ger\u00eancia na Ag\u00eancia Nacional de Sa\u00fade Suplementar (ANS), com sal\u00e1rio bruto de&nbsp;R$ 13 mil.<\/p>\n\n\n\n<p>Ela se formou em design em uma faculdade privada do Rio em 2016&nbsp;e j\u00e1 havia tentado uma vaga no Ex\u00e9rcito antes de obter o cargo na ANS, mas fora&nbsp;reprovada. Com a indica\u00e7\u00e3o de julho de 2020, ocuparia a ger\u00eancia de An\u00e1lise Setorial e Contratualiza\u00e7\u00e3o com Prestadores, que trata da rela\u00e7\u00e3o entre ANS, planos de sa\u00fade e prestadores de servi\u00e7os, como hospitais. Jamais havia trabalhado na \u00e1rea.<\/p>\n\n\n\n<p>A indica\u00e7\u00e3o de Isabela, por\u00e9m, gerou intensa&nbsp;repercuss\u00e3o negativa, uma vez que, procurada por \u00f3rg\u00e3os de imprensa quando o caso veio \u00e0 tona, a ANS n\u00e3o soube explicar os motivos que levaram \u00e0 contrata\u00e7\u00e3o da filha do ministro.<\/p>\n\n\n\n<p>&#8220;No dia de hoje, recebi a informa\u00e7\u00e3o que a candidata desistiu de participar do processo de nomea\u00e7\u00e3o, embora tenha atendido todos os requisitos para o cargo&#8221;, informou o diretor de desenvolvimento setorial da ANS, Rodrigo Rodrigues de Aguiar, no dia 22 de julho do ano passado.<\/p>\n\n\n\n<p>3 &#8211; O filho do general e vice-presidente Hamilton Mour\u00e3o que teve o sal\u00e1rio triplicado assim que o pai foi empossado<\/p>\n\n\n\n<figure class=\"wp-block-image\"><img data-recalc-dims=\"1\" decoding=\"async\" src=\"https:\/\/i0.wp.com\/cdn.brasildefato.com.br\/media\/9ddfdfe8faf1569ce2265d969298dfc9.jpeg?w=600&#038;ssl=1\" alt=\"\"\/><\/figure>\n\n\n\n<p><br>General Hamilton Mour\u00e3o (esq) e Jair Bolsonaro: militares na c\u00fapula do Poder Executivo&nbsp;\/ Ag\u00eancia Brasil<\/p>\n\n\n\n<p>No dia 8 de janeiro de 2019, uma semana ap\u00f3s a posse de Jair Bolsonaro e de Hamilton Mour\u00e3o como presidente e vice da Rep\u00fablica federativa do Brasil, o filho do segundo,&nbsp;Antonio Hamilton Rossell Mour\u00e3o,&nbsp;foi promovido a assessor especial do presidente do&nbsp;Banco do Brasil,&nbsp;Rubem Novaes, que, por sua vez, assumira&nbsp;o cargo no dia anterior, 7 de janeiro.&nbsp;<\/p>\n\n\n\n<p>Antes, ele era assessor&nbsp;empresarial da \u00e1rea de agroneg\u00f3cios do banco, com sal\u00e1rio de R$ 12&nbsp;mil. Com a mudan\u00e7a de cargo, sua remunera\u00e7\u00e3o mensal triplicou, indo a R$ 36 mil.&nbsp;O filho do general trabalhava no banco havia 18 anos, e jamais recebera uma promo\u00e7\u00e3o que elevasse seu sal\u00e1rio &#8211; de uma tacada s\u00f3&nbsp;&#8211; a um patamar sequer 50% maior ao anterior. O salto que o filho do vice deu na carreira banc\u00e1ria ap\u00f3s a nomea\u00e7\u00e3o do pai foi de tr\u00eas degraus de uma vez na carreira, algo in\u00e9dito em seu desempenho at\u00e9 ent\u00e3o.<\/p>\n\n\n\n<p>O caso veio \u00e0 p\u00fablico na&nbsp;\u00e9poca, e o vice-presidente apresentou uma explica\u00e7\u00e3o: ele disse que seu filho foi escolhido pela compet\u00eancia e que ele j\u00e1 devia ocupar um cargo de destaque na institui\u00e7\u00e3o h\u00e1 mais tempo, mas vinha sendo boicotado &#8220;pelas administra\u00e7\u00f5es petistas&#8221; do governo federal.<\/p>\n\n\n\n<p>Dois dias depois, no entanto, o site&nbsp;<em>Congresso em Foco<\/em>&nbsp;publicou reportagem demonstrando que<a href=\"https:\/\/congressoemfoco.uol.com.br\/governo\/filho-de-mourao-foi-promovido-oito-vezes-nos-governos-do-pt-ascensao-na-carreira-contradiz-vice-presidente\/\" target=\"_blank\" rel=\"noreferrer noopener\">&nbsp;o filho do vice havia sido&nbsp;promovido oito vezes<\/a>&nbsp;ao longo dos&nbsp;governos Lula e Dilma (2003-2016), em ascens\u00e3o regular da&nbsp;carreira. Procurado, Mour\u00e3o n\u00e3o comentou o desmentido.<\/p>\n\n\n\n<p>4 &#8211; A filha do general Villas B\u00f4as que \u00e9 assessora de Damares e ganha R$ 10 mil por m\u00eas<\/p>\n\n\n\n<p>Desde novembro de 2019, Adriana Haas Villas B\u00f4as, filha do general Eduardo Villas B\u00f4as &#8211; ex-comandante do Ex\u00e9rcito, portador de uma doen\u00e7a degenerativa que o mant\u00e9m sem movimentos em uma cadeira de rodas,&nbsp;<a href=\"https:\/\/www.gov.br\/gsi\/pt-br\/composicao\/gabinete\/perfis-e-curriculos\/perfil-do-cargo-de-assessor-especial-gen-villas-boas\" target=\"_blank\" rel=\"noreferrer noopener\">mas que ainda assim \u00e9 assessor especial da Presid\u00eancia e por isso recebe R$ 13,6 mil por m\u00eas<\/a>, fora a aposentadoria por ser general &#8211;&nbsp;&nbsp;est\u00e1 lotada como assessora do Minist\u00e9rio da Mulher, Fam\u00edlia e Direitos Humanos, comandado por Damares Alves, na Coordenadoria-geral de Pessoas com Doen\u00e7as Raras. Sal\u00e1rio: R$ 10,4 mil mensais.<\/p>\n\n\n\n<p>Ela \u00e9 formada em direito e, segundo o minist\u00e9rio que a emprega, foi contratada por sua compet\u00eancia, e n\u00e3o por seu parentesco. A pasta tamb\u00e9m informa que a filha do general &#8220;exerce sua fun\u00e7\u00e3o adequadamente&#8221; em Bras\u00edlia.<\/p>\n\n\n\n<p>5 &#8211; O comandante da Marinha que tem o filho e a esposa empregados em cargos de confian\u00e7a&nbsp;<\/p>\n\n\n\n<figure class=\"wp-block-image\"><img data-recalc-dims=\"1\" decoding=\"async\" src=\"https:\/\/i0.wp.com\/images01.brasildefato.com.br\/e57fdcea98721250b4a55a925d65e212.jpeg?w=600&#038;ssl=1\" alt=\"\"\/><\/figure>\n\n\n\n<p><br>De branco, o comandante da Marinha do Brasil, Almir Garnier Santos, no dia 9 de abril deste ano, data de sua posse no cargo \/ Ag\u00eancia Brasil<\/p>\n\n\n\n<p>O almirante de esquadra e comandante da Marinha do Brasil, Almir Garnier Santos, tem um filho empregado na Emgepron, uma estatal vinculada \u00e0 Marinha e sua esposa contratada em cargo comissionado na Presid\u00eancia da Rep\u00fablica.<\/p>\n\n\n\n<p>Selma Foligne Crespio de Pinho, especialista em computa\u00e7\u00e3o, se aposentou na Marinha em abril de 2019. Em novembro do mesmo, ano&nbsp;foi contratada pelo governo de Jair Bolsonaro em um cargo comissionado de assessora na Secretaria-Geral da Presid\u00eancia. Em junho do ano seguinte, foi promovida a diretora de Estrat\u00e9gia, Padroniza\u00e7\u00e3o e Monitoramento de Projetos, cargo com sal\u00e1rio bruto de&nbsp;R$ 29,5 mil.<\/p>\n\n\n\n<p>J\u00e1 o filho do almirante, o advogado Almir Garnier Santos J\u00fanior, recebe R$ 10,9 mil mensais da Emgepron (Empresa Gerencial de Projetos Navais), estatal vinculada \u00e0 Marinha. Segundo a empresa, sua nomea\u00e7\u00e3o a um cargo de confian\u00e7a n\u00e3o guarda qualquer rela\u00e7\u00e3o com seu parentesco com o atual chefe da Armada brasileira.&nbsp;<\/p>\n\n\n\n<p>6 &#8211; O filho de&nbsp;general que era estagi\u00e1rio e foi nomeado para&nbsp;cargo de R$ 11 mil<\/p>\n\n\n\n<figure class=\"wp-block-image\"><img data-recalc-dims=\"1\" decoding=\"async\" src=\"https:\/\/i0.wp.com\/cdn.brasildefato.com.br\/media\/dfa98f99dd7d4a7363287ad3c61b82a9.jpg?w=600&#038;ssl=1\" alt=\"\"\/><\/figure>\n\n\n\n<p><br>Alcides Valeriano de Faria J\u00fanior,&nbsp; \/ Reprodu\u00e7\u00e3o\/Ex\u00e9rcito Brasileiro<\/p>\n\n\n\n<p>O general de Brigada Alcides Valeriano de Faria Junior foi indicado, no in\u00edcio do governo de Jair Bolsonaro, para ocupar o cargo de subcomandante de interoperabilidade no Comando Sul das For\u00e7as Armadas dos Estados Unidos, algo in\u00e9dito na hist\u00f3ria do Ex\u00e9rcito Brasileiro.<\/p>\n\n\n\n<p><a href=\"https:\/\/www.brasildefato.com.br\/2019\/02\/21\/general-brasileiro-sera-subordinado-ao-exercito-dos-estados-unidos\" target=\"_blank\" rel=\"noreferrer noopener\"><strong>::Pela primeira vez, general brasileiro ser\u00e1 subordinado ao Ex\u00e9rcito dos Estados Unidos::<\/strong><\/a><\/p>\n\n\n\n<p>Menos de um ano depois, outro ineditismo veio a ocorrer com um membro da mesma fam\u00edlia.&nbsp;O filho do general, o jornalista ent\u00e3o rec\u00e9m-formado Lucas Faria, passou de estagi\u00e1rio da Empresa Brasileira de Comunica\u00e7\u00e3o (EBC) para um cargo por indica\u00e7\u00e3o de assessoria da emissora com sal\u00e1rio de R$ 11 mil.&nbsp;<\/p>\n\n\n\n<p>De acordo com a tabela de remunera\u00e7\u00e3o da estatal, um jornalista que ingressa&nbsp;por meio de concurso p\u00fablico na EBC,&nbsp;sem indica\u00e7\u00e3o, recebe&nbsp;um sal\u00e1rio inicial de R$ 7 mil a menos que o filho do general.&nbsp;<\/p>\n\n\n\n<p>7 &#8211; O coronel que ganhou cargo na Petrobras e \u00e9 pai do servidor que fez relat\u00f3rio falso sobre a covid no TCU<\/p>\n\n\n\n<figure class=\"wp-block-image\"><img data-recalc-dims=\"1\" decoding=\"async\" src=\"https:\/\/i0.wp.com\/images02.brasildefato.com.br\/806a44a3e6bee4cbc137da648ebee891.jpeg?w=600&#038;ssl=1\" alt=\"\"\/><\/figure>\n\n\n\n<p><br>Alexandre Figueiredo Costa e Silva Marques, servidor do TCU: ele produziu relat\u00f3rio falso sobre dados da covid depois que seu pai &#8211; um coronel &#8211; ganhou cargo na Petrobras \/ Arquivo pessoal<\/p>\n\n\n\n<p>O pai do servidor Alexandre Figueiredo Costa Silva Marques \u2013<a href=\"https:\/\/www.brasildefato.com.br\/2021\/06\/09\/corregedor-do-tcu-pede-apuracao-da-pf-sobre-dados-falsos-mencionados-por-bolsonaro\" target=\"_blank\" rel=\"noreferrer noopener\">&nbsp;investigado no Tribunal de Contas da Uni\u00e3o (TCU) por produzir um relat\u00f3rio falso que questionava o n\u00famero de mortes por covid-19 no pa\u00eds<\/a>&nbsp;\u2013 ganhou cargo na Petrobras durante a atual gest\u00e3o do governo federal.<\/p>\n\n\n\n<p><a href=\"https:\/\/www.brasildefato.com.br\/2021\/06\/09\/corregedor-do-tcu-pede-apuracao-da-pf-sobre-dados-falsos-mencionados-por-bolsonaro\" target=\"_blank\" rel=\"noreferrer noopener\"><strong>::Corregedor do TCU pede apura\u00e7\u00e3o da PF sobre dados falsos mencionados por Bolsonaro::<\/strong><\/a><\/p>\n\n\n\n<p>Seu nome \u00e9 Ricardo Silva Marques, coronel do Ex\u00e9rcito Brasileiro. O militar foi nomeado gerente-executivo de Intelig\u00eancia e Seguran\u00e7a Corporativa da Petrobras em abril 2019. O coronel aposentado serviu junto com Jair Bolsonaro em brigada paraquedista do Ex\u00e9rcito Brasileiro, e s\u00e3o amigos desde ent\u00e3o.<\/p>\n\n\n\n<p>Edi\u00e7\u00e3o: Vivian Virissimo<\/p>\n","protected":false},"excerpt":{"rendered":"<p>Contrata\u00e7\u00f5es para cargos de confian\u00e7a e promo\u00e7\u00f5es-rel\u00e2mpago com aumento salarial s\u00e3o rotina para aliados de Bolsonaro<\/p>\n","protected":false},"author":1,"featured_media":0,"comment_status":"closed","ping_status":"open","sticky":false,"template":"","format":"standard","meta":{"_exactmetrics_skip_tracking":false,"_exactmetrics_sitenote_active":false,"_exactmetrics_sitenote_note":"","_exactmetrics_sitenote_category":0,"jetpack_post_was_ever_published":false,"_jetpack_newsletter_access":"","_jetpack_dont_email_post_to_subs":false,"_jetpack_newsletter_tier_id":0,"_jetpack_memberships_contains_paywalled_content":false,"_jetpack_memberships_contains_paid_content":false,"footnotes":"","jetpack_publicize_message":"","jetpack_publicize_feature_enabled":true,"jetpack_social_post_already_shared":true,"jetpack_social_options":{"image_generator_settings":{"template":"highway","enabled":false},"version":2}},"categories":[1],"tags":[],"class_list":["post-32508","post","type-post","status-publish","format-standard","hentry","category-notas"],"jetpack_publicize_connections":[],"jetpack_sharing_enabled":true,"jetpack_featured_media_url":"","jetpack_shortlink":"https:\/\/wp.me\/p7wKYW-8sk","jetpack-related-posts":[],"_links":{"self":[{"href":"http:\/\/blogdalucianaoliveira.com.br\/blog\/wp-json\/wp\/v2\/posts\/32508","targetHints":{"allow":["GET"]}}],"collection":[{"href":"http:\/\/blogdalucianaoliveira.com.br\/blog\/wp-json\/wp\/v2\/posts"}],"about":[{"href":"http:\/\/blogdalucianaoliveira.com.br\/blog\/wp-json\/wp\/v2\/types\/post"}],"author":[{"embeddable":true,"href":"http:\/\/blogdalucianaoliveira.com.br\/blog\/wp-json\/wp\/v2\/users\/1"}],"replies":[{"embeddable":true,"href":"http:\/\/blogdalucianaoliveira.com.br\/blog\/wp-json\/wp\/v2\/comments?post=32508"}],"version-history":[{"count":1,"href":"http:\/\/blogdalucianaoliveira.com.br\/blog\/wp-json\/wp\/v2\/posts\/32508\/revisions"}],"predecessor-version":[{"id":32510,"href":"http:\/\/blogdalucianaoliveira.com.br\/blog\/wp-json\/wp\/v2\/posts\/32508\/revisions\/32510"}],"wp:attachment":[{"href":"http:\/\/blogdalucianaoliveira.com.br\/blog\/wp-json\/wp\/v2\/media?parent=32508"}],"wp:term":[{"taxonomy":"category","embeddable":true,"href":"http:\/\/blogdalucianaoliveira.com.br\/blog\/wp-json\/wp\/v2\/categories?post=32508"},{"taxonomy":"post_tag","embeddable":true,"href":"http:\/\/blogdalucianaoliveira.com.br\/blog\/wp-json\/wp\/v2\/tags?post=32508"}],"curies":[{"name":"wp","href":"https:\/\/api.w.org\/{rel}","templated":true}]}}