{"id":32511,"date":"2021-07-20T13:31:06","date_gmt":"2021-07-20T17:31:06","guid":{"rendered":"http:\/\/blogdalucianaoliveira.com.br\/blog\/?p=32511"},"modified":"2021-07-20T13:31:12","modified_gmt":"2021-07-20T17:31:12","slug":"explosao-do-garimpo-ilegal-na-amazonia-despeja-100-toneladas-de-mercurio-na-regiao","status":"publish","type":"post","link":"http:\/\/blogdalucianaoliveira.com.br\/blog\/2021\/07\/20\/explosao-do-garimpo-ilegal-na-amazonia-despeja-100-toneladas-de-mercurio-na-regiao\/","title":{"rendered":"Explos\u00e3o do garimpo ilegal na Amaz\u00f4nia despeja 100 toneladas de merc\u00fario na regi\u00e3o"},"content":{"rendered":"\n<figure class=\"wp-block-image size-large\"><img data-recalc-dims=\"1\" loading=\"lazy\" decoding=\"async\" width=\"600\" height=\"400\" data-attachment-id=\"32512\" data-permalink=\"http:\/\/blogdalucianaoliveira.com.br\/blog\/2021\/07\/20\/explosao-do-garimpo-ilegal-na-amazonia-despeja-100-toneladas-de-mercurio-na-regiao\/7d0ac0e0-d827-4195-8da7-05e9c753de73\/\" data-orig-file=\"https:\/\/i0.wp.com\/blogdalucianaoliveira.com.br\/blog\/wp-content\/uploads\/2021\/07\/7D0AC0E0-D827-4195-8DA7-05E9C753DE73.jpeg?fit=980%2C653\" data-orig-size=\"980,653\" data-comments-opened=\"0\" data-image-meta=\"{&quot;aperture&quot;:&quot;5.6&quot;,&quot;credit&quot;:&quot;Andre Penner&quot;,&quot;camera&quot;:&quot;FC6310&quot;,&quot;caption&quot;:&quot;&quot;,&quot;created_timestamp&quot;:&quot;1598549652&quot;,&quot;copyright&quot;:&quot;&quot;,&quot;focal_length&quot;:&quot;8.8&quot;,&quot;iso&quot;:&quot;100&quot;,&quot;shutter_speed&quot;:&quot;0.0025&quot;,&quot;title&quot;:&quot;&quot;,&quot;orientation&quot;:&quot;1&quot;}\" data-image-title=\"7D0AC0E0-D827-4195-8DA7-05E9C753DE73\" data-image-description=\"\" data-image-caption=\"\" data-medium-file=\"https:\/\/i0.wp.com\/blogdalucianaoliveira.com.br\/blog\/wp-content\/uploads\/2021\/07\/7D0AC0E0-D827-4195-8DA7-05E9C753DE73.jpeg?fit=300%2C200\" data-large-file=\"https:\/\/i0.wp.com\/blogdalucianaoliveira.com.br\/blog\/wp-content\/uploads\/2021\/07\/7D0AC0E0-D827-4195-8DA7-05E9C753DE73.jpeg?fit=600%2C400\" src=\"https:\/\/i0.wp.com\/blogdalucianaoliveira.com.br\/blog\/wp-content\/uploads\/2021\/07\/7D0AC0E0-D827-4195-8DA7-05E9C753DE73.jpeg?resize=600%2C400\" alt=\"\" class=\"wp-image-32512\" srcset=\"https:\/\/i0.wp.com\/blogdalucianaoliveira.com.br\/blog\/wp-content\/uploads\/2021\/07\/7D0AC0E0-D827-4195-8DA7-05E9C753DE73.jpeg?w=980 980w, https:\/\/i0.wp.com\/blogdalucianaoliveira.com.br\/blog\/wp-content\/uploads\/2021\/07\/7D0AC0E0-D827-4195-8DA7-05E9C753DE73.jpeg?resize=300%2C200 300w, https:\/\/i0.wp.com\/blogdalucianaoliveira.com.br\/blog\/wp-content\/uploads\/2021\/07\/7D0AC0E0-D827-4195-8DA7-05E9C753DE73.jpeg?resize=768%2C512 768w, https:\/\/i0.wp.com\/blogdalucianaoliveira.com.br\/blog\/wp-content\/uploads\/2021\/07\/7D0AC0E0-D827-4195-8DA7-05E9C753DE73.jpeg?resize=450%2C300 450w\" sizes=\"auto, (max-width: 600px) 100vw, 600px\" \/><\/figure>\n\n\n\n<p>Metal encontrado em 2019 e 2020 na regi\u00e3o de terras ind\u00edgenas contamina \u00e1gua, solo e ar. Estudo achou altas concentra\u00e7\u00f5es em quatro a cada 10 crian\u00e7as menores de cinco anos nas regi\u00f5es Yanomami.<\/p>\n\n\n\n<!--more-->\n\n\n\n<p>El Pa\u00eds, Fl\u00e1vio Ilha <\/p>\n\n\n\n<p>O incentivo ao\u00a0<a rel=\"noreferrer noopener\" href=\"https:\/\/brasil.elpais.com\/brasil\/2021-06-22\/mineracao-e-garimpo-disputam-area-maior-do-que-a-belgica-dentro-da-terra-indigena-yanomami.html\" target=\"_blank\">garimpo ilegal<\/a>promovido pelo Governo brasileiro\u00a0<a rel=\"noreferrer noopener\" href=\"https:\/\/brasil.elpais.com\/brasil\/2021-07-18\/o-metodo-bolsonaro-um-assalto-a-democracia-em-camera-lenta.html\" target=\"_blank\">nos \u00faltimos dois anos<\/a>provocou uma enxurrada de\u00a0<a rel=\"noreferrer noopener\" href=\"https:\/\/brasil.elpais.com\/brasil\/2017\/04\/20\/politica\/1492722067_410462.html\" target=\"_blank\">merc\u00fario<\/a>\u00a0nas \u00e1guas amaz\u00f4nicas. Um volume estimado em 100 toneladas do metal neurot\u00f3xico foi utilizado em 2019 e 2020 para extrair ouro ilegalmente da regi\u00e3o, de acordo com estimativas feitas com base em um levantamento oficial.Esse ouro foi exportado pelo Brasil para pa\u00edses como Canad\u00e1, Reino Unido e Su\u00ed\u00e7a.<\/p>\n\n\n\n<p>Em levantamento produzido em conjunto com a Universidade Federal de Minas Gerais, o Minist\u00e9rio P\u00fablico Federal (MPF) detectou uma quantidade de 49 toneladas de ouro\u00a0<em>lavado<\/em>(extra\u00eddo ilegalmente, mas documentado para parecer legalizado) com\u00a0<a rel=\"noreferrer noopener\" href=\"https:\/\/brasil.elpais.com\/brasil\/2020-03-02\/a-mineracao-em-terra-indigena-com-nome-sobrenome-e-cnpj.html\" target=\"_blank\">agentes comerciais que atuam na Amaz\u00f4nia<\/a>\u00a0obtido em colabora\u00e7\u00e3o com fac\u00e7\u00f5es criminosas que\u00a0<a rel=\"noreferrer noopener\" href=\"https:\/\/brasil.elpais.com\/planeta_futuro\/2020-04-23\/a-dupla-ameaca-para-os-povos-da-amazonia.html\" target=\"_blank\">invadem \u00e1reas protegidas em busca do metal precioso<\/a>. A falsifica\u00e7\u00e3o \u00e9 feita com base em declara\u00e7\u00f5es fraudulentas de origem.<\/p>\n\n\n\n<p>Dessas 49 toneladas, 17 foram lavadas no Par\u00e1 \u2014especialmente na regi\u00e3o do m\u00e9dio Tapaj\u00f3s, \u00e1rea onde vivem os ind\u00edgenas da etnia Munduruku. O preju\u00edzo socioambiental da regi\u00e3o, segundo o MPF, chegou a 9,8 bilh\u00f5es de reais. E o c\u00e1lculo \u00e9 de que a extra\u00e7\u00e3o desse ouro foi respons\u00e1vel pelo&nbsp;<a href=\"https:\/\/brasil.elpais.com\/brasil\/2021-06-11\/brasil-perde-24-arvores-por-segundo-em-2020-enquanto-alertas-de-desmatamento-explodem.html\" target=\"_blank\" rel=\"noreferrer noopener\">desmatamento<\/a>&nbsp;de 21.000 hectares de floresta \u2014derrubada para a procura do metal.<\/p>\n\n\n\n<p>\u201cPela sua omiss\u00e3o na implementa\u00e7\u00e3o de controles de certifica\u00e7\u00e3o de origem e de rastreabilidade na cadeia de produ\u00e7\u00e3o e circula\u00e7\u00e3o de ouro de garimpo,&nbsp;<a href=\"https:\/\/brasil.elpais.com\/brasil\/2021-07-01\/acao-contra-bolsonaro-da-passo-inedito-no-tribunal-penal-internacional-enquanto-indigenas-se-preparam-para-denuncia-lo-por-genocidio-e-ecocidio-na-corte.html\" target=\"_blank\" rel=\"noreferrer noopener\">o Estado Brasileiro promove e \u00e9 ele pr\u00f3prio respons\u00e1vel<\/a>direto pelas amea\u00e7as e&nbsp;<a href=\"https:\/\/brasil.elpais.com\/opiniao\/2021-07-02\/passar-a-boiada-nao-e-uma-opcao.html\" target=\"_blank\" rel=\"noreferrer noopener\">viol\u00eancias praticadas contra os povos ind\u00edgenas<\/a>, em especial o povo Munduruku\u201d, ressalta o MPF, que recomendou uma s\u00e9rie de medidas aos \u00f3rg\u00e3os legais de controle, como a ado\u00e7\u00e3o pela&nbsp;<a href=\"https:\/\/brasil.elpais.com\/brasil\/2019\/02\/07\/politica\/1549559820_961591.html\" target=\"_blank\" rel=\"noreferrer noopener\">Ag\u00eancia Nacional e Minera\u00e7\u00e3o<\/a>&nbsp;de um sistema de certifica\u00e7\u00e3o e rastreabilidade do ouro brasileiro.<\/p>\n\n\n\n<p>O merc\u00fario \u00e9 um metal neurot\u00f3xico presente na natureza, mas o desmatamento,\u00a0<a rel=\"noreferrer noopener\" href=\"https:\/\/brasil.elpais.com\/noticias\/incendios-forestales\/\" target=\"_blank\">as queimadas<\/a>\u00a0e, principalmente, o garimpo liberam e aumentam sua\u00a0<a rel=\"noreferrer noopener\" href=\"https:\/\/brasil.elpais.com\/noticias\/contaminacion-atmosferica\/\" target=\"_blank\">concentra\u00e7\u00e3o na atmosfera<\/a>. Seus danos costumam ser graves e permanentes. Ele pode causar altera\u00e7\u00f5es diretas no sistema nervoso central, gerando problemas de ordem cognitiva e motora, perda de vis\u00e3o, al\u00e9m de implica\u00e7\u00f5es renais, card\u00edacas e no sistema reprodutor.<\/p>\n\n\n\n<p>Largamente usado no garimpo para separar o ouro de outros sedimentos n\u00e3o h\u00e1 controle oficial sobre a quantidade usada no Brasil, mas ambientalistas estimam que para cada grama de ouro extra\u00eddo, 1,3 a 1,5 grama de merc\u00fario s\u00e3o usados. Existem no pa\u00eds ao menos 2.500 lavras ilegais,\u00a0<a rel=\"noreferrer noopener\" href=\"https:\/\/brasil.elpais.com\/brasil\/2021-05-28\/bolsonaro-inaugura-ponte-as-margens-de-terra-yanomami-e-ignora-crise-que-poe-povo-indigena-na-mira-de-garimpeiros.html\" target=\"_blank\">a maioria delas em terras ind\u00edgenas<\/a>. No vizinho Peru, que tamb\u00e9m compartilha a Amaz\u00f4nia, a quantidade usada do metal chega a 185 toneladas por ano, segundo dados fornecidos pelo WWF-Brasil.<\/p>\n\n\n\n<p>Usado e descartado sem controle, o metal acaba por contaminar\u00a0<a rel=\"noreferrer noopener\" href=\"https:\/\/brasil.elpais.com\/planeta-futuro\/2020-10-19\/defender-a-fauna-aquatica-da-amazonia-e-defender-o-mundo.html\" target=\"_blank\">rios, peixes e quem se alimenta deles<\/a>. Segundo dados do Invent\u00e1rio Nacional de Emiss\u00f5es e Libera\u00e7\u00f5es de Merc\u00fario, publicado em 2018 pelo Minist\u00e9rio da Tecnologia, Ci\u00eancia, Inova\u00e7\u00f5es e Comunica\u00e7\u00f5es, 70% do merc\u00fario usado no garimpo \u00e9 emitido para a atmosfera e 30% para solos, \u00e1gua e rejeitos. A concentra\u00e7\u00e3o de merc\u00fario costuma ser maior nos peixes em rios mais pr\u00f3ximos a regi\u00f5es de garimpo, mas tamb\u00e9m pode ser encontrada em maior ou menor grau em locais mais distantes.<\/p>\n","protected":false},"excerpt":{"rendered":"<p>Metal encontrado em 2019 e 2020 na regi\u00e3o de terras ind\u00edgenas contamina \u00e1gua, solo e ar. Estudo achou altas concentra\u00e7\u00f5es em quatro a cada 10 crian\u00e7as menores de cinco anos nas regi\u00f5es Yanomami.<\/p>\n","protected":false},"author":1,"featured_media":0,"comment_status":"closed","ping_status":"open","sticky":false,"template":"","format":"standard","meta":{"_exactmetrics_skip_tracking":false,"_exactmetrics_sitenote_active":false,"_exactmetrics_sitenote_note":"","_exactmetrics_sitenote_category":0,"jetpack_post_was_ever_published":false,"_jetpack_newsletter_access":"","_jetpack_dont_email_post_to_subs":false,"_jetpack_newsletter_tier_id":0,"_jetpack_memberships_contains_paywalled_content":false,"_jetpack_memberships_contains_paid_content":false,"footnotes":"","jetpack_publicize_message":"","jetpack_publicize_feature_enabled":true,"jetpack_social_post_already_shared":true,"jetpack_social_options":{"image_generator_settings":{"template":"highway","enabled":false},"version":2}},"categories":[1],"tags":[],"class_list":["post-32511","post","type-post","status-publish","format-standard","hentry","category-notas"],"jetpack_publicize_connections":[],"jetpack_sharing_enabled":true,"jetpack_featured_media_url":"","jetpack_shortlink":"https:\/\/wp.me\/p7wKYW-8sn","jetpack-related-posts":[],"_links":{"self":[{"href":"http:\/\/blogdalucianaoliveira.com.br\/blog\/wp-json\/wp\/v2\/posts\/32511","targetHints":{"allow":["GET"]}}],"collection":[{"href":"http:\/\/blogdalucianaoliveira.com.br\/blog\/wp-json\/wp\/v2\/posts"}],"about":[{"href":"http:\/\/blogdalucianaoliveira.com.br\/blog\/wp-json\/wp\/v2\/types\/post"}],"author":[{"embeddable":true,"href":"http:\/\/blogdalucianaoliveira.com.br\/blog\/wp-json\/wp\/v2\/users\/1"}],"replies":[{"embeddable":true,"href":"http:\/\/blogdalucianaoliveira.com.br\/blog\/wp-json\/wp\/v2\/comments?post=32511"}],"version-history":[{"count":1,"href":"http:\/\/blogdalucianaoliveira.com.br\/blog\/wp-json\/wp\/v2\/posts\/32511\/revisions"}],"predecessor-version":[{"id":32513,"href":"http:\/\/blogdalucianaoliveira.com.br\/blog\/wp-json\/wp\/v2\/posts\/32511\/revisions\/32513"}],"wp:attachment":[{"href":"http:\/\/blogdalucianaoliveira.com.br\/blog\/wp-json\/wp\/v2\/media?parent=32511"}],"wp:term":[{"taxonomy":"category","embeddable":true,"href":"http:\/\/blogdalucianaoliveira.com.br\/blog\/wp-json\/wp\/v2\/categories?post=32511"},{"taxonomy":"post_tag","embeddable":true,"href":"http:\/\/blogdalucianaoliveira.com.br\/blog\/wp-json\/wp\/v2\/tags?post=32511"}],"curies":[{"name":"wp","href":"https:\/\/api.w.org\/{rel}","templated":true}]}}