{"id":32516,"date":"2021-07-21T11:42:09","date_gmt":"2021-07-21T15:42:09","guid":{"rendered":"http:\/\/blogdalucianaoliveira.com.br\/blog\/?p=32516"},"modified":"2021-07-21T11:42:13","modified_gmt":"2021-07-21T15:42:13","slug":"cuba-conheca-as-figuras-de-oposicao-que-promoveram-as-manifestacoes","status":"publish","type":"post","link":"http:\/\/blogdalucianaoliveira.com.br\/blog\/2021\/07\/21\/cuba-conheca-as-figuras-de-oposicao-que-promoveram-as-manifestacoes\/","title":{"rendered":"Cuba: conhe\u00e7a as figuras de oposi\u00e7\u00e3o que promoveram as manifesta\u00e7\u00f5es"},"content":{"rendered":"\n<figure class=\"wp-block-image\"><img data-recalc-dims=\"1\" decoding=\"async\" src=\"https:\/\/i0.wp.com\/images03.brasildefato.com.br\/92d9522097231391fe02b608b13af000.jpeg?w=600&#038;ssl=1\" alt=\"\"\/><\/figure>\n\n\n\n<h4 class=\"wp-block-heading\">Governo anunciou novas medidas para atender demandas, enquanto aumenta campanha internacional por interven\u00e7\u00e3o militar<\/h4>\n\n\n\n<!--more-->\n\n\n\n<p>Michele de Mello &#8211; Brasil de Fato | Caracas (Venezuela) <\/p>\n\n\n\n<p>Cuba continua sendo destaque na imprensa internacional por conta das manifesta\u00e7\u00f5es da semana passada. Na manh\u00e3 de s\u00e1bado (17), no entanto,&nbsp;os protestos organizados em apoio \u00e0&nbsp;<a href=\"https:\/\/www.brasildefato.com.br\/2020\/01\/01\/revolucao-cubana-61-anos-com-nova-constituicao-e-resistencia-historica\" target=\"_blank\" rel=\"noreferrer noopener\">Revolu\u00e7\u00e3o Cubana<\/a>&nbsp;n\u00e3o ganharam o mesmo espa\u00e7o na m\u00eddia internacional.<\/p>\n\n\n\n<p>Mesmo com as&nbsp;novas medidas adotadas pelo governo cubano&nbsp;e o fim dos atos opositores, organiza\u00e7\u00f5es internacionais e meios de comunica\u00e7\u00e3o destacam uma suposta &#8220;repress\u00e3o continuada&#8221;, indicando&nbsp;que existem 250 presos e desaparecidos.<\/p>\n\n\n\n<p>O Minist\u00e9rio do Interior confirmou que h\u00e1 pessoas detidas, mas n\u00e3o informou o n\u00famero total, apenas destacou que quatro j\u00e1 possu\u00edam antecedentes penais por desordem p\u00fablica, posse de armas e desacato.<\/p>\n\n\n\n<p>Tamb\u00e9m divulgou que um residente de Havana morreu durante os atos:\u00a0Diubis Laurencio Tejeda, de 36 anos, teria falecido durante um ataque a uma esta\u00e7\u00e3o policial na regi\u00e3o de Guinera, na capital cubana.<\/p>\n\n\n\n<p>\u201cAlgo que causou estranhamento,&nbsp;inclusive da popula\u00e7\u00e3o que tem exigido melhorias das condi\u00e7\u00f5es de vida, foi ver uma a\u00e7\u00e3o de \u00f3dio. Viol\u00eancia extrema, vandalismo, viol\u00eancia contra quem sa\u00eda \u00e0s ruas com os emblemas da revolu\u00e7\u00e3o. As pessoas ficaram assustadas, porque o povo cubano n\u00e3o \u00e9 assim\u201d, explica N\u00edvia Regina da Silva, militante da&nbsp;Brigada do Movimento dos Trabalhadores e Trabalhadoras Rurais sem Terra (MST) em Cuba.<\/p>\n\n\n\n<p>Cuba, desse modo, acaba sendo alvo de uma opera\u00e7\u00e3o de Guerra H\u00edbrida que, neste caso,&nbsp;come\u00e7a com a asfixia da economia&nbsp;atrav\u00e9s do&nbsp;<a href=\"https:\/\/www.brasildefato.com.br\/2021\/06\/23\/na-onu-184-paises-votaram-contra-o-bloqueio-imposto-pelos-eua-a-cuba\" target=\"_blank\" rel=\"noreferrer noopener\">bloqueio econ\u00f4mico<\/a>, que gerou um preju\u00edzo de US$ 147,8 bilh\u00f5es em quase seis d\u00e9cadas.<\/p>\n\n\n\n<p>Em seguida, h\u00e1 uma din\u00e2mica de promo\u00e7\u00e3o de conceitos difusos atrav\u00e9s de ONGs e movimentos culturais, que resulta na promo\u00e7\u00e3o de dist\u00farbios violentos, acompanhados de perto pelos meios de comunica\u00e7\u00e3o alternativos de dentro da ilha e ag\u00eancias internacionais em todo o globo.&nbsp;<\/p>\n\n\n\n<p><strong>Saiba mais:&nbsp;<\/strong><a href=\"https:\/\/www.brasildefato.com.br\/2021\/07\/19\/bdf-explica-guerra-hibrida-um-projeto-militar-no-brasil\" target=\"_blank\" rel=\"noreferrer noopener\">BdF Explica | Guerra H\u00edbrida: um projeto militar no Brasil<\/a><\/p>\n\n\n\n<p>&#8220;Desbloqueiam um novo n\u00edvel de antipol\u00edtica. S\u00e3o discursos que s\u00e3o definitivos, impositivos, de que n\u00e3o h\u00e1 volta atr\u00e1s e n\u00e3o prop\u00f5em uma reivindica\u00e7\u00e3o concreta. Buscam um estado de exce\u00e7\u00e3o que se n\u00e3o \u00e9 imposto por eles mesmos, ent\u00e3o buscam provocar que o pr\u00f3prio Estado, que est\u00e1 sendo agredido, tome medidas extremas&#8221;, analisa o pesquisador \u00c9der Pe\u00f1a.<\/p>\n\n\n\n<figure class=\"wp-block-image\"><img data-recalc-dims=\"1\" decoding=\"async\" src=\"https:\/\/i0.wp.com\/images01.brasildefato.com.br\/e85c8188efe3904df05533ad36a23e60.jpeg?w=600&#038;ssl=1\" alt=\"\"\/><\/figure>\n\n\n\n<p><br>Relatos e fotografias mostram os dist\u00farbios e atos de viol\u00eancia durante as manifesta\u00e7\u00f5es do dia 11 de julho em Cuba \/ Cuba Debate<\/p>\n\n\n\n<p>A&nbsp;<a href=\"https:\/\/www.brasildefato.com.br\/2020\/11\/21\/15-anos-do-nao-a-alca-superacao-do-capitalismo-ainda-e-a-alternativa\" target=\"_blank\" rel=\"noreferrer noopener\">Alian\u00e7a Bolivariana para os Povos da Nossa Am\u00e9rica (Alba-TCP)<\/a>&nbsp;reuniu-se, na \u00faltima sexta-feira (16), e anunciou estar em sess\u00e3o permanente para avaliar o avan\u00e7o dos acontecimentos em Cuba. Em nota, afirmam que &#8220;as agress\u00f5es comunicadas s\u00e3o dirigidas a gerar o caos em Cuba&#8221;.<\/p>\n\n\n\n<p>O secret\u00e1rio executivo,&nbsp;<a href=\"https:\/\/www.brasildefato.com.br\/2021\/01\/13\/o-capitalismo-e-a-principal-ameaca-contra-a-humanidade-diz-secretario-da-alba-tcp\" target=\"_blank\" rel=\"noreferrer noopener\">Sacha Llorenti&nbsp;<\/a>informou que a Alba-TCP formou uma frente \u00fanica contra a desinforma\u00e7\u00e3o para contrapor a campanha midi\u00e1tica contra Cuba. &#8220;Uma das formas do imperialismo agredir os nossos povos \u00e9 atrav\u00e9s dos meios de comunica\u00e7\u00e3o e redes sociais&#8221;,&nbsp;<a href=\"https:\/\/twitter.com\/ALBATCP\/status\/1416164702493847553?s=20\" target=\"_blank\" rel=\"noreferrer noopener\">afirmou<\/a>.&nbsp;<\/p>\n\n\n\n<p>O papel dos Estados Unidos<\/p>\n\n\n\n<p>Entre as principais organiza\u00e7\u00f5es que animaram a manifesta\u00e7\u00e3o de oposi\u00e7\u00e3o est\u00e3o&nbsp;<a href=\"https:\/\/twitter.com\/article19org\" target=\"_blank\" rel=\"noreferrer noopener\">Article 19<\/a>,&nbsp;<a href=\"https:\/\/adncuba.com\/\" target=\"_blank\" rel=\"noreferrer noopener\">ADN Cuba<\/a>, Cubalex, Funda\u00e7\u00e3o para a Democracia Panamericana, Rede de Jovens pela Democracia, Prisioners Defenders e Cuba Decide. De maneira direta ou indireta, essas entidades recebem apoio financeiro de ag\u00eancias de coopera\u00e7\u00e3o internacional dos Estados Unidos, como a&nbsp;Ag\u00eancia dos Estados Unidos para o Desenvolvimento Internacional &nbsp;(<a href=\"https:\/\/twitter.com\/USAID\" target=\"_blank\" rel=\"noreferrer noopener\">Usaid<\/a>) e o Fundo Nacional para a Democracia (<a href=\"https:\/\/www.ned.org\/\" target=\"_blank\" rel=\"noreferrer noopener\">NED<\/a>&nbsp;na sigla em ingl\u00eas).<\/p>\n\n\n\n<p>&#8220;Todos os anos os Estados Unidos disp\u00f5em cerca de US$ 20 milh\u00f5es (cerca de R$ 100 milh\u00f5es) para uma mudan\u00e7a de regime em Cuba&#8221; detalha o correspondente de&nbsp;<a href=\"https:\/\/bellyofthebeastcuba.com\/\" target=\"_blank\" rel=\"noreferrer noopener\">Belly of the Beast<\/a>&nbsp;em Havana, Daniel Montero, ressaltando que tudo \u00e9 feito supostamente em nome da democracia. &nbsp;<\/p>\n\n\n\n<p>&#8220;Quanto \u00e0 distribui\u00e7\u00e3o desse financiamento, ele se d\u00e1 atrav\u00e9s de organiza\u00e7\u00f5es que atuam no territ\u00f3rio norte-americano ou em outros pa\u00edses, e uma parte chega \u00e0 ilha&#8221;, completa.<\/p>\n\n\n\n<p>Embora houvesse uma expectativa de que o governo do presidente estadunidense Joe Biden retomasse as negocia\u00e7\u00f5es diplom\u00e1ticas, que haviam sido iniciadas em 2015, durante a gest\u00e3o Obama-Biden, o presidente pediu ao Congresso mais verbas para &#8220;defender a liberdade em Cuba&#8221;, o que pode significar interfer\u00eancias na pol\u00edtica do pa\u00eds caribenho, segundo especialistas.<\/p>\n\n\n\n<p><strong>::&nbsp;<a href=\"https:\/\/www.brasildefato.com.br\/2021\/06\/29\/o-bloqueio-a-cuba-e-a-onu\">O bloqueio a Cuba, e a Assembleia da ONU<\/a>&nbsp;::<\/strong><\/p>\n\n\n\n<p>A funcion\u00e1ria do Departamento de Estado dos EUA&nbsp;<a href=\"https:\/\/twitter.com\/WHAAsstSecty\/status\/1415076068524838912\" target=\"_blank\" rel=\"noreferrer noopener\">Julie Chung<\/a>, por exemplo,&nbsp;pediu pela liberta\u00e7\u00e3o dos detidos e reiterou que organiza\u00e7\u00f5es internacionais t\u00eam usado como lema sobre o movimento &#8220;a noite n\u00e3o ser\u00e1 eterna&#8221;, em postagens em redes sociais.&nbsp;<\/p>\n\n\n\n<p>A frase \u00e9 constantemente repetida&nbsp;por figuras da oposi\u00e7\u00e3o e pelos pr\u00f3prios manifestantes, junto a outras palavras de ordem como \u201cSOS Cuba\u201d, \u201cP\u00e1tria e Vida\u201d e \u201cLiberdade\u201d.<\/p>\n\n\n\n<figure class=\"wp-block-image\"><img data-recalc-dims=\"1\" decoding=\"async\" src=\"https:\/\/i0.wp.com\/images01.brasildefato.com.br\/c5981159bb3d0ae698e2c84547bbe548.jpeg?w=600&#038;ssl=1\" alt=\"\"\/><\/figure>\n\n\n\n<p><br>Jovens foram protagonistas das manifesta\u00e7\u00f5es do \u00faltimo domingo (11) em Cuba \/ Cuba Debate<\/p>\n\n\n\n<p>No final de maio, Biden solicitou a aprova\u00e7\u00e3o de um novo or\u00e7amento de US$ 58,5 bilh\u00f5es para o Departamento de Estado e a Usaid, que inclui US$ 20 milh\u00f5es para apoiar a &#8220;democracia\u201d em Cuba.<\/p>\n\n\n\n<p>Para 2022 tamb\u00e9m se mant\u00e9m o or\u00e7amento de US$ 810,396 milh\u00f5es para a Ag\u00eancia dos Estados Unidos para M\u00eddia Global, que supervisiona o Office of Cuba Broadcasting, respons\u00e1vel pela TV Marti, considerada o &#8220;canal dos EUA para os cubanos&#8221;.<\/p>\n\n\n\n<p>O meio de comunica\u00e7\u00e3o \u00e9 acusado de, desde 1985, promover abertamente uma campanha contra o governo socialista da ilha.<br><\/p>\n\n\n\n<p>No dia 3 de julho, a&nbsp;<a href=\"http:\/\/cubamoneyproject.com\/2021\/07\/03\/usaid-5\/\" target=\"_blank\" rel=\"noreferrer noopener\">Usaid anunciou que iria dispor US$ 2 milh\u00f5es<\/a>&nbsp;e um b\u00f4nus de at\u00e9 US$ 1 milh\u00e3o em tr\u00eas anos ao que denomina de programas de promo\u00e7\u00e3o \u00e0 democracia em Cuba.<\/p>\n\n\n\n<p>O objetivo da a\u00e7\u00e3o \u00e9 \u201cpromover a efic\u00e1cia dos grupos independentes da sociedade civil\u201d que est\u00e3o pressionando por \u201cmaiores direitos humanos e liberdades, e para desenvolver coaliz\u00f5es mais amplas para expandir o impacto da sociedade civil.\u201d<\/p>\n\n\n\n<p>A ag\u00eancia estadunidense ainda sugere enviar pessoas para atuar na ilha que falem espanhol fluente e j\u00e1 tenham visitado o pa\u00eds. A recomenda\u00e7\u00e3o, a princ\u00edpio, \u00e9 que eles n\u00e3o utilizem nada que identifique a Usaid em materiais produzidos com tal financiamento.<\/p>\n\n\n\n<p>Desde os protestos de 11 de julho, os parlamentares republicanos cubano-estadunidenses iniciaram uma campanha em redes sociais, meios de comunica\u00e7\u00e3o e no Congresso para pedir por interven\u00e7\u00e3o dos EUA em Cuba.<\/p>\n\n\n\n<p>O representante republicano Mario Diaz-Balart e outros dez congressistas enviaram uma carta a Biden pedindo mais san\u00e7\u00f5es contra cubanos e venezuelanos, e que &#8220;coordenasse um esfor\u00e7o global pela liberdade de Cuba&#8221;.<\/p>\n\n\n\n<figure><iframe allowfullscreen=\"true\" class=\"\" src=\"https:\/\/platform.twitter.com\/embed\/Tweet.html?creatorScreenName=Brasil_de_Fato&amp;dnt=true&amp;embedId=twitter-widget-0&amp;features=eyJ0ZndfZXhwZXJpbWVudHNfY29va2llX2V4cGlyYXRpb24iOnsiYnVja2V0IjoxMjA5NjAwLCJ2ZXJzaW9uIjpudWxsfSwidGZ3X2hvcml6b25fdHdlZXRfZW1iZWRfOTU1NSI6eyJidWNrZXQiOiJodGUiLCJ2ZXJzaW9uIjpudWxsfX0%3D&amp;frame=false&amp;hideCard=false&amp;hideThread=false&amp;id=1415701336012869633&amp;lang=pt&amp;origin=https%3A%2F%2Fwww.brasildefato.com.br%2F2021%2F07%2F21%2Fcuba-conheca-as-figuras-de-oposicao-que-promoveram-as-manifestacoes&amp;sessionId=3be9b7de15b0805ff028b9cd3b23774fa7015b4a&amp;siteScreenName=Brasil_de_Fato&amp;theme=light&amp;widgetsVersion=82e1070%3A1619632193066&amp;width=550px\"><\/iframe><\/figure>\n\n\n\n<p>O senador republicano&nbsp;<a href=\"https:\/\/twitter.com\/marcorubio\/status\/1415489665583435778\" target=\"_blank\" rel=\"noreferrer noopener\">Marco Rubio<\/a>, um dos assinantes da carta, tamb\u00e9m prop\u00f4s utilizar a base militar de Guant\u00e1namo para levar internet \u00e0 ilha e que a Casa Branca convoque a ONU e a OEA para atuar no pa\u00eds.&nbsp;<br><br>Enquanto isso, a congressista estadunidense&nbsp;Mar\u00eda Elvia Salazar incentiva um levantamento popular em apoio a interven\u00e7\u00e3o da Casa Branca em Cuba. Em suas redes sociais, ela chegou a&nbsp;<a href=\"https:\/\/twitter.com\/MaElviraSalazar\/status\/1414411768902914048\" target=\"_blank\" rel=\"noreferrer noopener\">publicar<\/a>&nbsp;que&nbsp;&#8220;o&nbsp;fim est\u00e1 muito pr\u00f3ximo e depende de voc\u00eas. N\u00f3s estamos atr\u00e1s de voc\u00eas, apoiando-os&#8221;.&nbsp;<br><br>Assim como os parlamentares, a diretora da Funda\u00e7\u00e3o para a Democracia Panamericana e da ONG Cuba Decide, Rosa Mar\u00eda Pay\u00e1, viaja pela Europa e pelos Estados Unidos pedindo apoio contra o &#8220;regime&#8221; cubano.<\/p>\n\n\n\n<p>Ela chegou a premiar&nbsp;figuras conhecidas da extrema-direita europeia, estadunidense e latino-americana nos eventos da&nbsp;Cuba Decide.<\/p>\n\n\n\n<p>Luis Almagro, secret\u00e1rio geral da OEA, Jeanine \u00c1\u00f1ez, ex-presidenta da Bol\u00edvia, Leopoldo L\u00f3pez Gil, eurodeputado do Partido Popular da Espanha e pai do opositor Leopoldo L\u00f3pez s\u00e3o alguns dos personagens premiados por Rosa Mar\u00eda Pay\u00e1 como defensores da democracia e da liberdade de express\u00e3o.&nbsp;<br><br>Pay\u00e1, Salazar e Rubio s\u00e3o descendentes das oligarquias cubanas que deixaram&nbsp; a ilha logo ap\u00f3s o triunfo da Revolu\u00e7\u00e3o Cubana em 1959.<\/p>\n\n\n\n<p>&#8220;Essa condi\u00e7\u00e3o de capataz das burguesias da Am\u00e9rica Latina, no caso dessa elite cubana foi refor\u00e7ada de uma maneira b\u00e1rbara, porque foram derrotados&#8221;, defende o pesquisador do Instituto Samuel Robinson, \u00c9der&nbsp;Pe\u00f1a.<\/p>\n\n\n\n<figure><iframe allowfullscreen=\"true\" class=\"\" src=\"https:\/\/platform.twitter.com\/embed\/Tweet.html?creatorScreenName=Brasil_de_Fato&amp;dnt=true&amp;embedId=twitter-widget-1&amp;features=eyJ0ZndfZXhwZXJpbWVudHNfY29va2llX2V4cGlyYXRpb24iOnsiYnVja2V0IjoxMjA5NjAwLCJ2ZXJzaW9uIjpudWxsfSwidGZ3X2hvcml6b25fdHdlZXRfZW1iZWRfOTU1NSI6eyJidWNrZXQiOiJodGUiLCJ2ZXJzaW9uIjpudWxsfX0%3D&amp;frame=false&amp;hideCard=false&amp;hideThread=false&amp;id=1415003095696871430&amp;lang=pt&amp;origin=https%3A%2F%2Fwww.brasildefato.com.br%2F2021%2F07%2F21%2Fcuba-conheca-as-figuras-de-oposicao-que-promoveram-as-manifestacoes&amp;sessionId=3be9b7de15b0805ff028b9cd3b23774fa7015b4a&amp;siteScreenName=Brasil_de_Fato&amp;theme=light&amp;widgetsVersion=82e1070%3A1619632193066&amp;width=550px\"><\/iframe><\/figure>\n\n\n\n<p>Os movimentos da direita cubana<\/p>\n\n\n\n<p>O Movimento San Isidro que se autodenomina como&#8221;anticomunista&#8221; originou-se em 2020&nbsp;com um grupo de artistas que protestavam com o&nbsp;<a href=\"https:\/\/afrocubaweb.com\/decreto349.html\" target=\"_blank\" rel=\"noreferrer noopener\">decreto 349<\/a>, que restringia a\u00e7\u00f5es de trabalhadores da cultura.<\/p>\n\n\n\n<p>A partir de novembro se conformou o chamado &#8220;G30&#8221; com representantes de distintas \u00e1reas do setor art\u00edstico cubano&nbsp;para reunir-se com o vice-ministro de Cultura e apresentar suas demandas.<\/p>\n\n\n\n<p>Apesar de o governo ter voltado atr\u00e1s com a medida, o Movimento intensificou suas a\u00e7\u00f5es e posicionamentos contr\u00e1rios ao sistema socialista.&nbsp;<\/p>\n\n\n\n<p>Segundo investiga\u00e7\u00e3o do<a href=\"https:\/\/isrobinson.org\/investigaciones\/movimiento-san-isidro-radiografia-y-evolucion-del-golpe-blando-contra-cuba\/\" target=\"_blank\" rel=\"noreferrer noopener\">&nbsp;Instituto Samuel Robinson<\/a>, O MSI recebe apoio financeiro da Funda\u00e7\u00e3o&nbsp;Atlas, da Funda\u00e7\u00e3o Panamericana para o Desenvolvimento, Usaid e da NED.<\/p>\n\n\n\n<p>&#8220;A ofensiva cultural dos EUA passa por Miami, desde as ag\u00eancias de not\u00edcias at\u00e9 os programas de entretenimento. Atrav\u00e9s da ideia da meritocracia v\u00e3o construindo uma nova base ideol\u00f3gica que \u00e9 o que fratura o processo cubano&#8221;, analisa&nbsp;Pe\u00f1a.<\/p>\n\n\n\n<figure class=\"wp-block-image\"><img data-recalc-dims=\"1\" decoding=\"async\" src=\"https:\/\/i0.wp.com\/images03.brasildefato.com.br\/be1874540475b19ae9e69257dcf7cfe4.jpeg?w=600&#038;ssl=1\" alt=\"\"\/><\/figure>\n\n\n\n<p><br>Movimento San Isidro re\u00fane artistas cubanos desde novembro de 2020 em torno de lemas amplos como a &#8216;liberdade&#8217; \/ MSI<\/p>\n\n\n\n<p>Um dos l\u00edderes do MSI,&nbsp;<a href=\"https:\/\/www.youtube.com\/watch?v=uw44D_gvIMc\" target=\"_blank\" rel=\"noreferrer noopener\">Maykel \u201cOsorbo\u201d Castillo, gravou v\u00eddeos<\/a>&nbsp;pedindo&nbsp;aos Estados Unidos&nbsp;que mandassem cercar a ilha para um &#8220;bloqueio total&#8221; e uma interven\u00e7\u00e3o militar.<\/p>\n\n\n\n<p>\u201cIsso me deixa em choque. Acredito que algu\u00e9m que quer o bem do seu pa\u00eds n\u00e3o pode apoiar isso. A menos que esteja completamente cego, enganado sobre o que significa uma interven\u00e7\u00e3o militar\u201d, comenta o jornalista cubano, Daniel Montero.<\/p>\n\n\n\n<p>Maykel Osorbo \u00e9 um dos cantores da&nbsp;<a href=\"https:\/\/www.youtube.com\/watch?v=pP9Bto5lOEQ\" target=\"_blank\" rel=\"noreferrer noopener\">m\u00fasica &#8220;P\u00e1tria e Vida&#8221;<\/a>, lan\u00e7ada em fevereiro por artistas famosos de Cuba que residem em Miami, como Descemer Bueno, a dupla Gente de Zona e Yotuel Romero, ex-membro do grupo Orishas.<\/p>\n\n\n\n<p>A can\u00e7\u00e3o que se tornou uma palavra de ordem para os atos, faz uma oposi\u00e7\u00e3o aos revolucion\u00e1rios cubanos que gritam &#8220;P\u00e1tria ou Morte&#8221;.&nbsp;<\/p>\n\n\n\n<p>&#8220;Isso abriu um debate forte aqui, porque na verdade o significado da palavra de ordem \u2018p\u00e1tria ou morte\u2019 \u00e9 dar sua vida pelo coletivo, pela constru\u00e7\u00e3o de uma p\u00e1tria socialista&#8221;, comenta N\u00edvia da Silva, membro do MST em Havana.<\/p>\n\n\n\n<p>Pe\u00f1a afirma que atrav\u00e9s do movimento hip-hop e da cultura, agentes externos buscam aprofundar o conflito geracional entre as fam\u00edlias cubanas e dialogar&nbsp;com a juventude cubana que agora se tornou protagonista dos atos.&nbsp;&nbsp;<\/p>\n\n\n\n<p>As demandas populares internas<\/p>\n\n\n\n<p>A pot\u00eancia dos&nbsp;ataques ao governo acaba se alimentando de demandas populares cubanas leg\u00edtimas. Montero, do Belly of the Beast, diz que isso est\u00e1 conectado a uma quest\u00e3o ideol\u00f3gica. \u201cAs gera\u00e7\u00f5es mais jovens talvez estejam menos focadas na ideologia do sistema pol\u00edtico cubano e mais interessados que funcione para todos da melhor maneira&#8221;.&nbsp;<\/p>\n\n\n\n<p>J\u00e1 Marcelo Dur\u00e3o, membro da Brigada do MST em Havana, diz que ainda que as \u201cprimeiras publica\u00e7\u00f5es sejam de pessoas que est\u00e3o fora do pa\u00eds, a maioria nos Estados Unidos, Espanha e Argentina, elas acabaram captando demandas populares e construindo agendas no campo de direita\u201d.<\/p>\n\n\n\n<p><a href=\"https:\/\/www.brasildefato.com.br\/2021\/06\/15\/por-que-e-imoral-e-absurdo-que-o-governo-dos-estados-unidos-acuse-cuba-de-terrorismo\" target=\"_blank\" rel=\"noreferrer noopener\"><strong>:: Coluna| Por que \u00e9 imoral e absurdo que o governo dos Estados Unidos acuse Cuba de terrorismo? ::&nbsp;<\/strong><\/a><\/p>\n\n\n\n<p>O governo cubano respondeu a essas demandas e anunciou medidas como permitir a importa\u00e7\u00e3o privada de alimentos, medicamentos e materiais de limpeza e higiene. Do total de 619 medicamentos do quadro hospitalar-farmac\u00eautico de Cuba, 365 s\u00e3o produzidos pela biomedicina do pa\u00eds e 254 s\u00e3o importados pelo Minist\u00e9rio de Sa\u00fade P\u00fablica.<\/p>\n\n\n\n<p>Por\u00e9m, mesmo as f\u00f3rmulas pr\u00f3prias dependem de mat\u00e9ria-prima importada. Segundo o primeiro ministro cubano Manuel Marrero Cruz, com o aumento da demanda mundial de determinados qu\u00edmicos durante a pandemia, os custos de fabrica\u00e7\u00e3o dos medicamentos aumentaram at\u00e9 50%.<\/p>\n\n\n\n<p><strong>Leia tamb\u00e9m:&nbsp;<a href=\"https:\/\/www.brasildefato.com.br\/2021\/06\/22\/vacina-cubana-abdala-apresenta-92-28-de-eficacia-contra-o-coronavirus\" target=\"_blank\" rel=\"noreferrer noopener\">Vacina cubana Abdala apresenta 92,28% de efic\u00e1cia contra o coronav\u00edrus<\/a><\/strong><\/p>\n\n\n\n<p>Al\u00e9m disso, o governo decidiu reverter parte da pol\u00edtica da&nbsp;<a href=\"https:\/\/www.brasildefato.com.br\/2020\/12\/19\/conheca-o-novo-plano-economico-de-cuba-que-entrara-em-vigor-em-2021\" target=\"_blank\" rel=\"noreferrer noopener\">Tarefa Ordenamento<\/a>, reforma econ\u00f4mica vigente desde janeiro deste ano, aumentando a oferta de produtos da cesta b\u00e1sica alimentar pelas &#8220;livretas de abastecimento&#8221; para 300 mil cubanos.<\/p>\n\n\n\n<figure class=\"wp-block-image\"><img data-recalc-dims=\"1\" decoding=\"async\" src=\"https:\/\/i0.wp.com\/images02.brasildefato.com.br\/2ff6674cb38244a02246d66de4eed813.jpeg?w=600&#038;ssl=1\" alt=\"\"\/><\/figure>\n\n\n\n<p><br>A chamada &#8220;Tarefa de Ordenamento&#8221;, busca reativar a economia cubana, que retroceu 11% em 2020. \/ ACN<\/p>\n\n\n\n<p>Por outro lado, tamb\u00e9m permitem que as empresas estatais n\u00e3o sigam as escalas salariais estabelecidas pelo Minist\u00e9rio do Trabalho e tenham &#8220;autonomia para estabelecer novos crit\u00e9rios, baseados na produ\u00e7\u00e3o de riqueza&#8221;,&nbsp;<a href=\"http:\/\/www.cubadebate.cu\/noticias\/2021\/07\/14\/diaz-canel-y-dirigentes-del-gobierno-comparecen-en-la-mesa-redonda-video\/#anexo-1581021\" target=\"_blank\" rel=\"noreferrer noopener\">informou&nbsp;<\/a>o ministro de Economia, Alejandro Gil Fern\u00e1ndez.<\/p>\n\n\n\n<p>&#8220;Vamos ter uma vis\u00e3o melhor sobre a realidade econ\u00f4mica do pa\u00eds quando passar a pandemia e entrar mais recursos, pelo turismo e outras \u00e1reas, que agora est\u00e3o sofrendo muito e que limitam o poder de a\u00e7\u00e3o do governo cubano. E isso se v\u00ea nas ruas, foi o que vimos no domingo. S\u00e3o muitas car\u00eancias, as filas para comprar produtos b\u00e1sicos s\u00e3o extensas e constantes&#8221;, aponta o jornalista cubano.<\/p>\n\n\n\n<p>O presidente cubano declarou que alguns dos manifestantes eram pessoas insatisfeitas e outros eram v\u00e2ndalos. \u201cT\u00eam possibilidade de mostrar suas insatisfa\u00e7\u00f5es por outras vias, mas optaram por esta. \u00c9 leg\u00edtimo tamb\u00e9m, porque t\u00eam&nbsp;aspira\u00e7\u00f5es e insatisfa\u00e7\u00f5es que nem sempre receberam a aten\u00e7\u00e3o adequada\u201d,&nbsp;<a href=\"http:\/\/www.cubadebate.cu\/noticias\/2021\/07\/16\/nuevos-detalles-sobre-las-medidas-economicas-anunciadas-por-el-gobierno-cubano-video\/\" target=\"_blank\" rel=\"noreferrer noopener\">afirmou&nbsp;<\/a>D\u00edaz Canel.<\/p>\n\n\n\n<p><strong>Leia mais:&nbsp;<a href=\"https:\/\/www.brasildefato.com.br\/2020\/12\/19\/conheca-o-novo-plano-economico-de-cuba-que-entrara-em-vigor-em-2021\" target=\"_blank\" rel=\"noreferrer noopener\">Conhe\u00e7a o novo plano econ\u00f4mico de Cuba que entrar\u00e1 em vigor em 2021<\/a><\/strong><\/p>\n\n\n\n<p>Apesar das tentativas de concilia\u00e7\u00e3o do governo cubano, o futuro da ilha ainda \u00e9 incerto.&nbsp;&#8220;As pessoas est\u00e3o insatisfeitas, querem que sua vida melhore e isso n\u00e3o vai mudar. Acredito que a historicidade do que aconteceu no domingo \u00e9 ineg\u00e1vel e em v\u00e1rios sentidos \u00e9 um ponto sem retorno.&nbsp;Espero que o governo escute as demandas populares quando tenha que faz\u00ea-lo e que o povo tamb\u00e9m assimile melhor o que est\u00e1 acontecendo e entenda o contexto em que vivemos&#8221;, afirma Daniel Montero.&nbsp;<\/p>\n\n\n\n<p>Edi\u00e7\u00e3o: Arturo Hartmann e Sarah Fernandes<\/p>\n\n\n\n<p><br><\/p>\n","protected":false},"excerpt":{"rendered":"<p>Governo anunciou novas medidas para atender demandas, enquanto aumenta campanha internacional por interven\u00e7\u00e3o militar<\/p>\n","protected":false},"author":1,"featured_media":0,"comment_status":"closed","ping_status":"open","sticky":false,"template":"","format":"standard","meta":{"_exactmetrics_skip_tracking":false,"_exactmetrics_sitenote_active":false,"_exactmetrics_sitenote_note":"","_exactmetrics_sitenote_category":0,"jetpack_post_was_ever_published":false,"_jetpack_newsletter_access":"","_jetpack_dont_email_post_to_subs":false,"_jetpack_newsletter_tier_id":0,"_jetpack_memberships_contains_paywalled_content":false,"_jetpack_memberships_contains_paid_content":false,"footnotes":"","jetpack_publicize_message":"","jetpack_publicize_feature_enabled":true,"jetpack_social_post_already_shared":true,"jetpack_social_options":{"image_generator_settings":{"template":"highway","enabled":false},"version":2}},"categories":[1],"tags":[],"class_list":["post-32516","post","type-post","status-publish","format-standard","hentry","category-notas"],"jetpack_publicize_connections":[],"jetpack_sharing_enabled":true,"jetpack_featured_media_url":"","jetpack_shortlink":"https:\/\/wp.me\/p7wKYW-8ss","jetpack-related-posts":[],"_links":{"self":[{"href":"http:\/\/blogdalucianaoliveira.com.br\/blog\/wp-json\/wp\/v2\/posts\/32516","targetHints":{"allow":["GET"]}}],"collection":[{"href":"http:\/\/blogdalucianaoliveira.com.br\/blog\/wp-json\/wp\/v2\/posts"}],"about":[{"href":"http:\/\/blogdalucianaoliveira.com.br\/blog\/wp-json\/wp\/v2\/types\/post"}],"author":[{"embeddable":true,"href":"http:\/\/blogdalucianaoliveira.com.br\/blog\/wp-json\/wp\/v2\/users\/1"}],"replies":[{"embeddable":true,"href":"http:\/\/blogdalucianaoliveira.com.br\/blog\/wp-json\/wp\/v2\/comments?post=32516"}],"version-history":[{"count":1,"href":"http:\/\/blogdalucianaoliveira.com.br\/blog\/wp-json\/wp\/v2\/posts\/32516\/revisions"}],"predecessor-version":[{"id":32517,"href":"http:\/\/blogdalucianaoliveira.com.br\/blog\/wp-json\/wp\/v2\/posts\/32516\/revisions\/32517"}],"wp:attachment":[{"href":"http:\/\/blogdalucianaoliveira.com.br\/blog\/wp-json\/wp\/v2\/media?parent=32516"}],"wp:term":[{"taxonomy":"category","embeddable":true,"href":"http:\/\/blogdalucianaoliveira.com.br\/blog\/wp-json\/wp\/v2\/categories?post=32516"},{"taxonomy":"post_tag","embeddable":true,"href":"http:\/\/blogdalucianaoliveira.com.br\/blog\/wp-json\/wp\/v2\/tags?post=32516"}],"curies":[{"name":"wp","href":"https:\/\/api.w.org\/{rel}","templated":true}]}}