{"id":32519,"date":"2021-07-21T11:46:29","date_gmt":"2021-07-21T15:46:29","guid":{"rendered":"http:\/\/blogdalucianaoliveira.com.br\/blog\/?p=32519"},"modified":"2021-07-21T11:46:34","modified_gmt":"2021-07-21T15:46:34","slug":"evangelicos-tambem-vao-as-ruas-pelo-fora-bolsonaro","status":"publish","type":"post","link":"http:\/\/blogdalucianaoliveira.com.br\/blog\/2021\/07\/21\/evangelicos-tambem-vao-as-ruas-pelo-fora-bolsonaro\/","title":{"rendered":"Evang\u00e9licos tamb\u00e9m v\u00e3o \u00e0s ruas pelo \u2018Fora, Bolsonaro\u2019"},"content":{"rendered":"\n<figure class=\"wp-block-image\"><img data-recalc-dims=\"1\" decoding=\"async\" src=\"https:\/\/i0.wp.com\/www.cartacapital.com.br\/wp-content\/uploads\/2021\/07\/Untitled-7.jpg?w=600&#038;ssl=1\" alt=\"Protesto contra o presidente Jair Bolsonaro em Bras\u00edlia, em 3 de julho de 2021. Foto: Sergio Lima\/AFP\"\/><\/figure>\n\n\n\n<p>Carta Capital &#8211; Diversos coletivos evang\u00e9licos e algumas igrejas se reuniram, em 2 de julho passado, em uma plen\u00e1ria para juntar esfor\u00e7os e se organizar para os atos do s\u00e1bado, 3 de julho, pelo \u201cFora Bolsonaro\u201d.<\/p>\n\n\n\n<!--more-->\n\n\n\n<p>Os coletivos entendem que o momento hist\u00f3rico no qual nos encontramos convoca as pessoas evang\u00e9licas a se posicionarem politicamente pela vida e contra este governo que tem ceifado milhares de vidas pela fome, pela Covid-19 e pelo caos social instalado na presid\u00eancia de Jair Bolsonaro. Nesta plen\u00e1ria, o grupo que conta, at\u00e9 a reda\u00e7\u00e3o deste texto, com 47 coletivos integrantes, deliberou por usar a chamada nos atos de 3 julho, \u201cEvang\u00e9licos pelo Fora Bolsonaro\u201d.<\/p>\n\n\n\n<p>Al\u00e9m de discorrer sobre a conjuntura nacional, o grupo discutiu sobre m\u00e9todos e t\u00e1ticas para enfrentar os fundamentalismos religiosos na pol\u00edtica brasileira. Religiosos que usam seus poderes eclesi\u00e1sticos para articular com o neoliberalismo um ataque orquestrado contra os mais pobres, por meio do apoio \u00e0s reformas trabalhista, previdenci\u00e1ria e administrativa. Um modo de usar a religi\u00e3o como poder pol\u00edtico, social e econ\u00f4mico por meio do uso dos meios de comunica\u00e7\u00e3o e acordos financeiros.<\/p>\n\n\n\n<p>Naquela reuni\u00e3o, na qual se evidenciou que existem pessoas evang\u00e9licas que n\u00e3o apoiam Bolsonaro, aconteceram ataques cibern\u00e9ticos com o intuito de nos amedrontar e frear nossa a\u00e7\u00e3o, mas n\u00e3o tiveram \u00eaxito! N\u00e3o nos calar\u00e3o e provamos isso nos atos de 3 de julho: in\u00fameros blocos evang\u00e9licos foram \u00e0s ruas sob o mote: \u201cEle veio para matar, roubar e destruir\u201d, texto da B\u00edblia no livro de Jo\u00e3o 10.10 que norteia nossa a\u00e7\u00e3o: Cristo veio para a vida em abund\u00e2ncia, ent\u00e3o aquele que tem atentado contra a vida das brasileiras e dos brasileiros e se esconde atr\u00e1s de uma m\u00e1scara religiosa, n\u00e3o pode vir da parte do verdadeiro Cristo, e \u00e9 por isso vamos \u00e0s ruas!<\/p>\n\n\n\n<p>Em continuidade das a\u00e7\u00f5es destes coletivos, em 12 de julho, o grupo se reuniu novamente, deliberando a participa\u00e7\u00e3o dos blocos evang\u00e9licos nos atos do pr\u00f3ximo 24 de Julho.<\/p>\n\n\n\n<p>Desta vez, o grupo definiu a cria\u00e7\u00e3o da Coaliza\u00e7\u00e3o Evang\u00e9lica Contra Bolsonaro, que ter\u00e1 por mote nas ruas \u201cEvang\u00e9licos pelo Fora Bolsonaro\u201d, e como vers\u00edculo b\u00edblico inspirador: \u201cEle veio para matar, roubar e destruir\u201d (Jo\u00e3o 10.10).<\/p>\n\n\n\n<p>Portanto, foi neste dia 12 de julho de 2021 que nasceu a Coaliz\u00e3o Evang\u00e9lica contra Bolsonaro, presente em todas as regi\u00f5es do pa\u00eds, representada pelos grupos signat\u00e1rios do MANIFESTO DA COALIZ\u00c3O EVANG\u00c9LICA CONTRA BOLSONARO, que ser\u00e1 lan\u00e7ado na quinta feira, 22 de julho, \u00e0s 19h, nas p\u00e1ginas e perfis dos coletivos que integram essa coaliz\u00e3o, no Facebook, no Instagram e no Twitter (ver a lista ao final deste texto).<\/p>\n\n\n\n<p>N\u00f3s nos manifestamos, tomando as ruas, porque nossa espiritualidade n\u00e3o \u00e9 compat\u00edvel com um presidente que apoia o ac\u00famulo de riquezas beneficiando os ricos, quando os pobres morrem de fome, de viol\u00eancia policial e de Covid. Seguimos profetizando e denunciando as injusti\u00e7as promovidos por aqueles que usam o nome de Deus em v\u00e3o. Perguntamos \u00e0s pessoas evang\u00e9licas brasileiras: se Jesus estivesse aqui, hoje, de que lado ele estaria, sen\u00e3o do lado das vi\u00favas que perderam seus companheiros, dos \u00f3rf\u00e3os que perderam seus pais e com as pessoas que morrem de fome?<\/p>\n\n\n\n<p>N\u00e3o fugimos de nossa responsabilidade hist\u00f3rica de estar do lado da vida, e vida em abund\u00e2ncia, como o pr\u00f3prio Cristo disse: uma vida digna em que o bem-viver seja a realidade das brasileiras e dos brasileiros. Gritamos \u201cFora Bolsonaro!\u201d. Denunciamos aquele que veio para matar pessoas, roubar vacinas e destruir o Brasil!<\/p>\n\n\n\n<p>S\u00e3o estes os 47 coletivos que fazem parte da Coaliza\u00e7\u00e3o Evang\u00e9lica Contra Bolsonaro, que se encontram no campo progressista, e que organizam o movimento \u201cFora Bolsonaro\u201d no contexto evang\u00e9lico.<\/p>\n\n\n\n<p><strong>NORDESTE (20)<\/strong><br>Alian\u00e7a de Batistas do Brasil \u2013 BA<br>Crist\u00e3os Contra o Fascismo \u2013 BA<br>Cuxi Coletivo Negro Evang\u00e9lico \u2013 Salvador\/BA<br>Evang\u00e9licas Pela Igualdade de G\u00eanero (EIG) \u2013 BA<br>Evang\u00e9licxs pela Diversidade \u2013 BA<br>Frente de Evang\u00e9licos pelo Estado de Direito \u2013 BA<br>Frente de Evang\u00e9licos pelo Estado de Direito \u2013 MA<br>Frente de Evang\u00e9licos pelo Estado de Direito \u2013 PB<br>Frente de Evang\u00e9licos pelo Estado de Direito \u2013 SE<br>Frente Evang\u00e9lica Pela Democracia no Maranh\u00e3o<br>Homens de Evang\u00e9licas Pela Igualdade de G\u00eanero (EIG)<br>Movimento Negro Evang\u00e9lico \u2013 BA<br>Movimento Negro Evang\u00e9lico \u2013 PE<br>Movimento Social de Mulheres Evang\u00e9licas do Brasil (MOSMEB) \u2013 BA<br>N\u00facleo de Evang\u00e9licos do PT (NEPT) \u2013 PB<br>N\u00facleo de Evang\u00e9licos do PT (NEPT) \u2013 MA<br>N\u00facleo de Evang\u00e9licos do PT (NEPT) \u2013 RN<br>N\u00facleo de Evang\u00e9licos do PT (NEPT) Bahia \u2013 BA<br>Rede Fale \u2013 BA<br>Revista Zelota<\/p>\n\n\n\n<p><strong>NORTE (02)<\/strong><br>Frente de Evang\u00e9licos pelo Estado de Direito \u2013 PA<br>N\u00facleo de Evang\u00e9licos do PT (NEPT) \u2013 AM<\/p>\n\n\n\n<p><strong>SUL (04)<\/strong><br>Crist\u00e3os Contra o Facismo \u2013 RS<br>Frente de Evang\u00e9licos pelo Estado de Direito \u2013 PR<br>N\u00facleo de Evang\u00e9licos do PT (NEPT) \u2013 PR<br>N\u00facleo de Evang\u00e9licos do PT (NEPT) \u2013 SC<\/p>\n\n\n\n<p><strong>SUDESTE (16)<\/strong><br>Coletivo Esperan\u00e7ar<br>Crist\u00e3os Contra o Fascismo \u2013 SP<br>Evang\u00e9licas Pela Igualdade de G\u00eanero (EIG) \u2013 SP<br>Evang\u00e9licxs pela Diversidade<br>Frente Crist\u00e3 Socialista \u2013 SP<br>Frente de Evang\u00e9licos pelo Estado de Direito \u2013 MG<br>Frente de Evang\u00e9licos pelo Estado de Direito \u2013 RJ<br>Frente Evang\u00e9lica pela Legaliza\u00e7\u00e3o do Aborto<br>Movimento Negro Evang\u00e9lico \u2013 RJ<br>Movimento Social de Mulheres Evang\u00e9licas do Brasil (MOSMEB)<br>N\u00facleo de Evang\u00e9licos do PT (NEPT) \u2013 MG<br>Paz e Esperan\u00e7a Brasil<br>Plataforma Intersec\u00e7\u00f5es<br>Rede de Mulheres Negras Evang\u00e9licas<br>Rede Fale<br>Revista Zelota<\/p>\n\n\n\n<p><strong>CENTRO OESTE (05)<\/strong><br>Alian\u00e7a de Negras e Negros Evang\u00e9licos do Brasil (ANNEB)<br>Coletivo de Mulheres das Organiza\u00e7\u00f5es Religiosas do Distrito Federal (COMOR-DF)<br>Frente de Evang\u00e9licos pelo Estado de Direito \u2013 DF<br>N\u00facleo de Evang\u00e9licos do PT (NEPT) \u2013 DF<br>Refugo (Movimento Crist\u00e3o Progressista) \u2013 GO<\/p>\n","protected":false},"excerpt":{"rendered":"<p>Carta Capital &#8211; Diversos coletivos evang\u00e9licos e algumas igrejas se reuniram, em 2 de julho passado, em uma plen\u00e1ria para juntar esfor\u00e7os e se organizar para os atos do s\u00e1bado, 3 de julho, pelo \u201cFora Bolsonaro\u201d.<\/p>\n","protected":false},"author":1,"featured_media":0,"comment_status":"closed","ping_status":"open","sticky":false,"template":"","format":"standard","meta":{"_exactmetrics_skip_tracking":false,"_exactmetrics_sitenote_active":false,"_exactmetrics_sitenote_note":"","_exactmetrics_sitenote_category":0,"jetpack_post_was_ever_published":false,"_jetpack_newsletter_access":"","_jetpack_dont_email_post_to_subs":false,"_jetpack_newsletter_tier_id":0,"_jetpack_memberships_contains_paywalled_content":false,"_jetpack_memberships_contains_paid_content":false,"footnotes":"","jetpack_publicize_message":"","jetpack_publicize_feature_enabled":true,"jetpack_social_post_already_shared":true,"jetpack_social_options":{"image_generator_settings":{"template":"highway","enabled":false},"version":2}},"categories":[1],"tags":[],"class_list":["post-32519","post","type-post","status-publish","format-standard","hentry","category-notas"],"jetpack_publicize_connections":[],"jetpack_sharing_enabled":true,"jetpack_featured_media_url":"","jetpack_shortlink":"https:\/\/wp.me\/p7wKYW-8sv","jetpack-related-posts":[],"_links":{"self":[{"href":"http:\/\/blogdalucianaoliveira.com.br\/blog\/wp-json\/wp\/v2\/posts\/32519","targetHints":{"allow":["GET"]}}],"collection":[{"href":"http:\/\/blogdalucianaoliveira.com.br\/blog\/wp-json\/wp\/v2\/posts"}],"about":[{"href":"http:\/\/blogdalucianaoliveira.com.br\/blog\/wp-json\/wp\/v2\/types\/post"}],"author":[{"embeddable":true,"href":"http:\/\/blogdalucianaoliveira.com.br\/blog\/wp-json\/wp\/v2\/users\/1"}],"replies":[{"embeddable":true,"href":"http:\/\/blogdalucianaoliveira.com.br\/blog\/wp-json\/wp\/v2\/comments?post=32519"}],"version-history":[{"count":1,"href":"http:\/\/blogdalucianaoliveira.com.br\/blog\/wp-json\/wp\/v2\/posts\/32519\/revisions"}],"predecessor-version":[{"id":32520,"href":"http:\/\/blogdalucianaoliveira.com.br\/blog\/wp-json\/wp\/v2\/posts\/32519\/revisions\/32520"}],"wp:attachment":[{"href":"http:\/\/blogdalucianaoliveira.com.br\/blog\/wp-json\/wp\/v2\/media?parent=32519"}],"wp:term":[{"taxonomy":"category","embeddable":true,"href":"http:\/\/blogdalucianaoliveira.com.br\/blog\/wp-json\/wp\/v2\/categories?post=32519"},{"taxonomy":"post_tag","embeddable":true,"href":"http:\/\/blogdalucianaoliveira.com.br\/blog\/wp-json\/wp\/v2\/tags?post=32519"}],"curies":[{"name":"wp","href":"https:\/\/api.w.org\/{rel}","templated":true}]}}