{"id":32521,"date":"2021-07-21T11:53:33","date_gmt":"2021-07-21T15:53:33","guid":{"rendered":"http:\/\/blogdalucianaoliveira.com.br\/blog\/?p=32521"},"modified":"2021-07-21T11:53:36","modified_gmt":"2021-07-21T15:53:36","slug":"oposicao-a-bolsonaro-volta-as-ruas-com-esquemas-para-atrair-partidos-alem-da-esquerda-e-evitar-violencia","status":"publish","type":"post","link":"http:\/\/blogdalucianaoliveira.com.br\/blog\/2021\/07\/21\/oposicao-a-bolsonaro-volta-as-ruas-com-esquemas-para-atrair-partidos-alem-da-esquerda-e-evitar-violencia\/","title":{"rendered":"Oposi\u00e7\u00e3o a Bolsonaro volta \u00e0s ruas com esquemas para atrair partidos al\u00e9m da esquerda e evitar viol\u00eancia"},"content":{"rendered":"\n<figure class=\"wp-block-image\"><a href=\"https:\/\/fotografia.folha.uol.com.br\/galerias\/1704282144261682-novos-protestos-contra-bolsonaro-em-meio-a-novo-avanco-da-pandemia\"><img data-recalc-dims=\"1\" decoding=\"async\" src=\"https:\/\/i0.wp.com\/f.i.uol.com.br\/fotografia\/2021\/07\/03\/162534007360e0b8a91b7a0_1625340073_3x2_md.jpg?w=600&#038;ssl=1\" alt=\"Manifestantes v\u00e3o \u00e0s ruas no Brasil e no exterior em novos atos contra Bolsonaro\"\/><\/a><figcaption><a href=\"https:\/\/fotografia.folha.uol.com.br\/galerias\/1704282144261682-novos-protestos-contra-bolsonaro-em-meio-a-novo-avanco-da-pandemia\">Manifestantes v\u00e3o \u00e0s ruas no Brasil e no exterior em novos atos contra Bolsonaro<\/a><\/figcaption><\/figure>\n\n\n\n<p>Na FSP &#8211; A quarta rodada de manifesta\u00e7\u00f5es nacionais contra o presidente\u00a0<a href=\"https:\/\/www1.folha.uol.com.br\/folha-topicos\/jair-bolsonaro\/\">Jair Bolsonaro<\/a>\u00a0(sem partido),\u00a0<a href=\"https:\/\/www1.folha.uol.com.br\/poder\/2021\/06\/oposicao-marca-novos-atos-contra-bolsonaro-para-24-de-julho-e-eleva-pressao-sobre-lira.shtml\">marcada para este s\u00e1bado (24)<\/a>, pretende reunir mais representantes de partidos de fora da esquerda e diversificar o p\u00fablico no momento em que a\u00a0<a href=\"https:\/\/www1.folha.uol.com.br\/poder\/2021\/07\/vice-da-camara-se-diz-na-trincheira-contra-bolsonaro-e-que-estuda-aval-para-abrir-impeachment-como-interino.shtml\">press\u00e3o pelo impeachment<\/a>\u00a0sofre reveses.<\/p>\n\n\n\n<!--more-->\n\n\n\n<p>Na avenida Paulista,&nbsp;<a href=\"https:\/\/www1.folha.uol.com.br\/poder\/2021\/06\/esquerda-quer-ampliar-pressao-por-impeachment-de-bolsonaro-mas-esbarra-em-adesao-do-centro-e-tom-eleitoral-dos-atos.shtml\">legendas que se declaram de centro e buscam se descolar do PT<\/a>&nbsp;ter\u00e3o um caminh\u00e3o de som pr\u00f3prio. Com isso, buscam atrair manifestantes contr\u00e1rios ao presidente que n\u00e3o querem&nbsp;<a href=\"https:\/\/www1.folha.uol.com.br\/poder\/2021\/06\/planalto-ve-manifestacoes-muito-vermelhas-e-bolsonaro-procura-reforcar-polarizacao.shtml\">ser carimbados por Bolsonaro<\/a>&nbsp;como esquerdistas ou apoiadores do ex-presidente&nbsp;<a href=\"https:\/\/www1.folha.uol.com.br\/folha-topicos\/lula\/\">Lula<\/a>.<\/p>\n\n\n\n<p>A sa\u00edda da passeata, cujo trajeto passa pela rua da Consola\u00e7\u00e3o e termina na pra\u00e7a Roosevelt, foi antecipada para tentar evitar a a\u00e7\u00e3o de grupos que&nbsp;<a href=\"https:\/\/aovivo.folha.uol.com.br\/poder\/2021\/07\/03\/6008-manifestantes-vao-as-ruas-pelo-pais-em-novos-atos-contra-bolsonaro-acompanhe.shtml#post408989\">promoveram vandalismo<\/a>&nbsp;em edi\u00e7\u00f5es anteriores. Desta vez, a caminhada sair\u00e1 \u00e0s 16h30, com o objetivo de que tudo se encerre no in\u00edcio da noite.<\/p>\n\n\n\n<p>Puxados por movimentos sociais e partidos de esquerda, os atos ocuparam as ruas em maio, junho e&nbsp;<a href=\"https:\/\/www1.folha.uol.com.br\/poder\/2021\/07\/menos-nacionais-atos-trazem-bolsonaro-corrupto-ao-lado-do-genocida.shtml\">no primeiro fim de semana de julho<\/a>&nbsp;\u2014uma&nbsp;<a href=\"https:\/\/www1.folha.uol.com.br\/colunas\/painel\/2021\/06\/apos-caso-covaxin-campanha-nacional-contra-bolsonaro-adianta-manifestacoes-para-3-de-julho.shtml\">data extra no calend\u00e1rio de mobiliza\u00e7\u00f5es<\/a>, convocada ap\u00f3s a revela\u00e7\u00e3o das primeiras&nbsp;<a href=\"https:\/\/www1.folha.uol.com.br\/poder\/2021\/07\/veja-quem-e-quem-e-entenda-a-rede-de-suspeitas-na-compra-de-vacinas-pelo-governo-bolsonaro.shtml\">suspeitas de corrup\u00e7\u00e3o na compra de vacinas pelo governo federal<\/a>.<\/p>\n\n\n\n<p>O protesto do dia 3 deste m\u00eas foi marcado tamb\u00e9m pela&nbsp;<a href=\"https:\/\/www1.folha.uol.com.br\/poder\/2021\/07\/pco-tenta-justificar-violencia-imposta-a-tucanos-que-pretendem-seguir-em-atos-contra-bolsonaro.shtml\">agress\u00e3o de militantes do PCO a integrantes do PSDB<\/a>&nbsp;que participavam pela primeira vez da movimenta\u00e7\u00e3o na Paulista. A situa\u00e7\u00e3o colocou em xeque a&nbsp;<a href=\"https:\/\/www1.folha.uol.com.br\/poder\/2021\/06\/novos-protestos-contra-bolsonaro-puxados-pela-esquerda-terao-tucanos-e-mbl-avalia-adesao.shtml\">amplia\u00e7\u00e3o ideol\u00f3gica das manifesta\u00e7\u00f5es<\/a>, que&nbsp;<a href=\"https:\/\/www1.folha.uol.com.br\/poder\/2021\/06\/organizadores-falam-em-ampliar-atos-contra-bolsonaro-para-fora-da-esquerda-mas-veem-resistencias.shtml\">vinha lentamente ganhando corpo<\/a>.<\/p>\n\n\n\n<p>Mesmo com o epis\u00f3dio de hostilidade, os tucanos do diret\u00f3rio municipal decidiram manter a participa\u00e7\u00e3o nas marchas. L\u00edderes da esquerda, inicialmente,&nbsp;<a href=\"https:\/\/www1.folha.uol.com.br\/poder\/2021\/07\/lideres-da-esquerda-vao-de-repudio-discreto-a-silencio-sobre-agressao-a-tucanos-em-protesto-na-paulista.shtml\">silenciaram ou repudiaram discretamente a viol\u00eancia<\/a>. Embora alguns dirigentes e pol\u00edticos tenham criticado a a\u00e7\u00e3o, outros se calaram.<\/p>\n\n\n\n<p>A Campanha Nacional Fora Bolsonaro, que responde pela organiza\u00e7\u00e3o dos protestos, s\u00f3 se pronunciou formalmente nove dias depois, por meio de uma nota em que afirmou que seus atos s\u00e3o pac\u00edficos.<\/p>\n\n\n\n<p>&#8220;Repudiamos quaisquer provoca\u00e7\u00f5es ou a\u00e7\u00f5es violentas que atentem contra a seguran\u00e7a dos manifestantes e das manifestantes ou deem margem \u00e0&nbsp;<a href=\"https:\/\/www1.folha.uol.com.br\/poder\/2021\/07\/bolsonaro-associa-protestos-contra-o-governo-a-violencia-e-provoca-stf-e-cpi.shtml\">criminaliza\u00e7\u00e3o de nossa mobiliza\u00e7\u00e3o<\/a>&#8220;, disse o texto. O PCO, que abriga vis\u00f5es radicalizadas, comp\u00f5e o f\u00f3rum e se op\u00f5e \u00e0 entrada da direita.<\/p>\n\n\n\n<figure class=\"wp-block-image\"><img data-recalc-dims=\"1\" decoding=\"async\" src=\"https:\/\/i0.wp.com\/f.i.uol.com.br\/fotografia\/2021\/07\/03\/162533793660e0b0503af89_1625337936_3x2_lg.jpg?w=600&#038;ssl=1\" alt=\"Grupo com camisetas e bandeiras do PSDB participa dos protestos contra Bolsonaro em S\u00e3o Paulo\"\/><figcaption>Grupo com camisetas e bandeiras do PSDB participa dos protestos contra Bolsonaro em S\u00e3o Paulo no s\u00e1bado (3) &#8211; Fl\u00e1vio Ferreira &#8211; 3.jul.2021\/Folhapress<\/figcaption><\/figure>\n\n\n\n<p>Segundo balan\u00e7o divulgado pela campanha na noite desta ter\u00e7a-feira (20), est\u00e3o confirmados 192 atos em 187 cidades do Brasil e do exterior. A expectativa \u00e9 que o n\u00famero cres\u00e7a at\u00e9 s\u00e1bado.&nbsp;<a href=\"https:\/\/www1.folha.uol.com.br\/poder\/2021\/07\/manifestantes-vao-as-ruas-em-ao-menos-15-capitais-em-atos-pelo-impeachment-de-bolsonaro.shtml\">Em 3 de julho, foram 352 atos em 312 cidades do Brasil e outros 35 no exterior, em 16 pa\u00edses<\/a>.<\/p>\n\n\n\n<p><a href=\"https:\/\/www1.folha.uol.com.br\/poder\/2021\/05\/rachada-sobre-atos-na-pandemia-esquerda-decide-convocar-ida-as-ruas-por-impeachment-de-bolsonaro.shtml\">Empurrados inicialmente<\/a>&nbsp;por partidos como PT, PSOL e PC do B, os protestos ganharam apoios pontuais sobretudo de representantes e de inst\u00e2ncias locais de outras siglas. PDT, Cidadania, Rede e PV, por exemplo,&nbsp;<a href=\"https:\/\/www1.folha.uol.com.br\/poder\/2021\/06\/milhares-saem-as-ruas-do-pais-em-novos-protestos-pelo-impeachment-de-bolsonaro.shtml\">passaram a endossar a convoca\u00e7\u00e3o<\/a>&nbsp;em capitais como S\u00e3o Paulo e Rio de Janeiro.<\/p>\n\n\n\n<p>H\u00e1 alguns dias, o PSB emitiu resolu\u00e7\u00e3o do diret\u00f3rio nacional confirmando a participa\u00e7\u00e3o do partido no&nbsp;<a href=\"https:\/\/www1.folha.uol.com.br\/poder\/2021\/07\/organizacao-de-atos-contra-bolsonaro-vive-impasse-com-debates-sobre-publico-novos-apoios-e-violencia.shtml\">ato deste s\u00e1bado<\/a>&nbsp;e denunciando a &#8220;grav\u00edssima situa\u00e7\u00e3o da pol\u00edtica brasileira&#8221;, em que a democracia e a vida dos cidad\u00e3os est\u00e3o sendo &#8220;seriamente amea\u00e7adas&#8221; por&nbsp;<a href=\"https:\/\/www1.folha.uol.com.br\/folha-topicos\/jair-bolsonaro\/\">quem deveria defend\u00ea-las<\/a>.<\/p>\n\n\n\n<p>O documento, assinado pelo presidente nacional do PSB, Carlos Siqueira, ressalva que a presen\u00e7a \u00e9 recomendada aos militantes que se sintam seguros para estar em aglomera\u00e7\u00f5es em meio \u00e0&nbsp;<a href=\"https:\/\/www1.folha.uol.com.br\/cotidiano\/coronavirus\/\">pandemia da Covid-19<\/a>. Recomenda ainda uso de m\u00e1scara e distanciamento social.<\/p>\n\n\n\n<p>Os presidentes do Cidadania, Roberto Freire, e do PV, Jos\u00e9 Luiz Penna, j\u00e1 haviam declarado apoio aos atos e reiterado os cuidados, em conson\u00e2ncia com orienta\u00e7\u00f5es dos organizadores \u2014que se esfor\u00e7am para evitar compara\u00e7\u00f5es com as manifesta\u00e7\u00f5es bolsonaristas,&nbsp;<a href=\"https:\/\/www1.folha.uol.com.br\/poder\/2021\/06\/viagens-de-bolsonaro-com-aglomeracao-na-pandemia-representam-90-do-gasto.shtml\">geralmente em desacordo com as regras<\/a>.<\/p>\n\n\n\n<p>Integrantes da linha de frente da mobiliza\u00e7\u00e3o sempre disseram que a participa\u00e7\u00e3o \u00e9 aberta a qualquer cidad\u00e3o ou entidade que concorde com as&nbsp;<a href=\"https:\/\/www1.folha.uol.com.br\/poder\/2021\/06\/esquerda-marca-para-dia-19-novos-atos-contra-bolsonaro-incorpora-nao-vai-ter-copa-e-preve-mais-acoes.shtml\">principais bandeiras da iniciativa<\/a>: o &#8220;fora, Bolsonaro&#8221;, o apelo por mais vacinas contra a Covid e a defesa do aux\u00edlio emergencial de R$ 600.<\/p>\n\n\n\n<p>Na pr\u00e1tica, contudo, diferen\u00e7as partid\u00e1rias e eleitorais t\u00eam sido empecilhos. O presidente municipal do PSDB em S\u00e3o Paulo,&nbsp;<a href=\"https:\/\/www1.folha.uol.com.br\/poder\/2021\/06\/com-psdb-dividido-presidente-do-partido-na-cidade-de-sp-se-lanca-ao-senado-contra-serra.shtml\">Fernando Alfredo<\/a>, n\u00e3o teve aval para discursar no caminh\u00e3o de som da campanha nacional, que na avenida Paulista fica estacionado em frente ao Masp.<\/p>\n\n\n\n<p>Desta vez, ao lado de partidos como PSB, Cidadania, Rede e Solidariedade, o PSDB ter\u00e1 um espa\u00e7o pr\u00f3prio para as falas, em um caminh\u00e3o que ficar\u00e1 em frente ao Conjunto Nacional. Os movimentos&nbsp;<a href=\"https:\/\/www1.folha.uol.com.br\/poder\/2019\/07\/tabata-da-no-na-logica-da-polarizacao-diz-movimento-que-lancou-deputada.shtml\">Acredito<\/a>&nbsp;e&nbsp;<a href=\"https:\/\/www1.folha.uol.com.br\/poder\/2018\/08\/movimento-de-huck-sugere-a-presidenciaveis-regular-maconha-e-taxar-rico.shtml\">Agora!<\/a>, ambos de centro, e organiza\u00e7\u00f5es estudantis e sindicais tamb\u00e9m estar\u00e3o no local.<\/p>\n\n\n\n<p>Os grupos, que se apresentam como &#8220;Bloco Democr\u00e1tico&#8221;, divulgaram nesta ter\u00e7a-feira (20) uma nota em que qualificam Bolsonaro como uma amea\u00e7a ao pa\u00eds e afirmam ser &#8220;hora de unir os brasileiros, independentemente de colora\u00e7\u00f5es partid\u00e1rias e ideol\u00f3gicas, na defesa intransigente da democracia&#8221;.<\/p>\n\n\n\n<p>O comunicado tamb\u00e9m \u00e9 assinado por partidos e grupos conectados \u00e0 esquerda. Segundo&nbsp;<a href=\"https:\/\/www1.folha.uol.com.br\/opiniao\/2021\/05\/impeachment-e-recado-das-ruas-para-combater-a-pandemia.shtml\">Marco Martins, coordenador do Acredito<\/a>&nbsp;que est\u00e1 empenhado em promover os di\u00e1logos, &#8220;a ideia \u00e9 que seja um ponto onde caiba todo o mundo, inclusive eleitores de Bolsonaro arrependidos&#8221;.<\/p>\n\n\n\n<p>Uma das preocupa\u00e7\u00f5es \u00e9 a de evitar que o novo n\u00facleo seja interpretado como uma dissid\u00eancia ou ato \u00e0 parte.<\/p>\n\n\n\n<p>Parlamentares de partidos de centro prometeram aos organizadores que comparecer\u00e3o. O presidente estadual do PSL, deputado federal Junior Bozzella, afirmou \u00e0&nbsp;<strong>Folha<\/strong>&nbsp;que estar\u00e1 novamente na Paulista,&nbsp;<a href=\"https:\/\/www1.folha.uol.com.br\/poder\/2021\/07\/oposicao-a-bolsonaro-ve-crise-no-governo-como-chamariz-de-atos-antecipados-para-este-sabado.shtml\">assim como fez no dia 3<\/a>. Apoiador da elei\u00e7\u00e3o de Bolsonaro, ele hoje \u00e9 um detrator.<\/p>\n\n\n\n<figure class=\"wp-block-image\"><a href=\"https:\/\/fotografia.folha.uol.com.br\/galerias\/1704288438136866-cartazes-marcam-manifestacoes-contra-bolsonaro#foto-1704298881507654\"><img data-recalc-dims=\"1\" decoding=\"async\" src=\"https:\/\/i0.wp.com\/f.i.uol.com.br\/fotografia\/2021\/07\/03\/162534612360e0d04b74d6f_1625346123_3x2_md.jpg?w=600&#038;ssl=1\" alt=\"Cartazes marcam manifesta\u00e7\u00f5es contra Bolsonaro \"\/><\/a><figcaption><a href=\"https:\/\/fotografia.folha.uol.com.br\/galerias\/1704288438136866-cartazes-marcam-manifestacoes-contra-bolsonaro#foto-1704298881507654\">Cartazes marcam manifesta\u00e7\u00f5es contra Bolsonaro<\/a><\/figcaption><\/figure>\n\n\n\n<p>Desde a primeira onda de protestos, o presidente e seus aliados t\u00eam usado a presen\u00e7a majorit\u00e1ria de movimentos e partidos de esquerda para&nbsp;<a href=\"https:\/\/www1.folha.uol.com.br\/poder\/2021\/06\/planalto-ve-manifestacoes-muito-vermelhas-e-bolsonaro-procura-reforcar-polarizacao.shtml\">desqualificar o levante<\/a>. Eles&nbsp;<a href=\"https:\/\/www1.folha.uol.com.br\/poder\/2021\/05\/bolsonaro-minimiza-atos-contra-ele-e-diz-que-faltou-maconha-para-manifestantes.shtml\">tacham a iniciativa como evento de campanha de Lula<\/a>, o que os mobilizadores rebatem. O petista nunca esteve nos atos.<\/p>\n\n\n\n<p>Em outro ponto da avenida, em frente \u00e0 Fiesp, ficar\u00e1 o caminh\u00e3o de som de&nbsp;<a href=\"https:\/\/www1.folha.uol.com.br\/colunas\/painel\/2021\/06\/centrais-sindicais-decidem-apoiar-manifestacoes-de-19-de-junho-contra-jair-bolsonaro.shtml\">centrais sindicais<\/a>&nbsp;como CUT (Central \u00danica dos Trabalhadores), For\u00e7a Sindical, UGT (Uni\u00e3o Geral dos Trabalhadores) e CSB (Central dos Sindicatos Brasileiros).<\/p>\n\n\n\n<p>Em nota tamb\u00e9m nesta ter\u00e7a, as centrais disseram ser &#8220;cada vez mais necess\u00e1ria a presen\u00e7a de todas e todos nas manifesta\u00e7\u00f5es&#8221;, para pressionar&nbsp;<a href=\"https:\/\/www1.folha.uol.com.br\/poder\/2021\/07\/entenda-o-poder-de-lira-sobre-impeachment-de-bolsonaro-e-os-limites-para-eventual-atuacao-do-stf.shtml\">o presidente da C\u00e2mara dos Deputados, Arthur Lira (PP-AL), a pautar um dos mais de cem pedidos de impeachment protocolados na Casa<\/a>.<\/p>\n\n\n\n<p>&#8220;S\u00f3 o povo em massa nas ruas vai impedir que se concretizem as aventuras autorit\u00e1rias que o presidente [Bolsonaro] tem insinuado, como a de que&nbsp;<a href=\"https:\/\/www1.folha.uol.com.br\/poder\/2021\/07\/se-eu-disputar-entrego-a-faixa-para-qualquer-um-diz-bolsonaro-apos-falas-golpistas-sobre-eleicao.shtml\">pode impedir a realiza\u00e7\u00e3o das elei\u00e7\u00f5es de 2022<\/a>&nbsp;ou&nbsp;<a href=\"https:\/\/www1.folha.uol.com.br\/poder\/2021\/07\/entenda-a-escalada-golpista-de-bolsonaro-e-suas-possiveis-consequencias.shtml\">n\u00e3o aceitar o resultado das urnas eletr\u00f4nicas em caso de derrota<\/a>&#8220;, afirmaram.<\/p>\n\n\n\n<p>O presidente da UGT, Ricardo Patah,&nbsp;<a href=\"https:\/\/www1.folha.uol.com.br\/colunas\/painelsa\/2021\/07\/protesto-contra-o-governo-coloca-fundo-eleitoral-de-r-57-bi-na-pauta.shtml\">disse \u00e0 coluna Painel S.A. que levar\u00e1 para a avenida&nbsp;<\/a>sua insatisfa\u00e7\u00e3o com a previs\u00e3o de&nbsp;<a href=\"https:\/\/www1.folha.uol.com.br\/poder\/2021\/07\/relator-no-congresso-infla-fundo-eleitoral-para-2022-e-verba-pode-chegar-a-quase-r-6-bilhoes.shtml\">elevar os recursos para o fundo eleitoral do ano que vem de R$ 2 bilh\u00f5es para R$ 5,7 bilh\u00f5es<\/a>. A causa, contudo, n\u00e3o faz parte das pautas deliberadas pelo comando central.<\/p>\n\n\n\n<p>A proposta de que o ato na Paulista fosse est\u00e1tico, sem a caminhada at\u00e9 a pra\u00e7a Roosevelt, foi debatida nos \u00faltimos dias como alternativa para mitigar&nbsp;<a href=\"https:\/\/aovivo.folha.uol.com.br\/poder\/2021\/07\/03\/6008-manifestantes-vao-as-ruas-pelo-pais-em-novos-atos-contra-bolsonaro-acompanhe.shtml#post408988\">a a\u00e7\u00e3o de grupos isolados<\/a>&nbsp;que, na edi\u00e7\u00e3o do in\u00edcio do m\u00eas, quebraram vidra\u00e7as, destru\u00edram pontos de \u00f4nibus e incendiaram lixeiras na rua da Consola\u00e7\u00e3o.<\/p>\n\n\n\n<p>A ideia acabou descartada, diante da constata\u00e7\u00e3o de que o deslocamento d\u00e1 mais visibilidade \u00e0 manifesta\u00e7\u00e3o e prolonga sua dura\u00e7\u00e3o. S\u00f3 que, em vez de deixar a avenida por volta das 18h, como vinha ocorrendo, a multid\u00e3o partir\u00e1 \u00e0s 16h30, para que a dispers\u00e3o ocorra mais cedo, ao anoitecer.<\/p>\n\n\n\n<p>Para um dos l\u00edderes das mobiliza\u00e7\u00f5es,&nbsp;<a href=\"https:\/\/www1.folha.uol.com.br\/poder\/2021\/06\/bolsonaro-precisa-ser-responsabilizado-o-povo-esta-perdendo-a-paciencia-diz-lider-de-manifestacoes.shtml\">Raimundo Bonfim<\/a>, o desafio \u00e9 &#8220;atrair mais gente da periferia e setores de camadas populares&#8221;. &#8220;Acreditamos que agora ser\u00e1 maior a ades\u00e3o. Houve um intervalo maior em rela\u00e7\u00e3o ao ato anterior&#8221;, diz o coordenador da CMP (Central de Movimentos Populares).<\/p>\n\n\n\n<p>Segundo Raimundo, a resist\u00eancia interna \u00e0 chegada de grupos para al\u00e9m da esquerda \u00e9 uma quest\u00e3o pacificada. &#8220;Condenamos as a\u00e7\u00f5es de viol\u00eancia e fizemos gest\u00f5es junto ao PCO no sentido de que a campanha n\u00e3o compactua com agress\u00e3o a militante de qualquer partido pol\u00edtico&#8221;, afirma.<\/p>\n\n\n\n<figure class=\"wp-block-image\"><a href=\"https:\/\/fotografia.folha.uol.com.br\/galerias\/1701031808022710-manifestacoes-na-avenida-paulista-desde-2014\"><img data-recalc-dims=\"1\" decoding=\"async\" src=\"https:\/\/i0.wp.com\/f.i.uol.com.br\/fotografia\/2021\/06\/21\/162430734460d0f690a64a5_1624307344_3x2_md.jpg?w=600&#038;ssl=1\" alt=\"Manifesta\u00e7\u00f5es na avenida Paulista desde 2014\"\/><\/a><figcaption><a href=\"https:\/\/fotografia.folha.uol.com.br\/galerias\/1701031808022710-manifestacoes-na-avenida-paulista-desde-2014\">Manifesta\u00e7\u00f5es na avenida Paulista desde 2014<\/a><\/figcaption><\/figure>\n\n\n\n<p>Sem disposi\u00e7\u00e3o para&nbsp;<a href=\"https:\/\/www1.folha.uol.com.br\/poder\/2021\/06\/organizadores-falam-em-ampliar-atos-contra-bolsonaro-para-fora-da-esquerda-mas-veem-resistencias.shtml\">aderir \u00e0s marchas capitaneadas pela esquerda<\/a>, o MBL (Movimento Brasil Livre) e o VPR (Vem Pra Rua) marcaram para 12 de setembro um protesto nacional pelo&nbsp;<a href=\"https:\/\/www1.folha.uol.com.br\/poder\/2021\/06\/superpedido-de-impeachment-deve-listar-acusacoes-de-mais-de-20-crimes-atribuidos-a-bolsonaro.shtml\">impeachment de Bolsonaro<\/a>. A convoca\u00e7\u00e3o tem o apoio de pol\u00edticos da direita n\u00e3o bolsonarista, sobretudo do Novo e do PSL.<\/p>\n\n\n\n<p>O MBL e o VPR, que descartavam a ida \u00e0s ruas sob a justificativa oficial de que a&nbsp;<a href=\"https:\/\/www1.folha.uol.com.br\/poder\/2021\/05\/esquerda-calcula-riscos-de-novos-atos-contra-bolsonaro-na-pandemia-e-faz-esforco-por-unidade-no-calendario.shtml\">realiza\u00e7\u00e3o de passeatas no auge da pandemia era perigosa<\/a>, evitaram se somar aos atos anteriores tamb\u00e9m por divergirem de pautas paralelas levantadas pelos manifestantes, como a cr\u00edtica \u00e0&nbsp;<a href=\"https:\/\/www1.folha.uol.com.br\/mercado\/2021\/03\/privatizar-para-quem.shtml\">agenda de privatiza\u00e7\u00f5es<\/a>.<\/p>\n\n\n\n<p>Embora aproxime for\u00e7as pol\u00edticas da direita e da esquerda, a luta pelo afastamento de Bolsonaro&nbsp;<a href=\"https:\/\/www1.folha.uol.com.br\/poder\/2021\/07\/erra-quem-pensa-que-a-responsabilidade-do-impeachment-e-so-minha-afirma-lira.shtml\">vem sendo desestimulada recorrentemente pelo presidente da C\u00e2mara<\/a>. Lira, que&nbsp;<a href=\"https:\/\/www1.folha.uol.com.br\/poder\/2021\/02\/lider-do-centrao-lira-e-eleito-presidente-da-camara-apos-interferencia-de-bolsonaro.shtml\">\u00e9 aliado do Planalto<\/a>, repete&nbsp;<a href=\"https:\/\/www1.folha.uol.com.br\/poder\/2021\/07\/nao-ha-fato-novo-que-tenha-ligacao-direta-com-bolsonaro-diz-lira-sobre-pedidos-de-impeachment.shtml\">n\u00e3o haver elementos suficientes para detonar a a\u00e7\u00e3o<\/a>&nbsp;contra o presidente.<\/p>\n\n\n\n<p>Segundo&nbsp;<a href=\"https:\/\/www1.folha.uol.com.br\/poder\/2021\/07\/datafolha-pela-primeira-vez-maioria-no-pais-defende-impeachment-de-bolsonaro.shtml\">pesquisa Datafolha deste m\u00eas<\/a>, 54% dos brasileiros querem a abertura do processo, ante 42% que rejeitam. Foi a primeira vez, desde que o instituto come\u00e7ou a indagar sobre o tema, em abril de 2020, que a maioria dos entrevistados se disse a<a href=\"https:\/\/www1.folha.uol.com.br\/poder\/2021\/07\/menos-nacionais-atos-trazem-bolsonaro-corrupto-ao-lado-do-genocida.shtml\">&nbsp;favor dos tr\u00e2mites para a deposi\u00e7\u00e3o<\/a>&nbsp;do atual mandat\u00e1rio.<\/p>\n\n\n\n<figure class=\"wp-block-image\"><a href=\"https:\/\/fotografia.folha.uol.com.br\/galerias\/1690872812512364-presidente-jair-bolsonaro-em-viagens-pelo-brasil-em-2021\"><img data-recalc-dims=\"1\" decoding=\"async\" src=\"https:\/\/i0.wp.com\/f.i.uol.com.br\/fotografia\/2021\/06\/25\/162466140460d65d9cc6409_1624661404_3x2_md.jpg?w=600&#038;ssl=1\" alt=\"Jair Bolsonaro em viagens pelo Brasil em 2021\"\/><\/a><figcaption><a href=\"https:\/\/fotografia.folha.uol.com.br\/galerias\/1690872812512364-presidente-jair-bolsonaro-em-viagens-pelo-brasil-em-2021\">Jair Bolsonaro em viagens pelo Brasil em 2021<\/a><\/figcaption><\/figure>\n","protected":false},"excerpt":{"rendered":"<p>Na FSP &#8211; A quarta rodada de manifesta\u00e7\u00f5es nacionais contra o presidente\u00a0Jair Bolsonaro\u00a0(sem partido),\u00a0marcada para este s\u00e1bado (24), pretende reunir mais representantes de partidos de fora da esquerda e diversificar o p\u00fablico no momento em que a\u00a0press\u00e3o pelo impeachment\u00a0sofre reveses.<\/p>\n","protected":false},"author":1,"featured_media":0,"comment_status":"closed","ping_status":"open","sticky":false,"template":"","format":"standard","meta":{"_exactmetrics_skip_tracking":false,"_exactmetrics_sitenote_active":false,"_exactmetrics_sitenote_note":"","_exactmetrics_sitenote_category":0,"jetpack_post_was_ever_published":false,"_jetpack_newsletter_access":"","_jetpack_dont_email_post_to_subs":false,"_jetpack_newsletter_tier_id":0,"_jetpack_memberships_contains_paywalled_content":false,"_jetpack_memberships_contains_paid_content":false,"footnotes":"","jetpack_publicize_message":"","jetpack_publicize_feature_enabled":true,"jetpack_social_post_already_shared":true,"jetpack_social_options":{"image_generator_settings":{"template":"highway","enabled":false},"version":2}},"categories":[1],"tags":[],"class_list":["post-32521","post","type-post","status-publish","format-standard","hentry","category-notas"],"jetpack_publicize_connections":[],"jetpack_sharing_enabled":true,"jetpack_featured_media_url":"","jetpack_shortlink":"https:\/\/wp.me\/p7wKYW-8sx","jetpack-related-posts":[],"_links":{"self":[{"href":"http:\/\/blogdalucianaoliveira.com.br\/blog\/wp-json\/wp\/v2\/posts\/32521","targetHints":{"allow":["GET"]}}],"collection":[{"href":"http:\/\/blogdalucianaoliveira.com.br\/blog\/wp-json\/wp\/v2\/posts"}],"about":[{"href":"http:\/\/blogdalucianaoliveira.com.br\/blog\/wp-json\/wp\/v2\/types\/post"}],"author":[{"embeddable":true,"href":"http:\/\/blogdalucianaoliveira.com.br\/blog\/wp-json\/wp\/v2\/users\/1"}],"replies":[{"embeddable":true,"href":"http:\/\/blogdalucianaoliveira.com.br\/blog\/wp-json\/wp\/v2\/comments?post=32521"}],"version-history":[{"count":1,"href":"http:\/\/blogdalucianaoliveira.com.br\/blog\/wp-json\/wp\/v2\/posts\/32521\/revisions"}],"predecessor-version":[{"id":32522,"href":"http:\/\/blogdalucianaoliveira.com.br\/blog\/wp-json\/wp\/v2\/posts\/32521\/revisions\/32522"}],"wp:attachment":[{"href":"http:\/\/blogdalucianaoliveira.com.br\/blog\/wp-json\/wp\/v2\/media?parent=32521"}],"wp:term":[{"taxonomy":"category","embeddable":true,"href":"http:\/\/blogdalucianaoliveira.com.br\/blog\/wp-json\/wp\/v2\/categories?post=32521"},{"taxonomy":"post_tag","embeddable":true,"href":"http:\/\/blogdalucianaoliveira.com.br\/blog\/wp-json\/wp\/v2\/tags?post=32521"}],"curies":[{"name":"wp","href":"https:\/\/api.w.org\/{rel}","templated":true}]}}