{"id":32523,"date":"2021-07-22T10:15:08","date_gmt":"2021-07-22T14:15:08","guid":{"rendered":"http:\/\/blogdalucianaoliveira.com.br\/blog\/?p=32523"},"modified":"2021-07-22T10:15:13","modified_gmt":"2021-07-22T14:15:13","slug":"ministro-da-defesa-faz-ameaca-e-condiciona-eleicoes-de-2022-ao-voto-impresso","status":"publish","type":"post","link":"http:\/\/blogdalucianaoliveira.com.br\/blog\/2021\/07\/22\/ministro-da-defesa-faz-ameaca-e-condiciona-eleicoes-de-2022-ao-voto-impresso\/","title":{"rendered":"Ministro da Defesa faz amea\u00e7a e condiciona elei\u00e7\u00f5es de 2022 ao voto impresso"},"content":{"rendered":"\n<figure class=\"wp-block-image\"><img data-recalc-dims=\"1\" decoding=\"async\" src=\"https:\/\/i0.wp.com\/img.estadao.com.br\/resources\/jpg\/7\/8\/1626917286387.jpg?w=600&#038;ssl=1\" alt=\"ctv-1es-braga-netto\"\/><\/figure>\n\n\n\n<p>General Braga Netto usa interlocutor pol\u00edtico para duro recado: sem \u2018voto audit\u00e1vel\u2019, disposi\u00e7\u00e3o das For\u00e7as \u00e9 que pleito n\u00e3o seja realizado.<\/p>\n\n\n\n<!--more-->\n\n\n\n<p><strong> Andreza Matais e Vera Rosa, O Estado de S.Paulo<\/strong><\/p>\n\n\n\n<p>BRAS\u00cdLIA &#8211; No \u00faltimo dia 8, uma quinta-feira, o presidente da C\u00e2mara,&nbsp;<strong><a href=\"http:\/\/tudo-sobre.estadao.com.br\/arthur-lira\">Arthur Lira<\/a>&nbsp;<\/strong>(Progressistas-AL), recebeu um duro recado do ministro da Defesa,&nbsp;<a href=\"http:\/\/tudo-sobre.estadao.com.br\/walter-braga-netto\"><strong>Walter Braga Netto<\/strong><\/a>, por meio de um importante interlocutor pol\u00edtico. O general pediu para comunicar, a quem interessasse, que n\u00e3o haveria elei\u00e7\u00f5es em 2022, se n\u00e3o houvesse voto impresso e audit\u00e1vel. Ao dar o aviso, o ministro estava acompanhado de chefes militares do Ex\u00e9rcito, da Marinha e da Aeron\u00e1utica.<\/p>\n\n\n\n<p>O presidente\u00a0<a href=\"http:\/\/tudo-sobre.estadao.com.br\/jair-bolsonaro\"><strong>Jair Bolsonaro<\/strong><\/a>\u00a0repetiu publicamente a amea\u00e7a de Braga Netto no mesmo 8 de julho. \u201cOu fazemos elei\u00e7\u00f5es limpas no Brasil ou n\u00e3o temos elei\u00e7\u00f5es\u201d, afirmou Bolsonaro a apoiadores, naquela data, na entrada do Pal\u00e1cio da Alvorada.<\/p>\n\n\n\n<p>A portas fechadas, Lira disse a um seleto grupo que via aquele momento com muita preocupa\u00e7\u00e3o porque a situa\u00e7\u00e3o era \u201cgrav\u00edssima\u201d. Diante da possibilidade de o Congresso rejeitar a proposta de emenda \u00e0 Constitui\u00e7\u00e3o que prev\u00ea o voto impresso \u2013 ainda hoje em tramita\u00e7\u00e3o numa Comiss\u00e3o Especial da C\u00e2mara \u2013, Bolsonaro subia cada vez mais o tom.&nbsp;<\/p>\n\n\n\n<p>Em transmiss\u00e3o ao vivo nas redes sociais, no dia 6 de maio, o presidente j\u00e1 dizia, sem apresentar provas, que o atual sistema de urna eletr\u00f4nica permite fraude. \u201cVai ter voto impresso em 2022 e ponto final. N\u00e3o vou nem falar mais nada. (&#8230;) Se n\u00e3o tiver voto impresso, sinal de que n\u00e3o vai ter a elei\u00e7\u00e3o. Acho que o recado est\u00e1 dado\u201d, afirmou Bolsonaro. O que n\u00e3o se sabia, \u00e0quela altura, \u00e9 que o presidente contava com o apoio da c\u00fapula militar para suas investidas autorit\u00e1rias.<\/p>\n\n\n\n<p> Lira considerou o recado dado por Braga Netto como uma amea\u00e7a de golpe e procurou Bolsonaro. Teve uma longa conversa com ele, no Pal\u00e1cio da Alvorada. De acordo com relatos obtidos pelo\u00a0<strong>Estad\u00e3o<\/strong>, o presidente da C\u00e2mara disse ao chefe do Executivo que n\u00e3o contasse com ele para qualquer ato de ruptura institucional. L\u00edder do Centr\u00e3o, bloco que d\u00e1 sustenta\u00e7\u00e3o ao governo no Congresso, Lira assegurou que iria com Bolsonaro at\u00e9 o fim, com ou sem crise pol\u00edtica, mesmo se fosse para perder a elei\u00e7\u00e3o, mas n\u00e3o admitiria golpe. <\/p>\n\n\n\n<p>Bolsonaro respondeu que nunca havia defendido um golpe. Afirmou, ainda, que respeitava \u201cas quatro linhas da Constitui\u00e7\u00e3o\u201d, como sempre costuma dizer em p\u00fablico. Lira rebateu, observou que o emiss\u00e1rio havia sido muito claro ao dar o alerta e avisou o presidente de que a C\u00e2mara n\u00e3o embarcaria em nada que significasse rompimento com a democracia.<\/p>\n\n\n\n<h3 class=\"wp-block-heading\">Sigilo<\/h3>\n\n\n\n<p>O recado dos militares e a rea\u00e7\u00e3o de Lira s\u00e3o de conhecimento de um restrito grupo da pol\u00edtica e do Judici\u00e1rio com quem o&nbsp;<strong>Estad\u00e3o<\/strong>&nbsp;conversou nas \u00faltimas duas semanas. Pela delicadeza do tema, todos pediram para manter os relatos sob sigilo. Desde segunda-feira o&nbsp;<strong>Estad\u00e3o<\/strong>&nbsp;vem procurando o Minist\u00e9rio da Defesa, mas n\u00e3o obteve respostas para os questionamentos.<\/p>\n\n\n\n<p>\u201cA conversa que eu soube \u00e9 que o ministro da Defesa disse a um dirigente de partido: \u2018A quem interessar, diga que, se n\u00e3o tiver elei\u00e7\u00e3o audit\u00e1vel, n\u00e3o ter\u00e1 elei\u00e7\u00e3o\u2019. Teve um momento de muita tens\u00e3o. N\u00e3o foi brincadeira, n\u00e3o\u201d, descreveu um dos envolvidos no assunto, sob a condi\u00e7\u00e3o de anonimato.&nbsp;<\/p>\n\n\n\n<p>Um ministro do&nbsp;<a href=\"http:\/\/tudo-sobre.estadao.com.br\/stf\"><strong>Supremo Tribunal Federal (STF)<\/strong><\/a>&nbsp;a par dos di\u00e1logos avaliou que o comando militar procurou repetir agora o epis\u00f3dio protagonizado pelo ent\u00e3o comandante do Ex\u00e9rcito,&nbsp;<a href=\"https:\/\/tudo-sobre.estadao.com.br\/eduardo-villas-boas\"><strong>Eduardo Villas B\u00f4as<\/strong><\/a>, que, em post com 239 caracteres publicado no Twitter no dia 3 de abril de 2018, tentou constranger a Corte para que n\u00e3o fosse concedido um habeas corpus ao ex-presidente&nbsp;<a href=\"http:\/\/tudo-sobre.estadao.com.br\/lula\"><strong>Luiz In\u00e1cio Lula da Silva<\/strong><\/a>.<\/p>\n\n\n\n<p>No dia do julgamento que poderia p\u00f4r o petista em liberdade, Villas B\u00f4as escreveu nas redes sociais que o Ex\u00e9rcito brasileiro julgava compartilhar \u201co anseio de todos os cidad\u00e3os de bem de rep\u00fadio \u00e0 impunidade\u201d e se mantinha \u201catento \u00e0s suas miss\u00f5es institucionais\u201d. O Supremo manteve Lula preso. De volta \u00e0 arena pol\u00edtica, o petista \u00e9 hoje o principal advers\u00e1rio de Bolsonaro para as elei\u00e7\u00f5es de 2022.<\/p>\n\n\n\n<p>\u201cOs militares est\u00e3o tentando fazer uma amea\u00e7a, mas, no fundo, ningu\u00e9m est\u00e1 com medo deles. O Arthur (Lira) passou um recado duro. Disse que \u00e9 parceiro at\u00e9 para perder elei\u00e7\u00e3o, mas n\u00e3o para aventura, para ruptura\u201d, confidenciou um magistrado. Para ministros do Supremo, a amea\u00e7a de golpe n\u00e3o passa de um blefe para tentar evitar a investiga\u00e7\u00e3o de militares pela&nbsp;<a href=\"http:\/\/tudo-sobre.estadao.com.br\/cpi-da-covid\"><strong>Comiss\u00e3o Parlamentar de Inqu\u00e9rito (CPI) da Covid<\/strong><\/a>.<\/p>\n\n\n\n<h3 class=\"wp-block-heading\">Comiss\u00e3o<\/h3>\n\n\n\n<p>Na pr\u00e1tica, a escalada da crise pol\u00edtica que culminou com a amea\u00e7a dos militares foi motivada por um epis\u00f3dio. Na \u00faltima semana de junho, os ministros do Supremo&nbsp;<a href=\"http:\/\/tudo-sobre.estadao.com.br\/luis-roberto-barroso\"><strong>Lu\u00eds Roberto Barroso<\/strong><\/a>,&nbsp;<a href=\"http:\/\/tudo-sobre.estadao.com.br\/alexandre-de-morais\"><strong>Alexandre de Moraes<\/strong><\/a>&nbsp;e&nbsp;<a href=\"http:\/\/tudo-sobre.estadao.com.br\/gilmar-mendes\"><strong>Gilmar Mendes<\/strong><\/a>&nbsp;haviam se reunido com dirigentes de 11 partidos. As conversas reverteram a tend\u00eancia de aprova\u00e7\u00e3o do voto impresso na C\u00e2mara.<\/p>\n\n\n\n<p>Os encontros ocorreram ap\u00f3s o&nbsp;<strong>Estad\u00e3o<\/strong>&nbsp;publicar uma enquete mostrando que, ao contr\u00e1rio do que se imaginava, a proposta do voto impresso seria aprovada pela Comiss\u00e3o Especial que analisa o tema. A influ\u00eancia dos ministros nessa reviravolta partid\u00e1ria fez Bolsonaro partir para o ataque contra Barroso, atual presidente do Tribunal Superior Eleitoral (TSE), chamado por ele de \u201cimbecil\u201d e \u201cidiota\u201d.<\/p>\n\n\n\n<p>Al\u00e9m disso, ao mesmo tempo em que o principal projeto de Bolsonaro para obter o segundo mandato era desmontado, a CPI da Covid enveredou por um caminho que apura o poss\u00edvel envolvimento de um n\u00facleo fardado em esquemas de corrup\u00e7\u00e3o nas negocia\u00e7\u00f5es para compra de vacinas pelo Minist\u00e9rio da Sa\u00fade. O movimento de apontar o dedo para os militares foi refor\u00e7ado pelo presidente da CPI, senador&nbsp;<a href=\"http:\/\/tudo-sobre.estadao.com.br\/omar-aziz\"><strong>Omar Aziz<\/strong><\/a>&nbsp;(PSD-AM), para quem as For\u00e7as Armadas t\u00eam um \u201clado podre\u201d.&nbsp;<\/p>\n\n\n\n<p>A resposta veio no dia 7 de julho, 24 horas antes da amea\u00e7a feita por Braga Netto. \u201cAs For\u00e7as Armadas n\u00e3o aceitar\u00e3o qualquer ataque leviano\u201d, dizia nota assinada pelo ministro e pelos comandantes do Ex\u00e9rcito, da Marinha e da Aeron\u00e1utica, em rep\u00fadio a Aziz. Foi tamb\u00e9m naquele dia que&nbsp;<a href=\"http:\/\/tudo-sobre.estadao.com.br\/roberto-ferreira-dias\"><strong>Roberto Ferreira Dias<\/strong><\/a>, ex-diretor do Departamento de Log\u00edstica do Minist\u00e9rio da Sa\u00fade e ex-sargento da Aeron\u00e1utica, foi preso pela CPI. Os senadores agora querem convocar Braga Netto, ap\u00f3s o recesso parlamentar, para explicar a nota \u00e0 comiss\u00e3o.<\/p>\n\n\n\n<p>N\u00e3o foi \u00e0 toa que Lira fez uma s\u00e9rie de posts nas redes sociais em defesa da democracia. Sabe-se agora que foi sua forma de registrar o que havia afirmado para Bolsonaro. Foi tamb\u00e9m nesse contexto que o tema semipresidencialismo&nbsp;<a href=\"https:\/\/politica.estadao.com.br\/noticias\/geral,semipresidencialismo-vira-tatica-contra-impeachment,70003781880\"><strong>entrou de vez na agenda da C\u00e2mara<\/strong><\/a>. Lira conversou com o deputado Samuel Moreira (PSDB-SP) e pediu que ele acelerasse a coleta de assinaturas para a emenda que pode instituir o novo sistema de governo no Pa\u00eds. Para tramitar, a proposta precisa de 171 assinaturas. Adotado em pa\u00edses como Fran\u00e7a e Portugal, o modelo tira poderes do presidente.<\/p>\n\n\n\n<h3 class=\"wp-block-heading\">Afinidade<\/h3>\n\n\n\n<p>Braga Netto assumiu a Defesa ap\u00f3s Bolsonaro&nbsp;<a href=\"https:\/\/politica.estadao.com.br\/noticias\/geral,ministro-da-defesa-entrega-carta-de-demissao-,70003664268\"><strong>demitir o ministro Fernando Azevedo e Silva<\/strong><\/a>,&nbsp;<a href=\"https:\/\/politica.estadao.com.br\/noticias\/geral,nos-quarteis-comandantes-agem-para-acalmar-tropa-apos-troca-da-cupula-militar-leia-os-bastidores,70003667501\"><strong>e toda a c\u00fapula militar<\/strong><\/a>, na esteira da tentativa de politiza\u00e7\u00e3o das For\u00e7as Armadas. \u00c0 sa\u00edda, Azevedo disse em nota que as For\u00e7as n\u00e3o compartilhavam com atitudes inconstitucionais.&nbsp;<\/p>\n\n\n\n<p>Foi a afinidade entre Bolsonaro e Braga Netto que levou o general para a Defesa. Antes, ele comandava a Casa Civil. Seu sucessor e padrinho de indica\u00e7\u00e3o, general&nbsp;<a href=\"https:\/\/tudo-sobre.estadao.com.br\/luiz-eduardo-ramos-baptista-pereira\"><strong>Luiz Eduardo Ramos<\/strong><\/a>&nbsp;\u2013 hoje de sa\u00edda da pasta \u2013 tem defendido publicamente o voto audit\u00e1vel para dar \u201cmais transpar\u00eancia \u00e0 elei\u00e7\u00e3o e fortalecer a democracia\u201d.<\/p>\n\n\n\n<p>O comandante da Aeron\u00e1utica tamb\u00e9m. No \u00faltimo dia 7, o brigadeiro Carlos de Almeida Baptista Junior curtiu um post no qual um internauta pedia interven\u00e7\u00e3o das For\u00e7as Armadas para aprovar esse sistema. \u201cComandante, obrigado pelo canal de comunica\u00e7\u00e3o. Precisamos do voto impresso audit\u00e1vel. Voc\u00eas precisam impor o voto audit\u00e1vel\u201d, dizia a mensagem.<\/p>\n","protected":false},"excerpt":{"rendered":"<p>General Braga Netto usa interlocutor pol\u00edtico para duro recado: sem \u2018voto audit\u00e1vel\u2019, disposi\u00e7\u00e3o das For\u00e7as \u00e9 que pleito n\u00e3o seja realizado.<\/p>\n","protected":false},"author":1,"featured_media":0,"comment_status":"closed","ping_status":"open","sticky":false,"template":"","format":"standard","meta":{"_exactmetrics_skip_tracking":false,"_exactmetrics_sitenote_active":false,"_exactmetrics_sitenote_note":"","_exactmetrics_sitenote_category":0,"jetpack_post_was_ever_published":false,"_jetpack_newsletter_access":"","_jetpack_dont_email_post_to_subs":false,"_jetpack_newsletter_tier_id":0,"_jetpack_memberships_contains_paywalled_content":false,"_jetpack_memberships_contains_paid_content":false,"footnotes":"","jetpack_publicize_message":"","jetpack_publicize_feature_enabled":true,"jetpack_social_post_already_shared":true,"jetpack_social_options":{"image_generator_settings":{"template":"highway","enabled":false},"version":2}},"categories":[1],"tags":[],"class_list":["post-32523","post","type-post","status-publish","format-standard","hentry","category-notas"],"jetpack_publicize_connections":[],"jetpack_sharing_enabled":true,"jetpack_featured_media_url":"","jetpack_shortlink":"https:\/\/wp.me\/p7wKYW-8sz","jetpack-related-posts":[],"_links":{"self":[{"href":"http:\/\/blogdalucianaoliveira.com.br\/blog\/wp-json\/wp\/v2\/posts\/32523","targetHints":{"allow":["GET"]}}],"collection":[{"href":"http:\/\/blogdalucianaoliveira.com.br\/blog\/wp-json\/wp\/v2\/posts"}],"about":[{"href":"http:\/\/blogdalucianaoliveira.com.br\/blog\/wp-json\/wp\/v2\/types\/post"}],"author":[{"embeddable":true,"href":"http:\/\/blogdalucianaoliveira.com.br\/blog\/wp-json\/wp\/v2\/users\/1"}],"replies":[{"embeddable":true,"href":"http:\/\/blogdalucianaoliveira.com.br\/blog\/wp-json\/wp\/v2\/comments?post=32523"}],"version-history":[{"count":1,"href":"http:\/\/blogdalucianaoliveira.com.br\/blog\/wp-json\/wp\/v2\/posts\/32523\/revisions"}],"predecessor-version":[{"id":32524,"href":"http:\/\/blogdalucianaoliveira.com.br\/blog\/wp-json\/wp\/v2\/posts\/32523\/revisions\/32524"}],"wp:attachment":[{"href":"http:\/\/blogdalucianaoliveira.com.br\/blog\/wp-json\/wp\/v2\/media?parent=32523"}],"wp:term":[{"taxonomy":"category","embeddable":true,"href":"http:\/\/blogdalucianaoliveira.com.br\/blog\/wp-json\/wp\/v2\/categories?post=32523"},{"taxonomy":"post_tag","embeddable":true,"href":"http:\/\/blogdalucianaoliveira.com.br\/blog\/wp-json\/wp\/v2\/tags?post=32523"}],"curies":[{"name":"wp","href":"https:\/\/api.w.org\/{rel}","templated":true}]}}