{"id":32525,"date":"2021-07-22T10:24:03","date_gmt":"2021-07-22T14:24:03","guid":{"rendered":"http:\/\/blogdalucianaoliveira.com.br\/blog\/?p=32525"},"modified":"2021-07-22T10:24:07","modified_gmt":"2021-07-22T14:24:07","slug":"capita-cloroquina-disse-que-enviou-perguntas-para-governistas-da-cpi-fazerem-a-ela","status":"publish","type":"post","link":"http:\/\/blogdalucianaoliveira.com.br\/blog\/2021\/07\/22\/capita-cloroquina-disse-que-enviou-perguntas-para-governistas-da-cpi-fazerem-a-ela\/","title":{"rendered":"&#8216;Capit\u00e3 cloroquina&#8217; disse que enviou perguntas para governistas da CPI fazerem a ela"},"content":{"rendered":"\n<figure class=\"wp-block-image\"><img data-recalc-dims=\"1\" decoding=\"async\" src=\"https:\/\/i0.wp.com\/f.i.uol.com.br\/fotografia\/2021\/05\/25\/162196932360ad49ab7c3c5_1621969323_3x2_rt.jpg?w=600&#038;ssl=1\" alt=\"\"\/><\/figure>\n\n\n\n<p><strong>Folha de S\u00e3o Paulo<\/strong> &#8211; A secret\u00e1ria da Gest\u00e3o do Trabalho e da Educa\u00e7\u00e3o do Minist\u00e9rio da Sa\u00fade, Mayra Pinheiro, afirmou ter enviado a senadores governistas da CPI da Covid perguntas para que eles fizessem a ela durante o depoimento que prestou \u00e0 comiss\u00e3o.<\/p>\n\n\n\n<!--more-->\n\n\n\n<p>&#8220;Eles jogam para eu fazer o gol&#8221;, resumiu a servidora, conhecida como &#8220;capit\u00e3 cloroquina&#8221;, em uma conversa em que ela se preparava para&nbsp;<a href=\"https:\/\/aovivo.folha.uol.com.br\/poder\/2021\/05\/25\/5991-conhecida-como-capita-cloroquina-secretaria-do-ministerio-da-saude-fala-agora-a-cpi-acompanhe.shtml\">o depoimento, dado em 25 de maio<\/a>.<\/p>\n\n\n\n<p>V\u00eddeo com a conversa foi obtido pela CPI na quebra de sigilo da servidora. O link para a conversa estava em sua caixa de email.<\/p>\n\n\n\n<p>\u201cA gente tem um grupo que nos apoia, que acredita no nosso trabalho. Esse grupo tem que fazer perguntas, no direito que eles t\u00eam de interrogar o depoente, que nos ajudem no nosso discurso. Ent\u00e3o, que perguntas eu posso dar para esses senadores fazerem a mim. Entendeu? Eles jogam para eu fazer o gol. Eles chutam para eu fazer o gol\u201d, disse Mayra a um epidemiologista que participou da conversa.<\/p>\n\n\n\n<p>Ela afirmou ainda que j\u00e1 havia enviado dez perguntas aos senadores governistas. Entre outras, afirma ter pedido para que eles fizessem perguntas sobre sua forma\u00e7\u00e3o, as atividades que desempenhou no Minist\u00e9rio da Sa\u00fade e os esfor\u00e7os da sua secretaria no enfrentamento \u00e0 Covid-19.<\/p>\n\n\n\n<p>\u201cS\u00e3o cinco senadores que v\u00e3o jogar com a gente. Eu preciso dar perguntas a eles para eles interrogarem, cuja resposta seja a oportunidade de eu falar. Certo? Faz o que o senhor achar que pode. A gente tem cinco senadores, cada um tem 15 minutos para me perguntar o que eles quiserem. Ent\u00e3o a gente tem 15 minutos vezes 5.\u201d<\/p>\n\n\n\n<p>O link da grava\u00e7\u00e3o aparece em um email encaminhado a Mayra pelo epidemiologista Regis Bruni Andriolo, \u2014que defende o chamado tratamento precoce, descartado pela comunidade cient\u00edfica\u2014, dias antes do depoimento dela.<\/p>\n\n\n\n<p>No v\u00eddeo aparecem Mayra Pinheiro, o epidemiologista e H\u00e9lio Angotti Neto, secret\u00e1rio de Ci\u00eancia, Tecnologia, Inova\u00e7\u00e3o e Insumos Estrat\u00e9gicos do Minist\u00e9rio da Sa\u00fade. A inten\u00e7\u00e3o declarada por eles era organizar as publica\u00e7\u00f5es cient\u00edficas a favor do tratamento precoce para que Mayra os usasse no depoimento.<\/p>\n\n\n\n<p>\u201cQual \u00e9 a bala de prata que eu posso levar estampada num cartaz para dizer aos senadores: &#8216;Est\u00e1 aqui a prova estat\u00edstica que tenho at\u00e9 hoje que hidroxicloroquina, que ivermectina funcionam&#8217;. O que eu posso visualmente colocar numa apresenta\u00e7\u00e3o para entregar a cada um dos senadores que me d\u00ea essa certeza que eu posso manter o meu discurso. Entendeu?&#8221;<\/p>\n\n\n\n<p>E continua: \u201cO que que eu posso levar. O que a gente aprontar de um desenhozinho, literalmente um desenho porque eles s\u00e3o leigos, nenhum deles entende o que o senhor explicou para a gente, mas eles levam um bocado de papel que a milit\u00e2ncia da esquerda est\u00e1 dando e ficam assim: olha aqui dra. Mayra, um artigo tal\u201d.<\/p>\n\n\n\n<p>Em outro trecho, ela ironiza o pr\u00f3prio apelido, dizendo que o colega do minist\u00e9rio \u00e9 &#8220;o olavista&#8221; \u2014ele tinha um livro do bolsonarista Olavo de Carvalho em sua estante\u2014 e ela, a &#8220;capit\u00e3 cloroquina&#8221;.<\/p>\n\n\n\n<p>Em outro ponto, diz: &#8220;Eu vou ser a primeira pessoa que vai para a CPI para falar de tratamento precoce. Especificamente o que eles v\u00e3o me falar \u00e9 tratamento precoce, porque eu sou a dra. cloroquina. Ent\u00e3o eu j\u00e1 sou estigmatizada, criaram uma caricatura minha. A imprensa usou isso 44 vezes em uma semana em publica\u00e7\u00f5es&#8221;.<\/p>\n\n\n\n<p>Mayra tamb\u00e9m sugeriu que poderia arrumar um cargo para o epidemiologista, mesmo ele n\u00e3o tendo sinalizado se tinha ou n\u00e3o interesse em trabalhar na pasta.<\/p>\n\n\n\n<figure class=\"wp-block-image\"><a href=\"https:\/\/fotografia.folha.uol.com.br\/galerias\/1702315483641283-quem-e-quem-no-gabinete-paralelo-da-saude-de-bolsonaro\"><img data-recalc-dims=\"1\" decoding=\"async\" src=\"https:\/\/i0.wp.com\/f.i.uol.com.br\/fotografia\/2021\/06\/11\/162345456260c3f362d7712_1623454562_3x2_md.jpg?w=600&#038;ssl=1\" alt=\"Poss\u00edveis membros do gabinete paralelo da Sa\u00fade de Bolsonaro\"\/><\/a><figcaption><a href=\"https:\/\/fotografia.folha.uol.com.br\/galerias\/1702315483641283-quem-e-quem-no-gabinete-paralelo-da-saude-de-bolsonaro\">Poss\u00edveis membros do gabinete paralelo da Sa\u00fade de Bolsonaro<\/a><\/figcaption><\/figure>\n\n\n\n<p>Em&nbsp;<a href=\"https:\/\/aovivo.folha.uol.com.br\/poder\/2021\/05\/25\/5991-conhecida-como-capita-cloroquina-secretaria-do-ministerio-da-saude-fala-agora-a-cpi-acompanhe.shtml#post408416\">depoimento \u00e0 CPI da Covid<\/a>, a secret\u00e1ria fez defesa ferrenha do uso da hidroxicloroquina, medicamento sem efic\u00e1cia comprovada para tratamento da Covid-19, e admitiu que a pasta federal orientou m\u00e9dicos de todo o pa\u00eds para que adotassem o tratamento precoce.<\/p>\n\n\n\n<p><a href=\"https:\/\/www1.folha.uol.com.br\/poder\/2021\/05\/quem-e-mayra-pinheiro-a-capita-cloroquina-secretaria-do-ministerio-da-saude-que-depoe-nesta-terca.shtml\">Mayra&nbsp;<\/a>tamb\u00e9m apresentou vers\u00f5es que conflitam com as apresentadas \u00e0 comiss\u00e3o pelo ex-ministro da Sa\u00fade Eduardo Pazuello, em particular sobre a crise em Manaus e a plataforma TrateCov.<\/p>\n\n\n\n<p>Mayra \u00e9 investigada em a\u00e7\u00e3o que corre em segredo na Justi\u00e7a do Amazonas. Ela confirmou ter dito \u00e0 Secretaria de Sa\u00fade do estado que era inadmiss\u00edvel n\u00e3o adotar a orienta\u00e7\u00e3o da pasta sobre a utiliza\u00e7\u00e3o desses medicamentos \u2014ineficazes no enfrentamento da doen\u00e7a, segundo estudos.<\/p>\n\n\n\n<p>Essa n\u00e3o \u00e9 a primeira vez que membros do governo enviam perguntas a senadores governistas. O senador Ciro Nogueira (PP-PI) questionou o ex-ministro Luiz Henrique Mandetta, durante depoimento \u00e0 CPI da Covid, sobre sua orienta\u00e7\u00e3o inicial para as pessoas evitarem buscar hospitais se acometidas de sintomas leves da Covid-19.<\/p>\n\n\n\n<p>Mandetta ent\u00e3o apontou que a pergunta lida pelo senador&nbsp;<a href=\"https:\/\/www1.folha.uol.com.br\/colunas\/painel\/2021\/05\/em-comissao-da-camara-deputados-querem-questionar-ministro-de-bolsonaro-sobre-perguntas-para-mandetta.shtml\">tinha sido elaborada pelo ministro das Comunica\u00e7\u00f5es, F\u00e1bio Faria, que encaminhou o texto por engano ao ex-ministro<\/a>.<\/p>\n\n\n\n<p>&#8220;Senador Ciro Nogueira, ontem [segunda-feira] eu recebi essa pergunta, exatamente nessa \u00edntegra, do ministro Fabio Faria, que ele inadvertidamente mandou para mim a pergunta. Quando eu ia responder, ele apagou a mensagem. Ent\u00e3o vou responder para o senhor, mas tamb\u00e9m para o meu amigo, que foi parlamentar comigo, ministro F\u00e1bio Faria&#8221;, afirmou Mandetta.<\/p>\n\n\n\n<p>Nogueira j\u00e1 havia apresentado requerimentos de convoca\u00e7\u00f5es para participa\u00e7\u00e3o na CPI que foram redigidos por uma servidora da Secretaria de Governo da Presid\u00eancia da Rep\u00fablica.<\/p>\n\n\n\n<p>Nem Mayra nem o Minist\u00e9rio da Sa\u00fade responderam aos contatos da reportagem.\u00a0<\/p>\n\n\n\n<figure class=\"wp-block-embed-youtube wp-block-embed is-type-video is-provider-youtube wp-embed-aspect-16-9 wp-has-aspect-ratio\"><div class=\"wp-block-embed__wrapper\">\n<div class=\"jetpack-video-wrapper\"><iframe loading=\"lazy\" title=\"Mayra Pinheiro diz em v\u00eddeo que enviou perguntas a senadores da CPI antes de depoimento\" width=\"600\" height=\"338\" src=\"https:\/\/www.youtube.com\/embed\/2kj-oSbEAQ4?feature=oembed\" frameborder=\"0\" allow=\"accelerometer; autoplay; clipboard-write; encrypted-media; gyroscope; picture-in-picture; web-share\" referrerpolicy=\"strict-origin-when-cross-origin\" allowfullscreen><\/iframe><\/div>\n<\/div><\/figure>\n","protected":false},"excerpt":{"rendered":"<p>Folha de S\u00e3o Paulo &#8211; A secret\u00e1ria da Gest\u00e3o do Trabalho e da Educa\u00e7\u00e3o do Minist\u00e9rio da Sa\u00fade, Mayra Pinheiro, afirmou ter enviado a senadores governistas da CPI da Covid perguntas para que eles fizessem a ela durante o depoimento que prestou \u00e0 comiss\u00e3o.<\/p>\n","protected":false},"author":1,"featured_media":0,"comment_status":"closed","ping_status":"open","sticky":false,"template":"","format":"standard","meta":{"_exactmetrics_skip_tracking":false,"_exactmetrics_sitenote_active":false,"_exactmetrics_sitenote_note":"","_exactmetrics_sitenote_category":0,"jetpack_post_was_ever_published":false,"_jetpack_newsletter_access":"","_jetpack_dont_email_post_to_subs":false,"_jetpack_newsletter_tier_id":0,"_jetpack_memberships_contains_paywalled_content":false,"_jetpack_memberships_contains_paid_content":false,"footnotes":"","jetpack_publicize_message":"","jetpack_publicize_feature_enabled":true,"jetpack_social_post_already_shared":true,"jetpack_social_options":{"image_generator_settings":{"template":"highway","enabled":false},"version":2}},"categories":[1],"tags":[],"class_list":["post-32525","post","type-post","status-publish","format-standard","hentry","category-notas"],"jetpack_publicize_connections":[],"jetpack_sharing_enabled":true,"jetpack_featured_media_url":"","jetpack_shortlink":"https:\/\/wp.me\/p7wKYW-8sB","jetpack-related-posts":[],"_links":{"self":[{"href":"http:\/\/blogdalucianaoliveira.com.br\/blog\/wp-json\/wp\/v2\/posts\/32525","targetHints":{"allow":["GET"]}}],"collection":[{"href":"http:\/\/blogdalucianaoliveira.com.br\/blog\/wp-json\/wp\/v2\/posts"}],"about":[{"href":"http:\/\/blogdalucianaoliveira.com.br\/blog\/wp-json\/wp\/v2\/types\/post"}],"author":[{"embeddable":true,"href":"http:\/\/blogdalucianaoliveira.com.br\/blog\/wp-json\/wp\/v2\/users\/1"}],"replies":[{"embeddable":true,"href":"http:\/\/blogdalucianaoliveira.com.br\/blog\/wp-json\/wp\/v2\/comments?post=32525"}],"version-history":[{"count":1,"href":"http:\/\/blogdalucianaoliveira.com.br\/blog\/wp-json\/wp\/v2\/posts\/32525\/revisions"}],"predecessor-version":[{"id":32526,"href":"http:\/\/blogdalucianaoliveira.com.br\/blog\/wp-json\/wp\/v2\/posts\/32525\/revisions\/32526"}],"wp:attachment":[{"href":"http:\/\/blogdalucianaoliveira.com.br\/blog\/wp-json\/wp\/v2\/media?parent=32525"}],"wp:term":[{"taxonomy":"category","embeddable":true,"href":"http:\/\/blogdalucianaoliveira.com.br\/blog\/wp-json\/wp\/v2\/categories?post=32525"},{"taxonomy":"post_tag","embeddable":true,"href":"http:\/\/blogdalucianaoliveira.com.br\/blog\/wp-json\/wp\/v2\/tags?post=32525"}],"curies":[{"name":"wp","href":"https:\/\/api.w.org\/{rel}","templated":true}]}}