{"id":32527,"date":"2021-07-22T10:28:43","date_gmt":"2021-07-22T14:28:43","guid":{"rendered":"http:\/\/blogdalucianaoliveira.com.br\/blog\/?p=32527"},"modified":"2021-07-22T10:28:48","modified_gmt":"2021-07-22T14:28:48","slug":"molon-quem-realiza-eleicao-nao-e-o-exercito-nao-e-a-marinha-nao-e-a-aeronautica-e-o-tse","status":"publish","type":"post","link":"http:\/\/blogdalucianaoliveira.com.br\/blog\/2021\/07\/22\/molon-quem-realiza-eleicao-nao-e-o-exercito-nao-e-a-marinha-nao-e-a-aeronautica-e-o-tse\/","title":{"rendered":"Molon: &#8216;quem realiza elei\u00e7\u00e3o n\u00e3o \u00e9 o Ex\u00e9rcito, n\u00e3o \u00e9 a Marinha, n\u00e3o \u00e9 a Aeron\u00e1utica, \u00e9 o TSE&#8217;"},"content":{"rendered":"\n<figure class=\"wp-block-image\"><img data-recalc-dims=\"1\" decoding=\"async\" src=\"https:\/\/i0.wp.com\/publisher-publish.s3.eu-central-1.amazonaws.com\/pb-brasil247\/swp\/jtjeq9\/media\/20210722100716_c95375862840573fc39d7b0b33e1e13defb7cf78fb286d42e7543fa155f09b41.jpg?w=600&#038;ssl=1\" alt=\"Alessandro Molon e Braga Netto\"\/><figcaption><br><\/figcaption><\/figure>\n\n\n\n<p><strong>247 &#8211;\u00a0<\/strong>O l\u00edder da oposi\u00e7\u00e3o na C\u00e2mara, deputado federal Alessandro Molon (PSB-RJ), disse ser &#8220;grav\u00edssima&#8221; a amea\u00e7a do ministro da Defesa, Walter Braga Netto, de que as elei\u00e7\u00f5es de 2022 s\u00f3 ocorrer\u00e3o se a proposta do voto impresso e audit\u00e1vel for aprovada pelo Congresso.\u00a0<br><\/p>\n\n\n\n<!--more-->\n\n\n\n<p>&#8220;Quem realiza elei\u00e7\u00e3o n\u00e3o \u00e9 o Ex\u00e9rcito, n\u00e3o \u00e9 a Marinha, n\u00e3o \u00e9 a Aeron\u00e1utica, \u00e9 o TSE (Tribunal Superior Eleitoral), e elas acontecer\u00e3o. Infelizmente, tem gente que ainda est\u00e1 com a cabe\u00e7a de 1964, que acha que o pa\u00eds toleraria um golpe, que h\u00e1 margem da opini\u00e3o p\u00fablica para esse tipo de conduta&#8221;, disse Molon em entrevista ao UOL.&nbsp;<\/p>\n\n\n\n<p>O parlamentar disse, ainda, que se for verdade o que diz a reportagem do Jornal O Estado de S. Paulo sobre a amea\u00e7a, o militar teria adotado uma conduta \u00e0 margem da Constitui\u00e7\u00e3o, uma vez que as For\u00e7as Armadas possuem a obriga\u00e7\u00e3o constitucional de defender a ordem e proteger os direitos dos cidad\u00e3os, e n\u00e3o determinar o que o Congresso deve fazer.<br><\/p>\n\n\n\n<p>&#8220;N\u00f3s n\u00e3o aceitaremos, o pa\u00eds n\u00e3o aceitar\u00e1 isso. Haver\u00e1 voto impresso se assim o Congresso decidir. Se o Congresso decidir que n\u00e3o haver\u00e1 voto impresso, n\u00e3o haver\u00e1 voto impresso, e n\u00e3o ser\u00e1 o ministro da Defesa que dir\u00e1 o que o Congresso tem de fazer&#8221;, afirmou Molon.\u00a0<br><\/p>\n","protected":false},"excerpt":{"rendered":"<p>247 &#8211;\u00a0O l\u00edder da oposi\u00e7\u00e3o na C\u00e2mara, deputado federal Alessandro Molon (PSB-RJ), disse ser &#8220;grav\u00edssima&#8221; a amea\u00e7a do ministro da Defesa, Walter Braga Netto, de que as elei\u00e7\u00f5es de 2022 s\u00f3 ocorrer\u00e3o se a proposta do voto impresso e audit\u00e1vel for aprovada pelo Congresso.\u00a0<\/p>\n","protected":false},"author":1,"featured_media":0,"comment_status":"closed","ping_status":"open","sticky":false,"template":"","format":"standard","meta":{"_exactmetrics_skip_tracking":false,"_exactmetrics_sitenote_active":false,"_exactmetrics_sitenote_note":"","_exactmetrics_sitenote_category":0,"jetpack_post_was_ever_published":false,"_jetpack_newsletter_access":"","_jetpack_dont_email_post_to_subs":false,"_jetpack_newsletter_tier_id":0,"_jetpack_memberships_contains_paywalled_content":false,"_jetpack_memberships_contains_paid_content":false,"footnotes":"","jetpack_publicize_message":"","jetpack_publicize_feature_enabled":true,"jetpack_social_post_already_shared":true,"jetpack_social_options":{"image_generator_settings":{"template":"highway","enabled":false},"version":2}},"categories":[1],"tags":[],"class_list":["post-32527","post","type-post","status-publish","format-standard","hentry","category-notas"],"jetpack_publicize_connections":[],"jetpack_sharing_enabled":true,"jetpack_featured_media_url":"","jetpack_shortlink":"https:\/\/wp.me\/p7wKYW-8sD","jetpack-related-posts":[],"_links":{"self":[{"href":"http:\/\/blogdalucianaoliveira.com.br\/blog\/wp-json\/wp\/v2\/posts\/32527","targetHints":{"allow":["GET"]}}],"collection":[{"href":"http:\/\/blogdalucianaoliveira.com.br\/blog\/wp-json\/wp\/v2\/posts"}],"about":[{"href":"http:\/\/blogdalucianaoliveira.com.br\/blog\/wp-json\/wp\/v2\/types\/post"}],"author":[{"embeddable":true,"href":"http:\/\/blogdalucianaoliveira.com.br\/blog\/wp-json\/wp\/v2\/users\/1"}],"replies":[{"embeddable":true,"href":"http:\/\/blogdalucianaoliveira.com.br\/blog\/wp-json\/wp\/v2\/comments?post=32527"}],"version-history":[{"count":1,"href":"http:\/\/blogdalucianaoliveira.com.br\/blog\/wp-json\/wp\/v2\/posts\/32527\/revisions"}],"predecessor-version":[{"id":32528,"href":"http:\/\/blogdalucianaoliveira.com.br\/blog\/wp-json\/wp\/v2\/posts\/32527\/revisions\/32528"}],"wp:attachment":[{"href":"http:\/\/blogdalucianaoliveira.com.br\/blog\/wp-json\/wp\/v2\/media?parent=32527"}],"wp:term":[{"taxonomy":"category","embeddable":true,"href":"http:\/\/blogdalucianaoliveira.com.br\/blog\/wp-json\/wp\/v2\/categories?post=32527"},{"taxonomy":"post_tag","embeddable":true,"href":"http:\/\/blogdalucianaoliveira.com.br\/blog\/wp-json\/wp\/v2\/tags?post=32527"}],"curies":[{"name":"wp","href":"https:\/\/api.w.org\/{rel}","templated":true}]}}