{"id":32529,"date":"2021-07-22T10:32:09","date_gmt":"2021-07-22T14:32:09","guid":{"rendered":"http:\/\/blogdalucianaoliveira.com.br\/blog\/?p=32529"},"modified":"2021-07-22T10:32:15","modified_gmt":"2021-07-22T14:32:15","slug":"frente-brasil-popular-ve-como-positiva-incorporacao-da-direita-democratica-no-24j-sera-maior","status":"publish","type":"post","link":"http:\/\/blogdalucianaoliveira.com.br\/blog\/2021\/07\/22\/frente-brasil-popular-ve-como-positiva-incorporacao-da-direita-democratica-no-24j-sera-maior\/","title":{"rendered":"Frente Brasil Popular v\u00ea como positiva incorpora\u00e7\u00e3o da direita democr\u00e1tica no 24J: &#8220;ser\u00e1 maior&#8221;"},"content":{"rendered":"\n<figure class=\"wp-block-image\"><img data-recalc-dims=\"1\" decoding=\"async\" src=\"https:\/\/i0.wp.com\/images01.brasildefato.com.br\/5e4989569f6139c75a76cc203cd37a4d.jpeg?w=600&#038;ssl=1\" alt=\"\"\/><\/figure>\n\n\n\n<h4 class=\"wp-block-heading\">Para deputado do PSOL, \u201cimportante \u00e9 uma grande manifesta\u00e7\u00e3o contra o bolsonarismo\u201d<\/h4>\n\n\n\n<!--more-->\n\n\n\n<p>Eduardo Maretti\u00a0<a rel=\"noreferrer noopener\" target=\"_blank\" href=\"https:\/\/www.redebrasilatual.com.br\/politica\/2021\/07\/organizadores-trabalham-por-24j-maior-quanto-mais-amplo-melhor\/\">Rede Brasil Atual<\/a><\/p>\n\n\n\n<p><a href=\"https:\/\/www.brasildefato.com.br\/2021\/07\/21\/24j-por-vacina-emprego-e-auxilio-tem-mais-de-200-locais-confirmados\" target=\"_blank\" rel=\"noreferrer noopener\">As manifesta\u00e7\u00f5es do #24J nas ruas do pa\u00eds<\/a>&nbsp;no pr\u00f3ximo s\u00e1bado pelo impeachment de Bolsonaro tiveram confirmados, at\u00e9 quarta-feira (21) \u00e0 noite, 294 atos em 285 cidades de 15 pa\u00edses. Entres os organizadores est\u00e3o as frentes Brasil Popular e Povo sem Medo, que, juntas, agregam mais de um centena de organiza\u00e7\u00f5es sociais. A Campanha Nacional Fora Bolsonaro, criada em junho de 2020, re\u00fane ainda as centrais sindicais e diversos partidos, como PT, PSB, PDT, PSOL, PCdoB, PSTU, PCB, PCO e UP.<\/p>\n\n\n\n<p>Al\u00e9m disso, algumas das principais lideran\u00e7as dessas agremia\u00e7\u00f5es e entidades tratam como positiva a ades\u00e3o aos protestos de representantes de&nbsp;<a href=\"https:\/\/www.brasildefato.com.br\/2021\/07\/22\/com-2022-se-aproximando-direita-volta-as-ruas-e-pede-uniao-contra-bolsonaro\" target=\"_blank\" rel=\"noreferrer noopener\">espectros pol\u00edticos para al\u00e9m da esquerda<\/a>.<\/p>\n\n\n\n<p>\u201cA urg\u00eancia \u00e9 remover o atual presidente da Rep\u00fablica e estancar a destrui\u00e7\u00e3o que seu governo promove no pa\u00eds\u201d, avaliam pessoas ouvidas pela RBA. Aux\u00edlio emergencial de R$ 600 e vacina contra a covid-19 para toda a popula\u00e7\u00e3o s\u00e3o bandeiras do #24J.<br><\/p>\n\n\n\n<p>\u201cAvalio como positivo que setores da direita democr\u00e1tica se incorporem \u00e0s manifesta\u00e7\u00f5es. Seja motivados pelos crimes de responsabilidade e contra democracia, seja pela sabotagem do governo Bolsonaro ao combate \u00e0 covid\u201d, diz Raimundo Bonfim, coordenador nacional da Central de Movimentos Populares (CMP) e da Frente Brasil Popular.<\/p>\n\n\n\n<p>\u201cSe a esquerda saiu na frente, cabe \u00e0 direita tamb\u00e9m entrar. As ruas s\u00e3o democr\u00e1ticas\u201d, acrescenta.<\/p>\n\n\n\n<p>Na opini\u00e3o do deputado federal Ivan Valente (Psol-SP), o mais importante na atual conjuntura \u00e9 \u201cfazer uma grande manifesta\u00e7\u00e3o contra o&nbsp;<a href=\"https:\/\/www.brasildefato.com.br\/2021\/07\/15\/as-urnas-e-a-democracia-o-que-revela-a-demanda-bolsonarista-pelo-voto-impresso\" target=\"_blank\" rel=\"noreferrer noopener\">bolsonarismo<\/a>\u201d.<\/p>\n\n\n\n<p>Para ele, se a hegemonia da organiza\u00e7\u00e3o e mobiliza\u00e7\u00e3o \u00e9 da esquerda, e mesmo que os partidos conservadores, enquanto institui\u00e7\u00f5es, n\u00e3o se manifestem oficialmente, ser\u00e3o bem-vindas as pessoas individualmente, figuras p\u00fablicas, cidad\u00e3os e cidad\u00e3s, independentemente das cores partid\u00e1rias. \u201cN\u00e3o tem problema nenhum. Quanto mais amplo, melhor\u201d, afirma.<\/p>\n\n\n\n<figure class=\"wp-block-image\"><img data-recalc-dims=\"1\" decoding=\"async\" src=\"https:\/\/i0.wp.com\/cdn.brasildefato.com.br\/media\/014ae579bb0afde49d24cf4f2e1b39fd.jpg?w=600&#038;ssl=1\" alt=\"\"\/><\/figure>\n\n\n\n<p><br>Ivan Valente, parlamentar do PSOL: &#8220;Quanto mais amplo, melhor&#8221; \/ Ag\u00eancia Brasil<\/p>\n\n\n\n<p>\u201cQuem quiser somar deve ir\u201d<\/p>\n\n\n\n<p>\u201cO PSDB, por exemplo, tem baixa capacidade de mobiliza\u00e7\u00e3o. As grandes figuras n\u00e3o est\u00e3o indo mesmo. Claro que o PSDB esteve envolvido no golpe institucional de 2018. Mas agora o principal \u00e9 se chegar ao impeachment de Bolsonaro ou a sua derrocada. Quem quiser somar nessa dire\u00e7\u00e3o, deve ir ao ato\u201d, pondera o parlamentar do Psol. \u201cN\u00e3o tem sentido querer fazer um ato s\u00f3 do campo de esquerdas. E quem n\u00e3o quer impeachment de Bolsonaro n\u00e3o vai estar l\u00e1 mesmo.\u201d<\/p>\n\n\n\n<p><strong><a href=\"https:\/\/www.brasildefato.com.br\/2021\/07\/04\/joao-pedro-stedile-ressalta-adesao-do-psdb-ao-fora-bolsonaro-esta-caindo-a-ficha\" target=\"_blank\" rel=\"noreferrer noopener\">::Jo\u00e3o Pedro Stedile ressalta ades\u00e3o do PSDB ao Fora Bolsonaro: &#8220;Est\u00e1 caindo a ficha&#8221;::<\/a><\/strong><\/p>\n\n\n\n<p>Na opini\u00e3o de Bonfim, embora a presen\u00e7a de figuras da esquerda \u00e0 direita democr\u00e1tica seja positiva para somar for\u00e7as contra o mal maior, ainda \u00e9 \u201cmuito t\u00edmida\u201d a disposi\u00e7\u00e3o do PSDB. Em 3 de julho, filiados do partido na cidade de S\u00e3o Paulo participaram das manifesta\u00e7\u00f5es. Na ocasi\u00e3o, o presidente do diret\u00f3rio municipal, Fernando Alfredo, afirmou que os tucanos foram \u00e0 rua \u201cpara pedir o impeachment do Bolsonaro\u201d.<\/p>\n\n\n\n<figure class=\"wp-block-image\"><img data-recalc-dims=\"1\" decoding=\"async\" src=\"https:\/\/i0.wp.com\/images03.brasildefato.com.br\/8df53488ebd57e33f8bb5215ad1b74e4.jpeg?w=600&#038;ssl=1\" alt=\"\"\/><\/figure>\n\n\n\n<p><br>Raimundo Bonfim: &#8220;Ainda \u00e9 muito t\u00edmida a disposi\u00e7\u00e3o do PSDB para impeachment&#8221; \/ Roberto Parizotti<\/p>\n\n\n\n<p>Alfredo se coloca como oposi\u00e7\u00e3o ao presidente. O PSDB tem 33 deputados federais e at\u00e9 o momento nenhum deles, a n\u00e3o ser, ironicamente, Alexandre Frota (SP), se posicionou a favor do impeachment, como fez at\u00e9 mesmo o partido Novo, do ex-banqueiro Jo\u00e3o Amo\u00eado. \u201cO PSDB tampouco sinaliza nesse sentido\u201d, constata o coordenador da CMP.<\/p>\n\n\n\n<p>Outras manifesta\u00e7\u00f5es<\/p>\n\n\n\n<p>A deputada estadual do PSDB Maria L\u00facia Amary, parlamentar na Assembleia Legislativa de S\u00e3o Paulo desde 2003, diz preferir n\u00e3o se manifestar sobre apoiar impeachment e o \u201cfora Bolsonaro\u201d, j\u00e1 que o partido e a dire\u00e7\u00e3o nacional ainda n\u00e3o discutiram a quest\u00e3o. \u201cUma decis\u00e3o como essa entendo que tem que ser partid\u00e1ria, das executivas nacional e estadual, no meu caso, e dos deputados federais e estaduais\u201d, diz.<\/p>\n\n\n\n<p>J\u00e1 o Movimento Brasil Livre (MBL), do deputado federal Kim Kataguiri (DEM-SP), promover\u00e1 manifesta\u00e7\u00f5es contra o presidente da Rep\u00fablica, Jair Bolsonaro, em 12 de setembro. \u201cA gente considera que s\u00e3o inaceit\u00e1veis as in\u00fameras trai\u00e7\u00f5es e sabotagens que o presidente da Rep\u00fablica tem feito desde sua elei\u00e7\u00e3o\u201d, declarou. Essas manifesta\u00e7\u00f5es s\u00e3o convocadas separadamente tamb\u00e9m por outras agremia\u00e7\u00f5es de direita, como o Vem Pra Rua. Isso porque, segundo alegam, querem evitar conflitos como os epis\u00f3dios isolados envolvendo militantes do PCO e do PSDB, no dia 3 de julho.<br><\/p>\n\n\n\n<p>Em nota intitulada \u201cEm Defesa da Vida e da Democracia\u201d, a organiza\u00e7\u00e3o \u201cBloco Democr\u00e1tico\u201d, que re\u00fane in\u00fameros partidos e entidades, afirma que #24J \u00e9 \u201cdia de unir o pa\u00eds em defesa da democracia, da vida dos brasileiros e do Fora Bolsonaro\u201d.<\/p>\n\n\n\n<p>L\u00edderes da esquerda e da direita j\u00e1 chegaram a se entender em torno do&nbsp;<a href=\"https:\/\/www.brasildefato.com.br\/2021\/07\/05\/impeachment-o-superpedido-e-as-ruas\" target=\"_blank\" rel=\"noreferrer noopener\">superpedido de impeachment<\/a>&nbsp;apresentado \u00e0 C\u00e2mara dos Deputados no \u00faltimo dia 30. A a\u00e7\u00e3o assinada por mais de 40 pessoas, das centrais sindicais e movimentos populares, passando por parlamentares da oposi\u00e7\u00e3o e de direita.<\/p>\n\n\n\n<p>A pe\u00e7a foi elaborada por advogados como Mauro Menezes, que j\u00e1 relatou alguns dos mais de 100 pedidos de impeachment de Bolsonaro, juristas do grupo Prerrogativas, da Associa\u00e7\u00e3o Juristas pela Democracia (AJD) e Associa\u00e7\u00e3o Brasileira de Juristas pela Democracia (ABJD). Est\u00e3o representados no superpedido de impeachment de Bolsonaro PT, PDT, PSB, PC do B, PSOL, Coaliz\u00e3o Negra por Direitos, UNE, MBL e ex-aliados bolsonaristas Alexandre Frota (PSDB-SP), Joice Hasselmann (sem partido-SP) e Kim Kataguiri.<\/p>\n\n\n\n<p>Leia a nota:<\/p>\n\n\n\n<p><em>\u201cBLOCO DEMOCR\u00c1TICO \u2013 Em Defesa da Vida e da Democracia.<\/em><\/p>\n\n\n\n<p><em>24 de Julho \u2013 #24J \u2013 Dia de unir o pa\u00eds em defesa da democracia, da vida dos brasileiros e do Fora Bolsonaro<\/em><\/p>\n\n\n\n<p><em>O Brasil vive uma das maiores trag\u00e9dias da sua hist\u00f3ria, com a perda de 540 mil vidas para a pandemia do Covid 19. Nesse dif\u00edcil momento, a a\u00e7\u00e3o do governo federal tem sido marcada de maneira criminosa pela irresponsabilidade e descaso com a defesa da vida do nosso povo, atacando a ci\u00eancia e sabotando a vacina\u00e7\u00e3o, usando o momento de dor e perda por que passamos como uma oportunidade para a\u00e7\u00f5es corruptas, reveladas pela CPI da pandemia.<\/em><\/p>\n\n\n\n<p><em>Ao mesmo tempo em que sabota todos os esfor\u00e7os da sociedade para vencer o coronav\u00edrus, Bolsonaro ataca diariamente o regime democr\u00e1tico brasileiro e busca, inequivocamente, as condi\u00e7\u00f5es para a imposi\u00e7\u00e3o de um regime autorit\u00e1rio que destrua as institui\u00e7\u00f5es republicanas para acabar com as liberdades democr\u00e1ticas.<\/em><\/p>\n\n\n\n<p><em>N\u00e3o \u00e9 a primeira vez que o Brasil enfrenta essa amea\u00e7a. J\u00e1 assistimos a esse filme e sabemos o caminho para derrotar o arb\u00edtrio. \u00c9 hora de unir os brasileiros, independente de colora\u00e7\u00f5es partid\u00e1rias e ideol\u00f3gicas, na defesa intransigente da democracia. \u00c9 preciso, ainda, apoiar as demandas sociais pelo aux\u00edlio emergencial de $600, vacina para todos j\u00e1, contra a carestia e pol\u00edtica ativa de gera\u00e7\u00e3o de empregos de qualidade.<\/em><\/p>\n\n\n\n<p><em>Por isso convidamos a todos para vir \u00e0 Avenida Paulista, no dia 24 de julho. Estaremos com as nossas bandeiras do Brasil, em frente ao Conjunto Nacional, a partir das 15 horas.<\/em><\/p>\n\n\n\n<p>Assinam o texto:<\/p>\n\n\n\n<p>Acredito<br>Agora<br>Central de Sindicatos Brasileiros (CSB)<br>Central dos Trabalhadores e Trabalhadoras do Brasil (CTB)<br>Central Geral dos Trabalhadores do Brasil (CGTB)<br>Confedera\u00e7\u00e3o das Mulheres do Brasil (CMB)<br>Derrubando Muros<br>Federa\u00e7\u00e3o das Mulheres Paulistas \u2013 FMP<br>Federa\u00e7\u00e3o dos Banc\u00e1rios de S\u00e3o Paulo<br>For\u00e7a Sindical<br>Juventude P\u00e1tria Livre (JPL)<br>Juventude Socialista do PDT de S\u00e3o Paulo (JS)<br>Nova Central Sindical de Trabalhadores (NCST)<br>P\u00fablica Central do Servidor<br>Uni\u00e3o Geral dos Trabalhadores (UGT)<br>Uni\u00e3o da Juventude Socialista (UJS)<br>Uni\u00e3o Municipal de Estudantes Secundaristas (UMES)<br>Uni\u00e3o Nacional dos Estudantes (UNE)<br>Cidadania<br>PV<br>PCdoB<br>PDT<br>PSB<br>PSDB<br>Rede Sustentabilidade<br>Solidariedade<br><\/p>\n\n\n\n<p><\/p>\n","protected":false},"excerpt":{"rendered":"<p>Para deputado do PSOL, \u201cimportante \u00e9 uma grande manifesta\u00e7\u00e3o contra o bolsonarismo\u201d<\/p>\n","protected":false},"author":1,"featured_media":0,"comment_status":"closed","ping_status":"open","sticky":false,"template":"","format":"standard","meta":{"_exactmetrics_skip_tracking":false,"_exactmetrics_sitenote_active":false,"_exactmetrics_sitenote_note":"","_exactmetrics_sitenote_category":0,"jetpack_post_was_ever_published":false,"_jetpack_newsletter_access":"","_jetpack_dont_email_post_to_subs":false,"_jetpack_newsletter_tier_id":0,"_jetpack_memberships_contains_paywalled_content":false,"_jetpack_memberships_contains_paid_content":false,"footnotes":"","jetpack_publicize_message":"","jetpack_publicize_feature_enabled":true,"jetpack_social_post_already_shared":true,"jetpack_social_options":{"image_generator_settings":{"template":"highway","enabled":false},"version":2}},"categories":[1],"tags":[],"class_list":["post-32529","post","type-post","status-publish","format-standard","hentry","category-notas"],"jetpack_publicize_connections":[],"jetpack_sharing_enabled":true,"jetpack_featured_media_url":"","jetpack_shortlink":"https:\/\/wp.me\/p7wKYW-8sF","jetpack-related-posts":[],"_links":{"self":[{"href":"http:\/\/blogdalucianaoliveira.com.br\/blog\/wp-json\/wp\/v2\/posts\/32529","targetHints":{"allow":["GET"]}}],"collection":[{"href":"http:\/\/blogdalucianaoliveira.com.br\/blog\/wp-json\/wp\/v2\/posts"}],"about":[{"href":"http:\/\/blogdalucianaoliveira.com.br\/blog\/wp-json\/wp\/v2\/types\/post"}],"author":[{"embeddable":true,"href":"http:\/\/blogdalucianaoliveira.com.br\/blog\/wp-json\/wp\/v2\/users\/1"}],"replies":[{"embeddable":true,"href":"http:\/\/blogdalucianaoliveira.com.br\/blog\/wp-json\/wp\/v2\/comments?post=32529"}],"version-history":[{"count":1,"href":"http:\/\/blogdalucianaoliveira.com.br\/blog\/wp-json\/wp\/v2\/posts\/32529\/revisions"}],"predecessor-version":[{"id":32530,"href":"http:\/\/blogdalucianaoliveira.com.br\/blog\/wp-json\/wp\/v2\/posts\/32529\/revisions\/32530"}],"wp:attachment":[{"href":"http:\/\/blogdalucianaoliveira.com.br\/blog\/wp-json\/wp\/v2\/media?parent=32529"}],"wp:term":[{"taxonomy":"category","embeddable":true,"href":"http:\/\/blogdalucianaoliveira.com.br\/blog\/wp-json\/wp\/v2\/categories?post=32529"},{"taxonomy":"post_tag","embeddable":true,"href":"http:\/\/blogdalucianaoliveira.com.br\/blog\/wp-json\/wp\/v2\/tags?post=32529"}],"curies":[{"name":"wp","href":"https:\/\/api.w.org\/{rel}","templated":true}]}}