{"id":32533,"date":"2021-07-22T17:09:41","date_gmt":"2021-07-22T21:09:41","guid":{"rendered":"http:\/\/blogdalucianaoliveira.com.br\/blog\/?p=32533"},"modified":"2021-07-22T17:09:45","modified_gmt":"2021-07-22T21:09:45","slug":"militar-que-coordena-funai-fala-em-meter-fogo-em-indios-isolados-do-am","status":"publish","type":"post","link":"http:\/\/blogdalucianaoliveira.com.br\/blog\/2021\/07\/22\/militar-que-coordena-funai-fala-em-meter-fogo-em-indios-isolados-do-am\/","title":{"rendered":"Militar que coordena Funai fala em \u201cmeter fogo em \u00edndios isolados\u201d do AM"},"content":{"rendered":"\n<figure class=\"wp-block-image size-large\"><img loading=\"lazy\" decoding=\"async\" width=\"1163\" height=\"600\" data-attachment-id=\"32534\" data-permalink=\"http:\/\/blogdalucianaoliveira.com.br\/blog\/2021\/07\/22\/militar-que-coordena-funai-fala-em-meter-fogo-em-indios-isolados-do-am\/ace8644d-72b4-476d-92be-f9fcf43201c9\/\" data-orig-file=\"https:\/\/i0.wp.com\/blogdalucianaoliveira.com.br\/blog\/wp-content\/uploads\/2021\/07\/ACE8644D-72B4-476D-92BE-F9FCF43201C9.jpeg?fit=1163%2C600\" data-orig-size=\"1163,600\" data-comments-opened=\"0\" data-image-meta=\"{&quot;aperture&quot;:&quot;0&quot;,&quot;credit&quot;:&quot;&quot;,&quot;camera&quot;:&quot;&quot;,&quot;caption&quot;:&quot;&quot;,&quot;created_timestamp&quot;:&quot;0&quot;,&quot;copyright&quot;:&quot;&quot;,&quot;focal_length&quot;:&quot;0&quot;,&quot;iso&quot;:&quot;0&quot;,&quot;shutter_speed&quot;:&quot;0&quot;,&quot;title&quot;:&quot;&quot;,&quot;orientation&quot;:&quot;0&quot;}\" data-image-title=\"ACE8644D-72B4-476D-92BE-F9FCF43201C9\" data-image-description=\"\" data-image-caption=\"\" data-medium-file=\"https:\/\/i0.wp.com\/blogdalucianaoliveira.com.br\/blog\/wp-content\/uploads\/2021\/07\/ACE8644D-72B4-476D-92BE-F9FCF43201C9.jpeg?fit=300%2C155\" data-large-file=\"https:\/\/i0.wp.com\/blogdalucianaoliveira.com.br\/blog\/wp-content\/uploads\/2021\/07\/ACE8644D-72B4-476D-92BE-F9FCF43201C9.jpeg?fit=600%2C309\" src=\"https:\/\/i0.wp.com\/blogdalucianaoliveira.com.br\/blog\/wp-content\/uploads\/2021\/07\/ACE8644D-72B4-476D-92BE-F9FCF43201C9.jpeg?fit=600%2C309\" alt=\"\" class=\"wp-image-32534\" srcset=\"https:\/\/i0.wp.com\/blogdalucianaoliveira.com.br\/blog\/wp-content\/uploads\/2021\/07\/ACE8644D-72B4-476D-92BE-F9FCF43201C9.jpeg?w=1163 1163w, https:\/\/i0.wp.com\/blogdalucianaoliveira.com.br\/blog\/wp-content\/uploads\/2021\/07\/ACE8644D-72B4-476D-92BE-F9FCF43201C9.jpeg?resize=300%2C155 300w, https:\/\/i0.wp.com\/blogdalucianaoliveira.com.br\/blog\/wp-content\/uploads\/2021\/07\/ACE8644D-72B4-476D-92BE-F9FCF43201C9.jpeg?resize=1024%2C528 1024w, https:\/\/i0.wp.com\/blogdalucianaoliveira.com.br\/blog\/wp-content\/uploads\/2021\/07\/ACE8644D-72B4-476D-92BE-F9FCF43201C9.jpeg?resize=768%2C396 768w, https:\/\/i0.wp.com\/blogdalucianaoliveira.com.br\/blog\/wp-content\/uploads\/2021\/07\/ACE8644D-72B4-476D-92BE-F9FCF43201C9.jpeg?resize=582%2C300 582w\" sizes=\"auto, (max-width: 600px) 100vw, 600px\" \/><\/figure>\n\n\n\n<p><strong>247<\/strong>&nbsp;&#8211; O coordenador da Funda\u00e7\u00e3o Nacional do \u00cdndio (Funai) no Vale do Javari (AM), Henry Charles Lima da Silva, que \u00e9 tenente da reserva do Ex\u00e9rcito, aparece numa grava\u00e7\u00e3o de \u00e1udio, com lideran\u00e7as do povo marubo, que habita a regi\u00e3o, encorajando-os a \u201cmeter fogo\u201d em ind\u00edgenas isolados que porventura venham a \u201cimportun\u00e1-los\u201d.<\/p>\n\n\n\n<!--more-->\n\n\n\n<p>\u201cEu vou entrar em contato com o pessoal da Frente [de Prote\u00e7\u00e3o Etnoambiental] e pressionar: \u2018Voc\u00eas t\u00eam de cuidar dos \u00edndios isolados, porque sen\u00e3o eu vou, junto com os marubos, meter fogo nos isolados\u2019\u201d, disse Henry, durante reuni\u00e3o na aldeia Paulinho, em 23 de junho.<\/p>\n\n\n\n<p>De acordo com reportagem do\u00a0<a href=\"https:\/\/www1.folha.uol.com.br\/poder\/2021\/07\/tenente-do-exercito-coordenador-da-funai-fala-em-meter-fogo-em-indigenas-isolados-no-am-ouca-audio.shtml?utm_source=sharenativo&amp;utm_medium=social&amp;utm_campaign=sharenativo\">jornal<\/a>\u00a0Folha de S. Paulo, que teve acesso ao \u00e1udio, o \u00e1udio mostra o conte\u00fado de uma reuni\u00e3o entre o militar e os moradores locais no dia 23 de junho. \u00a0<br><\/p>\n\n\n\n<p>Semanas antes, segundo relatos do povo marubo, houve um caso de rapto de uma integrante deles por \u00edndios isolados que, ao que tudo indica, t\u00eam circulado por \u00e1reas pr\u00f3ximas da comunidade. A mulher foi encontrada horas depois, em meio \u00e0 mata, com os p\u00e9s e m\u00e3os amarrados.<\/p>\n\n\n\n<p>Tal ocorrido teria provocado um desgaste entre o povo marubo e os \u00edndios isolados. No entanto, em outros trechos do \u00e1udio, n\u00e3o h\u00e1 nenhuma tentativa de um di\u00e1logo pac\u00edfico do coordenador Henry Lima \u00a0para solucionar o problema.\u00a0<br><\/p>\n\n\n\n<p>\u201cN\u00e3o estou aqui pra desarmar ningu\u00e9m, tamb\u00e9m n\u00e3o estou aqui pra ser falso e levantar bandeira de paz. Eu passei muito tempo da minha vida evitando a guerra, mas se a guerra vier, n\u00f3s tamb\u00e9m n\u00e3o vamos correr. Se vierem na terra de voc\u00eas, voc\u00eas t\u00eam todo o direito de se defender\u201d, falou para os representantes dos marubo.<\/p>\n\n\n\n<p>A Funai, em Bras\u00edlia, ainda n\u00e3o emitiu posi\u00e7\u00e3o sobre o \u00e1udio divulgado.<\/p>\n\n\n\n<p><\/p>\n","protected":false},"excerpt":{"rendered":"<p>247&nbsp;&#8211; O coordenador da Funda\u00e7\u00e3o Nacional do \u00cdndio (Funai) no Vale do Javari (AM), Henry Charles Lima da Silva, que \u00e9 tenente da reserva do Ex\u00e9rcito, aparece numa grava\u00e7\u00e3o de \u00e1udio, com lideran\u00e7as do povo marubo, que habita a regi\u00e3o, encorajando-os a \u201cmeter fogo\u201d em ind\u00edgenas isolados que porventura venham a \u201cimportun\u00e1-los\u201d.<\/p>\n","protected":false},"author":1,"featured_media":0,"comment_status":"closed","ping_status":"open","sticky":false,"template":"","format":"standard","meta":{"_exactmetrics_skip_tracking":false,"_exactmetrics_sitenote_active":false,"_exactmetrics_sitenote_note":"","_exactmetrics_sitenote_category":0,"jetpack_post_was_ever_published":false,"_jetpack_newsletter_access":"","_jetpack_dont_email_post_to_subs":false,"_jetpack_newsletter_tier_id":0,"_jetpack_memberships_contains_paywalled_content":false,"_jetpack_memberships_contains_paid_content":false,"footnotes":"","jetpack_publicize_message":"","jetpack_publicize_feature_enabled":true,"jetpack_social_post_already_shared":true,"jetpack_social_options":{"image_generator_settings":{"template":"highway","enabled":false},"version":2}},"categories":[1],"tags":[],"class_list":["post-32533","post","type-post","status-publish","format-standard","hentry","category-notas"],"jetpack_publicize_connections":[],"jetpack_sharing_enabled":true,"jetpack_featured_media_url":"","jetpack_shortlink":"https:\/\/wp.me\/p7wKYW-8sJ","jetpack-related-posts":[],"_links":{"self":[{"href":"http:\/\/blogdalucianaoliveira.com.br\/blog\/wp-json\/wp\/v2\/posts\/32533","targetHints":{"allow":["GET"]}}],"collection":[{"href":"http:\/\/blogdalucianaoliveira.com.br\/blog\/wp-json\/wp\/v2\/posts"}],"about":[{"href":"http:\/\/blogdalucianaoliveira.com.br\/blog\/wp-json\/wp\/v2\/types\/post"}],"author":[{"embeddable":true,"href":"http:\/\/blogdalucianaoliveira.com.br\/blog\/wp-json\/wp\/v2\/users\/1"}],"replies":[{"embeddable":true,"href":"http:\/\/blogdalucianaoliveira.com.br\/blog\/wp-json\/wp\/v2\/comments?post=32533"}],"version-history":[{"count":1,"href":"http:\/\/blogdalucianaoliveira.com.br\/blog\/wp-json\/wp\/v2\/posts\/32533\/revisions"}],"predecessor-version":[{"id":32535,"href":"http:\/\/blogdalucianaoliveira.com.br\/blog\/wp-json\/wp\/v2\/posts\/32533\/revisions\/32535"}],"wp:attachment":[{"href":"http:\/\/blogdalucianaoliveira.com.br\/blog\/wp-json\/wp\/v2\/media?parent=32533"}],"wp:term":[{"taxonomy":"category","embeddable":true,"href":"http:\/\/blogdalucianaoliveira.com.br\/blog\/wp-json\/wp\/v2\/categories?post=32533"},{"taxonomy":"post_tag","embeddable":true,"href":"http:\/\/blogdalucianaoliveira.com.br\/blog\/wp-json\/wp\/v2\/tags?post=32533"}],"curies":[{"name":"wp","href":"https:\/\/api.w.org\/{rel}","templated":true}]}}