{"id":32537,"date":"2021-07-26T19:24:23","date_gmt":"2021-07-26T23:24:23","guid":{"rendered":"http:\/\/blogdalucianaoliveira.com.br\/blog\/?p=32537"},"modified":"2021-07-26T19:26:02","modified_gmt":"2021-07-26T23:26:02","slug":"livro-conta-historia-do-povo-indigena-purubora","status":"publish","type":"post","link":"http:\/\/blogdalucianaoliveira.com.br\/blog\/2021\/07\/26\/livro-conta-historia-do-povo-indigena-purubora\/","title":{"rendered":"Livro conta hist\u00f3ria do Povo Ind\u00edgena Purubor\u00e1"},"content":{"rendered":"\n<figure class=\"wp-block-image size-large\"><img loading=\"lazy\" decoding=\"async\" width=\"828\" height=\"1290\" data-attachment-id=\"32539\" data-permalink=\"http:\/\/blogdalucianaoliveira.com.br\/blog\/2021\/07\/26\/livro-conta-historia-do-povo-indigena-purubora\/c46d69b0-038f-4f90-a40d-d1126904adf5\/\" data-orig-file=\"https:\/\/i0.wp.com\/blogdalucianaoliveira.com.br\/blog\/wp-content\/uploads\/2021\/07\/C46D69B0-038F-4F90-A40D-D1126904ADF5.jpeg?fit=828%2C1290\" data-orig-size=\"828,1290\" data-comments-opened=\"0\" data-image-meta=\"{&quot;aperture&quot;:&quot;0&quot;,&quot;credit&quot;:&quot;&quot;,&quot;camera&quot;:&quot;&quot;,&quot;caption&quot;:&quot;&quot;,&quot;created_timestamp&quot;:&quot;0&quot;,&quot;copyright&quot;:&quot;&quot;,&quot;focal_length&quot;:&quot;0&quot;,&quot;iso&quot;:&quot;0&quot;,&quot;shutter_speed&quot;:&quot;0&quot;,&quot;title&quot;:&quot;&quot;,&quot;orientation&quot;:&quot;1&quot;}\" data-image-title=\"C46D69B0-038F-4F90-A40D-D1126904ADF5\" data-image-description=\"\" data-image-caption=\"\" data-medium-file=\"https:\/\/i0.wp.com\/blogdalucianaoliveira.com.br\/blog\/wp-content\/uploads\/2021\/07\/C46D69B0-038F-4F90-A40D-D1126904ADF5.jpeg?fit=193%2C300\" data-large-file=\"https:\/\/i0.wp.com\/blogdalucianaoliveira.com.br\/blog\/wp-content\/uploads\/2021\/07\/C46D69B0-038F-4F90-A40D-D1126904ADF5.jpeg?fit=600%2C935\" src=\"https:\/\/i1.wp.com\/blogdalucianaoliveira.com.br\/blog\/wp-content\/uploads\/2021\/07\/C46D69B0-038F-4F90-A40D-D1126904ADF5.jpeg?fit=600%2C935\" alt=\"\" class=\"wp-image-32539\" srcset=\"https:\/\/i0.wp.com\/blogdalucianaoliveira.com.br\/blog\/wp-content\/uploads\/2021\/07\/C46D69B0-038F-4F90-A40D-D1126904ADF5.jpeg?w=828 828w, https:\/\/i0.wp.com\/blogdalucianaoliveira.com.br\/blog\/wp-content\/uploads\/2021\/07\/C46D69B0-038F-4F90-A40D-D1126904ADF5.jpeg?resize=193%2C300 193w, https:\/\/i0.wp.com\/blogdalucianaoliveira.com.br\/blog\/wp-content\/uploads\/2021\/07\/C46D69B0-038F-4F90-A40D-D1126904ADF5.jpeg?resize=657%2C1024 657w, https:\/\/i0.wp.com\/blogdalucianaoliveira.com.br\/blog\/wp-content\/uploads\/2021\/07\/C46D69B0-038F-4F90-A40D-D1126904ADF5.jpeg?resize=768%2C1197 768w\" sizes=\"auto, (max-width: 600px) 100vw, 600px\" \/><\/figure>\n\n\n\n<p>Camila Purubor\u00e1 acaba de lan\u00e7ar o livro que fala da luta e resist\u00eancia do seu povo, o Porubor\u00e1.<\/p>\n\n\n\n<!--more-->\n\n\n\n<p>Com a amea\u00e7a de desparecimento vencida, lutam por demarca\u00e7\u00e3o de territ\u00f3rio na \u00fanica aldeia no munic\u00edpio de Seringueiras em Rond\u00f4nia.<\/p>\n\n\n\n<p>As hist\u00f3rias que conta s\u00e3o sobre o esfor\u00e7o para reagrupar, organizar e proteger territ\u00f3rio, l\u00edngua, cultura e seu povo encurralado por grandes fazendas de gado e soja.<\/p>\n\n\n\n<p>O livro Porubor\u00e1 &#8211; A luta e resist\u00eancia de um povo atrav\u00e9s das gera\u00e7\u00f5es, foi publicado pela editora Pachamama atrav\u00e9s da lei Aldir Blanc. <\/p>\n\n\n\n<p>A obra de Camila \u00e9 seu trabalho de conclus\u00e3o do curso de Licenciatura em Educa\u00e7\u00e3o B\u00e1sica Intercultural da Universidade Federal de Rond\u00f4nia, a UNIR.<\/p>\n\n\n\n<p><\/p>\n\n\n\n<figure class=\"wp-block-embed-youtube wp-block-embed is-type-video is-provider-youtube wp-embed-aspect-16-9 wp-has-aspect-ratio\"><div class=\"wp-block-embed__wrapper\">\n<div class=\"jetpack-video-wrapper\"><iframe loading=\"lazy\" title=\"LIVRO CONTA HIST\u00d3RIA DO POVO IND\u00cdGENA PURUBOR\u00c1\" width=\"600\" height=\"338\" src=\"https:\/\/www.youtube.com\/embed\/qFTgCVFDDyo?feature=oembed\" frameborder=\"0\" allow=\"accelerometer; autoplay; clipboard-write; encrypted-media; gyroscope; picture-in-picture; web-share\" referrerpolicy=\"strict-origin-when-cross-origin\" allowfullscreen><\/iframe><\/div>\n<\/div><\/figure>\n","protected":false},"excerpt":{"rendered":"<p>Camila Purubor\u00e1 acaba de lan\u00e7ar o livro que fala da luta e resist\u00eancia do seu povo, o Porubor\u00e1.<\/p>\n","protected":false},"author":1,"featured_media":0,"comment_status":"closed","ping_status":"open","sticky":false,"template":"","format":"standard","meta":{"_exactmetrics_skip_tracking":false,"_exactmetrics_sitenote_active":false,"_exactmetrics_sitenote_note":"","_exactmetrics_sitenote_category":0,"jetpack_post_was_ever_published":false,"_jetpack_newsletter_access":"","_jetpack_dont_email_post_to_subs":false,"_jetpack_newsletter_tier_id":0,"_jetpack_memberships_contains_paywalled_content":false,"_jetpack_memberships_contains_paid_content":false,"footnotes":"","jetpack_publicize_message":"","jetpack_publicize_feature_enabled":true,"jetpack_social_post_already_shared":true,"jetpack_social_options":{"image_generator_settings":{"template":"highway","enabled":false},"version":2}},"categories":[1],"tags":[],"class_list":["post-32537","post","type-post","status-publish","format-standard","hentry","category-notas"],"jetpack_publicize_connections":[],"jetpack_sharing_enabled":true,"jetpack_featured_media_url":"","jetpack_shortlink":"https:\/\/wp.me\/p7wKYW-8sN","jetpack-related-posts":[],"_links":{"self":[{"href":"http:\/\/blogdalucianaoliveira.com.br\/blog\/wp-json\/wp\/v2\/posts\/32537","targetHints":{"allow":["GET"]}}],"collection":[{"href":"http:\/\/blogdalucianaoliveira.com.br\/blog\/wp-json\/wp\/v2\/posts"}],"about":[{"href":"http:\/\/blogdalucianaoliveira.com.br\/blog\/wp-json\/wp\/v2\/types\/post"}],"author":[{"embeddable":true,"href":"http:\/\/blogdalucianaoliveira.com.br\/blog\/wp-json\/wp\/v2\/users\/1"}],"replies":[{"embeddable":true,"href":"http:\/\/blogdalucianaoliveira.com.br\/blog\/wp-json\/wp\/v2\/comments?post=32537"}],"version-history":[{"count":2,"href":"http:\/\/blogdalucianaoliveira.com.br\/blog\/wp-json\/wp\/v2\/posts\/32537\/revisions"}],"predecessor-version":[{"id":32541,"href":"http:\/\/blogdalucianaoliveira.com.br\/blog\/wp-json\/wp\/v2\/posts\/32537\/revisions\/32541"}],"wp:attachment":[{"href":"http:\/\/blogdalucianaoliveira.com.br\/blog\/wp-json\/wp\/v2\/media?parent=32537"}],"wp:term":[{"taxonomy":"category","embeddable":true,"href":"http:\/\/blogdalucianaoliveira.com.br\/blog\/wp-json\/wp\/v2\/categories?post=32537"},{"taxonomy":"post_tag","embeddable":true,"href":"http:\/\/blogdalucianaoliveira.com.br\/blog\/wp-json\/wp\/v2\/tags?post=32537"}],"curies":[{"name":"wp","href":"https:\/\/api.w.org\/{rel}","templated":true}]}}