{"id":32542,"date":"2021-07-26T22:47:28","date_gmt":"2021-07-27T02:47:28","guid":{"rendered":"http:\/\/blogdalucianaoliveira.com.br\/blog\/?p=32542"},"modified":"2021-07-26T22:47:30","modified_gmt":"2021-07-27T02:47:30","slug":"brasilia-comanda-avancos-de-garimpos-e-desmatamentos-no-brasil-parte-i","status":"publish","type":"post","link":"http:\/\/blogdalucianaoliveira.com.br\/blog\/2021\/07\/26\/brasilia-comanda-avancos-de-garimpos-e-desmatamentos-no-brasil-parte-i\/","title":{"rendered":"Bras\u00edlia comanda avan\u00e7os de garimpos e desmatamentos no Brasil (Parte I)"},"content":{"rendered":"\n<figure class=\"wp-block-image size-large\"><img data-recalc-dims=\"1\" loading=\"lazy\" decoding=\"async\" width=\"600\" height=\"323\" data-attachment-id=\"32543\" data-permalink=\"http:\/\/blogdalucianaoliveira.com.br\/blog\/2021\/07\/26\/brasilia-comanda-avancos-de-garimpos-e-desmatamentos-no-brasil-parte-i\/48d54ab9-271a-41ea-87c8-1da014480c64\/\" data-orig-file=\"https:\/\/i0.wp.com\/blogdalucianaoliveira.com.br\/blog\/wp-content\/uploads\/2021\/07\/48D54AB9-271A-41EA-87C8-1DA014480C64.jpeg?fit=736%2C396\" data-orig-size=\"736,396\" data-comments-opened=\"0\" data-image-meta=\"{&quot;aperture&quot;:&quot;0&quot;,&quot;credit&quot;:&quot;&quot;,&quot;camera&quot;:&quot;&quot;,&quot;caption&quot;:&quot;&quot;,&quot;created_timestamp&quot;:&quot;0&quot;,&quot;copyright&quot;:&quot;&quot;,&quot;focal_length&quot;:&quot;0&quot;,&quot;iso&quot;:&quot;0&quot;,&quot;shutter_speed&quot;:&quot;0&quot;,&quot;title&quot;:&quot;&quot;,&quot;orientation&quot;:&quot;0&quot;}\" data-image-title=\"48D54AB9-271A-41EA-87C8-1DA014480C64\" data-image-description=\"\" data-image-caption=\"\" data-medium-file=\"https:\/\/i0.wp.com\/blogdalucianaoliveira.com.br\/blog\/wp-content\/uploads\/2021\/07\/48D54AB9-271A-41EA-87C8-1DA014480C64.jpeg?fit=300%2C161\" data-large-file=\"https:\/\/i0.wp.com\/blogdalucianaoliveira.com.br\/blog\/wp-content\/uploads\/2021\/07\/48D54AB9-271A-41EA-87C8-1DA014480C64.jpeg?fit=600%2C323\" src=\"https:\/\/i0.wp.com\/blogdalucianaoliveira.com.br\/blog\/wp-content\/uploads\/2021\/07\/48D54AB9-271A-41EA-87C8-1DA014480C64.jpeg?resize=600%2C323\" alt=\"\" class=\"wp-image-32543\" srcset=\"https:\/\/i0.wp.com\/blogdalucianaoliveira.com.br\/blog\/wp-content\/uploads\/2021\/07\/48D54AB9-271A-41EA-87C8-1DA014480C64.jpeg?w=736 736w, https:\/\/i0.wp.com\/blogdalucianaoliveira.com.br\/blog\/wp-content\/uploads\/2021\/07\/48D54AB9-271A-41EA-87C8-1DA014480C64.jpeg?resize=300%2C161 300w, https:\/\/i0.wp.com\/blogdalucianaoliveira.com.br\/blog\/wp-content\/uploads\/2021\/07\/48D54AB9-271A-41EA-87C8-1DA014480C64.jpeg?resize=558%2C300 558w\" sizes=\"auto, (max-width: 600px) 100vw, 600px\" \/><\/figure>\n\n\n\n<p>por\u00a0<strong>Cristina \u00c1vila, no Jornal Brasil Popular\/DF<\/strong> &#8211; Um tiro retumba na Esta\u00e7\u00e3o Ecol\u00f3gica do Jari, na margem do rio que divide o Amap\u00e1 e o Par\u00e1, e poucos minutos se passam at\u00e9 se revelar a autoria.<\/p>\n\n\n\n<!--more-->\n\n\n\n<figure class=\"wp-block-image size-large\"><img data-recalc-dims=\"1\" loading=\"lazy\" decoding=\"async\" width=\"600\" height=\"323\" data-attachment-id=\"32544\" data-permalink=\"http:\/\/blogdalucianaoliveira.com.br\/blog\/2021\/07\/26\/brasilia-comanda-avancos-de-garimpos-e-desmatamentos-no-brasil-parte-i\/dec77814-4989-49be-8ae4-6990c37f3ab8\/\" data-orig-file=\"https:\/\/i0.wp.com\/blogdalucianaoliveira.com.br\/blog\/wp-content\/uploads\/2021\/07\/DEC77814-4989-49BE-8AE4-6990C37F3AB8.jpeg?fit=736%2C396\" data-orig-size=\"736,396\" data-comments-opened=\"0\" data-image-meta=\"{&quot;aperture&quot;:&quot;0&quot;,&quot;credit&quot;:&quot;&quot;,&quot;camera&quot;:&quot;&quot;,&quot;caption&quot;:&quot;&quot;,&quot;created_timestamp&quot;:&quot;0&quot;,&quot;copyright&quot;:&quot;&quot;,&quot;focal_length&quot;:&quot;0&quot;,&quot;iso&quot;:&quot;0&quot;,&quot;shutter_speed&quot;:&quot;0&quot;,&quot;title&quot;:&quot;&quot;,&quot;orientation&quot;:&quot;0&quot;}\" data-image-title=\"DEC77814-4989-49BE-8AE4-6990C37F3AB8\" data-image-description=\"\" data-image-caption=\"\" data-medium-file=\"https:\/\/i0.wp.com\/blogdalucianaoliveira.com.br\/blog\/wp-content\/uploads\/2021\/07\/DEC77814-4989-49BE-8AE4-6990C37F3AB8.jpeg?fit=300%2C161\" data-large-file=\"https:\/\/i0.wp.com\/blogdalucianaoliveira.com.br\/blog\/wp-content\/uploads\/2021\/07\/DEC77814-4989-49BE-8AE4-6990C37F3AB8.jpeg?fit=600%2C323\" src=\"https:\/\/i0.wp.com\/blogdalucianaoliveira.com.br\/blog\/wp-content\/uploads\/2021\/07\/DEC77814-4989-49BE-8AE4-6990C37F3AB8.jpeg?resize=600%2C323\" alt=\"\" class=\"wp-image-32544\" srcset=\"https:\/\/i0.wp.com\/blogdalucianaoliveira.com.br\/blog\/wp-content\/uploads\/2021\/07\/DEC77814-4989-49BE-8AE4-6990C37F3AB8.jpeg?w=736 736w, https:\/\/i0.wp.com\/blogdalucianaoliveira.com.br\/blog\/wp-content\/uploads\/2021\/07\/DEC77814-4989-49BE-8AE4-6990C37F3AB8.jpeg?resize=300%2C161 300w, https:\/\/i0.wp.com\/blogdalucianaoliveira.com.br\/blog\/wp-content\/uploads\/2021\/07\/DEC77814-4989-49BE-8AE4-6990C37F3AB8.jpeg?resize=558%2C300 558w\" sizes=\"auto, (max-width: 600px) 100vw, 600px\" \/><\/figure>\n\n\n\n<p> Dois homens liderados por um sujeito alto e magro saem da floresta portando um moderno fuzil de alta precis\u00e3o. Ele tem nome e endere\u00e7o fixo conhecidos pelos ribeirinhos extrativistas que circulam na regi\u00e3o durante as safras de castanha e cacau. \u00c9 um bandido que mata contratado por dinheiro, morador de Laranjal do Jari, munic\u00edpio amapaense separado do paraense Almeirim pelas \u00e1guas encachoeiradas perigosas por onde navegam voadeiras carregadas de combust\u00edvel, equipamentos, v\u00edveres e trabalhadores que seguem para garimpos. A placa indicativa da unidade de conserva\u00e7\u00e3o de uso integral, proibida a visitantes n\u00e3o autorizados, \u00e9 como um desaforo impresso ao ICMBio (Instituto Chico Mendes de Conservac\u00e3o da Biodiversidade), o \u00f3rg\u00e3o ambiental federal respons\u00e1vel por sua conserva\u00e7\u00e3o. Tem furos de outras balas que testemunham disparos anteriores. O local afetado por res\u00edduos de motores e lixo pl\u00e1stico de acampamentos \u00e9 importante entroncamento para v\u00e1rias dire\u00e7\u00f5es de viagens, e foi transformado em mercado privado rent\u00e1vel. Exploradores desse com\u00e9rcio ilegal constru\u00edram casa e levaram escavadeiras para dentro da reserva. A impossibilidade de as embarca\u00e7\u00f5es ultrapassarem a cachoeira Itacar\u00e1 se apresenta como oportunidade de ganhar dinheiro. Cobra-se R$ 1,2 mil pelo transbordo das tralhas dos garimpeiros no trator que percorre 1 km de ch\u00e3o batido, para assim retomarem seus trajetos pelo rio. O pistoleiro alto e magro atravessa a pequena enseada a passos lentos para o embarque. Sem se incomodar com olhares. A arrog\u00e2ncia e destemor se explicam pela camiseta branca bem arrumada dentro das cal\u00e7as, estampada com a foto em preto e branco do presidente Bolsonaro.<\/p>\n\n\n\n<div class=\"wp-block-image\"><figure class=\"aligncenter\"><img data-recalc-dims=\"1\" decoding=\"async\" data-attachment-id=\"18127\" data-permalink=\"http:\/\/blogdalucianaoliveira.com.br\/blog\/2018\/05\/22\/fuleirizaram-as-cores-da-bandeira-e-o-conceito-de-patriotismo\/va-3\/\" data-orig-file=\"https:\/\/i0.wp.com\/blogdalucianaoliveira.com.br\/blog\/wp-content\/uploads\/2018\/05\/va.jpg?fit=535%2C275\" data-orig-size=\"535,275\" data-comments-opened=\"0\" data-image-meta=\"{&quot;aperture&quot;:&quot;0&quot;,&quot;credit&quot;:&quot;&quot;,&quot;camera&quot;:&quot;&quot;,&quot;caption&quot;:&quot;&quot;,&quot;created_timestamp&quot;:&quot;0&quot;,&quot;copyright&quot;:&quot;&quot;,&quot;focal_length&quot;:&quot;0&quot;,&quot;iso&quot;:&quot;0&quot;,&quot;shutter_speed&quot;:&quot;0&quot;,&quot;title&quot;:&quot;&quot;,&quot;orientation&quot;:&quot;0&quot;}\" data-image-title=\"va\" data-image-description=\"\" data-image-caption=\"\" data-medium-file=\"https:\/\/i0.wp.com\/blogdalucianaoliveira.com.br\/blog\/wp-content\/uploads\/2018\/05\/va.jpg?fit=300%2C154\" data-large-file=\"https:\/\/i0.wp.com\/blogdalucianaoliveira.com.br\/blog\/wp-content\/uploads\/2018\/05\/va.jpg?fit=535%2C275\" src=\"https:\/\/i0.wp.com\/cdn.brasilpopular.com\/uploads\/2021\/07\/26215521\/WhatsApp-Image-2021-07-24-at-19.33.46.jpeg?w=600&#038;ssl=1\" alt=\"\" class=\"wp-image-18127\"\/><\/figure><\/div>\n\n\n\n<p><strong>Ouro valorizado \u2013&nbsp;<\/strong>A cota\u00e7\u00e3o internacional do ouro foi alavancada pelo coronav\u00edrus (covid-19) e pela crise econ\u00f4mica ao recorde hist\u00f3rico de US$ 2.073 por on\u00e7a (1oz \u00e9 igual a 28,35 gramas) em 6 de agosto de 2020, fazendo-a saltar de US$ 1.160 em 2018. A pandemia que se alastrou pelo planeta desde o in\u00edcio imp\u00f4s medidas sanit\u00e1rias e quarentena, evitando a circula\u00e7\u00e3o nas ruas, restringindo at\u00e9 mesmo o trabalho ao m\u00e1ximo poss\u00edvel sem sair de casa. Mas investidores ocidentais tornaram o metal precioso em um dos ativos mais interessantes como cobertura financeira contra a volatilidade nos mercados de valores que se apresentava, e empurraram para as viagens em canoas pessoas como Maria Obertina Sales, a Beka, que sem m\u00e1scara ou medo se animou mais ainda para a luta pelo seu ganho de vida, de cozinheira para homens nos garimpos. Em 16 de julho de 2021 a on\u00e7a esteve em US$ 1.811, com revers\u00e3o da tend\u00eancia. Em junho, esteve em US$ 1.770 na bolsa de Nova Iorque, a maior baixa desde 2016, devido a preocupa\u00e7\u00f5es com a subida de juros do banco central americano (Federal Reserve) para conter a infla\u00e7\u00e3o.<\/p>\n\n\n\n<p>Beka j\u00e1 permaneceu por oito meses no Mam\u00e3o e est\u00e1 seguindo para o Querecuruzinho, onde chegar\u00e1 em algumas horas de navega\u00e7\u00e3o por igarap\u00e9s que partem do Jari. Na bagagem leva saquinhos com sementes de tomate, piment\u00e3o, cebolinha, cenoura. \u00c9 o que faz para melhorar a qualidade de vida nos acampamentos. Os rendimentos dela dependem das oscila\u00e7\u00f5es nos mercados internacionais, mas vive alheia \u00e0s preocupa\u00e7\u00f5es dos investidores que consideram que se a infla\u00e7\u00e3o norte-americana sobe, o pre\u00e7o do ouro aumenta porque ter\u00e3o que ser pagos pelas pepitas mais d\u00f3lares inflacionais. Especialistas, por\u00e9m, avaliam que a longo prazo n\u00e3o h\u00e1 correla\u00e7\u00e3o significativa entre esses n\u00fameros. Segundo eles, um dos motivos \u00e9 que o metal n\u00e3o \u00e9 mat\u00e9ria prima estrat\u00e9gica, como o petr\u00f3leo. Beka tem ancestrais alem\u00e3es e indianos e uma av\u00f3 negra. \u201cA bisa nasceu no dia da Lei \u00c1urea, era escrava, morreu bem velhinha\u201d, conta com um sorriso simp\u00e1tico enquanto espera com fome para comer um feij\u00e3o com carne enlatada com uma dupla de companheiras que saiu e est\u00e1 demorando pra chegar. Ainda bem que dispensou o embutido que \u00e9 muito comum nas tralhas dos garimpeiros. Chega a dupla trazendo um pacua\u00e7u j\u00e1 assado e um cupua\u00e7u maduro e cheiroso.<\/p>\n\n\n\n<p>H\u00e1 trabalho para mulheres nos garimpos. E para jovenzinhos que deveriam estar na escola. Beka faz parte de uma rede de confian\u00e7a que permite que durma tranquila em uma balsa rodeada por outras balsas cheias de homens. Um c\u00f3digo de respeito \u00e9 obedecido, pois de outro modo inviabilizaria o servi\u00e7o que eles precisam delas. Em torno desses locais tamb\u00e9m se formam bord\u00e9is, onde os trabalhadores geralmente gastam tudo o que ganham. A infla\u00e7\u00e3o nessas beiras de rios tamb\u00e9m costuma ser medida pelos pulos nas bolsas de valores de Nova Iorque. Tudo segue pelas voadeiras, pilhas, alimentos, lonas para cobertura de abrigos, os gal\u00f5es azuis de combust\u00edveis e tamb\u00e9m \u00e1lcool, drogas, armas. As doen\u00e7as est\u00e3o no caminho. J\u00e1 se tem constatado que a depender do tamanho dos garimpos a contamina\u00e7\u00e3o por merc\u00fario n\u00e3o atinge somente a cadeia alimentar por meio de peixes que podem transporta-la at\u00e9 3mil km, mas que entre 30% a 72% dos garimpeiros podem desenvolver problemas neuropsicol\u00f3gicos pela inspira\u00e7\u00e3o pelo ar e crian\u00e7as de m\u00e3es que consomem a fauna aqu\u00e1tica podem ter reduzida a capacidade intelectual.<\/p>\n\n\n\n<div class=\"wp-block-image\"><figure class=\"aligncenter\"><img data-recalc-dims=\"1\" decoding=\"async\" data-attachment-id=\"18128\" data-permalink=\"http:\/\/blogdalucianaoliveira.com.br\/blog\/2018\/05\/22\/fuleirizaram-as-cores-da-bandeira-e-o-conceito-de-patriotismo\/tuiuti-manipulados\/\" data-orig-file=\"https:\/\/i0.wp.com\/blogdalucianaoliveira.com.br\/blog\/wp-content\/uploads\/2018\/05\/tuiuti-manipulados.jpg?fit=790%2C406\" data-orig-size=\"790,406\" data-comments-opened=\"0\" data-image-meta=\"{&quot;aperture&quot;:&quot;0&quot;,&quot;credit&quot;:&quot;&quot;,&quot;camera&quot;:&quot;&quot;,&quot;caption&quot;:&quot;&quot;,&quot;created_timestamp&quot;:&quot;0&quot;,&quot;copyright&quot;:&quot;&quot;,&quot;focal_length&quot;:&quot;0&quot;,&quot;iso&quot;:&quot;0&quot;,&quot;shutter_speed&quot;:&quot;0&quot;,&quot;title&quot;:&quot;&quot;,&quot;orientation&quot;:&quot;0&quot;}\" data-image-title=\"tuiuti-manipulados\" data-image-description=\"\" data-image-caption=\"\" data-medium-file=\"https:\/\/i0.wp.com\/blogdalucianaoliveira.com.br\/blog\/wp-content\/uploads\/2018\/05\/tuiuti-manipulados.jpg?fit=300%2C154\" data-large-file=\"https:\/\/i0.wp.com\/blogdalucianaoliveira.com.br\/blog\/wp-content\/uploads\/2018\/05\/tuiuti-manipulados.jpg?fit=600%2C308\" src=\"https:\/\/i0.wp.com\/cdn.brasilpopular.com\/uploads\/2021\/07\/26215653\/WhatsApp-Image-2021-07-24-at-19.35.14.jpeg?w=600&#038;ssl=1\" alt=\"\" class=\"wp-image-18128\"\/><\/figure><\/div>\n\n\n\n<p>O entroncamento do Itacar\u00e1 \u00e9 cheio de surpresas. E as esperas s\u00e3o longas, pois n\u00e3o \u00e9 f\u00e1cil encontrar pilotos pr\u00e1ticos e ex\u00edmios que enfrentem o rio encachoeirado cheio piranhas, jacar\u00e9s e uma bicharada sempre \u00e1vida por carnes de viajantes descuidados. Um desses pilotos \u00e9 Samuel Pereira, \u00edndio Apalai, um dos povos da Terra Ind\u00edgena Parque do Tumucumaque. Ele viaja com um cachorro branco chamado Menino e anda pelo rio porque constr\u00f3i canoas e faz fretes para garimpeiros com suas mercadorias. Ganha mais do que um sal\u00e1rio m\u00ednimo em poucas horas. Pelo menos R$ 1.200 por um frete. Tamb\u00e9m negocia barricas de castanhas. Longe de casa, aporta na margem do barranco onde est\u00e1 acampado um grupo de castanheiros. Procura um rem\u00e9dio para dor de dente. Tempos dif\u00edceis. Os especialistas garantem que nos momentos de incertezas, como nas guerras, o ouro permanece como investimento seguro. Os d\u00f3lares movimentam a Amaz\u00f4nia ribeirinha. No isolamento das matas, o c\u00e2mbio se paga com dores e com vidas.<\/p>\n\n\n\n<p>Em meio ao contexto mundial e \u00e0 crise pol\u00edtica, o Brasil se destr\u00f3i. Com valores monet\u00e1rios dos preju\u00edzos dos garimpos muito maiores do que possam alcan\u00e7ar os lucros da atividade. \u201cA extra\u00e7\u00e3o de 1kg de ouro de aluvi\u00e3o gera em m\u00e9dia 7 hectares de desmatamento e eros\u00e3o de 15 mil m\u00b3 de solo. Uma \u00e1rea demora 30 anos para recupera\u00e7\u00e3o de 80% dos servi\u00e7os ecossist\u00eamicos\u201d, afirma o economista Pedro Gasparinetti, diretor da Conserva\u00e7\u00e3o Estrat\u00e9gica (CSF-Brasil), que com o Minist\u00e9rio P\u00fablico Federal lan\u00e7ou em junho estudos sobre impactos do garimpo ilegal realizados por peritos de economia, da sa\u00fade e de outras \u00e1reas profissionais. Segundo levantamentos, somente na bacia do rio Tapaj\u00f3s (PA) os preju\u00edzos somam mais de R$ 5,4 bilh\u00f5es, com 4.547 hectares desmatados e 6,1 milh\u00f5es de toneladas de sedimentos despejados nas \u00e1guas da regi\u00e3o e cerca de 369 mil pessoas dos 2,4 milh\u00f5es de habitantes de 76 munic\u00edpios sujeitas a risco de contamina\u00e7\u00e3o pelo merc\u00fario utilizado para amalgamar o metal. Os c\u00e1lculos da CSF e MPF foram feitos para reduzir os erros na aplica\u00e7\u00e3o de multas por danos ambientais e valora\u00e7\u00e3o de processos judiciais mais pr\u00f3ximas da realidade.<\/p>\n\n\n\n<p>Pedro Gasparinetti ressalta que em um quilo de ouro vendido 30% \u00e9 o lucro do dono do garimpo e o valor dos impactos ser\u00e1 duas vezes maior do que a receita total bruta. Ou seja, muito superior ao lucro. \u201cSe tiver um lucro de R$ 200 mil, o impacto pela extra\u00e7\u00e3o pode chegar a R$ 2 milh\u00f5es. Isso mostra que \u00e9 importante que o valor da multa seja elevado como tamb\u00e9m \u00e9 necess\u00e1rio investir em preven\u00e7\u00e3o. O custo social e ambiental \u00e9 o valor aproximado de quanto a gente deve utilizar para preven\u00e7\u00e3o\u201d, observa.<\/p>\n\n\n\n<div class=\"wp-block-image\"><figure class=\"aligncenter\"><img data-recalc-dims=\"1\" decoding=\"async\" src=\"https:\/\/i0.wp.com\/cdn.brasilpopular.com\/uploads\/2021\/07\/26215802\/WhatsApp-Image-2021-07-24-at-19.33.47.jpeg?w=600&#038;ssl=1\" alt=\"\" class=\"wp-image-18129\"\/><\/figure><\/div>\n\n\n\n<p><strong>Serra Pelada n\u00e3o existe mais \u2013&nbsp;<\/strong>Nos \u00faltimos anos, deixaram de existir garimpos artesanais, como ocorria em Serra Pelada, com uso de p\u00e1s, picaretas ou de bateias. Hoje s\u00e3o utilizados maquin\u00e1rios pesados como retroescavadeiras, independentemente se estiver arrogante e criminosamente em uma unidade de conserva\u00e7\u00e3o ou terra ind\u00edgena. A atividade garimpeira tem tr\u00eas tipos: Aluvi\u00e3o, que ocorre com abertura de valas ou cavas abertas em geral na beira de rios, conhecido como garimpos de baix\u00e3o ou de barranco, que s\u00e3o os mais comuns na Amaz\u00f4nia e causam mais desflorestamento. Outro \u00e9 de balsa, realizado com dragagem de leitos dos rios, com mais graves contamina\u00e7\u00f5es por merc\u00fario. E ainda h\u00e1 o garimpo de po\u00e7o, com extra\u00e7\u00e3o do ouro em t\u00faneis subterr\u00e2neos. A valora\u00e7\u00e3o dos preju\u00edzos \u00e9 feita medindo-se, por exemplo, quantidade de ouro retirada, extens\u00e3o de desmatamento em hectares, profundidade de escava\u00e7\u00f5es, comparados com benef\u00edcios naturais perdidos, como pesca, \u00e1gua pot\u00e1vel, oportunidades de gera\u00e7\u00e3o de renda, bioprospec\u00e7\u00e3o (explora\u00e7\u00e3o pela farmac\u00eautica) perdidas por extin\u00e7\u00e3o de esp\u00e9cies, al\u00e9m de custos sociais e custos de recupera\u00e7\u00e3o das \u00e1reas afetadas.<\/p>\n\n\n\n<p>\u201cO garimpo ilegal est\u00e1 espalhado por todos os estados da Amaz\u00f4nia. No Par\u00e1 est\u00e1 muit\u00edssimo intenso e violento. As situa\u00e7\u00f5es mais cr\u00edticas est\u00e3o nas terras ind\u00edgenas Yanomami (AM e RR) e Munduruku (PA)\u201d, afirma o procurador da Rep\u00fablica em Santar\u00e9m (PA) Gustavo Kenner Alc\u00e2ntara. \u201c\u00c9 uma estrutura imensa de maquin\u00e1rios e investimentos. E cada vez mais se percebe que a\u00e7\u00f5es in loco exigem muitos recursos e s\u00e3o inefetivas. Como retirar mais de 20 mil garimpeiros do territ\u00f3rio Yanomami? \u00c9 uma cidade. S\u00e3o investidos enormes recursos financeiros e facilmente os garimpeiros retornam. Somente est\u00e3o l\u00e1 porque o ouro tem caminhos para as grandes redes de mercado, para as multinacionais e o exterior\u201d. Ele ressalta que os pr\u00f3prios garimpeiros s\u00e3o v\u00edtimas nas m\u00e3os do crime, com situa\u00e7\u00f5es comuns de trabalho escravo e condi\u00e7\u00f5es degradantes. E cita entre outras opera\u00e7\u00f5es a Dilema de Midas, realizada em 2018 pelo MPF e Pol\u00edcia Federal que desbaratou esquema de imputa\u00e7\u00e3o fraudulenta de ouro proveniente de terras ind\u00edgenas. \u201cTodas as compras realizadas entre 2015 e 2017 eram ilegais\u201d, observa o procurador Gustavo Kenner Alc\u00e2ntara. Os investigadores conclu\u00edram que o posto da Ourominas em Santar\u00e9m comprou mais de R$ 72 milh\u00f5es ilegalmente, 100% da produ\u00e7\u00e3o.<\/p>\n","protected":false},"excerpt":{"rendered":"<p>por\u00a0Cristina \u00c1vila, no Jornal Brasil Popular\/DF &#8211; Um tiro retumba na Esta\u00e7\u00e3o Ecol\u00f3gica do Jari, na margem do rio que divide o Amap\u00e1 e o Par\u00e1, e poucos minutos se passam at\u00e9 se revelar a autoria.<\/p>\n","protected":false},"author":1,"featured_media":0,"comment_status":"closed","ping_status":"open","sticky":false,"template":"","format":"standard","meta":{"_exactmetrics_skip_tracking":false,"_exactmetrics_sitenote_active":false,"_exactmetrics_sitenote_note":"","_exactmetrics_sitenote_category":0,"jetpack_post_was_ever_published":false,"_jetpack_newsletter_access":"","_jetpack_dont_email_post_to_subs":false,"_jetpack_newsletter_tier_id":0,"_jetpack_memberships_contains_paywalled_content":false,"_jetpack_memberships_contains_paid_content":false,"footnotes":"","jetpack_publicize_message":"","jetpack_publicize_feature_enabled":true,"jetpack_social_post_already_shared":true,"jetpack_social_options":{"image_generator_settings":{"template":"highway","enabled":false},"version":2}},"categories":[1],"tags":[],"class_list":["post-32542","post","type-post","status-publish","format-standard","hentry","category-notas"],"jetpack_publicize_connections":[],"jetpack_sharing_enabled":true,"jetpack_featured_media_url":"","jetpack_shortlink":"https:\/\/wp.me\/p7wKYW-8sS","jetpack-related-posts":[],"_links":{"self":[{"href":"http:\/\/blogdalucianaoliveira.com.br\/blog\/wp-json\/wp\/v2\/posts\/32542","targetHints":{"allow":["GET"]}}],"collection":[{"href":"http:\/\/blogdalucianaoliveira.com.br\/blog\/wp-json\/wp\/v2\/posts"}],"about":[{"href":"http:\/\/blogdalucianaoliveira.com.br\/blog\/wp-json\/wp\/v2\/types\/post"}],"author":[{"embeddable":true,"href":"http:\/\/blogdalucianaoliveira.com.br\/blog\/wp-json\/wp\/v2\/users\/1"}],"replies":[{"embeddable":true,"href":"http:\/\/blogdalucianaoliveira.com.br\/blog\/wp-json\/wp\/v2\/comments?post=32542"}],"version-history":[{"count":1,"href":"http:\/\/blogdalucianaoliveira.com.br\/blog\/wp-json\/wp\/v2\/posts\/32542\/revisions"}],"predecessor-version":[{"id":32545,"href":"http:\/\/blogdalucianaoliveira.com.br\/blog\/wp-json\/wp\/v2\/posts\/32542\/revisions\/32545"}],"wp:attachment":[{"href":"http:\/\/blogdalucianaoliveira.com.br\/blog\/wp-json\/wp\/v2\/media?parent=32542"}],"wp:term":[{"taxonomy":"category","embeddable":true,"href":"http:\/\/blogdalucianaoliveira.com.br\/blog\/wp-json\/wp\/v2\/categories?post=32542"},{"taxonomy":"post_tag","embeddable":true,"href":"http:\/\/blogdalucianaoliveira.com.br\/blog\/wp-json\/wp\/v2\/tags?post=32542"}],"curies":[{"name":"wp","href":"https:\/\/api.w.org\/{rel}","templated":true}]}}