{"id":32546,"date":"2021-07-27T08:11:39","date_gmt":"2021-07-27T12:11:39","guid":{"rendered":"http:\/\/blogdalucianaoliveira.com.br\/blog\/?p=32546"},"modified":"2021-07-27T08:11:43","modified_gmt":"2021-07-27T12:11:43","slug":"video-o-abandono-do-real-forte-principe-da-beira","status":"publish","type":"post","link":"http:\/\/blogdalucianaoliveira.com.br\/blog\/2021\/07\/27\/video-o-abandono-do-real-forte-principe-da-beira\/","title":{"rendered":"V\u00cdDEO: O ABANDONO DO REAL FORTE PR\u00cdNCIPE DA BEIRA"},"content":{"rendered":"\n<figure class=\"wp-block-image size-large\"><img data-recalc-dims=\"1\" loading=\"lazy\" decoding=\"async\" width=\"480\" height=\"640\" data-attachment-id=\"32550\" data-permalink=\"http:\/\/blogdalucianaoliveira.com.br\/blog\/2021\/07\/27\/video-o-abandono-do-real-forte-principe-da-beira\/8959583f-cdbf-4451-b64f-1f01982ae2cb\/\" data-orig-file=\"https:\/\/i0.wp.com\/blogdalucianaoliveira.com.br\/blog\/wp-content\/uploads\/2021\/07\/8959583F-CDBF-4451-B64F-1F01982AE2CB.jpeg?fit=480%2C640\" data-orig-size=\"480,640\" data-comments-opened=\"0\" data-image-meta=\"{&quot;aperture&quot;:&quot;0&quot;,&quot;credit&quot;:&quot;&quot;,&quot;camera&quot;:&quot;&quot;,&quot;caption&quot;:&quot;&quot;,&quot;created_timestamp&quot;:&quot;0&quot;,&quot;copyright&quot;:&quot;&quot;,&quot;focal_length&quot;:&quot;0&quot;,&quot;iso&quot;:&quot;0&quot;,&quot;shutter_speed&quot;:&quot;0&quot;,&quot;title&quot;:&quot;&quot;,&quot;orientation&quot;:&quot;1&quot;}\" data-image-title=\"8959583F-CDBF-4451-B64F-1F01982AE2CB\" data-image-description=\"\" data-image-caption=\"\" data-medium-file=\"https:\/\/i0.wp.com\/blogdalucianaoliveira.com.br\/blog\/wp-content\/uploads\/2021\/07\/8959583F-CDBF-4451-B64F-1F01982AE2CB.jpeg?fit=225%2C300\" data-large-file=\"https:\/\/i0.wp.com\/blogdalucianaoliveira.com.br\/blog\/wp-content\/uploads\/2021\/07\/8959583F-CDBF-4451-B64F-1F01982AE2CB.jpeg?fit=480%2C640\" src=\"https:\/\/i0.wp.com\/blogdalucianaoliveira.com.br\/blog\/wp-content\/uploads\/2021\/07\/8959583F-CDBF-4451-B64F-1F01982AE2CB.jpeg?resize=480%2C640\" alt=\"\" class=\"wp-image-32550\" srcset=\"https:\/\/i0.wp.com\/blogdalucianaoliveira.com.br\/blog\/wp-content\/uploads\/2021\/07\/8959583F-CDBF-4451-B64F-1F01982AE2CB.jpeg?w=480 480w, https:\/\/i0.wp.com\/blogdalucianaoliveira.com.br\/blog\/wp-content\/uploads\/2021\/07\/8959583F-CDBF-4451-B64F-1F01982AE2CB.jpeg?resize=225%2C300 225w\" sizes=\"auto, (max-width: 480px) 100vw, 480px\" \/><\/figure>\n\n\n\n<p>O mais importante patrim\u00f4nio hist\u00f3rico do estado tombado por seu valor cultural, est\u00e1 amea\u00e7ado por vandalismo, coc\u00f4 de morcegos e principalmente, pelo descaso. <\/p>\n\n\n\n<!--more-->\n\n\n\n<p>Considerada a maior edifica\u00e7\u00e3o militar portuguesa constru\u00edda fora da Europa, no Brasil Colonial, o Real Forte do Pr\u00edncipe da Beira \u00e9 o retrato do desleixo com a nossa hist\u00f3ria. <\/p>\n\n\n\n<p>A obra monumental foi erguida entre os anos de 1776 a 1783. <\/p>\n\n\n\n<p>Em 1914, o Marechal Rondon em suas explora\u00e7\u00f5es encontrou a fortifica\u00e7\u00e3o.<\/p>\n\n\n\n<p>O Iphan anunciou a revitaliza\u00e7\u00e3o em 2018, mas at\u00e9 agora s\u00f3 deixou escoras de madeira, emergenciais. <\/p>\n\n\n\n<p>O ex\u00e9rcito faz a prote\u00e7\u00e3o do Forte, mas quem protege a mem\u00f3ria \u00e9 a comunidade quilombola que vive em seu entorno. <\/p>\n\n\n\n<p>Fui apenas pra visitar e testemunhei o abandono com o olhar jornal\u00edstico. <\/p>\n\n\n\n<p>Fiz um registro despretensioso como visitante e compartilho. <\/p>\n\n\n\n<p>Conhe\u00e7a um pouco da hist\u00f3ria contada por um guia quilombola, o Elvis Pessoa.<\/p>\n\n\n\n<p><\/p>\n\n\n\n<figure class=\"wp-block-embed-youtube wp-block-embed is-type-video is-provider-youtube wp-embed-aspect-16-9 wp-has-aspect-ratio\"><div class=\"wp-block-embed__wrapper\">\n<div class=\"jetpack-video-wrapper\"><iframe loading=\"lazy\" title=\"REAL FORTE PR\u00cdNCIPE DA BEIRA EST\u00c1 ABANDONADO E QUILOMBOLAS FAZEM TRABALHO DE PROTE\u00c7\u00c3O DA MEM\u00d3RIA\" width=\"600\" height=\"338\" src=\"https:\/\/www.youtube.com\/embed\/QQfscJpaZzg?feature=oembed\" frameborder=\"0\" allow=\"accelerometer; autoplay; clipboard-write; encrypted-media; gyroscope; picture-in-picture; web-share\" referrerpolicy=\"strict-origin-when-cross-origin\" allowfullscreen><\/iframe><\/div>\n<\/div><\/figure>\n","protected":false},"excerpt":{"rendered":"<p>O mais importante patrim\u00f4nio hist\u00f3rico do estado tombado por seu valor cultural, est\u00e1 amea\u00e7ado por vandalismo, coc\u00f4 de morcegos e principalmente, pelo descaso.<\/p>\n","protected":false},"author":1,"featured_media":0,"comment_status":"closed","ping_status":"open","sticky":false,"template":"","format":"standard","meta":{"_exactmetrics_skip_tracking":false,"_exactmetrics_sitenote_active":false,"_exactmetrics_sitenote_note":"","_exactmetrics_sitenote_category":0,"jetpack_post_was_ever_published":false,"_jetpack_newsletter_access":"","_jetpack_dont_email_post_to_subs":false,"_jetpack_newsletter_tier_id":0,"_jetpack_memberships_contains_paywalled_content":false,"_jetpack_memberships_contains_paid_content":false,"footnotes":"","jetpack_publicize_message":"","jetpack_publicize_feature_enabled":true,"jetpack_social_post_already_shared":true,"jetpack_social_options":{"image_generator_settings":{"template":"highway","enabled":false},"version":2}},"categories":[1],"tags":[582,581,7],"class_list":["post-32546","post","type-post","status-publish","format-standard","hentry","category-notas","tag-costa-marwies","tag-forte-principe-da-beira","tag-rondonia"],"jetpack_publicize_connections":[],"jetpack_sharing_enabled":true,"jetpack_featured_media_url":"","jetpack_shortlink":"https:\/\/wp.me\/p7wKYW-8sW","jetpack-related-posts":[],"_links":{"self":[{"href":"http:\/\/blogdalucianaoliveira.com.br\/blog\/wp-json\/wp\/v2\/posts\/32546","targetHints":{"allow":["GET"]}}],"collection":[{"href":"http:\/\/blogdalucianaoliveira.com.br\/blog\/wp-json\/wp\/v2\/posts"}],"about":[{"href":"http:\/\/blogdalucianaoliveira.com.br\/blog\/wp-json\/wp\/v2\/types\/post"}],"author":[{"embeddable":true,"href":"http:\/\/blogdalucianaoliveira.com.br\/blog\/wp-json\/wp\/v2\/users\/1"}],"replies":[{"embeddable":true,"href":"http:\/\/blogdalucianaoliveira.com.br\/blog\/wp-json\/wp\/v2\/comments?post=32546"}],"version-history":[{"count":1,"href":"http:\/\/blogdalucianaoliveira.com.br\/blog\/wp-json\/wp\/v2\/posts\/32546\/revisions"}],"predecessor-version":[{"id":32551,"href":"http:\/\/blogdalucianaoliveira.com.br\/blog\/wp-json\/wp\/v2\/posts\/32546\/revisions\/32551"}],"wp:attachment":[{"href":"http:\/\/blogdalucianaoliveira.com.br\/blog\/wp-json\/wp\/v2\/media?parent=32546"}],"wp:term":[{"taxonomy":"category","embeddable":true,"href":"http:\/\/blogdalucianaoliveira.com.br\/blog\/wp-json\/wp\/v2\/categories?post=32546"},{"taxonomy":"post_tag","embeddable":true,"href":"http:\/\/blogdalucianaoliveira.com.br\/blog\/wp-json\/wp\/v2\/tags?post=32546"}],"curies":[{"name":"wp","href":"https:\/\/api.w.org\/{rel}","templated":true}]}}