{"id":32552,"date":"2021-07-27T15:39:56","date_gmt":"2021-07-27T19:39:56","guid":{"rendered":"http:\/\/blogdalucianaoliveira.com.br\/blog\/?p=32552"},"modified":"2021-07-27T15:40:02","modified_gmt":"2021-07-27T19:40:02","slug":"parada-cultural-feminista-julho-das-pretas","status":"publish","type":"post","link":"http:\/\/blogdalucianaoliveira.com.br\/blog\/2021\/07\/27\/parada-cultural-feminista-julho-das-pretas\/","title":{"rendered":"PARADA CULTURAL FEMINISTA &#8211; JULHO DAS PRETAS"},"content":{"rendered":"\n<figure class=\"wp-block-image size-large\"><img loading=\"lazy\" decoding=\"async\" width=\"1599\" height=\"899\" data-attachment-id=\"32553\" data-permalink=\"http:\/\/blogdalucianaoliveira.com.br\/blog\/2021\/07\/27\/parada-cultural-feminista-julho-das-pretas\/52f086f4-ec61-4e09-8929-30350c34fabe\/\" data-orig-file=\"https:\/\/i0.wp.com\/blogdalucianaoliveira.com.br\/blog\/wp-content\/uploads\/2021\/07\/52F086F4-EC61-4E09-8929-30350C34FABE.jpeg?fit=1599%2C899\" data-orig-size=\"1599,899\" data-comments-opened=\"0\" data-image-meta=\"{&quot;aperture&quot;:&quot;0&quot;,&quot;credit&quot;:&quot;&quot;,&quot;camera&quot;:&quot;&quot;,&quot;caption&quot;:&quot;&quot;,&quot;created_timestamp&quot;:&quot;0&quot;,&quot;copyright&quot;:&quot;&quot;,&quot;focal_length&quot;:&quot;0&quot;,&quot;iso&quot;:&quot;0&quot;,&quot;shutter_speed&quot;:&quot;0&quot;,&quot;title&quot;:&quot;&quot;,&quot;orientation&quot;:&quot;0&quot;}\" data-image-title=\"52F086F4-EC61-4E09-8929-30350C34FABE\" data-image-description=\"\" data-image-caption=\"\" data-medium-file=\"https:\/\/i0.wp.com\/blogdalucianaoliveira.com.br\/blog\/wp-content\/uploads\/2021\/07\/52F086F4-EC61-4E09-8929-30350C34FABE.jpeg?fit=300%2C169\" data-large-file=\"https:\/\/i0.wp.com\/blogdalucianaoliveira.com.br\/blog\/wp-content\/uploads\/2021\/07\/52F086F4-EC61-4E09-8929-30350C34FABE.jpeg?fit=600%2C338\" src=\"https:\/\/i0.wp.com\/blogdalucianaoliveira.com.br\/blog\/wp-content\/uploads\/2021\/07\/52F086F4-EC61-4E09-8929-30350C34FABE.jpeg?fit=600%2C338\" alt=\"\" class=\"wp-image-32553\" srcset=\"https:\/\/i0.wp.com\/blogdalucianaoliveira.com.br\/blog\/wp-content\/uploads\/2021\/07\/52F086F4-EC61-4E09-8929-30350C34FABE.jpeg?w=1599 1599w, https:\/\/i0.wp.com\/blogdalucianaoliveira.com.br\/blog\/wp-content\/uploads\/2021\/07\/52F086F4-EC61-4E09-8929-30350C34FABE.jpeg?resize=300%2C169 300w, https:\/\/i0.wp.com\/blogdalucianaoliveira.com.br\/blog\/wp-content\/uploads\/2021\/07\/52F086F4-EC61-4E09-8929-30350C34FABE.jpeg?resize=1024%2C576 1024w, https:\/\/i0.wp.com\/blogdalucianaoliveira.com.br\/blog\/wp-content\/uploads\/2021\/07\/52F086F4-EC61-4E09-8929-30350C34FABE.jpeg?resize=768%2C432 768w, https:\/\/i0.wp.com\/blogdalucianaoliveira.com.br\/blog\/wp-content\/uploads\/2021\/07\/52F086F4-EC61-4E09-8929-30350C34FABE.jpeg?resize=1536%2C864 1536w, https:\/\/i0.wp.com\/blogdalucianaoliveira.com.br\/blog\/wp-content\/uploads\/2021\/07\/52F086F4-EC61-4E09-8929-30350C34FABE.jpeg?resize=534%2C300 534w, https:\/\/i0.wp.com\/blogdalucianaoliveira.com.br\/blog\/wp-content\/uploads\/2021\/07\/52F086F4-EC61-4E09-8929-30350C34FABE.jpeg?w=1200 1200w\" sizes=\"auto, (max-width: 600px) 100vw, 600px\" \/><\/figure>\n\n\n\n<p>O <em>Levante Feminista de Rond\u00f4nia Contra o Feminic\u00eddio<\/em> , realiza nesta quinta-feira  (29), a partir das 19:30h (Hor\u00e1rio de Bras\u00edlia),  a Parada Cultural Feminista &#8211; Julho das Pretas.<\/p>\n\n\n\n<!--more-->\n\n\n\n<p>A atividade integra a agenda do Levante Feminista Nacional e Regional, com objetivo de fortalecer a luta das mulheres contra  o Feminic\u00eddio, o racismo,  o facismo e todas as formas de opress\u00e3o e viol\u00eancia contra \u00e0 mulher.<\/p>\n\n\n\n<p>No m\u00eas de Julho organiza\u00e7\u00f5es e movimentos sociais se unem na luta anti-racista, fortalecendo a hist\u00f3ria de resist\u00eancia das mulheres negras. <\/p>\n\n\n\n<p>A Parada Cultural Feminista busca  ainda gerar  visibilidade ao Dia Nacional de Tereza de Benguela e da Mulher Negra, pois o dia 25 de Julho \u00e9 tamb\u00e9m conhecido como o Dia da Mulher Negra, Latino-Americana e Caribenha.<\/p>\n\n\n\n<p>Na programa\u00e7\u00e3o, v\u00e3o promover um espa\u00e7o de fala, cria\u00e7\u00e3o e movimento art\u00edstico cultural,  integrando as diversas linguagens e express\u00f5es culturais que navegam pelos portos do Rio Madeira. Nesse banzeiro de Porto Rondoniana, a sua esta\u00e7\u00e3o ser\u00e1 na Parada Cultural Feminista. <\/p>\n\n\n\n<p>Convidadas especiais:<\/p>\n\n\n\n<p><br> Rosimar Francelino &#8211; Advogada<br> Analba Bras\u00e3o &#8211; Articula\u00e7\u00e3o de Mulheres Brasileiras (ABM)<br> Alyne Mayra &#8211; Arque\u00f3loga<br> N\u00e1dia Toledo &#8211; Jornalista<br> Brun\u00eb Magalh\u00e3es &#8211; Assistente Social<br> Negra Mari &#8211; Poeta<br> Marcela Bonfim &#8211; Compositora<br> Aline Monteiro &#8211; Poeta<br> Patthy Pds &#8211; Poeta<br> Teo Nascimento- Atriz<br> Ariane Tonon &#8211; Bailarina<br> Sandra Braids- Rapper<br> Allyne Pinheiro &#8211; Diretora de cinema<\/p>\n\n\n\n<p>O evento ser\u00e1 transmitido pelo Facebook e pelo You Tube no Canal do Levante Feminista de Rond\u00f4nia.<\/p>\n\n\n\n<p>Acesse nossas redes do @levantefeministarondonia<\/p>\n","protected":false},"excerpt":{"rendered":"<p>O Levante Feminista de Rond\u00f4nia Contra o Feminic\u00eddio , realiza nesta quinta-feira (29), a partir das 19:30h (Hor\u00e1rio de Bras\u00edlia), a Parada Cultural Feminista &#8211; Julho das Pretas.<\/p>\n","protected":false},"author":1,"featured_media":0,"comment_status":"closed","ping_status":"open","sticky":false,"template":"","format":"standard","meta":{"_exactmetrics_skip_tracking":false,"_exactmetrics_sitenote_active":false,"_exactmetrics_sitenote_note":"","_exactmetrics_sitenote_category":0,"jetpack_post_was_ever_published":false,"_jetpack_newsletter_access":"","_jetpack_dont_email_post_to_subs":false,"_jetpack_newsletter_tier_id":0,"_jetpack_memberships_contains_paywalled_content":false,"_jetpack_memberships_contains_paid_content":false,"footnotes":"","jetpack_publicize_message":"","jetpack_publicize_feature_enabled":true,"jetpack_social_post_already_shared":true,"jetpack_social_options":{"image_generator_settings":{"template":"highway","enabled":false},"version":2}},"categories":[1],"tags":[],"class_list":["post-32552","post","type-post","status-publish","format-standard","hentry","category-notas"],"jetpack_publicize_connections":[],"jetpack_sharing_enabled":true,"jetpack_featured_media_url":"","jetpack_shortlink":"https:\/\/wp.me\/p7wKYW-8t2","jetpack-related-posts":[],"_links":{"self":[{"href":"http:\/\/blogdalucianaoliveira.com.br\/blog\/wp-json\/wp\/v2\/posts\/32552","targetHints":{"allow":["GET"]}}],"collection":[{"href":"http:\/\/blogdalucianaoliveira.com.br\/blog\/wp-json\/wp\/v2\/posts"}],"about":[{"href":"http:\/\/blogdalucianaoliveira.com.br\/blog\/wp-json\/wp\/v2\/types\/post"}],"author":[{"embeddable":true,"href":"http:\/\/blogdalucianaoliveira.com.br\/blog\/wp-json\/wp\/v2\/users\/1"}],"replies":[{"embeddable":true,"href":"http:\/\/blogdalucianaoliveira.com.br\/blog\/wp-json\/wp\/v2\/comments?post=32552"}],"version-history":[{"count":1,"href":"http:\/\/blogdalucianaoliveira.com.br\/blog\/wp-json\/wp\/v2\/posts\/32552\/revisions"}],"predecessor-version":[{"id":32554,"href":"http:\/\/blogdalucianaoliveira.com.br\/blog\/wp-json\/wp\/v2\/posts\/32552\/revisions\/32554"}],"wp:attachment":[{"href":"http:\/\/blogdalucianaoliveira.com.br\/blog\/wp-json\/wp\/v2\/media?parent=32552"}],"wp:term":[{"taxonomy":"category","embeddable":true,"href":"http:\/\/blogdalucianaoliveira.com.br\/blog\/wp-json\/wp\/v2\/categories?post=32552"},{"taxonomy":"post_tag","embeddable":true,"href":"http:\/\/blogdalucianaoliveira.com.br\/blog\/wp-json\/wp\/v2\/tags?post=32552"}],"curies":[{"name":"wp","href":"https:\/\/api.w.org\/{rel}","templated":true}]}}