{"id":32563,"date":"2021-08-02T12:14:52","date_gmt":"2021-08-02T16:14:52","guid":{"rendered":"http:\/\/blogdalucianaoliveira.com.br\/blog\/?p=32563"},"modified":"2021-08-02T12:14:57","modified_gmt":"2021-08-02T16:14:57","slug":"em-nota-ex-presidentes-do-tse-desde-1988-defendem-modelo-de-eleicoes-do-brasil-veja-integra","status":"publish","type":"post","link":"http:\/\/blogdalucianaoliveira.com.br\/blog\/2021\/08\/02\/em-nota-ex-presidentes-do-tse-desde-1988-defendem-modelo-de-eleicoes-do-brasil-veja-integra\/","title":{"rendered":"Em nota, ex-presidentes do TSE desde 1988 defendem modelo de elei\u00e7\u00f5es do Brasil; veja \u00edntegra"},"content":{"rendered":"\n<figure class=\"wp-block-image\"><img data-recalc-dims=\"1\" decoding=\"async\" src=\"https:\/\/i0.wp.com\/s03.video.glbimg.com\/x240\/9734606.jpg?w=600&#038;ssl=1\" alt=\"Em nota, ex-presidentes do TSE desde 1988 defendem modelo de elei\u00e7\u00f5es do  Brasil; veja \u00edntegra | Pol\u00edtica | G1\"\/><\/figure>\n\n\n\n<p>G1 &#8211; O atual presidente do Tribunal Superior Eleitoral (TSE),\u00a0<a href=\"https:\/\/g1.globo.com\/tudo-sobre\/luis-roberto-barroso\/\">Lu\u00eds Roberto Barroso<\/a>, o vice-presidente do tribunal,\u00a0<a href=\"https:\/\/g1.globo.com\/tudo-sobre\/luiz-edson-fachin\/\">Edson Fachin\u00a0<\/a>e todos os ex-presidentes do tribunal desde 1988 assinaram uma nota p\u00fablica nesta segunda-feira (2) em defesa do modelo de elei\u00e7\u00f5es no Brasil.<\/p>\n\n\n\n<!--more-->\n\n\n\n<p>O documento foi divulgado um dia ap\u00f3s manifestantes irem&nbsp;<a href=\"https:\/\/g1.globo.com\/politica\/noticia\/2021\/08\/01\/manifestantes-fazem-atos-a-favor-de-bolsonaro-e-do-voto-impresso-nas-eleicoes-de-2022.ghtml\">\u00e0<\/a><a href=\"https:\/\/g1.globo.com\/politica\/noticia\/2021\/08\/01\/manifestantes-fazem-atos-a-favor-de-bolsonaro-e-do-voto-impresso-nas-eleicoes-de-2022.ghtml\">s ruas em algumas cidades do pa\u00eds em atos a favor do voto impresso&nbsp;<\/a>e do presidente&nbsp;<a href=\"https:\/\/g1.globo.com\/politica\/politico\/jair-bolsonaro\/\">Jair Bolsonaro<\/a>&nbsp;(sem partido).<\/p>\n\n\n\n<p>O v\u00eddeo abaixo, sobre as elei\u00e7\u00f5es de 2020, explica como funciona a o registro e contagem dos votos por meio da urna eletr\u00f4nica.<\/p>\n\n\n\n<p>Veja a nota p\u00fablica na \u00edntegra<\/p>\n\n\n\n<p><em>O Presidente, Vice-Presidente, futuro Presidente e todos os ex-Presidentes do Tribunal Superior Eleitoral desde a Constitui\u00e7\u00e3o de 1988 v\u00eam perante a sociedade brasileira afirmar o que se segue:<\/em><\/p>\n\n\n\n<p><em>1. Elei\u00e7\u00f5es livres, seguras e limpas s\u00e3o da ess\u00eancia da democracia. No Brasil, o Congresso Nacional, por meio de legisla\u00e7\u00e3o pr\u00f3pria, e o Tribunal Superior Eleitoral, como organizador das elei\u00e7\u00f5es, conseguiram eliminar um passado de fraudes eleitorais que marcaram a hist\u00f3ria do Brasil, no Imp\u00e9rio e na Rep\u00fablica.<\/em><\/p>\n\n\n\n<p><em>2. Desde 1996, quando da implanta\u00e7\u00e3o do sistema de vota\u00e7\u00e3o eletr\u00f4nica, jamais se documentou qualquer epis\u00f3dio de fraude nas elei\u00e7\u00f5es. Nesse per\u00edodo, o TSE j\u00e1 foi presidido por 15 ministros do Supremo Tribunal Federal. Ao longo dos seus 25 anos de exist\u00eancia, a urna eletr\u00f4nica passou por sucessivos processos de moderniza\u00e7\u00e3o e aprimoramento, contando com diversas camadas de seguran\u00e7a.<\/em><\/p>\n\n\n\n<p><em>3. As urnas eletr\u00f4nicas s\u00e3o audit\u00e1veis em todas as etapas do processo, antes, durante e depois das elei\u00e7\u00f5es. Todos os passos, da elabora\u00e7\u00e3o do programa \u00e0 divulga\u00e7\u00e3o dos resultados, podem ser acompanhados pelos partidos pol\u00edticos, Procuradoria-Geral da Rep\u00fablica, Ordem dos Advogados do Brasil, Pol\u00edcia Federal, universidades e outros que s\u00e3o especialmente convidados. \u00c9 importante observar, ainda, que as urnas eletr\u00f4nicas n\u00e3o entram em rede e n\u00e3o s\u00e3o pass\u00edveis de acesso remoto, por n\u00e3o estarem conectadas \u00e0 internet.<\/em><\/p>\n\n\n\n<p><em>4. O voto impresso n\u00e3o \u00e9 um mecanismo adequado de auditoria a se somar aos j\u00e1 existentes por ser menos seguro do que o voto eletr\u00f4nico, em raz\u00e3o dos riscos decorrentes da manipula\u00e7\u00e3o humana e da quebra de sigilo. Muitos pa\u00edses que optaram por n\u00e3o adotar o voto puramente eletr\u00f4nico tiveram experi\u00eancias hist\u00f3ricas diferentes das nossas, sem os problemas de fraude ocorridos no Brasil com o voto em papel. Em muitos outros, a exist\u00eancia de voto em papel n\u00e3o impediu as constantes alega\u00e7\u00f5es de fraude, como revelam epis\u00f3dios recentes.<\/em><\/p>\n\n\n\n<p><em>5. A contagem p\u00fablica manual de cerca de 150 milh\u00f5es de votos significar\u00e1 a volta ao tempo das mesas apuradoras, cen\u00e1rio das fraudes generalizadas que marcaram a hist\u00f3ria do Brasil.<\/em><\/p>\n\n\n\n<p><em>6. A Justi\u00e7a Eleitoral, por seus representantes de ontem, de hoje e do futuro, garante \u00e0 sociedade brasileira a seguran\u00e7a, transpar\u00eancia e auditabilidade do sistema. Todos os ministros, ju\u00edzes e servidores que a comp\u00f5em continuam comprometidos com a democracia brasileira, com integridade, dedica\u00e7\u00e3o e responsabilidade.<\/em><\/p>\n\n\n\n<p><em>Ministro LU\u00cdS ROBERTO BARROSO<br>Ministro LUIZ EDSON FACHIN<br>Ministro ALEXANDRE DE MORAES<br>Ministra ROSA WEBER<br>Ministro LUIZ FUX<br>Ministro GILMAR MENDES<br>Ministro DIAS TOFFOLI<br>Ministra C\u00c1RMEN L\u00daCIA<br>Ministro RICARDO LEWANDOWSKI<br>Ministro MARCO AUR\u00c9LIO MELLO<br>Ministro CARLOS AYRES BRITTO<br>Ministro CARLOS M\u00c1RIO DA SILVA VELLOSO<br>Ministro JOS\u00c9 PAULO SEP\u00daLVEDA PERTENCE<br>Ministro NELSON JOBIM<br>Ministro ILMAR GALV\u00c3O<br>Ministro SYDNEY SANCHES<br>Ministro FRANCISCO REZEK<br>Ministro N\u00c9RI DA SILVEIRA<\/em><\/p>\n","protected":false},"excerpt":{"rendered":"<p>G1 &#8211; O atual presidente do Tribunal Superior Eleitoral (TSE),\u00a0Lu\u00eds Roberto Barroso, o vice-presidente do tribunal,\u00a0Edson Fachin\u00a0e todos os ex-presidentes do tribunal desde 1988 assinaram uma nota p\u00fablica nesta segunda-feira (2) em defesa do modelo de elei\u00e7\u00f5es no Brasil.<\/p>\n","protected":false},"author":1,"featured_media":0,"comment_status":"closed","ping_status":"open","sticky":false,"template":"","format":"standard","meta":{"_exactmetrics_skip_tracking":false,"_exactmetrics_sitenote_active":false,"_exactmetrics_sitenote_note":"","_exactmetrics_sitenote_category":0,"jetpack_post_was_ever_published":false,"_jetpack_newsletter_access":"","_jetpack_dont_email_post_to_subs":false,"_jetpack_newsletter_tier_id":0,"_jetpack_memberships_contains_paywalled_content":false,"_jetpack_memberships_contains_paid_content":false,"footnotes":"","jetpack_publicize_message":"","jetpack_publicize_feature_enabled":true,"jetpack_social_post_already_shared":true,"jetpack_social_options":{"image_generator_settings":{"template":"highway","enabled":false},"version":2}},"categories":[1],"tags":[],"class_list":["post-32563","post","type-post","status-publish","format-standard","hentry","category-notas"],"jetpack_publicize_connections":[],"jetpack_sharing_enabled":true,"jetpack_featured_media_url":"","jetpack_shortlink":"https:\/\/wp.me\/p7wKYW-8td","jetpack-related-posts":[],"_links":{"self":[{"href":"http:\/\/blogdalucianaoliveira.com.br\/blog\/wp-json\/wp\/v2\/posts\/32563","targetHints":{"allow":["GET"]}}],"collection":[{"href":"http:\/\/blogdalucianaoliveira.com.br\/blog\/wp-json\/wp\/v2\/posts"}],"about":[{"href":"http:\/\/blogdalucianaoliveira.com.br\/blog\/wp-json\/wp\/v2\/types\/post"}],"author":[{"embeddable":true,"href":"http:\/\/blogdalucianaoliveira.com.br\/blog\/wp-json\/wp\/v2\/users\/1"}],"replies":[{"embeddable":true,"href":"http:\/\/blogdalucianaoliveira.com.br\/blog\/wp-json\/wp\/v2\/comments?post=32563"}],"version-history":[{"count":1,"href":"http:\/\/blogdalucianaoliveira.com.br\/blog\/wp-json\/wp\/v2\/posts\/32563\/revisions"}],"predecessor-version":[{"id":32564,"href":"http:\/\/blogdalucianaoliveira.com.br\/blog\/wp-json\/wp\/v2\/posts\/32563\/revisions\/32564"}],"wp:attachment":[{"href":"http:\/\/blogdalucianaoliveira.com.br\/blog\/wp-json\/wp\/v2\/media?parent=32563"}],"wp:term":[{"taxonomy":"category","embeddable":true,"href":"http:\/\/blogdalucianaoliveira.com.br\/blog\/wp-json\/wp\/v2\/categories?post=32563"},{"taxonomy":"post_tag","embeddable":true,"href":"http:\/\/blogdalucianaoliveira.com.br\/blog\/wp-json\/wp\/v2\/tags?post=32563"}],"curies":[{"name":"wp","href":"https:\/\/api.w.org\/{rel}","templated":true}]}}