{"id":32567,"date":"2021-08-02T19:45:06","date_gmt":"2021-08-02T23:45:06","guid":{"rendered":"http:\/\/blogdalucianaoliveira.com.br\/blog\/?p=32567"},"modified":"2021-08-02T19:45:11","modified_gmt":"2021-08-02T23:45:11","slug":"tse-pede-ao-stf-que-bolsonaro-seja-investigado-por-disseminacao-de-fake-news-contra-urnas","status":"publish","type":"post","link":"http:\/\/blogdalucianaoliveira.com.br\/blog\/2021\/08\/02\/tse-pede-ao-stf-que-bolsonaro-seja-investigado-por-disseminacao-de-fake-news-contra-urnas\/","title":{"rendered":"TSE pede ao STF que Bolsonaro seja investigado por dissemina\u00e7\u00e3o de fake news contra urnas"},"content":{"rendered":"\n<figure class=\"wp-block-image size-large\"><img data-recalc-dims=\"1\" loading=\"lazy\" decoding=\"async\" width=\"600\" height=\"436\" data-attachment-id=\"32568\" data-permalink=\"http:\/\/blogdalucianaoliveira.com.br\/blog\/2021\/08\/02\/tse-pede-ao-stf-que-bolsonaro-seja-investigado-por-disseminacao-de-fake-news-contra-urnas\/94ae9a81-ef15-4ea3-8811-1ffd351c91c8\/\" data-orig-file=\"https:\/\/i0.wp.com\/blogdalucianaoliveira.com.br\/blog\/wp-content\/uploads\/2021\/08\/94AE9A81-EF15-4EA3-8811-1FFD351C91C8.jpeg?fit=902%2C656\" data-orig-size=\"902,656\" data-comments-opened=\"0\" data-image-meta=\"{&quot;aperture&quot;:&quot;0&quot;,&quot;credit&quot;:&quot;&quot;,&quot;camera&quot;:&quot;&quot;,&quot;caption&quot;:&quot;&quot;,&quot;created_timestamp&quot;:&quot;0&quot;,&quot;copyright&quot;:&quot;&quot;,&quot;focal_length&quot;:&quot;0&quot;,&quot;iso&quot;:&quot;0&quot;,&quot;shutter_speed&quot;:&quot;0&quot;,&quot;title&quot;:&quot;&quot;,&quot;orientation&quot;:&quot;0&quot;}\" data-image-title=\"94AE9A81-EF15-4EA3-8811-1FFD351C91C8\" data-image-description=\"\" data-image-caption=\"\" data-medium-file=\"https:\/\/i0.wp.com\/blogdalucianaoliveira.com.br\/blog\/wp-content\/uploads\/2021\/08\/94AE9A81-EF15-4EA3-8811-1FFD351C91C8.jpeg?fit=300%2C218\" data-large-file=\"https:\/\/i0.wp.com\/blogdalucianaoliveira.com.br\/blog\/wp-content\/uploads\/2021\/08\/94AE9A81-EF15-4EA3-8811-1FFD351C91C8.jpeg?fit=600%2C436\" src=\"https:\/\/i0.wp.com\/blogdalucianaoliveira.com.br\/blog\/wp-content\/uploads\/2021\/08\/94AE9A81-EF15-4EA3-8811-1FFD351C91C8.jpeg?resize=600%2C436\" alt=\"\" class=\"wp-image-32568\" srcset=\"https:\/\/i0.wp.com\/blogdalucianaoliveira.com.br\/blog\/wp-content\/uploads\/2021\/08\/94AE9A81-EF15-4EA3-8811-1FFD351C91C8.jpeg?w=902 902w, https:\/\/i0.wp.com\/blogdalucianaoliveira.com.br\/blog\/wp-content\/uploads\/2021\/08\/94AE9A81-EF15-4EA3-8811-1FFD351C91C8.jpeg?resize=300%2C218 300w, https:\/\/i0.wp.com\/blogdalucianaoliveira.com.br\/blog\/wp-content\/uploads\/2021\/08\/94AE9A81-EF15-4EA3-8811-1FFD351C91C8.jpeg?resize=768%2C559 768w, https:\/\/i0.wp.com\/blogdalucianaoliveira.com.br\/blog\/wp-content\/uploads\/2021\/08\/94AE9A81-EF15-4EA3-8811-1FFD351C91C8.jpeg?resize=413%2C300 413w\" sizes=\"auto, (max-width: 600px) 100vw, 600px\" \/><\/figure>\n\n\n\n<h4 class=\"wp-block-heading\">Tribunal tamb\u00e9m abriu inqu\u00e9rito administrativo interno; as duas decis\u00f5es foram un\u00e2nimes. Pedidos se baseiam em ataques de Bolsonaro, sem provas, sobre a seguran\u00e7a das urnas.<\/h4>\n\n\n\n<!--more-->\n\n\n\n<p>Por M\u00e1rcio Falc\u00e3o e Fernanda Vivas, TV Globo\u00a0\u2014 Bras\u00edlia<\/p>\n\n\n\n<p>O Tribunal Superior Eleitoral (<a href=\"https:\/\/g1.globo.com\/tudo-sobre\/tribunal-superior-eleitoral\/\">TSE<\/a>) informou nesta segunda-feira (2) ter pedido ao Supremo Tribunal Federal (<a href=\"https:\/\/g1.globo.com\/tudo-sobre\/supremo-tribunal-federal\/\">STF<\/a>) que o presidente&nbsp;<a href=\"https:\/\/g1.globo.com\/politica\/politico\/jair-bolsonaro\/\">Jair Bolsonaro<\/a>&nbsp;seja investigado no inqu\u00e9rito que apura a&nbsp;<a href=\"https:\/\/g1.globo.com\/politica\/noticia\/2020\/05\/27\/inquerito-do-stf-que-investiga-fake-news-veja-perguntas-e-respostas.ghtml\">dissemina\u00e7\u00e3o de fake news<\/a>. O pedido&nbsp;<strong>foi aprovado em plen\u00e1rio por unanimidade<\/strong>.&nbsp;<\/p>\n\n\n\n<p>O pedido de apura\u00e7\u00e3o \u00e9 baseado nos constantes ataques, sem provas, feitos pelo presidente da Rep\u00fablica \u00e0s urnas eletr\u00f4nicas e ao sistema eleitoral do pa\u00eds.&nbsp;<\/p>\n\n\n\n<p>Bolsonaro passou os \u00faltimos dois anos e meio afirmando que houve fraudes nas elei\u00e7\u00f5es de 2018. Nunca apresentou provas. Na semana passada, chegou a convocar uma transmiss\u00e3o ao vivo para apresentar o que seriam as supostas provas, mas na ocasi\u00e3o&nbsp;<a href=\"https:\/\/g1.globo.com\/politica\/noticia\/2021\/07\/29\/apos-tres-anos-falando-em-fraudes-eleitorais-bolsonaro-faz-live-com-noticias-falsas-e-admite-nao-ter-provas-das-acusacoes.ghtml\">admitiu n\u00e3o ter provas e disseminou fake news<\/a>.&nbsp;<\/p>\n\n\n\n<h2 class=\"wp-block-heading\">Inqu\u00e9rito administrativo no TSE<\/h2>\n\n\n\n<p>O TSE tamb\u00e9m aprovou por unanimidade, na mesma sess\u00e3o, a&nbsp;<strong>abertura de um inqu\u00e9rito administrativo no \u00e2mbito do tribunal<\/strong><strong>&nbsp;<\/strong>para apurar ataques \u00e0 legitimidade das elei\u00e7\u00f5es. A proposta partiu do corregedor eleitoral, ministro Lu\u00eds Felipe Salom\u00e3o.&nbsp;<\/p>\n\n\n\n<p>Ser\u00e3o investigadas infra\u00e7\u00f5es como corrup\u00e7\u00e3o, fraude, condutas vedadas a agentes p\u00fablicos, abuso de poder pol\u00edtico e econ\u00f4mico e propaganda fora do per\u00edodo de elei\u00e7\u00f5es.&nbsp;<\/p>\n\n\n\n<p>Ao apresentar seu apoio \u00e0 proposta, o ministro Alexandre de Moraes ressaltou que \u201ccom a democracia n\u00e3o se brinca, n\u00e3o se joga\u201d.<\/p>\n\n\n\n<h2 class=\"wp-block-heading\">Ataques e rea\u00e7\u00f5es<\/h2>\n\n\n\n<p>Nas \u00faltimas semanas, Bolsonaro passou a atacar tamb\u00e9m o presidente do TSE, ministro Lu\u00eds Roberto Barroso, e a afirmar que, sem o voto impresso, pode n\u00e3o haver elei\u00e7\u00f5es em 2022.&nbsp;<\/p>\n\n\n\n<p>O voto impresso&nbsp;<a href=\"https:\/\/g1.globo.com\/politica\/noticia\/2020\/09\/14\/stf-forma-maioria-a-favor-de-declarar-inconstitucional-possibilidade-de-voto-impresso.ghtml\">j\u00e1 foi julgado inconstitucional pelo STF<\/a>, e a tese de Bolsonaro de que pode n\u00e3o haver elei\u00e7\u00e3o no ano que vem&nbsp;<a href=\"https:\/\/g1.globo.com\/politica\/noticia\/2021\/07\/09\/atuar-para-impedir-eleicao-pode-configurar-crime-de-responsabilidade-diz-barroso.ghtml\">j\u00e1 foi recha\u00e7ada pelos chefes dos demais poderes<\/a>.&nbsp;<\/p>\n\n\n\n<p>Mais cedo, nesta segunda, o presidente do Supremo, ministro&nbsp;<a href=\"https:\/\/g1.globo.com\/tudo-sobre\/luiz-fux\/\">Luiz Fux<\/a>, fez um&nbsp;<a href=\"https:\/\/g1.globo.com\/politica\/noticia\/2021\/08\/02\/discurso-de-fux-integra.ghtml\">discurso<\/a>no qual afirmou que&nbsp;<a href=\"https:\/\/g1.globo.com\/politica\/noticia\/2021\/08\/02\/fux-afirma-que-independencia-entre-poderes-nao-significa-impunidade-para-atos-contra-as-instituicoes.ghtml\">a independ\u00eancia entre os poderes n\u00e3o significa impunidade para atos contra as institui\u00e7\u00f5es<\/a>.&nbsp;<\/p>\n\n\n\n<p>&#8220;Harmonia e independ\u00eancia entre os poderes n\u00e3o implicam impunidade de atos que exorbitem o necess\u00e1rio respeito \u00e0s institui\u00e7\u00f5es&#8221;, disse o presidente do STF.&nbsp;<\/p>\n\n\n\n<p>Ele afirmou ainda que a popula\u00e7\u00e3o n\u00e3o aceita que crises sejam resolvidas de formas contr\u00e1rias ao que determina a Constitui\u00e7\u00e3o.&nbsp;<\/p>\n\n\n\n<p>&#8220;O povo brasileiro jamais aceitaria que qualquer crise, por mais severa, fosse solucionada mediante mecanismos fora da Constitui\u00e7\u00e3o&#8221;, completou.&nbsp;<\/p>\n\n\n\n<h2 class=\"wp-block-heading\">Inqu\u00e9rito das fake news<\/h2>\n\n\n\n<p>O inqu\u00e9rito das fake news foi aberto em mar\u00e7o de 2019, por decis\u00e3o do ent\u00e3o presidente da Corte, ministro Dias Toffoli, para investigar not\u00edcias fraudulentas, ofensas e amea\u00e7as a ministros do Supremo Tribunal Federal. O ministro Alexandre de Moraes \u00e9 o relator da investiga\u00e7\u00e3o.<\/p>\n","protected":false},"excerpt":{"rendered":"<p>Tribunal tamb\u00e9m abriu inqu\u00e9rito administrativo interno; as duas decis\u00f5es foram un\u00e2nimes. Pedidos se baseiam em ataques de Bolsonaro, sem provas, sobre a seguran\u00e7a das urnas.<\/p>\n","protected":false},"author":1,"featured_media":0,"comment_status":"closed","ping_status":"open","sticky":false,"template":"","format":"standard","meta":{"_exactmetrics_skip_tracking":false,"_exactmetrics_sitenote_active":false,"_exactmetrics_sitenote_note":"","_exactmetrics_sitenote_category":0,"jetpack_post_was_ever_published":false,"_jetpack_newsletter_access":"","_jetpack_dont_email_post_to_subs":false,"_jetpack_newsletter_tier_id":0,"_jetpack_memberships_contains_paywalled_content":false,"_jetpack_memberships_contains_paid_content":false,"footnotes":"","jetpack_publicize_message":"","jetpack_publicize_feature_enabled":true,"jetpack_social_post_already_shared":true,"jetpack_social_options":{"image_generator_settings":{"template":"highway","enabled":false},"version":2}},"categories":[1],"tags":[],"class_list":["post-32567","post","type-post","status-publish","format-standard","hentry","category-notas"],"jetpack_publicize_connections":[],"jetpack_sharing_enabled":true,"jetpack_featured_media_url":"","jetpack_shortlink":"https:\/\/wp.me\/p7wKYW-8th","jetpack-related-posts":[],"_links":{"self":[{"href":"http:\/\/blogdalucianaoliveira.com.br\/blog\/wp-json\/wp\/v2\/posts\/32567","targetHints":{"allow":["GET"]}}],"collection":[{"href":"http:\/\/blogdalucianaoliveira.com.br\/blog\/wp-json\/wp\/v2\/posts"}],"about":[{"href":"http:\/\/blogdalucianaoliveira.com.br\/blog\/wp-json\/wp\/v2\/types\/post"}],"author":[{"embeddable":true,"href":"http:\/\/blogdalucianaoliveira.com.br\/blog\/wp-json\/wp\/v2\/users\/1"}],"replies":[{"embeddable":true,"href":"http:\/\/blogdalucianaoliveira.com.br\/blog\/wp-json\/wp\/v2\/comments?post=32567"}],"version-history":[{"count":1,"href":"http:\/\/blogdalucianaoliveira.com.br\/blog\/wp-json\/wp\/v2\/posts\/32567\/revisions"}],"predecessor-version":[{"id":32569,"href":"http:\/\/blogdalucianaoliveira.com.br\/blog\/wp-json\/wp\/v2\/posts\/32567\/revisions\/32569"}],"wp:attachment":[{"href":"http:\/\/blogdalucianaoliveira.com.br\/blog\/wp-json\/wp\/v2\/media?parent=32567"}],"wp:term":[{"taxonomy":"category","embeddable":true,"href":"http:\/\/blogdalucianaoliveira.com.br\/blog\/wp-json\/wp\/v2\/categories?post=32567"},{"taxonomy":"post_tag","embeddable":true,"href":"http:\/\/blogdalucianaoliveira.com.br\/blog\/wp-json\/wp\/v2\/tags?post=32567"}],"curies":[{"name":"wp","href":"https:\/\/api.w.org\/{rel}","templated":true}]}}