{"id":32570,"date":"2021-08-03T20:19:03","date_gmt":"2021-08-04T00:19:03","guid":{"rendered":"http:\/\/blogdalucianaoliveira.com.br\/blog\/?p=32570"},"modified":"2021-08-03T20:19:07","modified_gmt":"2021-08-04T00:19:07","slug":"camara-aprova-pl-que-legaliza-grilagem-de-terras-confira-como-votou-cada-deputado","status":"publish","type":"post","link":"http:\/\/blogdalucianaoliveira.com.br\/blog\/2021\/08\/03\/camara-aprova-pl-que-legaliza-grilagem-de-terras-confira-como-votou-cada-deputado\/","title":{"rendered":"C\u00e2mara aprova PL que legaliza grilagem de terras; confira como votou cada deputado"},"content":{"rendered":"\n<figure class=\"wp-block-image size-large\"><img data-recalc-dims=\"1\" loading=\"lazy\" decoding=\"async\" width=\"600\" height=\"418\" data-attachment-id=\"32571\" data-permalink=\"http:\/\/blogdalucianaoliveira.com.br\/blog\/2021\/08\/03\/camara-aprova-pl-que-legaliza-grilagem-de-terras-confira-como-votou-cada-deputado\/013ddf5c-096c-48c8-bb5d-69b5310d538c\/\" data-orig-file=\"https:\/\/i0.wp.com\/blogdalucianaoliveira.com.br\/blog\/wp-content\/uploads\/2021\/08\/013DDF5C-096C-48C8-BB5D-69B5310D538C.jpeg?fit=980%2C683\" data-orig-size=\"980,683\" data-comments-opened=\"0\" data-image-meta=\"{&quot;aperture&quot;:&quot;0&quot;,&quot;credit&quot;:&quot;&quot;,&quot;camera&quot;:&quot;&quot;,&quot;caption&quot;:&quot;&quot;,&quot;created_timestamp&quot;:&quot;0&quot;,&quot;copyright&quot;:&quot;&quot;,&quot;focal_length&quot;:&quot;0&quot;,&quot;iso&quot;:&quot;0&quot;,&quot;shutter_speed&quot;:&quot;0&quot;,&quot;title&quot;:&quot;&quot;,&quot;orientation&quot;:&quot;0&quot;}\" data-image-title=\"013DDF5C-096C-48C8-BB5D-69B5310D538C\" data-image-description=\"\" data-image-caption=\"\" data-medium-file=\"https:\/\/i0.wp.com\/blogdalucianaoliveira.com.br\/blog\/wp-content\/uploads\/2021\/08\/013DDF5C-096C-48C8-BB5D-69B5310D538C.jpeg?fit=300%2C209\" data-large-file=\"https:\/\/i0.wp.com\/blogdalucianaoliveira.com.br\/blog\/wp-content\/uploads\/2021\/08\/013DDF5C-096C-48C8-BB5D-69B5310D538C.jpeg?fit=600%2C418\" src=\"https:\/\/i0.wp.com\/blogdalucianaoliveira.com.br\/blog\/wp-content\/uploads\/2021\/08\/013DDF5C-096C-48C8-BB5D-69B5310D538C.jpeg?resize=600%2C418\" alt=\"\" class=\"wp-image-32571\" srcset=\"https:\/\/i0.wp.com\/blogdalucianaoliveira.com.br\/blog\/wp-content\/uploads\/2021\/08\/013DDF5C-096C-48C8-BB5D-69B5310D538C.jpeg?w=980 980w, https:\/\/i0.wp.com\/blogdalucianaoliveira.com.br\/blog\/wp-content\/uploads\/2021\/08\/013DDF5C-096C-48C8-BB5D-69B5310D538C.jpeg?resize=300%2C209 300w, https:\/\/i0.wp.com\/blogdalucianaoliveira.com.br\/blog\/wp-content\/uploads\/2021\/08\/013DDF5C-096C-48C8-BB5D-69B5310D538C.jpeg?resize=768%2C535 768w, https:\/\/i0.wp.com\/blogdalucianaoliveira.com.br\/blog\/wp-content\/uploads\/2021\/08\/013DDF5C-096C-48C8-BB5D-69B5310D538C.jpeg?resize=430%2C300 430w\" sizes=\"auto, (max-width: 600px) 100vw, 600px\" \/><\/figure>\n\n\n\n<p>O projeto facilita regulariza\u00e7\u00e3o de terras da Uni\u00e3o sem vistoria pr\u00e9via e, segundo especialistas, vai beneficiar grileiros e aumentar o desmatamento.<\/p>\n\n\n\n<!--more-->\n\n\n\n<p>Revista F\u00f3rum &#8211; Ap\u00f3s vota\u00e7\u00e3o em plen\u00e1rio, a\u00a0<a rel=\"noreferrer noopener\" href=\"https:\/\/revistaforum.com.br\/tag\/camara-dos-deputados\/\" target=\"_blank\">C\u00e2mara dos Deputados<\/a>\u00a0aprovou, nesta ter\u00e7a-feira (3), o texto-base do Projeto de Lei 2633\/20, que vem sendo chamado pela oposi\u00e7\u00e3o de\u00a0<a rel=\"noreferrer noopener\" href=\"https:\/\/revistaforum.com.br\/?s=PL+da+Grilagem\" target=\"_blank\">PL da Grilagem<\/a>. A mat\u00e9ria, que facilita regulariza\u00e7\u00e3o de terras da Uni\u00e3o sem vistoria pr\u00e9via, foi aprovada por 296 votos a favor, 136 contra e 1 absten\u00e7\u00e3o.\u00a0<\/p>\n\n\n\n<p>Os parlamentares agora analisam os destaques apresentados que podem mudar trechos da proposta.\u00a0<br><\/p>\n\n\n\n<p>\u201c\u00c9 grave! Legaliza ocupa\u00e7\u00f5es fora das normas, abre margem \u00e0 ilegalidade e beneficia diretamente os grileiros. Por que legalizar a ilegalidade? Direito n\u00e3o se negocia!\u201d, afirma a Articula\u00e7\u00e3o dos Povos Ind\u00edgenas do Brasil (Apib).&nbsp;<\/p>\n\n\n\n<p>Ap\u00f3s a aprova\u00e7\u00e3o do texto, parlamentares fizeram cr\u00edticas nas redes sociais.<\/p>\n\n\n\n<p>\u201cInfelizmente, o PL da Grilagem foi aprovado na C\u00e2mara com apoio do governo Bolsonaro. O projeto ataca as popula\u00e7\u00f5es ind\u00edgenas, quilombolas e ribeirinhas, al\u00e9m de amea\u00e7ar os nossos biomas e legalizar a\u00e7\u00f5es de lad\u00f5res de terras p\u00fablicas\u201d, disse o deputado Reginaldo Lopes (PT-MG).&nbsp;<\/p>\n\n\n\n<p>J\u00e1 Alessandro Molon (PSB-RJ) chamou a aten\u00e7\u00e3o para o risco de aumento do desmatamento. \u201cO projeto \u00e9 um desastre para o pa\u00eds: beneficia criminosos, aumenta o desmatamento e a viol\u00eancia no campo\u201d, escreveu o congressista.<\/p>\n\n\n\n<p>\u201cAmea\u00e7a pelo menos 19 milh\u00f5es de hectares de \u00e1reas n\u00e3o destinadas na Amaz\u00f4nia, as quais podem ser ocupadas e desmatadas na expectativa da regulariza\u00e7\u00e3o. Mesmo que tenham sido exclu\u00eddos alguns dispositivos, ele ainda cont\u00e9m medidas que podem enfraquecer as salvaguardas necess\u00e1rias \u00e0 pol\u00edtica de regulariza\u00e7\u00e3o fundi\u00e1ria (\u2026) H\u00e1 uma pol\u00edtica de enfraquecimento das regras (\u2026) A proposta tem um potencial lesivo por n\u00e3o trazer expressamente o resguardo \u00e0s terras ind\u00edgenas\u201d, afirmou por sua vez, em discurso no plen\u00e1rio, a deputada Joenia Wapichana (Rede-RR), que \u00e9 ind\u00edgena.&nbsp;<\/p>\n\n\n\n<h2 class=\"wp-block-heading\">Vota\u00e7\u00e3o&nbsp;<\/h2>\n\n\n\n<p>Somente PT, PSB, PDT, PSOL, PCdoB, PV e Rede orientaram suas bancadas a votarem contra o PL da Grilagem. Todos os demais partidos orientaram voto a favor.<\/p>\n\n\n\n<p>Confira, abaixo, por ordem de legenda, como votou cada deputado.&nbsp;<\/p>\n\n\n\n<ul class=\"wp-block-list\"><li>Leda Sadala&nbsp;(Avante-AP)&nbsp;-votou<strong>Sim<\/strong><\/li><li>Pastor Isid\u00f3rio&nbsp;(Avante-BA)&nbsp;-votou<strong>N\u00e3o<\/strong><\/li><li>Tito&nbsp;(Avante-BA)&nbsp;-votou<strong>Sim<\/strong><\/li><li>Andr\u00e9 Janones&nbsp;(Avante-MG)&nbsp;-votou<strong>N\u00e3o<\/strong><\/li><li>Greyce Elias&nbsp;(Avante-MG)&nbsp;-votou<strong>Sim<\/strong><\/li><li>Luis Tib\u00e9&nbsp;(Avante-MG)<\/li><li>Sebasti\u00e3o Oliveira&nbsp;(Avante-PE)&nbsp;-votou<strong>Sim<\/strong><\/li><li>Chiquinho Braz\u00e3o&nbsp;(Avante-RJ)&nbsp;-votou<strong>Sim<\/strong><\/li><li>Paula Belmonte&nbsp;(Cidadania-DF)&nbsp;-votou<strong>Sim<\/strong><\/li><li>Da Vit\u00f3ria&nbsp;(Cidadania-ES)&nbsp;-votou<strong>Sim<\/strong><\/li><li>Daniel Coelho&nbsp;(Cidadania-PE)&nbsp;-votou<strong>N\u00e3o<\/strong><\/li><li>Rubens Bueno&nbsp;(Cidadania-PR)&nbsp;-votou<strong>Sim<\/strong><\/li><li>Carmen Zanotto&nbsp;(Cidadania-SC)&nbsp;-votou<strong>Sim<\/strong><\/li><li>Alex Manente&nbsp;(Cidadania-SP)<\/li><li>Arnaldo Jardim&nbsp;(Cidadania-SP)&nbsp;-votou<strong>Sim<\/strong><\/li><li>Alan Rick&nbsp;(DEM-AC)&nbsp;-votou<strong>Sim<\/strong><\/li><li>Arthur O. Maia&nbsp;(DEM-BA)&nbsp;-votou<strong>Sim<\/strong><\/li><li>Elmar Nascimento&nbsp;(DEM-BA)&nbsp;-votou<strong>Sim<\/strong><\/li><li>Igor Kann\u00e1rio&nbsp;(DEM-BA)&nbsp;-votou<strong>Sim<\/strong><\/li><li>Leur Lomanto Jr.&nbsp;(DEM-BA)&nbsp;-votou<strong>Sim<\/strong><\/li><li>Paulo Azi&nbsp;(DEM-BA)<\/li><li>An\u00edbal Gomes&nbsp;(DEM-CE)&nbsp;-votou<strong>Sim<\/strong><\/li><li>Luis Miranda&nbsp;(DEM-DF)&nbsp;-votou<strong>Sim<\/strong><\/li><li>Norma Ayub&nbsp;(DEM-ES)&nbsp;-votou<strong>Sim<\/strong><\/li><li>Dr Zacharias Calil&nbsp;(DEM-GO)&nbsp;-votou<strong>Sim<\/strong><\/li><li>Jose Mario Schrein&nbsp;(DEM-GO)&nbsp;-votou<strong>Sim<\/strong><\/li><li>Juscelino Filho&nbsp;(DEM-MA)&nbsp;-votou<strong>Sim<\/strong><\/li><li>Bilac Pinto&nbsp;(DEM-MG)&nbsp;-votou<strong>Sim<\/strong><\/li><li>H\u00e9lio Leite&nbsp;(DEM-PA)<\/li><li>Olival Marques&nbsp;(DEM-PA)&nbsp;-votou<strong>Sim<\/strong><\/li><li>Efraim Filho&nbsp;(DEM-PB)<\/li><li>Fernando Coelho&nbsp;(DEM-PE)<\/li><li>Pedro Lupion&nbsp;(DEM-PR)<\/li><li>Marcos Soares&nbsp;(DEM-RJ)&nbsp;-votou<strong>Sim<\/strong><\/li><li>S\u00f3stenesCavalcante&nbsp;(DEM-RJ)&nbsp;-votou<strong>Sim<\/strong><\/li><li>Alexandre Leite&nbsp;(DEM-SP)<\/li><li>David Soares&nbsp;(DEM-SP)&nbsp;-votou<strong>Sim<\/strong><\/li><li>Eli Corr\u00eaa Filho&nbsp;(DEM-SP)&nbsp;-votou<strong>Sim<\/strong><\/li><li>Geninho Zuliani&nbsp;(DEM-SP)<\/li><li>Kim Kataguiri&nbsp;(DEM-SP)&nbsp;-votou<strong>Sim<\/strong><\/li><li>Carlos Gaguim&nbsp;(DEM-TO)&nbsp;-votou<strong>Sim<\/strong><\/li><li>Prof\u00aa Dorinha&nbsp;(DEM-TO)&nbsp;-votou<strong>Sim<\/strong><\/li><li>Flaviano Melo&nbsp;(MDB-AC)&nbsp;-votou<strong>Sim<\/strong><\/li><li>J\u00e9ssica Sales&nbsp;(MDB-AC)&nbsp;-votou<strong>Sim<\/strong><\/li><li>Isnaldo Bulh\u00f5es Jr&nbsp;(MDB-AL)&nbsp;-votou<strong>Sim<\/strong><\/li><li>Moses Rodrigues&nbsp;(MDB-CE)&nbsp;-votou<strong>Sim<\/strong><\/li><li>Hildo Rocha&nbsp;(MDB-MA)&nbsp;-votou<strong>Sim<\/strong><\/li><li>Jo\u00e3o Marcelo S.&nbsp;(MDB-MA)<\/li><li>F\u00e1bio Ramalho&nbsp;(MDB-MG)&nbsp;-votou<strong>Sim<\/strong><\/li><li>Herc\u00edlio Diniz&nbsp;(MDB-MG)&nbsp;-votou<strong>Sim<\/strong><\/li><li>Mauro Lopes&nbsp;(MDB-MG)<\/li><li>Newton Cardoso Jr&nbsp;(MDB-MG)<\/li><li>Juarez Costa&nbsp;(MDB-MT)<\/li><li>Valtenir Pereira&nbsp;(MDB-MT)&nbsp;-votou<strong>Sim<\/strong><\/li><li>Elcione Barbalho&nbsp;(MDB-PA)<\/li><li>Jos\u00e9 Priante&nbsp;(MDB-PA)<\/li><li>Raul Henry&nbsp;(MDB-PE)&nbsp;-votou<strong>N\u00e3o<\/strong><\/li><li>Marcos A. Sampaio&nbsp;(MDB-PI)<\/li><li>HermesParcianello&nbsp;(MDB-PR)&nbsp;-votou<strong>Sim<\/strong><\/li><li>Sergio Souza&nbsp;(MDB-PR)&nbsp;-votou<strong>Sim<\/strong><\/li><li>Daniela Waguinho&nbsp;(MDB-RJ)&nbsp;-votou<strong>Sim<\/strong><\/li><li>Gutemberg Reis&nbsp;(MDB-RJ)&nbsp;-votou<strong>Sim<\/strong><\/li><li>Leonardo Picciani&nbsp;(MDB-RJ)&nbsp;-votou<strong>Sim<\/strong><\/li><li>Walter Alves&nbsp;(MDB-RN)&nbsp;-votou<strong>Sim<\/strong><\/li><li>Lucio Mosquini&nbsp;(MDB-RO)&nbsp;-votou<strong>Sim<\/strong><\/li><li>Alceu Moreira&nbsp;(MDB-RS)&nbsp;-votou<strong>Sim<\/strong><\/li><li>Giovani Feltes&nbsp;(MDB-RS)&nbsp;-votou<strong>Sim<\/strong><\/li><li>M\u00e1rcio Biolchi&nbsp;(MDB-RS)&nbsp;-votou<strong>Sim<\/strong><\/li><li>Osmar Terra&nbsp;(MDB-RS)&nbsp;-votou<strong>Sim<\/strong><\/li><li>Carlos Chiodini&nbsp;(MDB-SC)&nbsp;-votou<strong>Sim<\/strong><\/li><li>Celso Maldaner&nbsp;(MDB-SC)&nbsp;-votou<strong>Sim<\/strong><\/li><li>Rog\u00e9rio Peninha&nbsp;(MDB-SC)&nbsp;-votou<strong>Sim<\/strong><\/li><li>Fabio Reis&nbsp;(MDB-SE)&nbsp;-votou<strong>Sim<\/strong><\/li><li>Baleia Rossi&nbsp;(MDB-SP)&nbsp;-votou<strong>Sim<\/strong><\/li><li>Herculano Passos&nbsp;(MDB-SP)&nbsp;-votou<strong>Sim<\/strong><\/li><li>Dulce Miranda&nbsp;(MDB-TO)&nbsp;-votou<strong>Sim<\/strong><\/li><li>Lucas Gonzalez&nbsp;(Novo-MG)&nbsp;-votou<strong>Sim<\/strong><\/li><li>Tiago Mitraud&nbsp;(Novo-MG)&nbsp;-votou<strong>Sim<\/strong><\/li><li>Paulo Ganime&nbsp;(Novo-RJ)&nbsp;-votou<strong>Sim<\/strong><\/li><li>Marcel van Hattem&nbsp;(Novo-RS)&nbsp;-votou<strong>Sim<\/strong><\/li><li>Gilson Marques&nbsp;(Novo-SC)&nbsp;-votou<strong>Sim<\/strong><\/li><li>Adriana Ventura&nbsp;(Novo-SP)&nbsp;-votou<strong>Sim<\/strong><\/li><li>Alexis Fonteyne&nbsp;(Novo-SP)&nbsp;-votou<strong>Sim<\/strong><\/li><li>Vinicius Poit&nbsp;(Novo-SP)&nbsp;-votou<strong>Sim<\/strong><\/li><li>Perp\u00e9tua Almeida&nbsp;(PCdoB-AC)&nbsp;-votou<strong>N\u00e3o<\/strong><\/li><li>Prof Marcivania&nbsp;(PCdoB-AP)&nbsp;-votou<strong>N\u00e3o<\/strong><\/li><li>Alice Portugal&nbsp;(PCdoB-BA)&nbsp;-votou<strong>N\u00e3o<\/strong><\/li><li>Daniel Almeida&nbsp;(PCdoB-BA)&nbsp;-votou<strong>N\u00e3o<\/strong><\/li><li>Rubens Pereira Jr.&nbsp;(PCdoB-MA)&nbsp;-votou<strong>N\u00e3o<\/strong><\/li><li>Renildo Calheiros&nbsp;(PCdoB-PE)&nbsp;-votou<strong>N\u00e3o<\/strong><\/li><li>Jandira Feghali&nbsp;(PCdoB-RJ)&nbsp;-votou<strong>N\u00e3o<\/strong><\/li><li>Orlando Silva&nbsp;(PCdoB-SP)&nbsp;-votou<strong>N\u00e3o<\/strong><\/li><li>Jesus S\u00e9rgio&nbsp;(PDT-AC)&nbsp;-votou<strong>N\u00e3o<\/strong><\/li><li>Alex Santana&nbsp;(PDT-BA)&nbsp;-votou<strong>N\u00e3o<\/strong><\/li><li>F\u00e9lix Mendon\u00e7a Jr&nbsp;(PDT-BA)&nbsp;-votou<strong>N\u00e3o<\/strong><\/li><li>Andr\u00e9 Figueiredo&nbsp;(PDT-CE)&nbsp;-votou<strong>N\u00e3o<\/strong><\/li><li>Eduardo Bismarck&nbsp;(PDT-CE)&nbsp;-votou<strong>N\u00e3o<\/strong><\/li><li>Idilvan Alencar&nbsp;(PDT-CE)&nbsp;-votou<strong>N\u00e3o<\/strong><\/li><li>Le\u00f4nidas Cristino&nbsp;(PDT-CE)&nbsp;-votou<strong>N\u00e3o<\/strong><\/li><li>Totonho Lopes&nbsp;(PDT-CE)&nbsp;-votou<strong>N\u00e3o<\/strong><\/li><li>Fl\u00e1via Morais&nbsp;(PDT-GO)&nbsp;-votou<strong>N\u00e3o<\/strong><\/li><li>M\u00e1rio Heringer&nbsp;(PDT-MG)&nbsp;-votou<strong>N\u00e3o<\/strong><\/li><li>SubtenenteGonzaga&nbsp;(PDT-MG)&nbsp;-votou<strong>N\u00e3o<\/strong><\/li><li>Dagoberto Nogueira&nbsp;(PDT-MS)&nbsp;-votou<strong>N\u00e3o<\/strong><\/li><li>Dami\u00e3o Feliciano&nbsp;(PDT-PB)&nbsp;-votou<strong>N\u00e3o<\/strong><\/li><li>T\u00falio Gad\u00ealha&nbsp;(PDT-PE)&nbsp;-votou<strong>N\u00e3o<\/strong><\/li><li>Wolney Queiroz&nbsp;(PDT-PE)&nbsp;-votou<strong>N\u00e3o<\/strong><\/li><li>Fl\u00e1vio Nogueira&nbsp;(PDT-PI)&nbsp;-votou<strong>Sim<\/strong><\/li><li>Gustavo Fruet&nbsp;(PDT-PR)&nbsp;-votou<strong>N\u00e3o<\/strong><\/li><li>Chico D\u00b4Angelo&nbsp;(PDT-RJ)&nbsp;-votou<strong>N\u00e3o<\/strong><\/li><li>Paulo Ramos&nbsp;(PDT-RJ)&nbsp;-votou<strong>N\u00e3o<\/strong><\/li><li>Silvia Cristina&nbsp;(PDT-RO)&nbsp;-votou<strong>N\u00e3o<\/strong><\/li><li>Afonso Motta&nbsp;(PDT-RS)&nbsp;-votou<strong>N\u00e3o<\/strong><\/li><li>Marlon Santos&nbsp;(PDT-RS)&nbsp;-votou<strong>Sim<\/strong><\/li><li>Pompeo de Mattos&nbsp;(PDT-RS)&nbsp;-votou<strong>N\u00e3o<\/strong><\/li><li>F\u00e1bio Henrique&nbsp;(PDT-SE)&nbsp;-votou<strong>N\u00e3o<\/strong><\/li><li>Tabata Amaral&nbsp;(PDT-SP)&nbsp;-votou<strong>N\u00e3o<\/strong><\/li><li>Sergio Toledo&nbsp;(PL-AL)<\/li><li>Marcelo Ramos&nbsp;(PL-AM)<\/li><li>Vinicius Gurgel&nbsp;(PL-AP)&nbsp;-votou<strong>Sim<\/strong><\/li><li>Ab\u00edlio Santana&nbsp;(PL-BA)&nbsp;-votou<strong>Sim<\/strong><\/li><li>Jo\u00e3o C. Bacelar&nbsp;(PL-BA)<\/li><li>Jos\u00e9 Rocha&nbsp;(PL-BA)&nbsp;-votou<strong>Sim<\/strong><\/li><li>Raimundo Costa&nbsp;(PL-BA)&nbsp;-votou<strong>Sim<\/strong><\/li><li>Dr. Jaziel&nbsp;(PL-CE)<\/li><li>J\u00fanior Mano&nbsp;(PL-CE)<\/li><li>Laerte Bessa&nbsp;(PL-DF)&nbsp;-votou<strong>Sim<\/strong><\/li><li>Magda Mofatto&nbsp;(PL-GO)&nbsp;-votou<strong>Sim<\/strong><\/li><li>JosimarMaranh\u00e3ozi&nbsp;(PL-MA)<\/li><li>Junior Louren\u00e7o&nbsp;(PL-MA)&nbsp;-votou<strong>Sim<\/strong><\/li><li>Pastor Gil&nbsp;(PL-MA)<\/li><li>Aelton Freitas&nbsp;(PL-MG)&nbsp;-votou<strong>Sim<\/strong><\/li><li>Lincoln Portela&nbsp;(PL-MG)&nbsp;-votou<strong>Sim<\/strong><\/li><li>Z\u00e9 Vitor&nbsp;(PL-MG)&nbsp;-votou<strong>Sim<\/strong><\/li><li>Cristiano Vale&nbsp;(PL-PA)&nbsp;-votou<strong>N\u00e3o<\/strong><\/li><li>Wellington&nbsp;(PL-PB)&nbsp;-votou<strong>Sim<\/strong><\/li><li>FernandoRodolfo&nbsp;(PL-PE)&nbsp;-votou<strong>Sim<\/strong><\/li><li>Cap. F\u00e1bio Abreu&nbsp;(PL-PI)<\/li><li>Christiane Yared&nbsp;(PL-PR)&nbsp;-votou<strong>Sim<\/strong><\/li><li>Giacobo&nbsp;(PL-PR)&nbsp;-votou<strong>Sim<\/strong><\/li><li>Luiz Nishimori&nbsp;(PL-PR)&nbsp;-votou<strong>Sim<\/strong><\/li><li>Altineu C\u00f4rtes&nbsp;(PL-RJ)&nbsp;-votou<strong>Sim<\/strong><\/li><li>Gelson Azevedo&nbsp;(PL-RJ)&nbsp;-votou<strong>Sim<\/strong><\/li><li>LuizAnt\u00f4nioCorr\u00eaa&nbsp;(PL-RJ)&nbsp;-votou<strong>Sim<\/strong><\/li><li>Soraya Santos&nbsp;(PL-RJ)<\/li><li>Jo\u00e3o Maia&nbsp;(PL-RN)&nbsp;-votou<strong>Sim<\/strong><\/li><li>Edio Lopes&nbsp;(PL-RR)&nbsp;-votou<strong>Sim<\/strong><\/li><li>Giovani Cherini&nbsp;(PL-RS)&nbsp;-votou<strong>Sim<\/strong><\/li><li>Bosco Costa&nbsp;(PL-SE)&nbsp;-votou<strong>Sim<\/strong><\/li><li>Valdevan Noventa&nbsp;(PL-SE)&nbsp;-votou<strong>Sim<\/strong><\/li><li>Capit\u00e3o Augusto&nbsp;(PL-SP)&nbsp;-votou<strong>Sim<\/strong><\/li><li>Luiz Carlos Motta&nbsp;(PL-SP)&nbsp;-votou<strong>Sim<\/strong><\/li><li>Marcio Alvino&nbsp;(PL-SP)&nbsp;-votou<strong>Sim<\/strong><\/li><li>Miguel Lombardi&nbsp;(PL-SP)&nbsp;-votou<strong>Sim<\/strong><\/li><li>Paulo Freire Costa&nbsp;(PL-SP)<\/li><li>Policial Sastre&nbsp;(PL-SP)&nbsp;-votou<strong>Sim<\/strong><\/li><li>Tiririca&nbsp;(PL-SP)&nbsp;-votou<strong>N\u00e3o<\/strong><\/li><li>Vicentinho J\u00fanior&nbsp;(PL-TO)&nbsp;-votou<strong>Sim<\/strong><\/li><li>Arthur Lira&nbsp;(PP-AL)&nbsp;-votou<strong>Art. 17<\/strong><\/li><li>\u00c1tila Lins&nbsp;(PP-AM)&nbsp;-votou<strong>Sim<\/strong><\/li><li>Andr\u00e9 Abdon&nbsp;(PP-AP)&nbsp;-votou<strong>Sim<\/strong><\/li><li>Cac\u00e1 Le\u00e3o&nbsp;(PP-BA)&nbsp;-votou<strong>Sim<\/strong><\/li><li>Claudio Cajado&nbsp;(PP-BA)&nbsp;-votou<strong>Sim<\/strong><\/li><li>M\u00e1rioNegromonte Jr&nbsp;(PP-BA)<\/li><li>Ronaldo Carletto&nbsp;(PP-BA)&nbsp;-votou<strong>Sim<\/strong><\/li><li>AJ Albuquerque&nbsp;(PP-CE)&nbsp;-votou<strong>Sim<\/strong><\/li><li>Celina Le\u00e3o&nbsp;(PP-DF)&nbsp;-votou<strong>Sim<\/strong><\/li><li>Evair de Melo&nbsp;(PP-ES)&nbsp;-votou<strong>Sim<\/strong><\/li><li>Adriano do Baldy&nbsp;(PP-GO)&nbsp;-votou<strong>Sim<\/strong><\/li><li>Professor Alcides&nbsp;(PP-GO)&nbsp;-votou<strong>Sim<\/strong><\/li><li>Andr\u00e9 Fufuca&nbsp;(PP-MA)&nbsp;-votou<strong>Sim<\/strong><\/li><li>Dimas Fabiano&nbsp;(PP-MG)&nbsp;-votou<strong>Sim<\/strong><\/li><li>Franco Cartafina&nbsp;(PP-MG)&nbsp;-votou<strong>Sim<\/strong><\/li><li>Marcelo Aro&nbsp;(PP-MG)<\/li><li>Pinheirinho&nbsp;(PP-MG)&nbsp;-votou<strong>Sim<\/strong><\/li><li>Neri Geller&nbsp;(PP-MT)&nbsp;-votou<strong>Sim<\/strong><\/li><li>Aguinaldo Ribeiro&nbsp;(PP-PB)&nbsp;-votou<strong>Sim<\/strong><\/li><li>Eduardo da Fonte&nbsp;(PP-PE)&nbsp;-votou<strong>Sim<\/strong><\/li><li>FernandoMonteiro&nbsp;(PP-PE)<\/li><li>\u00c1tila Lira&nbsp;(PP-PI)&nbsp;-votou<strong>Sim<\/strong><\/li><li>Iracema Portella&nbsp;(PP-PI)&nbsp;-votou<strong>Sim<\/strong><\/li><li>Margarete Coelho&nbsp;(PP-PI)&nbsp;-votou<strong>Sim<\/strong><\/li><li>Ricardo Barros&nbsp;(PP-PR)<\/li><li>Christino Aureo&nbsp;(PP-RJ)&nbsp;-votou<strong>Sim<\/strong><\/li><li>Dr.Luiz Antonio Jr&nbsp;(PP-RJ)&nbsp;-votou<strong>Sim<\/strong><\/li><li>Julio Lopes&nbsp;(PP-RJ)<\/li><li>Beto Rosado&nbsp;(PP-RN)<\/li><li>Jaqueline Cassol&nbsp;(PP-RO)&nbsp;-votou<strong>N\u00e3o<\/strong><\/li><li>Hiran Gon\u00e7alves&nbsp;(PP-RR)&nbsp;-votou<strong>Sim<\/strong><\/li><li>Afonso Hamm&nbsp;(PP-RS)<\/li><li>Covatti Filho&nbsp;(PP-RS)&nbsp;-votou<strong>Sim<\/strong><\/li><li>Jer\u00f4nimo Goergen&nbsp;(PP-RS)&nbsp;-votou<strong>N\u00e3o<\/strong><\/li><li>Pedro Westphalen&nbsp;(PP-RS)<\/li><li>Angela Amin&nbsp;(PP-SC)&nbsp;-votou<strong>Sim<\/strong><\/li><li>Laercio Oliveira&nbsp;(PP-SE)&nbsp;-votou<strong>Sim<\/strong><\/li><li>Fausto Pinato&nbsp;(PP-SP)&nbsp;-votou<strong>Sim<\/strong><\/li><li>Guilherme Derrite&nbsp;(PP-SP)&nbsp;-votou<strong>Sim<\/strong><\/li><li>Guilherme Mussi&nbsp;(PP-SP)&nbsp;-votou<strong>Sim<\/strong><\/li><li>Ricardo Izar&nbsp;(PP-SP)<\/li><li>Ac\u00e1cio Favacho&nbsp;(PROS-AP)&nbsp;-votou<strong>Sim<\/strong><\/li><li>Uldurico Junior&nbsp;(PROS-BA)&nbsp;-votou<strong>Sim<\/strong><\/li><li>Capit\u00e3o Wagner&nbsp;(PROS-CE)&nbsp;-votou<strong>Sim<\/strong><\/li><li>Vaidon Oliveira&nbsp;(PROS-CE)<\/li><li>Gast\u00e3o Vieira&nbsp;(PROS-MA)<\/li><li>Eros Biondini&nbsp;(PROS-MG)&nbsp;-votou<strong>Sim<\/strong><\/li><li>Weliton Prado&nbsp;(PROS-MG)&nbsp;-votou<strong>Sim<\/strong><\/li><li>Boca Aberta&nbsp;(PROS-PR)<\/li><li>ToninhoWandscheer&nbsp;(PROS-PR)&nbsp;-votou<strong>Sim<\/strong><\/li><li>Clarissa Garotinho&nbsp;(PROS-RJ)&nbsp;-votou<strong>N\u00e3o<\/strong><\/li><li>Carla Dickson&nbsp;(PROS-RN)&nbsp;-votou<strong>Sim<\/strong><\/li><li>Camilo Capiberibe&nbsp;(PSB-AP)&nbsp;-votou<strong>N\u00e3o<\/strong><\/li><li>L\u00eddice da Mata&nbsp;(PSB-BA)&nbsp;-votou<strong>N\u00e3o<\/strong><\/li><li>Marcelo Nilo&nbsp;(PSB-BA)&nbsp;-votou<strong>N\u00e3o<\/strong><\/li><li>Odorico Monteiro&nbsp;(PSB-CE)<\/li><li>Felipe Rigoni&nbsp;(PSB-ES)&nbsp;-votou<strong>N\u00e3o<\/strong><\/li><li>Ted Conti&nbsp;(PSB-ES)&nbsp;-votou<strong>N\u00e3o<\/strong><\/li><li>Elias Vaz&nbsp;(PSB-GO)&nbsp;-votou<strong>N\u00e3o<\/strong><\/li><li>Bira do Pindar\u00e9&nbsp;(PSB-MA)&nbsp;-votou<strong>N\u00e3o<\/strong><\/li><li>Emidinho Madeira&nbsp;(PSB-MG)&nbsp;-votou<strong>Sim<\/strong><\/li><li>J\u00falio Delgado&nbsp;(PSB-MG)&nbsp;-votou<strong>N\u00e3o<\/strong><\/li><li>Vilson da Fetaemg&nbsp;(PSB-MG)&nbsp;-votou<strong>N\u00e3o<\/strong><\/li><li>C\u00e1ssio Andrade&nbsp;(PSB-PA)<\/li><li>Gerv\u00e1sio Maia&nbsp;(PSB-PB)&nbsp;-votou<strong>N\u00e3o<\/strong><\/li><li>Danilo Cabral&nbsp;(PSB-PE)&nbsp;-votou<strong>N\u00e3o<\/strong><\/li><li>Felipe Carreras&nbsp;(PSB-PE)&nbsp;-votou<strong>N\u00e3o<\/strong><\/li><li>Gonzaga Patriota&nbsp;(PSB-PE)&nbsp;-votou<strong>N\u00e3o<\/strong><\/li><li>Milton Coelho&nbsp;(PSB-PE)&nbsp;-votou<strong>N\u00e3o<\/strong><\/li><li>Tadeu Alencar&nbsp;(PSB-PE)&nbsp;-votou<strong>N\u00e3o<\/strong><\/li><li>Aliel Machado&nbsp;(PSB-PR)<\/li><li>Luciano Ducci&nbsp;(PSB-PR)&nbsp;-votou<strong>Sim<\/strong><\/li><li>Alessandro Molon&nbsp;(PSB-RJ)&nbsp;-votou<strong>N\u00e3o<\/strong><\/li><li>Marcelo Freixo&nbsp;(PSB-RJ)&nbsp;-votou<strong>N\u00e3o<\/strong><\/li><li>Rafael Motta&nbsp;(PSB-RN)&nbsp;-votou<strong>N\u00e3o<\/strong><\/li><li>Mauro Nazif&nbsp;(PSB-RO)&nbsp;-votou<strong>N\u00e3o<\/strong><\/li><li>Heitor Schuch&nbsp;(PSB-RS)&nbsp;-votou<strong>N\u00e3o<\/strong><\/li><li>Liziane Bayer&nbsp;(PSB-RS)&nbsp;-votou<strong>Sim<\/strong><\/li><li>Rodrigo Coelho&nbsp;(PSB-SC)&nbsp;-votou<strong>Sim<\/strong><\/li><li>Jefferson Campos&nbsp;(PSB-SP)&nbsp;-votou<strong>Sim<\/strong><\/li><li>Ricardo Silva&nbsp;(PSB-SP)&nbsp;-votou<strong>N\u00e3o<\/strong><\/li><li>Rodrigo Agostinho&nbsp;(PSB-SP)&nbsp;-votou<strong>N\u00e3o<\/strong><\/li><li>Rosana Valle&nbsp;(PSB-SP)&nbsp;-votou<strong>N\u00e3o<\/strong><\/li><li>DaLua do Rota&nbsp;(PSC-AP)&nbsp;-votou<strong>Sim<\/strong><\/li><li>Lauriete&nbsp;(PSC-ES)&nbsp;-votou<strong>Sim<\/strong><\/li><li>Glaustin da Fokus&nbsp;(PSC-GO)&nbsp;-votou<strong>Sim<\/strong><\/li><li>Aluisio Mendes&nbsp;(PSC-MA)&nbsp;-votou<strong>Sim<\/strong><\/li><li>EuclydesPettersen&nbsp;(PSC-MG)&nbsp;-votou<strong>Sim<\/strong><\/li><li>Leonardo Gadelha&nbsp;(PSC-PB)&nbsp;-votou<strong>Sim<\/strong><\/li><li>Andr\u00e9 Ferreira&nbsp;(PSC-PE)&nbsp;-votou<strong>Sim<\/strong><\/li><li>Paulo Martins&nbsp;(PSC-PR)&nbsp;-votou<strong>Sim<\/strong><\/li><li>Otoni de Paula&nbsp;(PSC-RJ)&nbsp;-votou<strong>Sim<\/strong><\/li><li>Ricardo da Karol&nbsp;(PSC-RJ)&nbsp;-votou<strong>Sim<\/strong><\/li><li>GilbertoNasciment&nbsp;(PSC-SP)&nbsp;-votou<strong>Art. 17<\/strong><\/li><li>Osires Damaso&nbsp;(PSC-TO)&nbsp;-votou<strong>Sim<\/strong><\/li><li>Marx Beltr\u00e3o&nbsp;(PSD-AL)&nbsp;-votou<strong>Sim<\/strong><\/li><li>Sidney Leite&nbsp;(PSD-AM)&nbsp;-votou<strong>Sim<\/strong><\/li><li>Antonio Brito&nbsp;(PSD-BA)&nbsp;-votou<strong>Sim<\/strong><\/li><li>Charles Fernandes&nbsp;(PSD-BA)&nbsp;-votou<strong>Sim<\/strong><\/li><li>Jos\u00e9 Nunes&nbsp;(PSD-BA)&nbsp;-votou<strong>Sim<\/strong><\/li><li>Otto Alencar&nbsp;(PSD-BA)&nbsp;-votou<strong>Sim<\/strong><\/li><li>Paulo Magalh\u00e3es&nbsp;(PSD-BA)&nbsp;-votou<strong>Sim<\/strong><\/li><li>S\u00e9rgio Brito&nbsp;(PSD-BA)<\/li><li>Domingos Neto&nbsp;(PSD-CE)&nbsp;-votou<strong>Sim<\/strong><\/li><li>Neucimar Fraga&nbsp;(PSD-ES)<\/li><li>Francisco Jr.&nbsp;(PSD-GO)&nbsp;-votou<strong>Sim<\/strong><\/li><li>Edilazio Junior&nbsp;(PSD-MA)&nbsp;-votou<strong>Sim<\/strong><\/li><li>Diego Andrade&nbsp;(PSD-MG)<\/li><li>Misael Varella&nbsp;(PSD-MG)&nbsp;-votou<strong>Sim<\/strong><\/li><li>Stefano Aguiar&nbsp;(PSD-MG)&nbsp;-votou<strong>Sim<\/strong><\/li><li>F\u00e1bio Trad&nbsp;(PSD-MS)&nbsp;-votou<strong>N\u00e3o<\/strong><\/li><li>Deleg. \u00c9der Mauro&nbsp;(PSD-PA)<\/li><li>JoaquimPassarinho&nbsp;(PSD-PA)&nbsp;-votou<strong>N\u00e3o<\/strong><\/li><li>J\u00fanior Ferrari&nbsp;(PSD-PA)&nbsp;-votou<strong>N\u00e3o<\/strong><\/li><li>Andr\u00e9 de Paula&nbsp;(PSD-PE)<\/li><li>J\u00falio Cesar&nbsp;(PSD-PI)&nbsp;-votou<strong>Sim<\/strong><\/li><li>Sargento Fahur&nbsp;(PSD-PR)&nbsp;-votou<strong>Sim<\/strong><\/li><li>Stephanes Junior&nbsp;(PSD-PR)<\/li><li>Vermelho&nbsp;(PSD-PR)&nbsp;-votou<strong>Sim<\/strong><\/li><li>Flordelis&nbsp;(PSD-RJ)&nbsp;-votou<strong>Sim<\/strong><\/li><li>Hugo Leal&nbsp;(PSD-RJ)&nbsp;-votou<strong>Sim<\/strong><\/li><li>Pedro Augusto&nbsp;(PSD-RJ)<\/li><li>Expedito Netto&nbsp;(PSD-RO)&nbsp;-votou<strong>N\u00e3o<\/strong><\/li><li>Haroldo Cathedral&nbsp;(PSD-RR)&nbsp;-votou<strong>Sim<\/strong><\/li><li>Paulo V. Caleffi&nbsp;(PSD-RS)&nbsp;-votou<strong>Sim<\/strong><\/li><li>Darci de Matos&nbsp;(PSD-SC)&nbsp;-votou<strong>Sim<\/strong><\/li><li>Ricardo Guidi&nbsp;(PSD-SC)<\/li><li>F\u00e1bio Mitidieri&nbsp;(PSD-SE)&nbsp;-votou<strong>Sim<\/strong><\/li><li>Cezinha Madureira&nbsp;(PSD-SP)&nbsp;-votou<strong>Sim<\/strong><\/li><li>Marco Bertaiolli&nbsp;(PSD-SP)&nbsp;-votou<strong>Sim<\/strong><\/li><li>Mara Rocha&nbsp;(PSDB-AC)&nbsp;-votou<strong>Sim<\/strong><\/li><li>Pedro Vilela&nbsp;(PSDB-AL)&nbsp;-votou<strong>Sim<\/strong><\/li><li>Tereza Nelma&nbsp;(PSDB-AL)&nbsp;-votou<strong>N\u00e3o<\/strong><\/li><li>Adolfo Viana&nbsp;(PSDB-BA)&nbsp;-votou<strong>Sim<\/strong><\/li><li>Danilo Forte&nbsp;(PSDB-CE)&nbsp;-votou<strong>Sim<\/strong><\/li><li>C\u00e9lio Silveira&nbsp;(PSDB-GO)&nbsp;-votou<strong>Sim<\/strong><\/li><li>A\u00e9cio Neves&nbsp;(PSDB-MG)<\/li><li>Domingos S\u00e1vio&nbsp;(PSDB-MG)&nbsp;-votou<strong>Sim<\/strong><\/li><li>Eduardo Barbosa&nbsp;(PSDB-MG)&nbsp;-votou<strong>Sim<\/strong><\/li><li>Paulo Abi-Ackel&nbsp;(PSDB-MG)<\/li><li>Rodrigo de Castro&nbsp;(PSDB-MG)&nbsp;-votou<strong>Sim<\/strong><\/li><li>Beto Pereira&nbsp;(PSDB-MS)&nbsp;-votou<strong>Sim<\/strong><\/li><li>Bia Cavassa&nbsp;(PSDB-MS)&nbsp;-votou<strong>Sim<\/strong><\/li><li>Rose Modesto&nbsp;(PSDB-MS)<\/li><li>Celso Sabino&nbsp;(PSDB-PA)<\/li><li>Nilson Pinto&nbsp;(PSDB-PA)&nbsp;-votou<strong>Sim<\/strong><\/li><li>Edna Henrique&nbsp;(PSDB-PB)&nbsp;-votou<strong>Sim<\/strong><\/li><li>Ruy Carneiro&nbsp;(PSDB-PB)&nbsp;-votou<strong>Sim<\/strong><\/li><li>Rossoni&nbsp;(PSDB-PR)&nbsp;-votou<strong>Sim<\/strong><\/li><li>Otavio Leite&nbsp;(PSDB-RJ)&nbsp;-votou<strong>Sim<\/strong><\/li><li>Mariana Carvalho&nbsp;(PSDB-RO)&nbsp;-votou<strong>Sim<\/strong><\/li><li>Sh\u00e9ridan&nbsp;(PSDB-RR)&nbsp;-votou<strong>Sim<\/strong><\/li><li>Daniel Trzeciak&nbsp;(PSDB-RS)&nbsp;-votou<strong>Sim<\/strong><\/li><li>Lucas Redecker&nbsp;(PSDB-RS)&nbsp;-votou<strong>Sim<\/strong><\/li><li>Geovania de S\u00e1&nbsp;(PSDB-SC)&nbsp;-votou<strong>Sim<\/strong><\/li><li>Alexandre Frota&nbsp;(PSDB-SP)&nbsp;-votou<strong>N\u00e3o<\/strong><\/li><li>Bruna Furlan&nbsp;(PSDB-SP)&nbsp;-votou<strong>Sim<\/strong><\/li><li>Carlos Sampaio&nbsp;(PSDB-SP)&nbsp;-votou<strong>Sim<\/strong><\/li><li>Eduardo Cury&nbsp;(PSDB-SP)&nbsp;-votou<strong>Sim<\/strong><\/li><li>Samuel Moreira&nbsp;(PSDB-SP)&nbsp;-votou<strong>Sim<\/strong><\/li><li>Vanderlei Macris&nbsp;(PSDB-SP)&nbsp;-votou<strong>Sim<\/strong><\/li><li>Vitor Lippi&nbsp;(PSDB-SP)&nbsp;-votou<strong>Sim<\/strong><\/li><li>Delegado Pablo&nbsp;(PSL-AM)<\/li><li>Professora Dayane&nbsp;(PSL-BA)&nbsp;-votou<strong>Sim<\/strong><\/li><li>Heitor Freire&nbsp;(PSL-CE)&nbsp;-votou<strong>Sim<\/strong><\/li><li>Bia Kicis&nbsp;(PSL-DF)&nbsp;-votou<strong>Sim<\/strong><\/li><li>Dra.Soraya Manato&nbsp;(PSL-ES)&nbsp;-votou<strong>Sim<\/strong><\/li><li>Delegado Waldir&nbsp;(PSL-GO)&nbsp;-votou<strong>Sim<\/strong><\/li><li>Vitor Hugo&nbsp;(PSL-GO)&nbsp;-votou<strong>Sim<\/strong><\/li><li>Al\u00ea Silva&nbsp;(PSL-MG)&nbsp;-votou<strong>Sim<\/strong><\/li><li>Charlles Evangelis&nbsp;(PSL-MG)&nbsp;-votou<strong>Sim<\/strong><\/li><li>Delegado Marcelo&nbsp;(PSL-MG)&nbsp;-votou<strong>Sim<\/strong><\/li><li>Junio Amaral&nbsp;(PSL-MG)&nbsp;-votou<strong>Sim<\/strong><\/li><li>L\u00e9o Motta&nbsp;(PSL-MG)<\/li><li>Marcelo \u00c1lvaro&nbsp;(PSL-MG)&nbsp;-votou<strong>Sim<\/strong><\/li><li>Dr. Luiz Ovando&nbsp;(PSL-MS)&nbsp;-votou<strong>Sim<\/strong><\/li><li>Loester Trutis&nbsp;(PSL-MS)&nbsp;-votou<strong>N\u00e3o<\/strong><\/li><li>Nelson Barbudo&nbsp;(PSL-MT)&nbsp;-votou<strong>Sim<\/strong><\/li><li>Julian Lemos&nbsp;(PSL-PB)&nbsp;-votou<strong>Sim<\/strong><\/li><li>Luciano Bivar&nbsp;(PSL-PE)<\/li><li>Aline Sleutjes&nbsp;(PSL-PR)&nbsp;-votou<strong>Sim<\/strong><\/li><li>FelipeFrancischini&nbsp;(PSL-PR)&nbsp;-votou<strong>Sim<\/strong><\/li><li>Filipe Barros&nbsp;(PSL-PR)&nbsp;-votou<strong>Sim<\/strong><\/li><li>Carlos Jordy&nbsp;(PSL-RJ)&nbsp;-votou<strong>Sim<\/strong><\/li><li>Chris Tonietto&nbsp;(PSL-RJ)&nbsp;-votou<strong>Sim<\/strong><\/li><li>Daniel Silveira&nbsp;(PSL-RJ)<\/li><li>DelAnt\u00f4nioFurtado&nbsp;(PSL-RJ)&nbsp;-votou<strong>Absten\u00e7\u00e3o<\/strong><\/li><li>Fel\u00edcio Later\u00e7a&nbsp;(PSL-RJ)&nbsp;-votou<strong>Sim<\/strong><\/li><li>Gurgel&nbsp;(PSL-RJ)&nbsp;-votou<strong>Sim<\/strong><\/li><li>Helio Lopes&nbsp;(PSL-RJ)&nbsp;-votou<strong>Sim<\/strong><\/li><li>Lourival Gomes&nbsp;(PSL-RJ)&nbsp;-votou<strong>Sim<\/strong><\/li><li>Luiz Lima&nbsp;(PSL-RJ)&nbsp;-votou<strong>Sim<\/strong><\/li><li>Major Fabiana&nbsp;(PSL-RJ)&nbsp;-votou<strong>Sim<\/strong><\/li><li>M\u00e1rcio Labre&nbsp;(PSL-RJ)&nbsp;-votou<strong>Sim<\/strong><\/li><li>Professor Joziel&nbsp;(PSL-RJ)&nbsp;-votou<strong>Sim<\/strong><\/li><li>General Gir\u00e3o&nbsp;(PSL-RN)&nbsp;-votou<strong>Sim<\/strong><\/li><li>CoronelChris\u00f3stom&nbsp;(PSL-RO)<\/li><li>Nicoletti&nbsp;(PSL-RR)&nbsp;-votou<strong>Sim<\/strong><\/li><li>Bibo Nunes&nbsp;(PSL-RS)&nbsp;-votou<strong>Sim<\/strong><\/li><li>Marcelo Brum&nbsp;(PSL-RS)&nbsp;-votou<strong>Sim<\/strong><\/li><li>Nereu Crispim&nbsp;(PSL-RS)&nbsp;-votou<strong>Sim<\/strong><\/li><li>Sanderson&nbsp;(PSL-RS)&nbsp;-votou<strong>Sim<\/strong><\/li><li>Caroline de Toni&nbsp;(PSL-SC)&nbsp;-votou<strong>Sim<\/strong><\/li><li>Coronel Armando&nbsp;(PSL-SC)&nbsp;-votou<strong>Sim<\/strong><\/li><li>Daniel Freitas&nbsp;(PSL-SC)&nbsp;-votou<strong>Sim<\/strong><\/li><li>Fabio Schiochet&nbsp;(PSL-SC)&nbsp;-votou<strong>Sim<\/strong><\/li><li>Abou Anni&nbsp;(PSL-SP)&nbsp;-votou<strong>Sim<\/strong><\/li><li>Bozzella&nbsp;(PSL-SP)&nbsp;-votou<strong>Sim<\/strong><\/li><li>Carla Zambelli&nbsp;(PSL-SP)&nbsp;-votou<strong>Sim<\/strong><\/li><li>Coronel Tadeu&nbsp;(PSL-SP)&nbsp;-votou<strong>Sim<\/strong><\/li><li>EduardoBolsonaro&nbsp;(PSL-SP)&nbsp;-votou<strong>Sim<\/strong><\/li><li>General Peternelli&nbsp;(PSL-SP)&nbsp;-votou<strong>Sim<\/strong><\/li><li>Guiga Peixoto&nbsp;(PSL-SP)&nbsp;-votou<strong>Sim<\/strong><\/li><li>Joice Hasselmann&nbsp;(PSL-SP)&nbsp;-votou<strong>Sim<\/strong><\/li><li>Luiz P. O.Bragan\u00e7a&nbsp;(PSL-SP)&nbsp;-votou<strong>Sim<\/strong><\/li><li>\u00c1urea Carolina&nbsp;(PSOL-MG)&nbsp;-votou<strong>N\u00e3o<\/strong><\/li><li>Vivi Reis&nbsp;(PSOL-PA)&nbsp;-votou<strong>N\u00e3o<\/strong><\/li><li>David Miranda&nbsp;(PSOL-RJ)&nbsp;-votou<strong>N\u00e3o<\/strong><\/li><li>Glauber Braga&nbsp;(PSOL-RJ)&nbsp;-votou<strong>N\u00e3o<\/strong><\/li><li>Tal\u00edria Petrone&nbsp;(PSOL-RJ)<\/li><li>FernandaMelchionna&nbsp;(PSOL-RS)&nbsp;-votou<strong>N\u00e3o<\/strong><\/li><li>Ivan Valente&nbsp;(PSOL-SP)&nbsp;-votou<strong>N\u00e3o<\/strong><\/li><li>Luiza Erundina&nbsp;(PSOL-SP)&nbsp;-votou<strong>N\u00e3o<\/strong><\/li><li>S\u00e2mia Bomfim&nbsp;(PSOL-SP)<\/li><li>Leo de Brito&nbsp;(PT-AC)&nbsp;-votou<strong>N\u00e3o<\/strong><\/li><li>Paul\u00e3o&nbsp;(PT-AL)&nbsp;-votou<strong>N\u00e3o<\/strong><\/li><li>Jos\u00e9 Ricardo&nbsp;(PT-AM)&nbsp;-votou<strong>N\u00e3o<\/strong><\/li><li>Afonso Florence&nbsp;(PT-BA)&nbsp;-votou<strong>N\u00e3o<\/strong><\/li><li>Jorge Solla&nbsp;(PT-BA)&nbsp;-votou<strong>N\u00e3o<\/strong><\/li><li>Joseildo Ramos&nbsp;(PT-BA)&nbsp;-votou<strong>N\u00e3o<\/strong><\/li><li>Valmir Assun\u00e7\u00e3o&nbsp;(PT-BA)&nbsp;-votou<strong>N\u00e3o<\/strong><\/li><li>Waldenor Pereira&nbsp;(PT-BA)<\/li><li>Z\u00e9 Neto&nbsp;(PT-BA)<\/li><li>Jos\u00e9 Airton&nbsp;(PT-CE)&nbsp;-votou<strong>N\u00e3o<\/strong><\/li><li>Jos\u00e9 Guimar\u00e3es&nbsp;(PT-CE)&nbsp;-votou<strong>N\u00e3o<\/strong><\/li><li>Luizianne Lins&nbsp;(PT-CE)<\/li><li>Erika Kokay&nbsp;(PT-DF)&nbsp;-votou<strong>N\u00e3o<\/strong><\/li><li>Helder Salom\u00e3o&nbsp;(PT-ES)&nbsp;-votou<strong>N\u00e3o<\/strong><\/li><li>Rubens Otoni&nbsp;(PT-GO)<\/li><li>Z\u00e9 Carlos&nbsp;(PT-MA)&nbsp;-votou<strong>N\u00e3o<\/strong><\/li><li>Leonardo Monteiro&nbsp;(PT-MG)&nbsp;-votou<strong>N\u00e3o<\/strong><\/li><li>Odair Cunha&nbsp;(PT-MG)&nbsp;-votou<strong>N\u00e3o<\/strong><\/li><li>Padre Jo\u00e3o&nbsp;(PT-MG)&nbsp;-votou<strong>N\u00e3o<\/strong><\/li><li>Patrus Ananias&nbsp;(PT-MG)&nbsp;-votou<strong>N\u00e3o<\/strong><\/li><li>Paulo Guedes&nbsp;(PT-MG)&nbsp;-votou<strong>N\u00e3o<\/strong><\/li><li>Reginaldo Lopes&nbsp;(PT-MG)&nbsp;-votou<strong>N\u00e3o<\/strong><\/li><li>Rog\u00e9rio Correia&nbsp;(PT-MG)&nbsp;-votou<strong>N\u00e3o<\/strong><\/li><li>Vander Loubet&nbsp;(PT-MS)&nbsp;-votou<strong>N\u00e3o<\/strong><\/li><li>Prof\u00aa Rosa Neide&nbsp;(PT-MT)&nbsp;-votou<strong>N\u00e3o<\/strong><\/li><li>Airton Faleiro&nbsp;(PT-PA)&nbsp;-votou<strong>N\u00e3o<\/strong><\/li><li>Beto Faro&nbsp;(PT-PA)&nbsp;-votou<strong>N\u00e3o<\/strong><\/li><li>Frei Anastacio&nbsp;(PT-PB)&nbsp;-votou<strong>N\u00e3o<\/strong><\/li><li>Carlos Veras&nbsp;(PT-PE)&nbsp;-votou<strong>N\u00e3o<\/strong><\/li><li>Mar\u00edlia Arraes&nbsp;(PT-PE)&nbsp;-votou<strong>N\u00e3o<\/strong><\/li><li>Merlong Solano&nbsp;(PT-PI)&nbsp;-votou<strong>N\u00e3o<\/strong><\/li><li>Rejane Dias&nbsp;(PT-PI)&nbsp;-votou<strong>N\u00e3o<\/strong><\/li><li>Enio Verri&nbsp;(PT-PR)&nbsp;-votou<strong>N\u00e3o<\/strong><\/li><li>Gleisi Hoffmann&nbsp;(PT-PR)&nbsp;-votou<strong>N\u00e3o<\/strong><\/li><li>Zeca Dirceu&nbsp;(PT-PR)&nbsp;-votou<strong>N\u00e3o<\/strong><\/li><li>Benedita da Silva&nbsp;(PT-RJ)&nbsp;-votou<strong>N\u00e3o<\/strong><\/li><li>Nat\u00e1lia Bonavides&nbsp;(PT-RN)&nbsp;-votou<strong>N\u00e3o<\/strong><\/li><li>Bohn Gass&nbsp;(PT-RS)&nbsp;-votou<strong>N\u00e3o<\/strong><\/li><li>Henrique Fontana&nbsp;(PT-RS)&nbsp;-votou<strong>N\u00e3o<\/strong><\/li><li>Marcon&nbsp;(PT-RS)&nbsp;-votou<strong>N\u00e3o<\/strong><\/li><li>Maria do Ros\u00e1rio&nbsp;(PT-RS)<\/li><li>Paulo Pimenta&nbsp;(PT-RS)&nbsp;-votou<strong>N\u00e3o<\/strong><\/li><li>Pedro Uczai&nbsp;(PT-SC)&nbsp;-votou<strong>N\u00e3o<\/strong><\/li><li>Jo\u00e3o Daniel&nbsp;(PT-SE)&nbsp;-votou<strong>N\u00e3o<\/strong><\/li><li>Alencar S. Braga&nbsp;(PT-SP)&nbsp;-votou<strong>N\u00e3o<\/strong><\/li><li>Alexandre Padilha&nbsp;(PT-SP)&nbsp;-votou<strong>N\u00e3o<\/strong><\/li><li>Arlindo Chinaglia&nbsp;(PT-SP)&nbsp;-votou<strong>N\u00e3o<\/strong><\/li><li>Carlos Zarattini&nbsp;(PT-SP)&nbsp;-votou<strong>N\u00e3o<\/strong><\/li><li>Nilto Tatto&nbsp;(PT-SP)&nbsp;-votou<strong>N\u00e3o<\/strong><\/li><li>Paulo Teixeira&nbsp;(PT-SP)&nbsp;-votou<strong>N\u00e3o<\/strong><\/li><li>Rui Falc\u00e3o&nbsp;(PT-SP)&nbsp;-votou<strong>N\u00e3o<\/strong><\/li><li>Vicentinho&nbsp;(PT-SP)&nbsp;-votou<strong>N\u00e3o<\/strong><\/li><li>C\u00e9lio Moura&nbsp;(PT-TO)&nbsp;-votou<strong>N\u00e3o<\/strong><\/li><li>Nivaldo Albuquerq&nbsp;(PTB-AL)&nbsp;-votou<strong>Sim<\/strong><\/li><li>Pedro A Bezerra&nbsp;(PTB-CE)&nbsp;-votou<strong>Sim<\/strong><\/li><li>Pedro Lucas Fernan&nbsp;(PTB-MA)&nbsp;-votou<strong>Sim<\/strong><\/li><li>Emanuel Pinheiro N&nbsp;(PTB-MT)&nbsp;-votou<strong>N\u00e3o<\/strong><\/li><li>Eduardo Costa&nbsp;(PTB-PA)&nbsp;-votou<strong>N\u00e3o<\/strong><\/li><li>Paulo Bengtson&nbsp;(PTB-PA)&nbsp;-votou<strong>Sim<\/strong><\/li><li>Wilson Santiago&nbsp;(PTB-PB)&nbsp;-votou<strong>Sim<\/strong><\/li><li>Luisa Canziani&nbsp;(PTB-PR)&nbsp;-votou<strong>Sim<\/strong><\/li><li>Marcelo Moraes&nbsp;(PTB-RS)&nbsp;-votou<strong>Sim<\/strong><\/li><li>Maur\u00edcio Dziedrick&nbsp;(PTB-RS)<\/li><li>C\u00e9lio Studart&nbsp;(PV-CE)&nbsp;-votou<strong>N\u00e3o<\/strong><\/li><li>Israel Batista&nbsp;(PV-DF)&nbsp;-votou<strong>N\u00e3o<\/strong><\/li><li>Leandre&nbsp;(PV-PR)&nbsp;-votou<strong>N\u00e3o<\/strong><\/li><li>Enrico Misasi&nbsp;(PV-SP)&nbsp;-votou<strong>N\u00e3o<\/strong><\/li><li>Alcides Rodrigues&nbsp;(Patriota-GO)&nbsp;-votou<strong>Sim<\/strong><\/li><li>Marreca Filho&nbsp;(Patriota-MA)&nbsp;-votou<strong>Sim<\/strong><\/li><li>Dr. Frederico&nbsp;(Patriota-MG)&nbsp;-votou<strong>Sim<\/strong><\/li><li>Fred Costa&nbsp;(Patriota-MG)&nbsp;-votou<strong>N\u00e3o<\/strong><\/li><li>Pastor Eurico&nbsp;(Patriota-PE)&nbsp;-votou<strong>Sim<\/strong><\/li><li>Roman&nbsp;(Patriota-PR)<\/li><li>Bacelar&nbsp;(Podemos-BA)&nbsp;-votou<strong>N\u00e3o<\/strong><\/li><li>Jos\u00e9 Nelto&nbsp;(Podemos-GO)&nbsp;-votou<strong>Sim<\/strong><\/li><li>Josivaldo JP&nbsp;(Podemos-MA)&nbsp;-votou<strong>Sim<\/strong><\/li><li>Igor Timo&nbsp;(Podemos-MG)<\/li><li>Jos\u00e9 Medeiros&nbsp;(Podemos-MT)&nbsp;-votou<strong>Sim<\/strong><\/li><li>Ricardo Teobaldo&nbsp;(Podemos-PE)<\/li><li>Diego Garcia&nbsp;(Podemos-PR)&nbsp;-votou<strong>Sim<\/strong><\/li><li>L\u00e9o Moraes&nbsp;(Podemos-RO)&nbsp;-votou<strong>N\u00e3o<\/strong><\/li><li>Renata Abreu&nbsp;(Podemos-SP)&nbsp;-votou<strong>N\u00e3o<\/strong><\/li><li>Roberto de Lucena&nbsp;(Podemos-SP)<\/li><li>Joenia Wapichana&nbsp;(Rede-RR)&nbsp;-votou<strong>N\u00e3o<\/strong><\/li><li>Severino Pessoa&nbsp;(Republican-AL)&nbsp;-votou<strong>Sim<\/strong><\/li><li>Cap. Alberto Neto&nbsp;(Republican-AM)&nbsp;-votou<strong>Sim<\/strong><\/li><li>Silas C\u00e2mara&nbsp;(Republican-AM)&nbsp;-votou<strong>Sim<\/strong><\/li><li>Aline Gurgel&nbsp;(Republican-AP)&nbsp;-votou<strong>Sim<\/strong><\/li><li>M\u00e1rcio Marinho&nbsp;(Republican-BA)&nbsp;-votou<strong>Sim<\/strong><\/li><li>Tia Eron&nbsp;(Republican-BA)&nbsp;-votou<strong>Sim<\/strong><\/li><li>Julio Cesar Ribeir&nbsp;(Republican-DF)&nbsp;-votou<strong>Sim<\/strong><\/li><li>Amaro Neto&nbsp;(Republican-ES)&nbsp;-votou<strong>Sim<\/strong><\/li><li>Jo\u00e3o Campos&nbsp;(Republican-GO)&nbsp;-votou<strong>Sim<\/strong><\/li><li>Cleber Verde&nbsp;(Republican-MA)&nbsp;-votou<strong>Sim<\/strong><\/li><li>Gil Cutrim&nbsp;(Republican-MA)<\/li><li>Gilberto Abramo&nbsp;(Republican-MG)&nbsp;-votou<strong>Sim<\/strong><\/li><li>Lafayette Andrada&nbsp;(Republican-MG)<\/li><li>Vav\u00e1 Martins&nbsp;(Republican-PA)&nbsp;-votou<strong>Sim<\/strong><\/li><li>Hugo Motta&nbsp;(Republican-PB)&nbsp;-votou<strong>Sim<\/strong><\/li><li>Ossesio Silva&nbsp;(Republican-PE)&nbsp;-votou<strong>Sim<\/strong><\/li><li>Silvio Costa Filho&nbsp;(Republican-PE)&nbsp;-votou<strong>Sim<\/strong><\/li><li>Aroldo Martins&nbsp;(Republican-PR)&nbsp;-votou<strong>Sim<\/strong><\/li><li>Luiz\u00e3o Goulart&nbsp;(Republican-PR)&nbsp;-votou<strong>Sim<\/strong><\/li><li>Jorge Braz&nbsp;(Republican-RJ)&nbsp;-votou<strong>Sim<\/strong><\/li><li>Rosangela Gomes&nbsp;(Republican-RJ)&nbsp;-votou<strong>Sim<\/strong><\/li><li>Benes Leoc\u00e1dio&nbsp;(Republican-RN)<\/li><li>Jhonatan de Jesus&nbsp;(Republican-RR)&nbsp;-votou<strong>Sim<\/strong><\/li><li>Carlos Gomes&nbsp;(Republican-RS)&nbsp;-votou<strong>Sim<\/strong><\/li><li>H\u00e9lio Costa&nbsp;(Republican-SC)&nbsp;-votou<strong>Sim<\/strong><\/li><li>Celso Russomanno&nbsp;(Republican-SP)&nbsp;-votou<strong>Sim<\/strong><\/li><li>Henrique Para\u00edso&nbsp;(Republican-SP)<\/li><li>Marcos Pereira&nbsp;(Republican-SP)<\/li><li>Maria Rosas&nbsp;(Republican-SP)&nbsp;-votou<strong>Sim<\/strong><\/li><li>Pr Marco Feliciano&nbsp;(Republican-SP)<\/li><li>Roberto Alves&nbsp;(Republican-SP)&nbsp;-votou<strong>Sim<\/strong><\/li><li>Vinicius Carvalho&nbsp;(Republican-SP)&nbsp;-votou<strong>Sim<\/strong><\/li><li>Rodrigo Maia&nbsp;(S.Part.-RJ)&nbsp;-votou<strong>Sim<\/strong><\/li><li>Dra. Vanda Milani&nbsp;(Solidaried-AC)&nbsp;-votou<strong>Sim<\/strong><\/li><li>Bosco Saraiva&nbsp;(Solidaried-AM)&nbsp;-votou<strong>Sim<\/strong><\/li><li>Genecias Noronha&nbsp;(Solidaried-CE)&nbsp;-votou<strong>Sim<\/strong><\/li><li>Lucas Vergilio&nbsp;(Solidaried-GO)&nbsp;-votou<strong>Sim<\/strong><\/li><li>Z\u00e9 Silva&nbsp;(Solidaried-MG)&nbsp;-votou<strong>Sim<\/strong><\/li><li>Dr. Leonardo&nbsp;(Solidaried-MT)<\/li><li>Augusto Coutinho&nbsp;(Solidaried-PE)&nbsp;-votou<strong>Sim<\/strong><\/li><li>Marina Santos&nbsp;(Solidaried-PI)&nbsp;-votou<strong>Sim<\/strong><\/li><li>Aureo Ribeiro&nbsp;(Solidaried-RJ)&nbsp;-votou<strong>Sim<\/strong><\/li><li>Ottaci Nascimento&nbsp;(Solidaried-RR)&nbsp;-votou<strong>Sim<\/strong><\/li><li>Gustinho Ribeiro&nbsp;(Solidaried-SE)<\/li><li>Paulo Pereira&nbsp;(Solidaried-SP)&nbsp;-votou<strong>Sim<\/strong><\/li><li>Eli Borges&nbsp;(Solidaried-TO)&nbsp;-votou<strong>Sim<\/strong><\/li><li>Tiago Dimas&nbsp;(Solidaried-TO)&nbsp;-votou<strong>Sim<\/strong><\/li><\/ul>\n\n\n\n<p><a href=\"https:\/\/revistaforum.com.br\/meio-ambiente\/pl-grilagem-de-terras-publicas-desmatamento\/\" rel=\"noreferrer noopener\" target=\"_blank\"><\/a><\/p>\n","protected":false},"excerpt":{"rendered":"<p>O projeto facilita regulariza\u00e7\u00e3o de terras da Uni\u00e3o sem vistoria pr\u00e9via e, segundo especialistas, vai beneficiar grileiros e aumentar o desmatamento.<\/p>\n","protected":false},"author":1,"featured_media":0,"comment_status":"closed","ping_status":"open","sticky":false,"template":"","format":"standard","meta":{"_exactmetrics_skip_tracking":false,"_exactmetrics_sitenote_active":false,"_exactmetrics_sitenote_note":"","_exactmetrics_sitenote_category":0,"jetpack_post_was_ever_published":false,"_jetpack_newsletter_access":"","_jetpack_dont_email_post_to_subs":false,"_jetpack_newsletter_tier_id":0,"_jetpack_memberships_contains_paywalled_content":false,"_jetpack_memberships_contains_paid_content":false,"footnotes":"","jetpack_publicize_message":"","jetpack_publicize_feature_enabled":true,"jetpack_social_post_already_shared":true,"jetpack_social_options":{"image_generator_settings":{"template":"highway","enabled":false},"version":2}},"categories":[1],"tags":[],"class_list":["post-32570","post","type-post","status-publish","format-standard","hentry","category-notas"],"jetpack_publicize_connections":[],"jetpack_sharing_enabled":true,"jetpack_featured_media_url":"","jetpack_shortlink":"https:\/\/wp.me\/p7wKYW-8tk","jetpack-related-posts":[],"_links":{"self":[{"href":"http:\/\/blogdalucianaoliveira.com.br\/blog\/wp-json\/wp\/v2\/posts\/32570","targetHints":{"allow":["GET"]}}],"collection":[{"href":"http:\/\/blogdalucianaoliveira.com.br\/blog\/wp-json\/wp\/v2\/posts"}],"about":[{"href":"http:\/\/blogdalucianaoliveira.com.br\/blog\/wp-json\/wp\/v2\/types\/post"}],"author":[{"embeddable":true,"href":"http:\/\/blogdalucianaoliveira.com.br\/blog\/wp-json\/wp\/v2\/users\/1"}],"replies":[{"embeddable":true,"href":"http:\/\/blogdalucianaoliveira.com.br\/blog\/wp-json\/wp\/v2\/comments?post=32570"}],"version-history":[{"count":1,"href":"http:\/\/blogdalucianaoliveira.com.br\/blog\/wp-json\/wp\/v2\/posts\/32570\/revisions"}],"predecessor-version":[{"id":32572,"href":"http:\/\/blogdalucianaoliveira.com.br\/blog\/wp-json\/wp\/v2\/posts\/32570\/revisions\/32572"}],"wp:attachment":[{"href":"http:\/\/blogdalucianaoliveira.com.br\/blog\/wp-json\/wp\/v2\/media?parent=32570"}],"wp:term":[{"taxonomy":"category","embeddable":true,"href":"http:\/\/blogdalucianaoliveira.com.br\/blog\/wp-json\/wp\/v2\/categories?post=32570"},{"taxonomy":"post_tag","embeddable":true,"href":"http:\/\/blogdalucianaoliveira.com.br\/blog\/wp-json\/wp\/v2\/tags?post=32570"}],"curies":[{"name":"wp","href":"https:\/\/api.w.org\/{rel}","templated":true}]}}