{"id":32576,"date":"2021-08-04T18:24:49","date_gmt":"2021-08-04T22:24:49","guid":{"rendered":"http:\/\/blogdalucianaoliveira.com.br\/blog\/?p=32576"},"modified":"2021-08-04T18:24:53","modified_gmt":"2021-08-04T22:24:53","slug":"moraes-inclui-bolsonaro-em-inquerito-das-fake-news-por-ataques-as-urnas-eletronicas","status":"publish","type":"post","link":"http:\/\/blogdalucianaoliveira.com.br\/blog\/2021\/08\/04\/moraes-inclui-bolsonaro-em-inquerito-das-fake-news-por-ataques-as-urnas-eletronicas\/","title":{"rendered":"Moraes inclui Bolsonaro em inqu\u00e9rito das fake news por ataques \u00e0s urnas eletr\u00f4nicas"},"content":{"rendered":"\n<figure class=\"wp-block-image size-large\"><img data-recalc-dims=\"1\" loading=\"lazy\" decoding=\"async\" width=\"600\" height=\"339\" data-attachment-id=\"32577\" data-permalink=\"http:\/\/blogdalucianaoliveira.com.br\/blog\/2021\/08\/04\/moraes-inclui-bolsonaro-em-inquerito-das-fake-news-por-ataques-as-urnas-eletronicas\/91ff6b70-f4e6-43fe-9fdd-3aa24366c430\/\" data-orig-file=\"https:\/\/i0.wp.com\/blogdalucianaoliveira.com.br\/blog\/wp-content\/uploads\/2021\/08\/91FF6B70-F4E6-43FE-9FDD-3AA24366C430.jpeg?fit=795%2C449\" data-orig-size=\"795,449\" data-comments-opened=\"0\" data-image-meta=\"{&quot;aperture&quot;:&quot;0&quot;,&quot;credit&quot;:&quot;&quot;,&quot;camera&quot;:&quot;&quot;,&quot;caption&quot;:&quot;&quot;,&quot;created_timestamp&quot;:&quot;0&quot;,&quot;copyright&quot;:&quot;&quot;,&quot;focal_length&quot;:&quot;0&quot;,&quot;iso&quot;:&quot;0&quot;,&quot;shutter_speed&quot;:&quot;0&quot;,&quot;title&quot;:&quot;&quot;,&quot;orientation&quot;:&quot;1&quot;}\" data-image-title=\"91FF6B70-F4E6-43FE-9FDD-3AA24366C430\" data-image-description=\"\" data-image-caption=\"\" data-medium-file=\"https:\/\/i0.wp.com\/blogdalucianaoliveira.com.br\/blog\/wp-content\/uploads\/2021\/08\/91FF6B70-F4E6-43FE-9FDD-3AA24366C430.jpeg?fit=300%2C169\" data-large-file=\"https:\/\/i0.wp.com\/blogdalucianaoliveira.com.br\/blog\/wp-content\/uploads\/2021\/08\/91FF6B70-F4E6-43FE-9FDD-3AA24366C430.jpeg?fit=600%2C339\" src=\"https:\/\/i0.wp.com\/blogdalucianaoliveira.com.br\/blog\/wp-content\/uploads\/2021\/08\/91FF6B70-F4E6-43FE-9FDD-3AA24366C430.jpeg?resize=600%2C339\" alt=\"\" class=\"wp-image-32577\" srcset=\"https:\/\/i0.wp.com\/blogdalucianaoliveira.com.br\/blog\/wp-content\/uploads\/2021\/08\/91FF6B70-F4E6-43FE-9FDD-3AA24366C430.jpeg?w=795 795w, https:\/\/i0.wp.com\/blogdalucianaoliveira.com.br\/blog\/wp-content\/uploads\/2021\/08\/91FF6B70-F4E6-43FE-9FDD-3AA24366C430.jpeg?resize=300%2C169 300w, https:\/\/i0.wp.com\/blogdalucianaoliveira.com.br\/blog\/wp-content\/uploads\/2021\/08\/91FF6B70-F4E6-43FE-9FDD-3AA24366C430.jpeg?resize=768%2C434 768w, https:\/\/i0.wp.com\/blogdalucianaoliveira.com.br\/blog\/wp-content\/uploads\/2021\/08\/91FF6B70-F4E6-43FE-9FDD-3AA24366C430.jpeg?resize=531%2C300 531w\" sizes=\"auto, (max-width: 600px) 100vw, 600px\" \/><\/figure>\n\n\n\n<h4 class=\"wp-block-heading\">Decis\u00e3o de Moraes atende a pedido un\u00e2nime de ministros do TSE. Apura\u00e7\u00e3o levar\u00e1 em conta acusa\u00e7\u00f5es sem provas do presidente \u00e0s urnas e ao sistema eleitoral brasileiro.<\/h4>\n\n\n\n<!--more-->\n\n\n\n<p>Por M\u00e1rcio Falc\u00e3o e Fernanda Vivas, TV Globo\u00a0\u2014 Bras\u00edlia<\/p>\n\n\n\n<p>O ministro do Supremo Tribunal Federal (<a href=\"https:\/\/g1.globo.com\/tudo-sobre\/supremo-tribunal-federal\/\">STF<\/a>)<a href=\"https:\/\/g1.globo.com\/tudo-sobre\/alexandre-de-moraes\/\">Alexandre de Moraes<\/a>&nbsp;determinou nesta quarta-feira (4) a inclus\u00e3o do presidente&nbsp;<a href=\"https:\/\/g1.globo.com\/politica\/politico\/jair-bolsonaro\/\">Jair Bolsonaro<\/a>&nbsp;como investigado no&nbsp;<a href=\"https:\/\/g1.globo.com\/politica\/noticia\/2020\/05\/27\/inquerito-do-stf-que-investiga-fake-news-veja-perguntas-e-respostas.ghtml\">inqu\u00e9rito que apura a divulga\u00e7\u00e3o de informa\u00e7\u00f5es falsas<\/a>.&nbsp;<\/p>\n\n\n\n<p>A decis\u00e3o de Moraes atende ao&nbsp;<a href=\"https:\/\/g1.globo.com\/politica\/noticia\/2021\/08\/02\/tse-pede-ao-stf-que-bolsonaro-seja-investigado-por-disseminacao-de-fake-news-contra-urnas.ghtml\">pedido aprovado por unanimidade<\/a>&nbsp;pelos ministros do TSE na sess\u00e3o desta segunda (2) (<strong>veja detalhes abaixo<\/strong>).&nbsp;<\/p>\n\n\n\n<ul class=\"wp-block-list\"><li><strong>\u00cdNTEGRA:<\/strong>&nbsp;<a href=\"http:\/\/estaticog1.globo.com\/2021\/08\/04\/despacho_4781__04.08_1.pdfhttps:\/\/g1.globo.com\/politica\/noticia\/2021\/08\/04\/leia-a-integra-da-decisao-de-alexandre-de-moraes-que-incluiu-bolsonaro-em-inquerito-das-fake-news-por-ataques-as-urnas-eletronicas.ghtml\">leia a decis\u00e3o judicial de Moraes<\/a><\/li><li><strong>PRINCIPAIS PONTOS:<\/strong>&nbsp;<a href=\"https:\/\/g1.globo.com\/politica\/noticia\/2021\/08\/04\/bolsonaro-e-incluido-no-inquerito-das-fake-news-os-principais-pontos-da-decisao-de-moraes.ghtml\">entenda o que diz o documento<\/a><\/li><\/ul>\n\n\n\n<p>A apura\u00e7\u00e3o levar\u00e1 em conta os ataques, sem provas, feitos pelo presidente \u00e0s urnas eletr\u00f4nicas e ao sistema eleitoral do pa\u00eds. Mesmo ap\u00f3s ser eleito, Bolsonaro tem feito nos \u00faltimos tr\u00eas anos reiteradas declara\u00e7\u00f5es colocando em d\u00favida a lisura do processo eleitoral.&nbsp;<\/p>\n\n\n\n<p>O inqu\u00e9rito das fake news foi aberto em mar\u00e7o de 2019, por decis\u00e3o do ent\u00e3o presidente da Corte, ministro Dias Toffoli, para investigar not\u00edcias fraudulentas, ofensas e amea\u00e7as a ministros do Supremo Tribunal Federal.&nbsp;<\/p>\n\n\n\n<p>O ministro Alexandre de Moraes \u00e9 o relator dessa investiga\u00e7\u00e3o e, por isso, coube a ele decidir sobre a inclus\u00e3o do presidente Jair Bolsonaro.&nbsp;<\/p>\n\n\n\n<p>O&nbsp;<strong>G1&nbsp;<\/strong>pediu posicionamento do Pal\u00e1cio do Planalto sobre a decis\u00e3o de Moraes e aguarda retorno.&nbsp;<\/p>\n\n\n\n<p>O voto impresso<a href=\"https:\/\/g1.globo.com\/politica\/noticia\/2020\/09\/14\/stf-forma-maioria-a-favor-de-declarar-inconstitucional-possibilidade-de-voto-impresso.ghtml\">\u00a0j\u00e1 foi julgado inconstitucional pelo STF<\/a>, e a tese de Bolsonaro de que pode n\u00e3o haver elei\u00e7\u00e3o no ano que vem\u00a0<a href=\"https:\/\/g1.globo.com\/politica\/noticia\/2021\/07\/09\/atuar-para-impedir-eleicao-pode-configurar-crime-de-responsabilidade-diz-barroso.ghtml\">j\u00e1 foi recha\u00e7ada pelos chefes dos demais poderes<\/a>. Ao contr\u00e1rio do que Bolsonaro afirma, o sistema eleitoral atual j\u00e1 \u00e9 audit\u00e1vel.<\/p>\n\n\n\n<h2 class=\"wp-block-heading\">Onze poss\u00edveis crimes<\/h2>\n\n\n\n<p>Na decis\u00e3o em que atende o pedido do TSE,&nbsp;<strong>Moraes cita 11 crimes que, em tese, podem ter sido cometidos<\/strong>&nbsp;por Bolsonaro nos repetidos ataques \u00e0s urnas e ao sistema eleitoral:&nbsp;<\/p>\n\n\n\n<ul class=\"wp-block-list\"><li>cal\u00fania (art. 138 do C\u00f3digo Penal);<\/li><li>difama\u00e7\u00e3o (art. 139);<\/li><li>inj\u00faria (art. 140);<\/li><li>incita\u00e7\u00e3o ao crime (art. 286);<\/li><li>apologia ao crime ou criminoso (art. 287);<\/li><li>associa\u00e7\u00e3o criminosa (art. 288);<\/li><li>denuncia\u00e7\u00e3o caluniosa (art. 339);<\/li><li>tentar mudar, com emprego de viol\u00eancia ou grave amea\u00e7a, a ordem, o regime vigente ou o Estado de Direito (art. 17 da Lei de Seguran\u00e7a Nacional);<\/li><li>fazer, em p\u00fablico, propaganda de processos violentos ou ilegais para altera\u00e7\u00e3o da ordem pol\u00edtica ou social (art. 22, I, da Lei de Seguran\u00e7a Nacional);<\/li><li>incitar \u00e0 subvers\u00e3o da ordem pol\u00edtica ou social (art. 23, I, da Lei de Seguran\u00e7a Nacional);<\/li><li>dar causa \u00e0 instaura\u00e7\u00e3o de investiga\u00e7\u00e3o policial, de processo judicial, de investiga\u00e7\u00e3o administrativa, de inqu\u00e9rito civil ou a\u00e7\u00e3o de improbidade administrativa, atribuindo a algu\u00e9m a pr\u00e1tica de crime ou ato infracional de que o sabe inocente, com finalidade eleitoral (art. 326-A do C\u00f3digo Eleitoral).<\/li><\/ul>\n\n\n\n<p>Moraes determinou que a Pol\u00edcia Federal tome depoimento de quem acompanhou Bolsonaro na transmiss\u00e3o da \u00faltima quinta (29) onde o presidente fez v\u00e1rios ataques \u00e0s elei\u00e7\u00f5es:&nbsp;<\/p>\n\n\n\n<ul class=\"wp-block-list\"><li>o ministro da Justi\u00e7a e Seguran\u00e7a P\u00fablica, Anderson Torres;<\/li><li>o coronel reformado do Ex\u00e9rcito Alexandre Hashimoto, professor da Faculdade de Tecnologia de S\u00e3o Paulo;<\/li><li>e o engenheiro especialista em seguran\u00e7a de dados Amilcar Filho.<\/li><\/ul>\n\n\n\n<h2 class=\"wp-block-heading\">Ataques \u00e0s urnas<\/h2>\n\n\n\n<p>O presidente Jair Bolsonaro faz ataques ao sistema eleitoral brasileiro h\u00e1 mais de tr\u00eas anos, sem qualquer prova.&nbsp;<\/p>\n\n\n\n<p>Nas \u00faltimas semanas, o presidente subiu o tom e chegou amea\u00e7ar a n\u00e3o realiza\u00e7\u00e3o de elei\u00e7\u00f5es caso n\u00e3o seja aprovada uma proposta de emenda \u00e0 Constitui\u00e7\u00e3o que garanta a impress\u00e3o do voto na urna eletr\u00f4nica.<\/p>\n\n\n\n<p>A not\u00edcia-crime assinada pelo presidente do TSE, ministro&nbsp;<a href=\"https:\/\/g1.globo.com\/tudo-sobre\/luis-roberto-barroso\/\">Lu\u00eds Roberto Barroso<\/a>, encaminha para investiga\u00e7\u00e3o a transmiss\u00e3o feita pelo presidente Bolsonaro na \u00faltima quinta, em redes sociais e em canal oficial de TV.&nbsp;<\/p>\n\n\n\n<p>O presidente da Rep\u00fablica chegou a convidar a imprensa para uma transmiss\u00e3o ao vivo onde apresentaria suas provas de falhas nas urnas. Em vez disso,&nbsp;<a href=\"https:\/\/g1.globo.com\/politica\/noticia\/2021\/07\/29\/apos-tres-anos-falando-em-fraudes-eleitorais-bolsonaro-faz-live-com-noticias-falsas-e-admite-nao-ter-provas-das-acusacoes.ghtml\">repercutiu not\u00edcias falsas e v\u00eddeos j\u00e1 desmentidos<\/a>.&nbsp;<\/p>\n\n\n\n<p>Ao lado do ministro da Justi\u00e7a, Anderson Torres, Bolsonaro teve de reconhecer que n\u00e3o tem provas da ocorr\u00eancia de nenhuma fraude no sistema.&nbsp;<\/p>\n\n\n\n<p>Na ocasi\u00e3o, o presidente se limitou a apresentar teorias antigas e comprovadamente falsas que circulam na internet sobre a urna \u2013 todas, j\u00e1 desmentidas pelo Tribunal Superior Eleitoral e por servi\u00e7os de checagem da imprensa.<\/p>\n\n\n\n<p>Nas declara\u00e7\u00f5es sobre o voto impresso e as urnas, o presidente tamb\u00e9m tem criticado ministros do tribunal, como o presidente do Tribunal Superior Eleitoral, ministro Lu\u00eds Roberto Barroso.&nbsp;<\/p>\n\n\n\n<h2 class=\"wp-block-heading\">O que diz a decis\u00e3o<\/h2>\n\n\n\n<p>Segundo Moraes, a transmiss\u00e3o da \u00faltima quinta tamb\u00e9m pode ter conex\u00e3o com os fatos investigados em outro inqu\u00e9rito: o das mil\u00edcias digitais, desdobramento da apura\u00e7\u00e3o dos atos inconstitucionais.&nbsp;<\/p>\n\n\n\n<blockquote class=\"wp-block-quote is-layout-flow wp-block-quote-is-layout-flow\"><p>\u201cNesse contexto, n\u00e3o h\u00e1 d\u00favidas de que as condutas do presidente da Rep\u00fablica insinuaram a pr\u00e1tica de atos il\u00edcitos por membros da Suprema Corte, utilizando-se do&nbsp;<em>modus operandi&nbsp;<\/em>de esquemas de divulga\u00e7\u00e3o em massa nas redes sociais, com o intuito de lesar ou expor a perigo de les\u00e3o a independ\u00eancia do Poder Judici\u00e1rio, o Estado de Direito e a Democracia&#8221;, diz Moraes.<\/p><\/blockquote>\n\n\n\n<p>Por isso, segundo o ministro, \u00e9 &#8220;imprescind\u00edvel a ado\u00e7\u00e3o de medidas que elucidem os fatos investigados, especialmente diante da exist\u00eancia de uma organiza\u00e7\u00e3o criminosa [&#8230;] que, ilicitamente, contribuiu para a dissemina\u00e7\u00e3o das not\u00edcias fraudulentas sobre as condutas dos ministros do Supremo Tribunal Federal e contra o sistema de vota\u00e7\u00e3o no Brasil, tais como as constantes na live do dia 29\/7\/2021, objeto da not\u00edcia crime\u201d.&nbsp;<\/p>\n\n\n\n<blockquote class=\"wp-block-quote is-layout-flow wp-block-quote-is-layout-flow\"><p>O ministro afirmou que \u201ca partir de afirma\u00e7\u00f5es falsas, reiteradamente repetidas por meio de m\u00eddias sociais e assemelhadas, formula-se uma narrativa que, a um s\u00f3 tempo, deslegitima as institui\u00e7\u00f5es democr\u00e1ticas e estimula que grupos de apoiadores ataquem pessoalmente pessoas que representam as institui\u00e7\u00f5es, pretendendo sua destitui\u00e7\u00e3o e substitui\u00e7\u00e3o por outras alinhadas ao grupo pol\u00edtico do Presidente&#8221;, apontou o magistrado.<\/p><\/blockquote>\n\n\n\n<p>Ainda na decis\u00e3o, Moraes fez um relato do andamento das investiga\u00e7\u00f5es do inqu\u00e9rito das fake news.&nbsp;<\/p>\n\n\n\n<p>Segundo o ministro, as apura\u00e7\u00f5es &#8220;indicaram a exist\u00eancia de uma associa\u00e7\u00e3o criminosa, denominada &#8216;gabinete do \u00f3dio&#8217;, dedicada \u00e0 dissemina\u00e7\u00e3o de not\u00edcias falsas, ataques ofensivos a diversas pessoas, \u00e0s autoridades e \u00e0s Institui\u00e7\u00f5es, entre elas o Supremo Tribunal Federal, com flagrante conte\u00fado de \u00f3dio, subvers\u00e3o da ordem e incentivo \u00e0 quebra da normalidade institucional e democr\u00e1tica&#8221;.&nbsp;<\/p>\n\n\n\n<p>&#8220;Apurou-se que diversos investigados integrariam um complexo esquema de dissemina\u00e7\u00e3o de not\u00edcias falsas por interm\u00e9dio de publica\u00e7\u00f5es em redes sociais, atingindo um p\u00fablico di\u00e1rio de milh\u00f5es de pessoas, expondo a perigo de les\u00e3o, com suas not\u00edcias ofensivas e fraudulentas, a independ\u00eancia dos poderes, o Estado de Direito e a Democracia&#8221;, escreveu.&nbsp;<\/p>\n\n\n\n<p>Tamb\u00e9m de acordo com o ministro, &#8220;essa estrutura, aparentemente, estaria sendo financiada por empres\u00e1rios que, conforme os ind\u00edcios constantes dos autos, atuariam de maneira velada fornecendo recursos das mais variadas formas, para os integrantes dessa organiza\u00e7\u00e3o&#8221;.&nbsp;<\/p>\n\n\n\n<h2 class=\"wp-block-heading\">Risco de inelegibilidade<\/h2>\n\n\n\n<p>A&nbsp;<strong>investiga\u00e7\u00e3o criminal pode, posteriormente, tornar Bolsonaro ineleg\u00edvel<\/strong>. Isso s\u00f3 ocorre, no entanto, se:&nbsp;<\/p>\n\n\n\n<ul class=\"wp-block-list\"><li>o Minist\u00e9rio P\u00fablico entender ao fim da apura\u00e7\u00e3o que h\u00e1 elementos para acusa\u00e7\u00e3o formal (den\u00fancia);<\/li><li>a C\u00e2mara dos Deputados aprovar, pelo voto favor\u00e1vel de 2\/3 dos deputados, o prosseguimento do processo, e<\/li><li>houver condena\u00e7\u00e3o no STF, onde tramitam a\u00e7\u00f5es sobre o presidente.<\/li><\/ul>\n\n\n\n<h2 class=\"wp-block-heading\">Inqu\u00e9rito administrativo<\/h2>\n\n\n\n<p>Al\u00e9m de pedir a inclus\u00e3o de Bolsonaro no inqu\u00e9rito do Supremo, os ministros do TSE tamb\u00e9m aprovaram por unanimidade a abertura de um inqu\u00e9rito administrativo, no \u00e2mbito da Corte, para apurar ataques \u00e0 legitimidade das elei\u00e7\u00f5es.&nbsp;<\/p>\n\n\n\n<p>A proposta partiu do corregedor eleitoral, ministro Lu\u00eds Felipe Salom\u00e3o. Ser\u00e3o investigadas infra\u00e7\u00f5es como corrup\u00e7\u00e3o, fraude, condutas vedadas a agentes p\u00fablicos, abuso de poder pol\u00edtico e econ\u00f4mico e propaganda fora do per\u00edodo de elei\u00e7\u00f5es.&nbsp;<\/p>\n\n\n\n<p>Ao apresentar seu apoio \u00e0 proposta, o ministro Alexandre de Moraes ressaltou que \u201ccom a democracia n\u00e3o se brinca, n\u00e3o se joga\u201d.<\/p>\n\n\n\n<p>Assim como a investiga\u00e7\u00e3o criminal, este inqu\u00e9rito tamb\u00e9m pode gerar inelegibilidade ao presidente Bolsonaro &#8211; por abrir espa\u00e7o para multas na Justi\u00e7a Eleitoral, al\u00e9m de servir como base para a contesta\u00e7\u00e3o de um eventual registro de candidatura de Bolsonaro \u00e0 reelei\u00e7\u00e3o.&nbsp;<\/p>\n\n\n\n<p>O registro de candidaturas, feito em agosto do ano eleitoral, \u00e9 contestado por iniciativa do Minist\u00e9rio P\u00fablico, de partidos pol\u00edticos ou por candidatos.<\/p>\n","protected":false},"excerpt":{"rendered":"<p>Decis\u00e3o de Moraes atende a pedido un\u00e2nime de ministros do TSE. Apura\u00e7\u00e3o levar\u00e1 em conta acusa\u00e7\u00f5es sem provas do presidente \u00e0s urnas e ao sistema eleitoral brasileiro.<\/p>\n","protected":false},"author":1,"featured_media":0,"comment_status":"closed","ping_status":"open","sticky":false,"template":"","format":"standard","meta":{"_exactmetrics_skip_tracking":false,"_exactmetrics_sitenote_active":false,"_exactmetrics_sitenote_note":"","_exactmetrics_sitenote_category":0,"jetpack_post_was_ever_published":false,"_jetpack_newsletter_access":"","_jetpack_dont_email_post_to_subs":false,"_jetpack_newsletter_tier_id":0,"_jetpack_memberships_contains_paywalled_content":false,"_jetpack_memberships_contains_paid_content":false,"footnotes":"","jetpack_publicize_message":"","jetpack_publicize_feature_enabled":true,"jetpack_social_post_already_shared":true,"jetpack_social_options":{"image_generator_settings":{"template":"highway","enabled":false},"version":2}},"categories":[1],"tags":[],"class_list":["post-32576","post","type-post","status-publish","format-standard","hentry","category-notas"],"jetpack_publicize_connections":[],"jetpack_sharing_enabled":true,"jetpack_featured_media_url":"","jetpack_shortlink":"https:\/\/wp.me\/p7wKYW-8tq","jetpack-related-posts":[],"_links":{"self":[{"href":"http:\/\/blogdalucianaoliveira.com.br\/blog\/wp-json\/wp\/v2\/posts\/32576","targetHints":{"allow":["GET"]}}],"collection":[{"href":"http:\/\/blogdalucianaoliveira.com.br\/blog\/wp-json\/wp\/v2\/posts"}],"about":[{"href":"http:\/\/blogdalucianaoliveira.com.br\/blog\/wp-json\/wp\/v2\/types\/post"}],"author":[{"embeddable":true,"href":"http:\/\/blogdalucianaoliveira.com.br\/blog\/wp-json\/wp\/v2\/users\/1"}],"replies":[{"embeddable":true,"href":"http:\/\/blogdalucianaoliveira.com.br\/blog\/wp-json\/wp\/v2\/comments?post=32576"}],"version-history":[{"count":1,"href":"http:\/\/blogdalucianaoliveira.com.br\/blog\/wp-json\/wp\/v2\/posts\/32576\/revisions"}],"predecessor-version":[{"id":32578,"href":"http:\/\/blogdalucianaoliveira.com.br\/blog\/wp-json\/wp\/v2\/posts\/32576\/revisions\/32578"}],"wp:attachment":[{"href":"http:\/\/blogdalucianaoliveira.com.br\/blog\/wp-json\/wp\/v2\/media?parent=32576"}],"wp:term":[{"taxonomy":"category","embeddable":true,"href":"http:\/\/blogdalucianaoliveira.com.br\/blog\/wp-json\/wp\/v2\/categories?post=32576"},{"taxonomy":"post_tag","embeddable":true,"href":"http:\/\/blogdalucianaoliveira.com.br\/blog\/wp-json\/wp\/v2\/tags?post=32576"}],"curies":[{"name":"wp","href":"https:\/\/api.w.org\/{rel}","templated":true}]}}