{"id":32579,"date":"2021-08-05T06:09:37","date_gmt":"2021-08-05T10:09:37","guid":{"rendered":"http:\/\/blogdalucianaoliveira.com.br\/blog\/?p=32579"},"modified":"2021-08-05T06:09:42","modified_gmt":"2021-08-05T10:09:42","slug":"video-karipuna-um-povo-ameacado-de-extincao","status":"publish","type":"post","link":"http:\/\/blogdalucianaoliveira.com.br\/blog\/2021\/08\/05\/video-karipuna-um-povo-ameacado-de-extincao\/","title":{"rendered":"V\u00eddeo: Karipuna: um povo amea\u00e7ado de extin\u00e7\u00e3o"},"content":{"rendered":"\n<figure class=\"wp-block-image size-large\"><img loading=\"lazy\" decoding=\"async\" width=\"1280\" height=\"720\" data-attachment-id=\"32580\" data-permalink=\"http:\/\/blogdalucianaoliveira.com.br\/blog\/2021\/08\/05\/video-karipuna-um-povo-ameacado-de-extincao\/f003493b-812e-4f37-b5c3-92eb4ed2caa8\/\" data-orig-file=\"https:\/\/i0.wp.com\/blogdalucianaoliveira.com.br\/blog\/wp-content\/uploads\/2021\/08\/F003493B-812E-4F37-B5C3-92EB4ED2CAA8.jpeg?fit=1280%2C720\" data-orig-size=\"1280,720\" data-comments-opened=\"0\" data-image-meta=\"{&quot;aperture&quot;:&quot;0&quot;,&quot;credit&quot;:&quot;&quot;,&quot;camera&quot;:&quot;&quot;,&quot;caption&quot;:&quot;&quot;,&quot;created_timestamp&quot;:&quot;0&quot;,&quot;copyright&quot;:&quot;&quot;,&quot;focal_length&quot;:&quot;0&quot;,&quot;iso&quot;:&quot;0&quot;,&quot;shutter_speed&quot;:&quot;0&quot;,&quot;title&quot;:&quot;&quot;,&quot;orientation&quot;:&quot;0&quot;}\" data-image-title=\"F003493B-812E-4F37-B5C3-92EB4ED2CAA8\" data-image-description=\"\" data-image-caption=\"\" data-medium-file=\"https:\/\/i0.wp.com\/blogdalucianaoliveira.com.br\/blog\/wp-content\/uploads\/2021\/08\/F003493B-812E-4F37-B5C3-92EB4ED2CAA8.jpeg?fit=300%2C169\" data-large-file=\"https:\/\/i0.wp.com\/blogdalucianaoliveira.com.br\/blog\/wp-content\/uploads\/2021\/08\/F003493B-812E-4F37-B5C3-92EB4ED2CAA8.jpeg?fit=600%2C338\" src=\"https:\/\/i2.wp.com\/blogdalucianaoliveira.com.br\/blog\/wp-content\/uploads\/2021\/08\/F003493B-812E-4F37-B5C3-92EB4ED2CAA8.jpeg?fit=600%2C338\" alt=\"\" class=\"wp-image-32580\" srcset=\"https:\/\/i0.wp.com\/blogdalucianaoliveira.com.br\/blog\/wp-content\/uploads\/2021\/08\/F003493B-812E-4F37-B5C3-92EB4ED2CAA8.jpeg?w=1280 1280w, https:\/\/i0.wp.com\/blogdalucianaoliveira.com.br\/blog\/wp-content\/uploads\/2021\/08\/F003493B-812E-4F37-B5C3-92EB4ED2CAA8.jpeg?resize=300%2C169 300w, https:\/\/i0.wp.com\/blogdalucianaoliveira.com.br\/blog\/wp-content\/uploads\/2021\/08\/F003493B-812E-4F37-B5C3-92EB4ED2CAA8.jpeg?resize=1024%2C576 1024w, https:\/\/i0.wp.com\/blogdalucianaoliveira.com.br\/blog\/wp-content\/uploads\/2021\/08\/F003493B-812E-4F37-B5C3-92EB4ED2CAA8.jpeg?resize=768%2C432 768w, https:\/\/i0.wp.com\/blogdalucianaoliveira.com.br\/blog\/wp-content\/uploads\/2021\/08\/F003493B-812E-4F37-B5C3-92EB4ED2CAA8.jpeg?resize=533%2C300 533w, https:\/\/i0.wp.com\/blogdalucianaoliveira.com.br\/blog\/wp-content\/uploads\/2021\/08\/F003493B-812E-4F37-B5C3-92EB4ED2CAA8.jpeg?w=1200 1200w\" sizes=\"auto, (max-width: 600px) 100vw, 600px\" \/><\/figure>\n\n\n\n<p>Os Karipuna resistem num dos territ\u00f3rios ind\u00edgenas mais desmatados da Amaz\u00f4nia Legal.<\/p>\n\n\n\n<p>S\u00f3 de janeiro a maio deste ano, 500 hectares foram desmatados. <\/p>\n\n\n\n<!--more-->\n\n\n\n<p>S\u00e3o poucos ind\u00edgenas para muitos e poderosos inimigos, mas est\u00e3o engajados na luta para proteger seu povo, sua terra e sua cultura.<\/p>\n\n\n\n<p>Essa reportagem \u00e9 um registro jornal\u00edstico hist\u00f3rico do que est\u00e3o passando.<\/p>\n\n\n\n<p>Testemunhamos a real amea\u00e7a de extin\u00e7\u00e3o do povo, a presen\u00e7a de invasores dentro de suas terras, o pedido de paz da matriarca dos Karipuna e o pedido de seu filho, o cacique, para que as autoridades retirem os invasores. <\/p>\n\n\n\n<p>Confira a reportagem feita para o Brasil 247.<\/p>\n\n\n\n<figure class=\"wp-block-embed-youtube wp-block-embed is-type-video is-provider-youtube wp-embed-aspect-16-9 wp-has-aspect-ratio\"><div class=\"wp-block-embed__wrapper\">\n<div class=\"jetpack-video-wrapper\"><iframe loading=\"lazy\" title=\"Karipuna, um povo ind\u00edgena amea\u00e7ado de extin\u00e7\u00e3o\" width=\"600\" height=\"338\" src=\"https:\/\/www.youtube.com\/embed\/Z01tgwSpBJw?feature=oembed\" frameborder=\"0\" allow=\"accelerometer; autoplay; clipboard-write; encrypted-media; gyroscope; picture-in-picture; web-share\" referrerpolicy=\"strict-origin-when-cross-origin\" allowfullscreen><\/iframe><\/div>\n<\/div><\/figure>\n\n\n\n<p>COMPARTILHE! <br> APOIE O JORNALISMO INDEPENDENTE <\/p>\n","protected":false},"excerpt":{"rendered":"<p>Os Karipuna resistem num dos territ\u00f3rios ind\u00edgenas mais desmatados da Amaz\u00f4nia Legal. S\u00f3 de janeiro a maio deste ano, 500 hectares foram desmatados.<\/p>\n","protected":false},"author":1,"featured_media":0,"comment_status":"closed","ping_status":"open","sticky":false,"template":"","format":"standard","meta":{"_exactmetrics_skip_tracking":false,"_exactmetrics_sitenote_active":false,"_exactmetrics_sitenote_note":"","_exactmetrics_sitenote_category":0,"jetpack_post_was_ever_published":false,"_jetpack_newsletter_access":"","_jetpack_dont_email_post_to_subs":false,"_jetpack_newsletter_tier_id":0,"_jetpack_memberships_contains_paywalled_content":false,"_jetpack_memberships_contains_paid_content":false,"footnotes":"","jetpack_publicize_message":"","jetpack_publicize_feature_enabled":true,"jetpack_social_post_already_shared":true,"jetpack_social_options":{"image_generator_settings":{"template":"highway","enabled":false},"version":2}},"categories":[1],"tags":[584,387,495,583,7],"class_list":["post-32579","post","type-post","status-publish","format-standard","hentry","category-notas","tag-agronegocio-grilahem","tag-desmatamento","tag-invasoes","tag-karipuna","tag-rondonia"],"jetpack_publicize_connections":[],"jetpack_sharing_enabled":true,"jetpack_featured_media_url":"","jetpack_shortlink":"https:\/\/wp.me\/p7wKYW-8tt","jetpack-related-posts":[],"_links":{"self":[{"href":"http:\/\/blogdalucianaoliveira.com.br\/blog\/wp-json\/wp\/v2\/posts\/32579","targetHints":{"allow":["GET"]}}],"collection":[{"href":"http:\/\/blogdalucianaoliveira.com.br\/blog\/wp-json\/wp\/v2\/posts"}],"about":[{"href":"http:\/\/blogdalucianaoliveira.com.br\/blog\/wp-json\/wp\/v2\/types\/post"}],"author":[{"embeddable":true,"href":"http:\/\/blogdalucianaoliveira.com.br\/blog\/wp-json\/wp\/v2\/users\/1"}],"replies":[{"embeddable":true,"href":"http:\/\/blogdalucianaoliveira.com.br\/blog\/wp-json\/wp\/v2\/comments?post=32579"}],"version-history":[{"count":1,"href":"http:\/\/blogdalucianaoliveira.com.br\/blog\/wp-json\/wp\/v2\/posts\/32579\/revisions"}],"predecessor-version":[{"id":32581,"href":"http:\/\/blogdalucianaoliveira.com.br\/blog\/wp-json\/wp\/v2\/posts\/32579\/revisions\/32581"}],"wp:attachment":[{"href":"http:\/\/blogdalucianaoliveira.com.br\/blog\/wp-json\/wp\/v2\/media?parent=32579"}],"wp:term":[{"taxonomy":"category","embeddable":true,"href":"http:\/\/blogdalucianaoliveira.com.br\/blog\/wp-json\/wp\/v2\/categories?post=32579"},{"taxonomy":"post_tag","embeddable":true,"href":"http:\/\/blogdalucianaoliveira.com.br\/blog\/wp-json\/wp\/v2\/tags?post=32579"}],"curies":[{"name":"wp","href":"https:\/\/api.w.org\/{rel}","templated":true}]}}