{"id":32582,"date":"2021-08-05T22:02:03","date_gmt":"2021-08-06T02:02:03","guid":{"rendered":"http:\/\/blogdalucianaoliveira.com.br\/blog\/?p=32582"},"modified":"2021-08-05T22:02:55","modified_gmt":"2021-08-06T02:02:55","slug":"boi-bumba-malhadinho-se-reorganiza-em-guajara-mirim","status":"publish","type":"post","link":"http:\/\/blogdalucianaoliveira.com.br\/blog\/2021\/08\/05\/boi-bumba-malhadinho-se-reorganiza-em-guajara-mirim\/","title":{"rendered":"Boi-bumb\u00e1 Malhadinho se reorganiza em Guajar\u00e1-Mirim"},"content":{"rendered":"\n<figure class=\"wp-block-image size-large\"><img loading=\"lazy\" decoding=\"async\" width=\"2560\" height=\"2092\" data-attachment-id=\"32583\" data-permalink=\"http:\/\/blogdalucianaoliveira.com.br\/blog\/2021\/08\/05\/boi-bumba-malhadinho-se-reorganiza-em-guajara-mirim\/ca107904-4770-4d67-ac9e-166136fe82f6\/\" data-orig-file=\"https:\/\/i0.wp.com\/blogdalucianaoliveira.com.br\/blog\/wp-content\/uploads\/2021\/08\/CA107904-4770-4D67-AC9E-166136FE82F6-scaled.jpeg?fit=2560%2C2092\" data-orig-size=\"2560,2092\" data-comments-opened=\"0\" data-image-meta=\"{&quot;aperture&quot;:&quot;0&quot;,&quot;credit&quot;:&quot;&quot;,&quot;camera&quot;:&quot;&quot;,&quot;caption&quot;:&quot;&quot;,&quot;created_timestamp&quot;:&quot;0&quot;,&quot;copyright&quot;:&quot;&quot;,&quot;focal_length&quot;:&quot;0&quot;,&quot;iso&quot;:&quot;0&quot;,&quot;shutter_speed&quot;:&quot;0&quot;,&quot;title&quot;:&quot;&quot;,&quot;orientation&quot;:&quot;1&quot;}\" data-image-title=\"CA107904-4770-4D67-AC9E-166136FE82F6\" data-image-description=\"\" data-image-caption=\"\" data-medium-file=\"https:\/\/i0.wp.com\/blogdalucianaoliveira.com.br\/blog\/wp-content\/uploads\/2021\/08\/CA107904-4770-4D67-AC9E-166136FE82F6-scaled.jpeg?fit=300%2C245\" data-large-file=\"https:\/\/i0.wp.com\/blogdalucianaoliveira.com.br\/blog\/wp-content\/uploads\/2021\/08\/CA107904-4770-4D67-AC9E-166136FE82F6-scaled.jpeg?fit=600%2C490\" src=\"https:\/\/i1.wp.com\/blogdalucianaoliveira.com.br\/blog\/wp-content\/uploads\/2021\/08\/CA107904-4770-4D67-AC9E-166136FE82F6-scaled.jpeg?fit=600%2C490\" alt=\"\" class=\"wp-image-32583\" srcset=\"https:\/\/i0.wp.com\/blogdalucianaoliveira.com.br\/blog\/wp-content\/uploads\/2021\/08\/CA107904-4770-4D67-AC9E-166136FE82F6-scaled.jpeg?w=2560 2560w, https:\/\/i0.wp.com\/blogdalucianaoliveira.com.br\/blog\/wp-content\/uploads\/2021\/08\/CA107904-4770-4D67-AC9E-166136FE82F6-scaled.jpeg?resize=300%2C245 300w, https:\/\/i0.wp.com\/blogdalucianaoliveira.com.br\/blog\/wp-content\/uploads\/2021\/08\/CA107904-4770-4D67-AC9E-166136FE82F6-scaled.jpeg?resize=1024%2C837 1024w, https:\/\/i0.wp.com\/blogdalucianaoliveira.com.br\/blog\/wp-content\/uploads\/2021\/08\/CA107904-4770-4D67-AC9E-166136FE82F6-scaled.jpeg?resize=768%2C628 768w, https:\/\/i0.wp.com\/blogdalucianaoliveira.com.br\/blog\/wp-content\/uploads\/2021\/08\/CA107904-4770-4D67-AC9E-166136FE82F6-scaled.jpeg?resize=1536%2C1255 1536w, https:\/\/i0.wp.com\/blogdalucianaoliveira.com.br\/blog\/wp-content\/uploads\/2021\/08\/CA107904-4770-4D67-AC9E-166136FE82F6-scaled.jpeg?resize=2048%2C1673 2048w, https:\/\/i0.wp.com\/blogdalucianaoliveira.com.br\/blog\/wp-content\/uploads\/2021\/08\/CA107904-4770-4D67-AC9E-166136FE82F6-scaled.jpeg?resize=367%2C300 367w, https:\/\/i0.wp.com\/blogdalucianaoliveira.com.br\/blog\/wp-content\/uploads\/2021\/08\/CA107904-4770-4D67-AC9E-166136FE82F6-scaled.jpeg?w=1200 1200w, https:\/\/i0.wp.com\/blogdalucianaoliveira.com.br\/blog\/wp-content\/uploads\/2021\/08\/CA107904-4770-4D67-AC9E-166136FE82F6-scaled.jpeg?w=1800 1800w\" sizes=\"auto, (max-width: 600px) 100vw, 600px\" \/><\/figure>\n\n\n\n<p><\/p>\n\n\n\n<p><strong>Luciana Oliveira, de Guajar\u00e1-Mirim<\/strong> &#8211; O Boi-bumb\u00e1 Malhadinho tem 35 anos de tradi\u00e7\u00e3o, mas desde 2016 n\u00e3o participa do famoso duelo na fronteira com o Boi-bumb\u00e1 Flor do Campo.<\/p>\n\n\n\n<p>Ap\u00f3s longo per\u00edodo de interrup\u00e7\u00e3o de um dos maiores eventos culturais do estado, a expectativa \u00e9 grande para o pr\u00f3ximo duelo.<\/p>\n\n\n\n<!--more-->\n\n\n\n<p>Desde 96 que os dois Bois disputam o t\u00edtulo do evento que \u00e9 considerado um patrim\u00f4nio cultural.&nbsp;<\/p>\n\n\n\n<p>Nesta quinta-feira, 5, a Associa\u00e7\u00e3o Folcl\u00f3rica Cultural do Boi-bumb\u00e1 Malhadinho realizou uma Assembleia Geral Extraordin\u00e1ria na sede social do Sindsef.<\/p>\n\n\n\n<p>A convoca\u00e7\u00e3o foi feita em v\u00e1rios meios de comunica\u00e7\u00e3o no dia 01 de agosto.<\/p>\n\n\n\n<p>Em pauta a elei\u00e7\u00e3o da Comiss\u00e3o Eleitoral para promover a escolha da nova diretoria e a nomea\u00e7\u00e3o de uma Diretoria Executiva Provis\u00f3ria para evitar a&nbsp;&nbsp;paralisa\u00e7\u00e3o dos projetos de 2021.<\/p>\n\n\n\n<p>O Malhadinho tem oito t\u00edtulos e reorganiza sua associa\u00e7\u00e3o para manter a tradi\u00e7\u00e3o de duelar no bumb\u00f3dromo.&nbsp;<\/p>\n\n\n\n<p>Ap\u00f3s delibera\u00e7\u00e3o com associados, por unanimidade decidiram:<\/p>\n\n\n\n<p>Comiss\u00e3o Eleitoral&nbsp;<\/p>\n\n\n\n<p>Mikelis Alves da Silva &#8211; presidente&nbsp;<\/p>\n\n\n\n<p>Andr\u00e9 Rodrigues Ribeiro &#8211; membro&nbsp;<\/p>\n\n\n\n<p>Emerson Vinicius Pereira Duarte &#8211; membro&nbsp;<\/p>\n\n\n\n<figure class=\"wp-block-image size-large\"><img decoding=\"async\" src=\"blob:http:\/\/blogdalucianaoliveira.com.br\/63109fbd-a70b-480b-9f6b-02b00ee4d911\" alt=\"\"\/><\/figure>\n\n\n\n<p>Diretoria Provis\u00f3ria&nbsp;<\/p>\n\n\n\n<p>Camila Miranda &#8211; presidente<\/p>\n\n\n\n<p>Waldirene Galv\u00e3o de Lima &#8211; secret\u00e1ria&nbsp;<\/p>\n\n\n\n<p>Weverton Pereira Carvalho &#8211; tesoureiro&nbsp;<\/p>\n\n\n\n\n\n<p>O advogado Ernande Segismundo prestou assessoria jur\u00eddica  para garantir a elei\u00e7\u00e3o da nova diretoria em 08 de outubro.&nbsp;<br><\/p>\n","protected":false},"excerpt":{"rendered":"<p>Luciana Oliveira, de Guajar\u00e1-Mirim &#8211; O Boi-bumb\u00e1 Malhadinho tem 35 anos de tradi\u00e7\u00e3o, mas desde 2016 n\u00e3o participa do famoso duelo na fronteira com o Boi-bumb\u00e1 Flor do Campo. Ap\u00f3s longo per\u00edodo de interrup\u00e7\u00e3o de um dos maiores eventos culturais do estado, a expectativa \u00e9 grande para o pr\u00f3ximo duelo.<\/p>\n","protected":false},"author":1,"featured_media":0,"comment_status":"closed","ping_status":"open","sticky":false,"template":"","format":"standard","meta":{"_exactmetrics_skip_tracking":false,"_exactmetrics_sitenote_active":false,"_exactmetrics_sitenote_note":"","_exactmetrics_sitenote_category":0,"jetpack_post_was_ever_published":false,"_jetpack_newsletter_access":"","_jetpack_dont_email_post_to_subs":false,"_jetpack_newsletter_tier_id":0,"_jetpack_memberships_contains_paywalled_content":false,"_jetpack_memberships_contains_paid_content":false,"footnotes":"","jetpack_publicize_message":"","jetpack_publicize_feature_enabled":true,"jetpack_social_post_already_shared":true,"jetpack_social_options":{"image_generator_settings":{"template":"highway","enabled":false},"version":2}},"categories":[1],"tags":[587,378,585],"class_list":["post-32582","post","type-post","status-publish","format-standard","hentry","category-notas","tag-duelo-na-fronteira","tag-guajara-mirim","tag-malhadinho"],"jetpack_publicize_connections":[],"jetpack_sharing_enabled":true,"jetpack_featured_media_url":"","jetpack_shortlink":"https:\/\/wp.me\/p7wKYW-8tw","jetpack-related-posts":[],"_links":{"self":[{"href":"http:\/\/blogdalucianaoliveira.com.br\/blog\/wp-json\/wp\/v2\/posts\/32582","targetHints":{"allow":["GET"]}}],"collection":[{"href":"http:\/\/blogdalucianaoliveira.com.br\/blog\/wp-json\/wp\/v2\/posts"}],"about":[{"href":"http:\/\/blogdalucianaoliveira.com.br\/blog\/wp-json\/wp\/v2\/types\/post"}],"author":[{"embeddable":true,"href":"http:\/\/blogdalucianaoliveira.com.br\/blog\/wp-json\/wp\/v2\/users\/1"}],"replies":[{"embeddable":true,"href":"http:\/\/blogdalucianaoliveira.com.br\/blog\/wp-json\/wp\/v2\/comments?post=32582"}],"version-history":[{"count":2,"href":"http:\/\/blogdalucianaoliveira.com.br\/blog\/wp-json\/wp\/v2\/posts\/32582\/revisions"}],"predecessor-version":[{"id":32587,"href":"http:\/\/blogdalucianaoliveira.com.br\/blog\/wp-json\/wp\/v2\/posts\/32582\/revisions\/32587"}],"wp:attachment":[{"href":"http:\/\/blogdalucianaoliveira.com.br\/blog\/wp-json\/wp\/v2\/media?parent=32582"}],"wp:term":[{"taxonomy":"category","embeddable":true,"href":"http:\/\/blogdalucianaoliveira.com.br\/blog\/wp-json\/wp\/v2\/categories?post=32582"},{"taxonomy":"post_tag","embeddable":true,"href":"http:\/\/blogdalucianaoliveira.com.br\/blog\/wp-json\/wp\/v2\/tags?post=32582"}],"curies":[{"name":"wp","href":"https:\/\/api.w.org\/{rel}","templated":true}]}}