{"id":32592,"date":"2021-08-09T10:11:47","date_gmt":"2021-08-09T14:11:47","guid":{"rendered":"http:\/\/blogdalucianaoliveira.com.br\/blog\/?p=32592"},"modified":"2021-08-09T10:11:51","modified_gmt":"2021-08-09T14:11:51","slug":"mudancas-recentes-no-clima-causadas-pelo-homem-nao-tem-precedentes-aponta-relatorio-da-onu","status":"publish","type":"post","link":"http:\/\/blogdalucianaoliveira.com.br\/blog\/2021\/08\/09\/mudancas-recentes-no-clima-causadas-pelo-homem-nao-tem-precedentes-aponta-relatorio-da-onu\/","title":{"rendered":"Mudan\u00e7as recentes no clima causadas pelo homem n\u00e3o t\u00eam precedentes, aponta relat\u00f3rio da ONU"},"content":{"rendered":"\n<figure class=\"wp-block-image size-large is-resized\"><img data-recalc-dims=\"1\" loading=\"lazy\" decoding=\"async\" data-attachment-id=\"32593\" data-permalink=\"http:\/\/blogdalucianaoliveira.com.br\/blog\/2021\/08\/09\/mudancas-recentes-no-clima-causadas-pelo-homem-nao-tem-precedentes-aponta-relatorio-da-onu\/image-1169\/\" data-orig-file=\"https:\/\/i0.wp.com\/blogdalucianaoliveira.com.br\/blog\/wp-content\/uploads\/2021\/08\/image.jpeg?fit=300%2C168\" data-orig-size=\"300,168\" data-comments-opened=\"0\" data-image-meta=\"{&quot;aperture&quot;:&quot;0&quot;,&quot;credit&quot;:&quot;&quot;,&quot;camera&quot;:&quot;&quot;,&quot;caption&quot;:&quot;&quot;,&quot;created_timestamp&quot;:&quot;0&quot;,&quot;copyright&quot;:&quot;&quot;,&quot;focal_length&quot;:&quot;0&quot;,&quot;iso&quot;:&quot;0&quot;,&quot;shutter_speed&quot;:&quot;0&quot;,&quot;title&quot;:&quot;&quot;,&quot;orientation&quot;:&quot;0&quot;}\" data-image-title=\"image\" data-image-description=\"\" data-image-caption=\"\" data-medium-file=\"https:\/\/i0.wp.com\/blogdalucianaoliveira.com.br\/blog\/wp-content\/uploads\/2021\/08\/image.jpeg?fit=300%2C168\" data-large-file=\"https:\/\/i0.wp.com\/blogdalucianaoliveira.com.br\/blog\/wp-content\/uploads\/2021\/08\/image.jpeg?fit=300%2C168\" src=\"https:\/\/i0.wp.com\/blogdalucianaoliveira.com.br\/blog\/wp-content\/uploads\/2021\/08\/image.jpeg?resize=535%2C300&#038;ssl=1\" alt=\"Mudan\u00e7as recentes no clima causadas pelo homem n\u00e3o t\u00eam precedentes, aponta  relat\u00f3rio da ONU | Aquecimento Global | G1\" class=\"wp-image-32593\" width=\"535\" height=\"300\"\/><\/figure>\n\n\n\n<h4 class=\"wp-block-heading\">Influ\u00eancia humana \u00e9 respons\u00e1vel por alta de 1,07\u00b0C na temperatura global, estima relat\u00f3rio do IPCC. Alta de 1,5\u00b0C a 2\u00b0C ser\u00e1 vista neste s\u00e9culo se n\u00e3o houver profunda redu\u00e7\u00e3o nas emiss\u00f5es de gases de efeito estufa.<\/h4>\n\n\n\n<!--more-->\n\n\n\n<p>Por Carolina Dantas, G1<\/p>\n\n\n\n<p>Mudan\u00e7as clim\u00e1ticas causadas pelos seres humanos s\u00e3o irrefut\u00e1veis, irrevers\u00edveis e levaram a um aumento de 1,07\u00ba na temperatura do planeta, aponta o mais recente relat\u00f3rio do Painel Intergovernamental sobre Mudan\u00e7as Clim\u00e1ticas (<a href=\"https:\/\/g1.globo.com\/tudo-sobre\/ipcc\/\">IPCC<\/a>, sigla em ingl\u00eas) publicado nesta segunda-feira (9).<\/p>\n\n\n\n<p>\u00c9 a primeira vez que o IPCC &#8211; um \u00f3rg\u00e3o da Organiza\u00e7\u00e3o das Na\u00e7\u00f5es Unidas (<a href=\"https:\/\/g1.globo.com\/tudo-sobre\/onu\/\">ONU<\/a>) &#8211; quantifica a responsabilidade das a\u00e7\u00f5es humanas no aumento da temperatura na Terra.<\/p>\n\n\n\n<blockquote class=\"wp-block-quote is-layout-flow wp-block-quote-is-layout-flow\"><p>&#8220;Muitas das mudan\u00e7as observadas no clima n\u00e3o t\u00eam precedentes em milhares, centenas de milhares de anos. Algumas das mudan\u00e7as &#8211; como o aumento cont\u00ednuo do n\u00edvel do mar &#8211; s\u00e3o irrevers\u00edveis ao longo de centenas a milhares de anos&#8221;, aponta o relat\u00f3rio.<\/p><\/blockquote>\n\n\n\n<p>A conclus\u00e3o \u00e9 um dos pontos do documento nomeado &#8220;<em>Climate Change 2021: The Physical Science Basis<\/em>&#8220;, que apresenta ainda os seguintes destaques:<\/p>\n\n\n\n<ul class=\"wp-block-list\"><li>Papel da influ\u00eancia humana no aquecimento do planeta \u00e9&nbsp;<strong>inequ\u00edvoco e inquestion\u00e1vel<\/strong>;<\/li><li><strong>Mudan\u00e7as recentes no clima n\u00e3o t\u00eam precedentes<\/strong>&nbsp;ao longo de s\u00e9culos e at\u00e9 milhares de anos;<\/li><li>Todas as regi\u00f5es do globo j\u00e1 s\u00e3o afetadas por&nbsp;<strong>eventos extremos<\/strong>&nbsp;como ondas de calor, chuvas fortes, secas e ciclones tropicais provocadas pelo aquecimento global;<\/li><li>Cada uma das \u00faltimas&nbsp;<strong>quatro d\u00e9cadas foi sucessivamente mais quente<\/strong>&nbsp;do que qualquer outra d\u00e9cada que a precedeu desde 1850;<\/li><li><strong>Temperatura vai continuar a subir<\/strong>&nbsp;at\u00e9 meados deste s\u00e9culo em todos os cen\u00e1rios projetados para as emiss\u00f5es de gases de efeito estufa;<\/li><li><strong>Aquecimento de 1,5\u00b0C a 2\u00b0C ser\u00e1 ultrapassado ainda neste s\u00e9culo<\/strong>&nbsp;se n\u00e3o houver forte e profunda redu\u00e7\u00e3o nas emiss\u00f5es de CO\u00b2 e outros gases de efeito estufa<\/li><li><strong>Redu\u00e7\u00f5es fortes<\/strong>&nbsp;e sustentadas na emiss\u00e3o de di\u00f3xido de carbono (CO\u00b2) e outros gases de efeito estufa&nbsp;<strong>ainda podem limitar as mudan\u00e7as clim\u00e1ticas<\/strong>;<\/li><li>Caso as redu\u00e7\u00f5es ocorram, ainda pode levar at\u00e9&nbsp;<strong>30 anos para que as temperaturas se estabilizem.<\/strong><\/li><\/ul>\n\n\n\n<p>Os dados integram a primeira das tr\u00eas etapas do relat\u00f3rio do IPCC. As duas pr\u00f3ximas publica\u00e7\u00f5es abordar\u00e3o como lidar com o aquecimento e quais as estrat\u00e9gias para evitar um aumento ainda maior da temperatura.<\/p>\n\n\n\n<p>No entanto, o texto desta segunda-feira deve ser o \u00fanico divulgado antes da&nbsp;<a href=\"https:\/\/g1.globo.com\/natureza\/noticia\/2021\/04\/22\/entenda-a-diferenca-entre-a-cupula-de-lideres-sobre-o-clima-e-a-cop-26.ghtml\">Confer\u00eancia das Partes (COP26), prevista para novembro em Glasgow<\/a>, na Esc\u00f3cia.<\/p>\n\n\n\n<figure class=\"wp-block-image\"><img data-recalc-dims=\"1\" decoding=\"async\" src=\"https:\/\/i0.wp.com\/s2.glbimg.com\/6qskmNzzJwKLjgJEf6ZTyLP27bI%3D\/0x0%3A650x829\/984x0\/smart\/filters%3Astrip_icc%28%29\/i.s3.glbimg.com\/v1\/AUTH_59edd422c0c84a879bd37670ae4f538a\/internal_photos\/bs\/2021\/T\/I\/668ycQQ8G7QpuOFfdf7g\/aumento-da-temperatura-global.png?w=600&#038;ssl=1\" alt=\"Aumento da temperatura global \u2014 Foto: Arte\/G1\"\/><\/figure>\n\n\n\n<p>Aumento da temperatura global \u2014 Foto: Arte\/G1<\/p>\n\n\n\n<h2 class=\"wp-block-heading\">Meta de 1,5\u00b0C para barrar devasta\u00e7\u00e3o<\/h2>\n\n\n\n<p>O relat\u00f3rio indica que o impacto da a\u00e7\u00e3o humana j\u00e1 est\u00e1 perto do limite de 1,5\u00baC de aumento da temperatura global que foi definido em 2015 durante a COP21, no Acordo de Paris. \u00c0 \u00e9poca, os pa\u00edses presentes se comprometeram com algumas metas para conseguir barrar as mudan\u00e7as do planeta, incluindo o Brasil,&nbsp;<a href=\"https:\/\/g1.globo.com\/politica\/noticia\/2020\/12\/08\/acordo-de-paris-brasil-preve-neutralidade-de-emissoes-ate-2060-e-quer-us-10-bilhoes-anuais-para-antecipar-data.ghtml\">que diz querer atingir a neutralidade nas emiss\u00f5es de gases causadores do efeito estufa at\u00e9 2060<\/a>.<\/p>\n\n\n\n<p>A pesquisadora Mercedes Bustamante, professora da Universidade de Bras\u00edlia (UnB) e uma das participantes do grupo de trabalho da terceira parte do relat\u00f3rio do IPCC, alerta que os dados exigem uma resposta urgente \u2013 apesar de a a\u00e7\u00e3o humana ter causado danos irrevers\u00edveis por s\u00e9culos ou mil\u00eanios, o cen\u00e1rio como um todo n\u00e3o \u00e9 considerado irrevers\u00edvel.<\/p>\n\n\n\n<figure class=\"wp-block-image\"><img data-recalc-dims=\"1\" decoding=\"async\" src=\"https:\/\/i0.wp.com\/s2.glbimg.com\/VyhdkjDDZT99Vj7djv9WzLidFeY%3D\/0x0%3A4928x3280\/984x0\/smart\/filters%3Astrip_icc%28%29\/i.s3.glbimg.com\/v1\/AUTH_59edd422c0c84a879bd37670ae4f538a\/internal_photos\/bs\/2021\/i\/N\/VCQSWfQlW6Ze98F15QPg\/000-9ku9bt.jpg?w=600&#038;ssl=1\" alt=\"Inc\u00eandio florestal na ilha de Evia, na Gr\u00e9cia, em 8 de agosto. Fogo est\u00e1 relacionado \u00e0s mudan\u00e7as clim\u00e1ticas, segundo especialistas. \u2014 Foto: Angelos Tzortzinis\/AFP\"\/><\/figure>\n\n\n\n<p>Inc\u00eandio florestal na ilha de Evia, na Gr\u00e9cia, em 8 de agosto. Fogo est\u00e1 relacionado \u00e0s mudan\u00e7as clim\u00e1ticas, segundo especialistas. \u2014 Foto: Angelos Tzortzinis\/AFP<\/p>\n\n\n\n<blockquote class=\"wp-block-quote is-layout-flow wp-block-quote-is-layout-flow\"><p>&#8220;1,07\u00b0C \u00e9 a estimativa m\u00e9dia entre 0,8\u00baC e 1,3\u00baC. O valor de 1,3\u00baC nos coloca bem pr\u00f3ximos da meta de 1,5\u00baC do Acordo de Paris para 2100. Ou seja, a urg\u00eancia \u00e9 evidente para trabalhar nas causas do aquecimento&#8221;, disse Bustamante.<\/p><\/blockquote>\n\n\n\n<p>A especialista diz que um ponto importante a destacar \u00e9 que est\u00e1 mais quente &#8220;em sistemas terrestres (onde vive a popula\u00e7\u00e3o) do que nos oceanos, pois a \u00e1gua segura mais as varia\u00e7\u00f5es de temperatura&#8221;. A alta da temperatura total do planeta, com influ\u00eancia humana e com a varia\u00e7\u00e3o do pr\u00f3prio sistema clim\u00e1tico, \u00e9 de 1,09\u00baC (varia\u00e7\u00e3o de 0,95\u00baC a 1,20\u00baC).<\/p>\n\n\n\n<h2 class=\"wp-block-heading\">Irrefut\u00e1vel<\/h2>\n\n\n\n<p>Nas primeiras p\u00e1ginas, o documento utiliza o adjetivo &#8220;inequ\u00edvoca&#8221; para se referir \u00e0 influ\u00eancia humana nas mudan\u00e7as clim\u00e1ticas.&nbsp;<strong>A ci\u00eancia j\u00e1 considera que as provas s\u00e3o irrefut\u00e1veis<\/strong><strong>.<\/strong><\/p>\n\n\n\n<blockquote class=\"wp-block-quote is-layout-flow wp-block-quote-is-layout-flow\"><p>&#8220;\u00c9 inequ\u00edvoco que a influ\u00eancia humana aqueceu a atmosfera, o oceano e a terra. Ocorreram mudan\u00e7as r\u00e1pidas e generalizadas na atmosfera, no oceano, na criosfera e na biosfera&#8221; &#8211; IPCC.<\/p><\/blockquote>\n\n\n\n<p>Stela Herschmann, especialista em pol\u00edtica clim\u00e1tica do Observat\u00f3rio do Clima, explica que o documento &#8220;mudou a linguagem&#8221; e acrescentou esse grau de certeza, sem margem para &#8220;contesta\u00e7\u00e3o&#8221;.<\/p>\n\n\n\n<p>&#8220;A gente n\u00e3o est\u00e1 mais discutindo se o homem foi um fator ou se \u00e9 o um fator preponderante nas mudan\u00e7as clim\u00e1ticas. N\u00e3o se discute o &#8216;se&#8217;, mas o &#8216;quanto&#8217;. \u00c9 inequ\u00edvoca a influ\u00eancia humana no clima da Terra e eles [IPCC] agora mostram quanto conseguem estimar em graus de temperatura&#8221;, disse.<\/p>\n\n\n\n<figure class=\"wp-block-image\"><img data-recalc-dims=\"1\" decoding=\"async\" src=\"https:\/\/i0.wp.com\/s2.glbimg.com\/QCV8fiSTHWl5-tYDut-RUs70298%3D\/0x0%3A1200x1510\/984x0\/smart\/filters%3Astrip_icc%28%29\/i.s3.glbimg.com\/v1\/AUTH_59edd422c0c84a879bd37670ae4f538a\/internal_photos\/bs\/2021\/5\/e\/j0EA12R6KMoyLIIPAtgQ\/0608-ondas-de-calorv.png?w=600&#038;ssl=1\" alt=\"Ondas de calor pelo mundo \u2014 Foto: Elcio Horiuchi\/G1\"\/><\/figure>\n\n\n\n<p>Ondas de calor pelo mundo \u2014 Foto: Elcio Horiuchi\/G1<\/p>\n\n\n\n<h2 class=\"wp-block-heading\">Perspectiva: 9 pontos do impacto<\/h2>\n\n\n\n<p>Abaixo, veja nove pontos do impacto do aumento da temperatura global na vida na Terra, segundo o relat\u00f3rio do IPCC:<\/p>\n\n\n\n<ol class=\"wp-block-list\"><li>A&nbsp;<strong>temperatura da superf\u00edcie terrestre subiu mais rapidamente desde 1970 do que em qualquer outro per\u00edodo de 50 anos<\/strong>&nbsp;visto nos \u00faltimos 2 mil anos;<\/li><li>As&nbsp;<strong>ondas de calor se tornaram mais frequentes e mais intensas em quase todos os continentes do planeta desde 1950<\/strong>, enquanto frios extremos se tornaram menos frequentes e menos severos;<\/li><li>Nas \u00faltimas 4 d\u00e9cadas,&nbsp;<strong>houve um aumento da propor\u00e7\u00e3o de ciclones tropicais<\/strong>;<\/li><li>A&nbsp;<strong>influ\u00eancia humana aumentou a chance de eventos extremos desde 1950<\/strong>&nbsp;e isso inclui a frequ\u00eancia da ocorr\u00eancia de ondas de calor, secas em escala global, incid\u00eancia de fogo e inunda\u00e7\u00f5es.<\/li><li>Em 2019,<strong>&nbsp;a concentra\u00e7\u00e3o de CO\u00b2 na atmosfera era maior do que em qualquer outro momento nos \u00faltimos 2 milh\u00f5es de anos<\/strong>&nbsp;e a concentra\u00e7\u00e3o de metano e \u00f3xido nitroso era a maior em 800 mil anos;<\/li><li>As&nbsp;<strong>ondas de calor mar\u00edtimas ficaram aproximadamente duas vezes mais frequentes<\/strong>&nbsp;desde 1980;<\/li><li>Entre 2011 e 2020,&nbsp;<strong>a \u00e1rea m\u00e9dia de gelo no \u00c1rtico atingiu seu n\u00famero mais baixo<\/strong>&nbsp;desde pelo menos 1850 e era, no final do ver\u00e3o, menor do que em qualquer \u00e9poca nos \u00faltimos mil anos;<\/li><li>O&nbsp;<strong>recuo das geleiras<\/strong>&nbsp;\u2013 com uma redu\u00e7\u00e3o sincronizada em qualquer todas as geleiras do mundo desde os anos 50 \u2014&nbsp;<strong>\u00e9 sem precedentes pelo menos pelos \u00faltimos 2 mil anos<\/strong>;<\/li><li>O&nbsp;<strong>n\u00edvel m\u00e9dio do mar aumentou mais r\u00e1pido desde 1900 do que em qualquer s\u00e9culo<\/strong>&nbsp;em pelo menos nos \u00faltimos 3 mil anos.<\/li><\/ol>\n\n\n\n<h2 class=\"wp-block-heading\">Evid\u00eancias compiladas pelo IPCC<\/h2>\n\n\n\n<p>O IPCC foi criado em 1988 pelo Programa das Na\u00e7\u00f5es Unidas para o Meio Ambiente e pela Organiza\u00e7\u00e3o Meteorol\u00f3gica Mundial com o objetivo de sintetizar e divulgar o conhecimento mais avan\u00e7ado sobre as mudan\u00e7as clim\u00e1ticas.<\/p>\n\n\n\n<blockquote class=\"wp-block-quote is-layout-flow wp-block-quote-is-layout-flow\"><p>Em 2007, o IPCC e o ex-vice-presidente dos Estados Unidos Al Gore receberam o Pr\u00eamio Nobel da Paz por seu trabalho de difus\u00e3o do conhecimento sobre o aquecimento clim\u00e1tico e sobre as medidas necess\u00e1rias para limit\u00e1-lo.<\/p><\/blockquote>\n\n\n\n<p>O Painel n\u00e3o produz pesquisa original, mas re\u00fane, avalia e interpreta o conhecimento produzido por cientistas de alto n\u00edvel &#8211; tanto os independentes quanto aqueles ligados a organiza\u00e7\u00f5es e governos. O painel j\u00e1 produziu cinco grandes relat\u00f3rios completos \u2013 o divulgado nesta segunda \u00e9 uma parte do sexto.<\/p>\n\n\n\n<p>O atual documento originalmente estava previsto para sair em abril, mas os trabalhos foram adiados pela pandemia de Covid-19. O texto tem 234 autores de 66 pa\u00edses; a pesquisadora Claudine Dereczynski, professora da Universidade Federal do Rio de Janeiro (UFRJ), \u00e9 uma das colaboradoras.<\/p>\n\n\n\n<p><br><\/p>\n","protected":false},"excerpt":{"rendered":"<p>Influ\u00eancia humana \u00e9 respons\u00e1vel por alta de 1,07\u00b0C na temperatura global, estima relat\u00f3rio do IPCC. Alta de 1,5\u00b0C a 2\u00b0C ser\u00e1 vista neste s\u00e9culo se n\u00e3o houver profunda redu\u00e7\u00e3o nas emiss\u00f5es de gases de efeito estufa.<\/p>\n","protected":false},"author":1,"featured_media":0,"comment_status":"closed","ping_status":"open","sticky":false,"template":"","format":"standard","meta":{"_exactmetrics_skip_tracking":false,"_exactmetrics_sitenote_active":false,"_exactmetrics_sitenote_note":"","_exactmetrics_sitenote_category":0,"jetpack_post_was_ever_published":false,"_jetpack_newsletter_access":"","_jetpack_dont_email_post_to_subs":false,"_jetpack_newsletter_tier_id":0,"_jetpack_memberships_contains_paywalled_content":false,"_jetpack_memberships_contains_paid_content":false,"footnotes":"","jetpack_publicize_message":"","jetpack_publicize_feature_enabled":true,"jetpack_social_post_already_shared":true,"jetpack_social_options":{"image_generator_settings":{"template":"highway","enabled":false},"version":2}},"categories":[1],"tags":[],"class_list":["post-32592","post","type-post","status-publish","format-standard","hentry","category-notas"],"jetpack_publicize_connections":[],"jetpack_sharing_enabled":true,"jetpack_featured_media_url":"","jetpack_shortlink":"https:\/\/wp.me\/p7wKYW-8tG","jetpack-related-posts":[],"_links":{"self":[{"href":"http:\/\/blogdalucianaoliveira.com.br\/blog\/wp-json\/wp\/v2\/posts\/32592","targetHints":{"allow":["GET"]}}],"collection":[{"href":"http:\/\/blogdalucianaoliveira.com.br\/blog\/wp-json\/wp\/v2\/posts"}],"about":[{"href":"http:\/\/blogdalucianaoliveira.com.br\/blog\/wp-json\/wp\/v2\/types\/post"}],"author":[{"embeddable":true,"href":"http:\/\/blogdalucianaoliveira.com.br\/blog\/wp-json\/wp\/v2\/users\/1"}],"replies":[{"embeddable":true,"href":"http:\/\/blogdalucianaoliveira.com.br\/blog\/wp-json\/wp\/v2\/comments?post=32592"}],"version-history":[{"count":1,"href":"http:\/\/blogdalucianaoliveira.com.br\/blog\/wp-json\/wp\/v2\/posts\/32592\/revisions"}],"predecessor-version":[{"id":32594,"href":"http:\/\/blogdalucianaoliveira.com.br\/blog\/wp-json\/wp\/v2\/posts\/32592\/revisions\/32594"}],"wp:attachment":[{"href":"http:\/\/blogdalucianaoliveira.com.br\/blog\/wp-json\/wp\/v2\/media?parent=32592"}],"wp:term":[{"taxonomy":"category","embeddable":true,"href":"http:\/\/blogdalucianaoliveira.com.br\/blog\/wp-json\/wp\/v2\/categories?post=32592"},{"taxonomy":"post_tag","embeddable":true,"href":"http:\/\/blogdalucianaoliveira.com.br\/blog\/wp-json\/wp\/v2\/tags?post=32592"}],"curies":[{"name":"wp","href":"https:\/\/api.w.org\/{rel}","templated":true}]}}