{"id":32599,"date":"2021-08-09T12:21:14","date_gmt":"2021-08-09T16:21:14","guid":{"rendered":"http:\/\/blogdalucianaoliveira.com.br\/blog\/?p=32599"},"modified":"2021-08-09T12:21:17","modified_gmt":"2021-08-09T16:21:17","slug":"video-um-raio-x-da-bancada-ruralista","status":"publish","type":"post","link":"http:\/\/blogdalucianaoliveira.com.br\/blog\/2021\/08\/09\/video-um-raio-x-da-bancada-ruralista\/","title":{"rendered":"V\u00cdDEO: UM RAIO X DA BANCADA RURALISTA"},"content":{"rendered":"\n<figure class=\"wp-block-embed-youtube wp-block-embed is-type-video is-provider-youtube wp-embed-aspect-16-9 wp-has-aspect-ratio\"><div class=\"wp-block-embed__wrapper\">\n<div class=\"jetpack-video-wrapper\"><iframe loading=\"lazy\" title=\"Um Raio X da bancada ruralista\" width=\"600\" height=\"338\" src=\"https:\/\/www.youtube.com\/embed\/E11-dnLylHA?feature=oembed\" frameborder=\"0\" allow=\"accelerometer; autoplay; clipboard-write; encrypted-media; gyroscope; picture-in-picture; web-share\" referrerpolicy=\"strict-origin-when-cross-origin\" allowfullscreen><\/iframe><\/div>\n<\/div><\/figure>\n\n\n\n<p><\/p>\n\n\n\n<p> No ar! O primeiro de uma s\u00e9rie de trinta v\u00eddeos sobre a bancada ruralista: <a rel=\"noreferrer noopener\" href=\"https:\/\/l.facebook.com\/l.php?u=https%3A%2F%2Fbit.ly%2F3CuJvn9%3Ffbclid%3DIwAR3t8I-whKzPEt1hxWjYJSqdQbvx73sszEVEmQumnxLakhnShv1Xrhhh3IE&amp;h=AT1_4veXRPSrkxDdvh5Pw5xr2TN3q8vnI3RFACZEQiE0ULZ09ybeUbDMbAOV_vL1bnn_b64zxztS2FMZ2c8y0JJBt1p1XfM4TKlv7m19KZWNdKM02wkQmuXWK1PwZroVCKQQ&amp;__tn__=-UK-y-R&amp;c[0]=AT2UbHuoYDvrhwH0w6fBS_Wb25ExwhydRIwOgU485WAQZL_0snbRIS9e0-jUAseYPls5SvQP66KOuRFmCx_V_Y81o2JtDgCA6uXEkKBtsOE1uXivMR4apV-pdLp31dSbBYfabjfMwOcZG3AW41b6WIp8PrvAatg5vy6Uf2uPWXAwmeFBtM9ZUPcTr19ztnSI4zzoiys\" target=\"_blank\">https:\/\/bit.ly\/3CuJvn9<\/a>Daqui at\u00e9 as elei\u00e7\u00f5es de 2022 o <a href=\"https:\/\/www.facebook.com\/deolhonosruralistas\/?__cft__[0]=AZUsPFYB2mLqZWmvZHJ8bxvbNNZvlfTj7Ph2uDD3NVU8vCg2OG6EBkYNUla9cPZBQXQIK6D_kmYQATgfBxtK58agPq7wQoKCWyYYSrVtuDzxUNh0uhP4ZgovtMGosutWMSS_iX-4xW5HrjvQOQrdhLy1h8-e_-k32ZymhNfzl-xJrA&amp;__tn__=kK-y-R\">De Olho Nos Ruralistas<\/a> far\u00e1 um diagn\u00f3stico in\u00e9dito desse que \u00e9 um dos n\u00facleos decisivos da pol\u00edtica brasileira: com expansionismo, viol\u00eancia, racismo, fascismo, com tudo.Ser\u00e3o v\u00eddeos quinzenais, sobre os principais personagens da frente e sobre cada item das boiadas em pauta no Congresso (mesmo antes de Ricardo Salles), em especial com Temer e Bolsonaro.<\/p>\n\n\n\n<!--more-->\n\n\n\n<p>Para ver e divulgar! Nesta ter\u00e7a, \u00e0s 20 horas, teremos live de apresenta\u00e7\u00e3o do projeto, que prev\u00ea tamb\u00e9m uma cobertura especial e outros materiais de divulga\u00e7\u00e3o: <a rel=\"noreferrer noopener\" href=\"https:\/\/l.facebook.com\/l.php?u=https%3A%2F%2Fbit.ly%2F3fJhpLe%3Ffbclid%3DIwAR0a9VgjFtotvYoDxCW7-1vYkkFlDnP_oXvvyVnjBfKXjBIA5MdgcJwqAOE&amp;h=AT1k1k_A5NcYY0WXl4ZlvIQ2d9hN31fLZfE1c2ckuDh5rlRcQr7rz1G_MXT4PDnM923kqZid1oXGHiYbLk85U_0rZDaWSZPdbfBrdHpppjK9DGYTTTJsqIIyOG6M1qkfcJd6&amp;__tn__=-UK-y-R&amp;c[0]=AT2UbHuoYDvrhwH0w6fBS_Wb25ExwhydRIwOgU485WAQZL_0snbRIS9e0-jUAseYPls5SvQP66KOuRFmCx_V_Y81o2JtDgCA6uXEkKBtsOE1uXivMR4apV-pdLp31dSbBYfabjfMwOcZG3AW41b6WIp8PrvAatg5vy6Uf2uPWXAwmeFBtM9ZUPcTr19ztnSI4zzoiys\" target=\"_blank\">https:\/\/bit.ly\/3fJhpLe<\/a>\u00c9 o dinheiro. Sigamos o dinheiro. A pol\u00edtica e o dinheiro.CurtirComentarCompartilhar<\/p>\n\n\n\n<h3 class=\"wp-block-heading\">0<\/h3>\n","protected":false},"excerpt":{"rendered":"<p>No ar! O primeiro de uma s\u00e9rie de trinta v\u00eddeos sobre a bancada ruralista: https:\/\/bit.ly\/3CuJvn9Daqui at\u00e9 as elei\u00e7\u00f5es de 2022 o De Olho Nos Ruralistas far\u00e1 um diagn\u00f3stico in\u00e9dito desse que \u00e9 um dos n\u00facleos decisivos da pol\u00edtica brasileira: com expansionismo, viol\u00eancia, racismo, fascismo, com tudo.Ser\u00e3o v\u00eddeos quinzenais, sobre os principais personagens da frente e&#8230;<a class=\"more-link\" href=\"http:\/\/blogdalucianaoliveira.com.br\/blog\/2021\/08\/09\/video-um-raio-x-da-bancada-ruralista\/\">Continue a leitura <span class=\"meta-nav\">&raquo;<\/span><\/a><\/p>\n","protected":false},"author":1,"featured_media":0,"comment_status":"closed","ping_status":"open","sticky":false,"template":"","format":"standard","meta":{"_exactmetrics_skip_tracking":false,"_exactmetrics_sitenote_active":false,"_exactmetrics_sitenote_note":"","_exactmetrics_sitenote_category":0,"jetpack_post_was_ever_published":false,"_jetpack_newsletter_access":"","_jetpack_dont_email_post_to_subs":false,"_jetpack_newsletter_tier_id":0,"_jetpack_memberships_contains_paywalled_content":false,"_jetpack_memberships_contains_paid_content":false,"footnotes":"","jetpack_publicize_message":"","jetpack_publicize_feature_enabled":true,"jetpack_social_post_already_shared":true,"jetpack_social_options":{"image_generator_settings":{"template":"highway","enabled":false},"version":2}},"categories":[1],"tags":[591,592],"class_list":["post-32599","post","type-post","status-publish","format-standard","hentry","category-notas","tag-bancada-ruralista","tag-de-olho-nos-ruralistas"],"jetpack_publicize_connections":[],"jetpack_sharing_enabled":true,"jetpack_featured_media_url":"","jetpack_shortlink":"https:\/\/wp.me\/p7wKYW-8tN","jetpack-related-posts":[],"_links":{"self":[{"href":"http:\/\/blogdalucianaoliveira.com.br\/blog\/wp-json\/wp\/v2\/posts\/32599","targetHints":{"allow":["GET"]}}],"collection":[{"href":"http:\/\/blogdalucianaoliveira.com.br\/blog\/wp-json\/wp\/v2\/posts"}],"about":[{"href":"http:\/\/blogdalucianaoliveira.com.br\/blog\/wp-json\/wp\/v2\/types\/post"}],"author":[{"embeddable":true,"href":"http:\/\/blogdalucianaoliveira.com.br\/blog\/wp-json\/wp\/v2\/users\/1"}],"replies":[{"embeddable":true,"href":"http:\/\/blogdalucianaoliveira.com.br\/blog\/wp-json\/wp\/v2\/comments?post=32599"}],"version-history":[{"count":1,"href":"http:\/\/blogdalucianaoliveira.com.br\/blog\/wp-json\/wp\/v2\/posts\/32599\/revisions"}],"predecessor-version":[{"id":32600,"href":"http:\/\/blogdalucianaoliveira.com.br\/blog\/wp-json\/wp\/v2\/posts\/32599\/revisions\/32600"}],"wp:attachment":[{"href":"http:\/\/blogdalucianaoliveira.com.br\/blog\/wp-json\/wp\/v2\/media?parent=32599"}],"wp:term":[{"taxonomy":"category","embeddable":true,"href":"http:\/\/blogdalucianaoliveira.com.br\/blog\/wp-json\/wp\/v2\/categories?post=32599"},{"taxonomy":"post_tag","embeddable":true,"href":"http:\/\/blogdalucianaoliveira.com.br\/blog\/wp-json\/wp\/v2\/tags?post=32599"}],"curies":[{"name":"wp","href":"https:\/\/api.w.org\/{rel}","templated":true}]}}