{"id":32604,"date":"2021-08-10T13:10:44","date_gmt":"2021-08-10T17:10:44","guid":{"rendered":"http:\/\/blogdalucianaoliveira.com.br\/blog\/?p=32604"},"modified":"2021-08-10T13:10:49","modified_gmt":"2021-08-10T17:10:49","slug":"bolsonaro-arrasta-militares-para-mais-um-vexame-em-brasilia","status":"publish","type":"post","link":"http:\/\/blogdalucianaoliveira.com.br\/blog\/2021\/08\/10\/bolsonaro-arrasta-militares-para-mais-um-vexame-em-brasilia\/","title":{"rendered":"Bolsonaro arrasta militares para mais um vexame em Bras\u00edlia"},"content":{"rendered":"\n<figure class=\"wp-block-image size-large\"><img data-recalc-dims=\"1\" loading=\"lazy\" decoding=\"async\" width=\"600\" height=\"440\" data-attachment-id=\"32605\" data-permalink=\"http:\/\/blogdalucianaoliveira.com.br\/blog\/2021\/08\/10\/bolsonaro-arrasta-militares-para-mais-um-vexame-em-brasilia\/8e11198a-e8af-4569-8fe7-76657e4172fc\/\" data-orig-file=\"https:\/\/i0.wp.com\/blogdalucianaoliveira.com.br\/blog\/wp-content\/uploads\/2021\/08\/8E11198A-E8AF-4569-8FE7-76657E4172FC.jpeg?fit=828%2C607\" data-orig-size=\"828,607\" data-comments-opened=\"0\" data-image-meta=\"{&quot;aperture&quot;:&quot;0&quot;,&quot;credit&quot;:&quot;&quot;,&quot;camera&quot;:&quot;&quot;,&quot;caption&quot;:&quot;&quot;,&quot;created_timestamp&quot;:&quot;0&quot;,&quot;copyright&quot;:&quot;&quot;,&quot;focal_length&quot;:&quot;0&quot;,&quot;iso&quot;:&quot;0&quot;,&quot;shutter_speed&quot;:&quot;0&quot;,&quot;title&quot;:&quot;&quot;,&quot;orientation&quot;:&quot;1&quot;}\" data-image-title=\"8E11198A-E8AF-4569-8FE7-76657E4172FC\" data-image-description=\"\" data-image-caption=\"\" data-medium-file=\"https:\/\/i0.wp.com\/blogdalucianaoliveira.com.br\/blog\/wp-content\/uploads\/2021\/08\/8E11198A-E8AF-4569-8FE7-76657E4172FC.jpeg?fit=300%2C220\" data-large-file=\"https:\/\/i0.wp.com\/blogdalucianaoliveira.com.br\/blog\/wp-content\/uploads\/2021\/08\/8E11198A-E8AF-4569-8FE7-76657E4172FC.jpeg?fit=600%2C440\" src=\"https:\/\/i0.wp.com\/blogdalucianaoliveira.com.br\/blog\/wp-content\/uploads\/2021\/08\/8E11198A-E8AF-4569-8FE7-76657E4172FC.jpeg?resize=600%2C440\" alt=\"\" class=\"wp-image-32605\" srcset=\"https:\/\/i0.wp.com\/blogdalucianaoliveira.com.br\/blog\/wp-content\/uploads\/2021\/08\/8E11198A-E8AF-4569-8FE7-76657E4172FC.jpeg?w=828 828w, https:\/\/i0.wp.com\/blogdalucianaoliveira.com.br\/blog\/wp-content\/uploads\/2021\/08\/8E11198A-E8AF-4569-8FE7-76657E4172FC.jpeg?resize=300%2C220 300w, https:\/\/i0.wp.com\/blogdalucianaoliveira.com.br\/blog\/wp-content\/uploads\/2021\/08\/8E11198A-E8AF-4569-8FE7-76657E4172FC.jpeg?resize=768%2C563 768w, https:\/\/i0.wp.com\/blogdalucianaoliveira.com.br\/blog\/wp-content\/uploads\/2021\/08\/8E11198A-E8AF-4569-8FE7-76657E4172FC.jpeg?resize=409%2C300 409w\" sizes=\"auto, (max-width: 600px) 100vw, 600px\" \/><\/figure>\n\n\n\n<p><strong>UOL, por Tales Faria<\/strong> &#8211; Digamos que ocorra mesmo o desfile de canh\u00f5es na Esplanada dos Minist\u00e9rios programado para esta ter\u00e7a-feira, 10. Ser\u00e1 grande a chance de Bolsonaro ter imposto mais um vexame aos militares durante seu governo.<\/p>\n\n\n\n<!--more-->\n\n\n\n<p>Na vers\u00e3o oficial, desde 1988 a Marinha realiza esses exerc\u00edcios no Campo de Instru\u00e7\u00e3o de Formosa, a 50 km de Bras\u00edlia. A nota divulgada pela Marinha sobre o assunto n\u00e3o explica por que desta vez, pela primeira vez, o Ex\u00e9rcito e a Aeron\u00e1utica participar\u00e3o da chamada Opera\u00e7\u00e3o Formosa.<\/p>\n\n\n\n<p>Os exerc\u00edcios ocorrer\u00e3o no pr\u00f3ximo dia 16. Mas resolveu-se que um comboio de blindados e outros instrumentos pesados de guerra passar\u00e3o justo nesta ter\u00e7a-feira em desfile pela Esplanada dos Minist\u00e9rios. Dar\u00e3o uma paradinha na Pra\u00e7a dos Tr\u00eas Poderes para entregar convites para o evento ao presidente da Rep\u00fablica e ao ministro da Defesa.<\/p>\n\n\n\n<p>Ser\u00e1, portanto, em frente ao Congresso, onde, tamb\u00e9m nesta ter\u00e7a-feira, ser\u00e1 votada na C\u00e2mara a&nbsp;PEC&nbsp;(Proposta de Emenda Constitucional) que estabeleceria o voto impresso nas elei\u00e7\u00f5es do ano que vem. E tamb\u00e9m em frente \u00e0 sede do Supremo Tribunal Federal (<a href=\"https:\/\/noticias.uol.com.br\/politica\/stf-supremo-tribunal-federal\/\">STF<\/a>), cujos ministros t\u00eam reagido com vigor contra os ataques de Bolsonaro ao sistema eletr\u00f4nico de vota\u00e7\u00e3o.&nbsp;<\/p>\n\n\n\n<p>H\u00e1 quem diga que foi o presidente&nbsp;<a href=\"https:\/\/noticias.uol.com.br\/politica\/governo-bolsonaro\/\">Jair Bolsonaro<\/a>&nbsp;quem sugeriu juntar Ex\u00e9rcito e Aeron\u00e1utica a um ato exclusivo da Marinha. E que n\u00e3o \u00e9 coincid\u00eancia a demonstra\u00e7\u00e3o de for\u00e7a em frente ao Congresso e ao STF, no dia da vota\u00e7\u00e3o da PEC do voto impresso, j\u00e1 que os exerc\u00edcios s\u00f3 ocorrer\u00e3o no dia 16.<\/p>\n\n\n\n<p>Sendo assim, Bolsonaro ter\u00e1 envolvido os militares em mais um vexame, porque todas as apostas na C\u00e2mara s\u00e3o de que a PEC ser\u00e1 derrubada. Bolsonaro ter\u00e1, ent\u00e3o, transformado sua derrota pessoal numa derrota dos militares, cuja demonstra\u00e7\u00e3o de for\u00e7a ter\u00e1 sido ignorada pelos representantes leg\u00edtimos do povo, os parlamentares.<\/p>\n\n\n\n<p>Ser\u00e1 mais um vexame imposto aos militares, porque Bolsonaro j\u00e1 imp\u00f4s outros vexames.<\/p>\n\n\n\n<p>Por exemplo, quando tornou os militares s\u00f3cios do fracasso no combate \u00e0 pandemia ao nomear um general da ativa para ministro da Sa\u00fade.<\/p>\n\n\n\n<p>Tamb\u00e9m imp\u00f4s vexame aos generais quando demitiu sumariamente os comandantes das tr\u00eas For\u00e7as Armadas e o ent\u00e3o ministro da Defesa, general Fernando Azevedo e Silva. E quando destratou e afastou do Pal\u00e1cio do Planalto outros generais que havia chamado para assessor\u00e1-lo na fase inicial do governo.<\/p>\n\n\n\n<p>Os militares tiveram sua imagem p\u00fablica destru\u00edda no per\u00edodo de ditadura. Recuperaram o prest\u00edgio nesses anos de regime democr\u00e1tico em que emprestaram apoio e subordina\u00e7\u00e3o a sucessivos presidentes civis.<\/p>\n\n\n\n<p>Mas est\u00e3o voltando a perder o respeito da opini\u00e3o p\u00fablica, segundo as pesquisas, no governo do capit\u00e3o reformado Jair Bolsonaro.&nbsp;Aquele que algum dia foi chamado de &#8220;um mau militar&#8221; pelo ex-presidente e general Ernesto Geisel, hoje comanda os militares e esgar\u00e7a a reputa\u00e7\u00e3o da caserna.<\/p>\n","protected":false},"excerpt":{"rendered":"<p>UOL, por Tales Faria &#8211; Digamos que ocorra mesmo o desfile de canh\u00f5es na Esplanada dos Minist\u00e9rios programado para esta ter\u00e7a-feira, 10. Ser\u00e1 grande a chance de Bolsonaro ter imposto mais um vexame aos militares durante seu governo.<\/p>\n","protected":false},"author":1,"featured_media":0,"comment_status":"closed","ping_status":"open","sticky":false,"template":"","format":"standard","meta":{"_exactmetrics_skip_tracking":false,"_exactmetrics_sitenote_active":false,"_exactmetrics_sitenote_note":"","_exactmetrics_sitenote_category":0,"jetpack_post_was_ever_published":false,"_jetpack_newsletter_access":"","_jetpack_dont_email_post_to_subs":false,"_jetpack_newsletter_tier_id":0,"_jetpack_memberships_contains_paywalled_content":false,"_jetpack_memberships_contains_paid_content":false,"footnotes":"","jetpack_publicize_message":"","jetpack_publicize_feature_enabled":true,"jetpack_social_post_already_shared":true,"jetpack_social_options":{"image_generator_settings":{"template":"highway","enabled":false},"version":2}},"categories":[1],"tags":[],"class_list":["post-32604","post","type-post","status-publish","format-standard","hentry","category-notas"],"jetpack_publicize_connections":[],"jetpack_sharing_enabled":true,"jetpack_featured_media_url":"","jetpack_shortlink":"https:\/\/wp.me\/p7wKYW-8tS","jetpack-related-posts":[],"_links":{"self":[{"href":"http:\/\/blogdalucianaoliveira.com.br\/blog\/wp-json\/wp\/v2\/posts\/32604","targetHints":{"allow":["GET"]}}],"collection":[{"href":"http:\/\/blogdalucianaoliveira.com.br\/blog\/wp-json\/wp\/v2\/posts"}],"about":[{"href":"http:\/\/blogdalucianaoliveira.com.br\/blog\/wp-json\/wp\/v2\/types\/post"}],"author":[{"embeddable":true,"href":"http:\/\/blogdalucianaoliveira.com.br\/blog\/wp-json\/wp\/v2\/users\/1"}],"replies":[{"embeddable":true,"href":"http:\/\/blogdalucianaoliveira.com.br\/blog\/wp-json\/wp\/v2\/comments?post=32604"}],"version-history":[{"count":1,"href":"http:\/\/blogdalucianaoliveira.com.br\/blog\/wp-json\/wp\/v2\/posts\/32604\/revisions"}],"predecessor-version":[{"id":32606,"href":"http:\/\/blogdalucianaoliveira.com.br\/blog\/wp-json\/wp\/v2\/posts\/32604\/revisions\/32606"}],"wp:attachment":[{"href":"http:\/\/blogdalucianaoliveira.com.br\/blog\/wp-json\/wp\/v2\/media?parent=32604"}],"wp:term":[{"taxonomy":"category","embeddable":true,"href":"http:\/\/blogdalucianaoliveira.com.br\/blog\/wp-json\/wp\/v2\/categories?post=32604"},{"taxonomy":"post_tag","embeddable":true,"href":"http:\/\/blogdalucianaoliveira.com.br\/blog\/wp-json\/wp\/v2\/tags?post=32604"}],"curies":[{"name":"wp","href":"https:\/\/api.w.org\/{rel}","templated":true}]}}