{"id":32607,"date":"2021-08-10T23:09:41","date_gmt":"2021-08-11T03:09:41","guid":{"rendered":"http:\/\/blogdalucianaoliveira.com.br\/blog\/?p=32607"},"modified":"2021-08-10T23:09:46","modified_gmt":"2021-08-11T03:09:46","slug":"plenario-da-camara-confirma-derrota-do-governo-e-derruba-a-pec-do-voto-impresso","status":"publish","type":"post","link":"http:\/\/blogdalucianaoliveira.com.br\/blog\/2021\/08\/10\/plenario-da-camara-confirma-derrota-do-governo-e-derruba-a-pec-do-voto-impresso\/","title":{"rendered":"Plen\u00e1rio da C\u00e2mara confirma derrota do governo e derruba a PEC do voto impresso"},"content":{"rendered":"\n<figure class=\"wp-block-image size-large\"><img data-recalc-dims=\"1\" loading=\"lazy\" decoding=\"async\" width=\"600\" height=\"377\" data-attachment-id=\"32608\" data-permalink=\"http:\/\/blogdalucianaoliveira.com.br\/blog\/2021\/08\/10\/plenario-da-camara-confirma-derrota-do-governo-e-derruba-a-pec-do-voto-impresso\/0674a8f8-8307-468b-b2b9-1284bae7e758\/\" data-orig-file=\"https:\/\/i0.wp.com\/blogdalucianaoliveira.com.br\/blog\/wp-content\/uploads\/2021\/08\/0674A8F8-8307-468B-B2B9-1284BAE7E758.jpeg?fit=800%2C503\" data-orig-size=\"800,503\" data-comments-opened=\"0\" data-image-meta=\"{&quot;aperture&quot;:&quot;0&quot;,&quot;credit&quot;:&quot;&quot;,&quot;camera&quot;:&quot;&quot;,&quot;caption&quot;:&quot;&quot;,&quot;created_timestamp&quot;:&quot;1628623946&quot;,&quot;copyright&quot;:&quot;&quot;,&quot;focal_length&quot;:&quot;0&quot;,&quot;iso&quot;:&quot;0&quot;,&quot;shutter_speed&quot;:&quot;0&quot;,&quot;title&quot;:&quot;&quot;,&quot;orientation&quot;:&quot;1&quot;}\" data-image-title=\"0674A8F8-8307-468B-B2B9-1284BAE7E758\" data-image-description=\"\" data-image-caption=\"\" data-medium-file=\"https:\/\/i0.wp.com\/blogdalucianaoliveira.com.br\/blog\/wp-content\/uploads\/2021\/08\/0674A8F8-8307-468B-B2B9-1284BAE7E758.jpeg?fit=300%2C189\" data-large-file=\"https:\/\/i0.wp.com\/blogdalucianaoliveira.com.br\/blog\/wp-content\/uploads\/2021\/08\/0674A8F8-8307-468B-B2B9-1284BAE7E758.jpeg?fit=600%2C377\" src=\"https:\/\/i0.wp.com\/blogdalucianaoliveira.com.br\/blog\/wp-content\/uploads\/2021\/08\/0674A8F8-8307-468B-B2B9-1284BAE7E758.jpeg?resize=600%2C377\" alt=\"\" class=\"wp-image-32608\" srcset=\"https:\/\/i0.wp.com\/blogdalucianaoliveira.com.br\/blog\/wp-content\/uploads\/2021\/08\/0674A8F8-8307-468B-B2B9-1284BAE7E758.jpeg?w=800 800w, https:\/\/i0.wp.com\/blogdalucianaoliveira.com.br\/blog\/wp-content\/uploads\/2021\/08\/0674A8F8-8307-468B-B2B9-1284BAE7E758.jpeg?resize=300%2C189 300w, https:\/\/i0.wp.com\/blogdalucianaoliveira.com.br\/blog\/wp-content\/uploads\/2021\/08\/0674A8F8-8307-468B-B2B9-1284BAE7E758.jpeg?resize=768%2C483 768w, https:\/\/i0.wp.com\/blogdalucianaoliveira.com.br\/blog\/wp-content\/uploads\/2021\/08\/0674A8F8-8307-468B-B2B9-1284BAE7E758.jpeg?resize=477%2C300 477w\" sizes=\"auto, (max-width: 600px) 100vw, 600px\" \/><\/figure>\n\n\n\n<p>Brasil se Fato &#8211; O plen\u00e1rio da C\u00e2mara dos Deputados rejeitou na noite desta ter\u00e7a-feira (10) a Proposta de Emenda \u00e0 Constitui\u00e7\u00e3o 135, a PEC do voto impresso. Apesar da press\u00e3o governista, o resultado confirmou as expectativas, mas o placar foi diferente do previsto: 229 parlamentares a favor do projeto e 218 contra, com uma absten\u00e7\u00e3o. O n\u00famero foi insuficiente para aprova\u00e7\u00e3o. Com isso, a PEC ser\u00e1 arquivada. O resultado foi anunciado exatamente \u00e0s 22h.<\/p>\n\n\n\n<!--more-->\n\n\n\n<p>Um substitutivo j\u00e1 havia sido derrubado em comiss\u00e3o especial na \u00faltima quinta-feira (5),<a href=\"https:\/\/www.redebrasilatual.com.br\/politica\/2021\/08\/23-a-11-voto-impresso-derrotado\/\">&nbsp;por 23 a 11,<\/a>&nbsp;mas diante da gritaria bolsonarista o presidente da C\u00e2mara, Arthur Lira (PP-AL), decidiu levar a mat\u00e9ria ao plen\u00e1rio. Para, segundo ele, \u201cpacificar\u201d a quest\u00e3o. Deputados ligados ao presidente fizeram v\u00e1rias tentativas de adiar a sess\u00e3o desta noite, mas foram derrotados.<\/p>\n\n\n\n<p>Agora, a expectativa \u00e9 para saber se o presidente da Rep\u00fablica cumprir\u00e1 o que garantiu ao pr\u00f3prio Lira, respeitando o resultado da vota\u00e7\u00e3o no parlamento. Antes disso, o desfile militar de hoje na Esplanada foi visto pela oposi\u00e7\u00e3o como uma tentativa de intimidar os deputados. J\u00e1 o presidente da Casa falou em \u201ctr\u00e1gica coincid\u00eancia\u201d e cogitou adiar a vota\u00e7\u00e3o. Para a oposi\u00e7\u00e3o e outros setores do parlamento, o governo tentava desviar a aten\u00e7\u00e3o dos reais problemas, como desemprego, infla\u00e7\u00e3o e pandemia.<\/p>\n\n\n\n<p>\u201cCoincid\u00eancia tr\u00e1gica\u201d<\/p>\n\n\n\n<p>Segundo a Marinha, o objetivo do desfile era convidar o presidente da Rep\u00fablica para participar de treinamento das tr\u00eas For\u00e7as, que ocorre desde 1988, mas em Formosa (GO), sem passar pela capital. \u201cNo pa\u00eds polarizado, isso d\u00e1 cabimento para que se especule algum tipo de press\u00e3o. Entramos em contato com o presidente Bolsonaro, que garantiu que n\u00e3o h\u00e1 esse intuito\u201d, afirmou o presidente da C\u00e2mara. \u201cMas n\u00e3o \u00e9 usual, \u00e9 uma coincid\u00eancia tr\u00e1gica dos blindados para Formosa. Isso apimenta este momento.\u201d Durante o dia, jornalistas afirmaram que o ato de Bras\u00edlia foi um pedido do presidente da Rep\u00fablica.<\/p>\n\n\n\n<p>Na sess\u00e3o, iniciada depois das 19h, a defesa da PEC foi feita basicamente por parlamentares do PSL. Um deles chegou a se queixar do \u201cmonop\u00f3lio\u201d do processo eleitoral pelo pr\u00f3prio Tribunal Superior Eleitoral (TSE). Autora do projeto, a bolsonarista Bia Kicis (DF) disse que o debate foi desvirtuado e que o objetivo era dar \u201ctranspar\u00eancia e seguran\u00e7a\u201d \u00e0s elei\u00e7\u00f5es. Como outros de seus colegas, ela afirmou que era preciso \u201cdespolitizar\u201d o tema. Mas o&nbsp;<a href=\"https:\/\/www.redebrasilatual.com.br\/politica\/2021\/08\/ataques-bolsonaro-inquerito-tse-stf\/\">presidente da Rep\u00fablica fez repetidos ataques a ministros<\/a>&nbsp;e chegou a questionar a pr\u00f3pria realiza\u00e7\u00e3o da elei\u00e7\u00e3o de 2022 caso o voto impresso n\u00e3o fosse aprovado.<\/p>\n\n\n\n<p>\u201cSistema \u00e9 seguro\u201d<\/p>\n\n\n\n<p>Arlindo Chinaglia (PT-SP) observou que, em um quarto de s\u00e9culo, nunca houve comprova\u00e7\u00e3o de fraude. \u201cSe esquecem que o voto impresso \u00e9 gerado pelo mesmo<em>&nbsp;software<\/em>. Se esquecem que a confer\u00eancia, atrav\u00e9s do relat\u00f3rio de urna, \u00e9 feita pelo mesmo&nbsp;<em>software<\/em>. A\u00ed tentam provar que de tr\u00eas partes do mesmo&nbsp;<em>software<\/em>&nbsp;s\u00f3 uma est\u00e1 isenta de suposta fraude. Isso n\u00e3o se sustenta, nem pelos fatos, nem pela l\u00f3gica\u201d, rebateu. Do ponto de vista pol\u00edtico, acrescentou depois, o presidente da Rep\u00fablica fez seguidas amea\u00e7as ao processo eleitoral e \u00e0 pr\u00f3pria democracia. Seu objetivo com a PEC, disse ainda, era criar \u201cinstabilidade jur\u00eddica\u201d.<\/p>\n\n\n\n<p>L\u00edder do PSDB, Carlos Sampaio (SP) lembrou ter sido o autor de um pedido de auditoria no TSE, nas elei\u00e7\u00f5es de 2014. Esse processo demorou um ano, e no final ele chegou \u00e0 conclus\u00e3o de que o sistema n\u00e3o demonstrou fraudes, mas n\u00e3o era audit\u00e1vel. Por\u00e9m, no final de 2019, o TSE aprovou resolu\u00e7\u00e3o&nbsp;<a href=\"https:\/\/www.tse.jus.br\/legislacao\/compilada\/res\/2019\/resolucao-no-23-603-de-12-de-dezembro-de-2019\">(23.603)<\/a>, que ele considerou \u201cpormenorizada e cuidadosa\u201d, atendendo a v\u00e1rios questionamentos apresentados pelo partido. Com isso, o deputado concluiu: \u201cN\u00e3o tenho a menor d\u00favida de que o sistema \u00e9 seguro\u201d.<\/p>\n\n\n\n<p>Para Carlos Zarattini (PT-SP), a proposta em discuss\u00e3o n\u00e3o tem como objetivo garantir a lisura do processo eleitoral. \u201cMas exatamente o contr\u00e1rio. Colocar uma d\u00favida sobre um resultado que sequer aconteceu ainda. \u00c9 promover anarquia, uma situa\u00e7\u00e3o fratricida, de disputa muito al\u00e9m da disputa pol\u00edtica, eleitoral, transformar numa pol\u00edtica violenta, que pode inclusive colocar em risco a democracia brasileira, que precisa ser preservada.\u201d<\/p>\n\n\n\n<p>Alice Portugal (PCdoB-BA) refor\u00e7ou que o debate sobre o voto impresso n\u00e3o \u00e9 t\u00e9cnico, como tentaram falar os governistas, mas pol\u00edtico. O presidente visa um \u201ctumulto impresso\u201d, afirmou. \u201cUm Capit\u00f3lio para chamar de seu\u201d, acrescentou, referindo-se \u00e0 invas\u00e3o do Congresso norte-americano, em janeiro, por partid\u00e1rios do ent\u00e3o presidente Donald Trump, para contestar a derrota eleitoral para Joe Biden.<\/p>\n\n\n\n<p>Insanidade<\/p>\n\n\n\n<p>Nos \u00faltimos dias, pelo menos dois ter\u00e7os dos 24 partidos com representa\u00e7\u00e3o na Casa se posicionaram contra a PEC \u2013 algo que n\u00e3o se refletiu na vota\u00e7\u00e3o final. Uma emenda constitucional precisa de 308 votos em dois turnos na C\u00e2mara. Prevendo a derrota, bolsonaristas pressionaram pelo adiamento da sess\u00e3o. Lira tamb\u00e9m tentou ganhar tempo, mantendo na pauta&nbsp;<a href=\"https:\/\/www.redebrasilatual.com.br\/trabalho\/2021\/08\/camara-mp-reducao-salario-minirreforma-trabalhista\/\">a MP 1.045, de redu\u00e7\u00e3o de jornada e sal\u00e1rio, que acabou aprovada<\/a>. Pouco antes das 21h, o presidente da Casa repetiu declara\u00e7\u00f5es dos \u00faltimos dias, dizendo que o tema n\u00e3o deveria ter \u201cvencedores e vencidos\u201d. Ao anunciar o resultado, disse esperar que a quest\u00e3o tenha sido encerrada.<\/p>\n\n\n\n<p>Para Pompeo de Mattos (PDT-RS), o fato \u201clament\u00e1vel\u201d de hoje foi uma esp\u00e9cie de \u201cretrato mal desenhado\u201d que exp\u00f5e a \u201cinsanidade\u201d do presidente, em sua tentativa de intimidar o Congresso. \u201cVai dar com os burros n\u00b4\u00e1gua. O Ex\u00e9rcito n\u00e3o precisa se expor a essa realidade, nem a Marinha, nem a Aeron\u00e1utica. N\u00e3o s\u00e3o do governo, s\u00e3o do Estado brasileiro. Al\u00e9m da fuma\u00e7a que polui Bras\u00edlia, ficou a amea\u00e7a \u00e0 democracia.\u201d O PDT pediu \u201cinterdi\u00e7\u00e3o\u201d do presidente \u00e0 Procuradoria-Geral da Rep\u00fablica.<\/p>\n\n\n\n<p>O deputado Vicente Paulo da Silva, o Vicentinho (PT-SP), chamou o epis\u00f3dio de pantomima. \u201cQue envergonha as autoridades militares, os homens s\u00e9rios, legalistas, que compreendem o papel das For\u00e7as Armadas\u201d, acrescentou. Para Rog\u00e9rio Correia (PT-MG), o ato representa desrespeito \u00e0s pr\u00f3prias For\u00e7as. \u201cA inten\u00e7\u00e3o dele \u00e9 desestabilizar as institui\u00e7\u00f5es\u201d, comentou. \u201cHoje, o presidente envergonhou o Brasil.\u201d<\/p>\n\n\n\n<p>Escondido \u201catr\u00e1s do tanque\u201d<\/p>\n\n\n\n<p>Ainda durante a tarde, o 1\u00ba vice da Casa, Marcelo Ramos (PL-AM), foi mais um a lembrar que o debate desvia a aten\u00e7\u00e3o para os verdadeiros problemas do pa\u00eds: \u201c<a href=\"https:\/\/www.redebrasilatual.com.br\/saude-e-ciencia\/2021\/08\/avanco-da-variante-delta-e-atrasados-da-segunda-dose-elevam-risco-de-nova-onda-de-covid-no-brasil\/\">560 mil mortos<\/a>,&nbsp;<a href=\"https:\/\/www.redebrasilatual.com.br\/economia\/2021\/07\/com-mais-2-milhoes-em-um-ano-numero-de-desempregados-mantem-recorde\/\">15 milh\u00f5es de desempregados<\/a>,&nbsp;<a href=\"https:\/\/www.redebrasilatual.com.br\/cidadania\/2021\/04\/pessoas-com-fome-19-milhoes-inseguranca-alimentar-dispara-no-brasil\/\">19 milh\u00f5es de brasileiros e brasileiras com fom<\/a>e, infla\u00e7\u00e3o descontrolada, 800 mil empresas fechadas em decorr\u00eancia da pandemia. E hoje s\u00f3 se fala em voto impresso e tanque nas ruas\u201d. Para ele, n\u00e3o h\u00e1 espa\u00e7o para \u201ccrises artificiais\u201d.<\/p>\n\n\n\n<p>Presidenta do PT, a deputada Gleisi Hoffmann (PR) destacou a infla\u00e7\u00e3o crescente de alimentos, combust\u00edveis e energia, entre outros itens. \u201cN\u00e3o temos um governo eficiente, que governe para o povo\u201d, afirmou. \u201cCom toda essa situa\u00e7\u00e3o de dificuldade, o que est\u00e1 fazendo Bolsonaro? Est\u00e1 pensando em elei\u00e7\u00f5es. Quer mudar o sistema eleitoral. Ele quer tumultuar. Quem tem voto n\u00e3o se esconde atr\u00e1s de tanque.\u201d Henrique Fontana acrescentou afirmando que o presidente \u201ctem voca\u00e7\u00e3o para ditador, n\u00e3o presidente num regime democr\u00e1tico\u201d.<\/p>\n\n\n\n<p>\u201c(O presidente) passoua defender essa pauta quando viu que vai perder na urna\u201d, disse o deputado Kim Kataguiri (DEM-SP), apontando a \u201cfalta de capacidade de mostrar resultado\u201d do atual mandat\u00e1rio. \u201cO que o Bolsonaro quer \u00e9 jogar na confus\u00e3o.\u201d<\/p>\n","protected":false},"excerpt":{"rendered":"<p>Brasil se Fato &#8211; O plen\u00e1rio da C\u00e2mara dos Deputados rejeitou na noite desta ter\u00e7a-feira (10) a Proposta de Emenda \u00e0 Constitui\u00e7\u00e3o 135, a PEC do voto impresso. Apesar da press\u00e3o governista, o resultado confirmou as expectativas, mas o placar foi diferente do previsto: 229 parlamentares a favor do projeto e 218 contra, com uma&#8230;<a class=\"more-link\" href=\"http:\/\/blogdalucianaoliveira.com.br\/blog\/2021\/08\/10\/plenario-da-camara-confirma-derrota-do-governo-e-derruba-a-pec-do-voto-impresso\/\">Continue a leitura <span class=\"meta-nav\">&raquo;<\/span><\/a><\/p>\n","protected":false},"author":1,"featured_media":0,"comment_status":"closed","ping_status":"open","sticky":false,"template":"","format":"standard","meta":{"_exactmetrics_skip_tracking":false,"_exactmetrics_sitenote_active":false,"_exactmetrics_sitenote_note":"","_exactmetrics_sitenote_category":0,"jetpack_post_was_ever_published":false,"_jetpack_newsletter_access":"","_jetpack_dont_email_post_to_subs":false,"_jetpack_newsletter_tier_id":0,"_jetpack_memberships_contains_paywalled_content":false,"_jetpack_memberships_contains_paid_content":false,"footnotes":"","jetpack_publicize_message":"","jetpack_publicize_feature_enabled":true,"jetpack_social_post_already_shared":true,"jetpack_social_options":{"image_generator_settings":{"template":"highway","enabled":false},"version":2}},"categories":[1],"tags":[],"class_list":["post-32607","post","type-post","status-publish","format-standard","hentry","category-notas"],"jetpack_publicize_connections":[],"jetpack_sharing_enabled":true,"jetpack_featured_media_url":"","jetpack_shortlink":"https:\/\/wp.me\/p7wKYW-8tV","jetpack-related-posts":[],"_links":{"self":[{"href":"http:\/\/blogdalucianaoliveira.com.br\/blog\/wp-json\/wp\/v2\/posts\/32607","targetHints":{"allow":["GET"]}}],"collection":[{"href":"http:\/\/blogdalucianaoliveira.com.br\/blog\/wp-json\/wp\/v2\/posts"}],"about":[{"href":"http:\/\/blogdalucianaoliveira.com.br\/blog\/wp-json\/wp\/v2\/types\/post"}],"author":[{"embeddable":true,"href":"http:\/\/blogdalucianaoliveira.com.br\/blog\/wp-json\/wp\/v2\/users\/1"}],"replies":[{"embeddable":true,"href":"http:\/\/blogdalucianaoliveira.com.br\/blog\/wp-json\/wp\/v2\/comments?post=32607"}],"version-history":[{"count":1,"href":"http:\/\/blogdalucianaoliveira.com.br\/blog\/wp-json\/wp\/v2\/posts\/32607\/revisions"}],"predecessor-version":[{"id":32609,"href":"http:\/\/blogdalucianaoliveira.com.br\/blog\/wp-json\/wp\/v2\/posts\/32607\/revisions\/32609"}],"wp:attachment":[{"href":"http:\/\/blogdalucianaoliveira.com.br\/blog\/wp-json\/wp\/v2\/media?parent=32607"}],"wp:term":[{"taxonomy":"category","embeddable":true,"href":"http:\/\/blogdalucianaoliveira.com.br\/blog\/wp-json\/wp\/v2\/categories?post=32607"},{"taxonomy":"post_tag","embeddable":true,"href":"http:\/\/blogdalucianaoliveira.com.br\/blog\/wp-json\/wp\/v2\/tags?post=32607"}],"curies":[{"name":"wp","href":"https:\/\/api.w.org\/{rel}","templated":true}]}}