{"id":32618,"date":"2021-08-13T19:23:47","date_gmt":"2021-08-13T23:23:47","guid":{"rendered":"http:\/\/blogdalucianaoliveira.com.br\/blog\/?p=32618"},"modified":"2021-08-13T19:23:52","modified_gmt":"2021-08-13T23:23:52","slug":"entrevista-para-canal-de-roma","status":"publish","type":"post","link":"http:\/\/blogdalucianaoliveira.com.br\/blog\/2021\/08\/13\/entrevista-para-canal-de-roma\/","title":{"rendered":"ENTREVISTA PARA CANAL DE ROMA"},"content":{"rendered":"\n<figure class=\"wp-block-image size-large\"><img loading=\"lazy\" decoding=\"async\" width=\"1280\" height=\"720\" data-attachment-id=\"32619\" data-permalink=\"http:\/\/blogdalucianaoliveira.com.br\/blog\/2021\/08\/13\/entrevista-para-canal-de-roma\/deco\/\" data-orig-file=\"https:\/\/i0.wp.com\/blogdalucianaoliveira.com.br\/blog\/wp-content\/uploads\/2021\/08\/deco.jpg?fit=1280%2C720\" data-orig-size=\"1280,720\" data-comments-opened=\"0\" data-image-meta=\"{&quot;aperture&quot;:&quot;0&quot;,&quot;credit&quot;:&quot;&quot;,&quot;camera&quot;:&quot;&quot;,&quot;caption&quot;:&quot;&quot;,&quot;created_timestamp&quot;:&quot;0&quot;,&quot;copyright&quot;:&quot;&quot;,&quot;focal_length&quot;:&quot;0&quot;,&quot;iso&quot;:&quot;0&quot;,&quot;shutter_speed&quot;:&quot;0&quot;,&quot;title&quot;:&quot;&quot;,&quot;orientation&quot;:&quot;0&quot;}\" data-image-title=\"deco\" data-image-description=\"\" data-image-caption=\"\" data-medium-file=\"https:\/\/i0.wp.com\/blogdalucianaoliveira.com.br\/blog\/wp-content\/uploads\/2021\/08\/deco.jpg?fit=300%2C169\" data-large-file=\"https:\/\/i0.wp.com\/blogdalucianaoliveira.com.br\/blog\/wp-content\/uploads\/2021\/08\/deco.jpg?fit=600%2C338\" src=\"https:\/\/i1.wp.com\/blogdalucianaoliveira.com.br\/blog\/wp-content\/uploads\/2021\/08\/deco.jpg?fit=600%2C338&amp;ssl=1\" alt=\"\" class=\"wp-image-32619\" srcset=\"https:\/\/i0.wp.com\/blogdalucianaoliveira.com.br\/blog\/wp-content\/uploads\/2021\/08\/deco.jpg?w=1280 1280w, https:\/\/i0.wp.com\/blogdalucianaoliveira.com.br\/blog\/wp-content\/uploads\/2021\/08\/deco.jpg?resize=300%2C169 300w, https:\/\/i0.wp.com\/blogdalucianaoliveira.com.br\/blog\/wp-content\/uploads\/2021\/08\/deco.jpg?resize=1024%2C576 1024w, https:\/\/i0.wp.com\/blogdalucianaoliveira.com.br\/blog\/wp-content\/uploads\/2021\/08\/deco.jpg?resize=768%2C432 768w, https:\/\/i0.wp.com\/blogdalucianaoliveira.com.br\/blog\/wp-content\/uploads\/2021\/08\/deco.jpg?resize=533%2C300 533w, https:\/\/i0.wp.com\/blogdalucianaoliveira.com.br\/blog\/wp-content\/uploads\/2021\/08\/deco.jpg?w=1200 1200w\" sizes=\"auto, (max-width: 600px) 100vw, 600px\" \/><\/figure>\n\n\n\n<p>Os desafios da resist\u00eancia do ativismo das feministas contra as pol\u00edticas do governo Bolsonaro em tempo da COVID-19 com Luciana Oliveira e Ivanilde Carvalho. Mudan\u00e7as clim\u00e1ticas, desmatamentos e inc\u00eandios amea\u00e7am colocar as florestas amaz\u00f4nicas em  um caminho de uma \u201ctransforma\u00e7\u00e3o ecol\u00f3gica em larga escala\u201d, com um impacto para todo o planeta. <\/p>\n\n\n\n<!--more-->\n\n\n\n<p>Este \u00e9 um alerta que faz parte dos documentos internos do Painel Intergovernamental de Mudan\u00e7as Clim\u00e1ticas (IPCC) e que, nesta \u00faltima segunda-feira, iniciou a publica\u00e7\u00e3o de uma nova s\u00e9rie de documentos e estudos com intuito de apontar caminhos para evitar uma crise ambiental in\u00e9dita. \u201cNingu\u00e9m est\u00e1 seguro\u201d \u00e9 foi o alerta dado por cientistas durante as \u00faltimas d\u00e9cadas sobre o aquecimento global. E contra o que est\u00e1 acontecendo, pouco podemos fazer a n\u00e3o ser redesenhar nossos h\u00e1bitos de consumo e de vida. <\/p>\n\n\n\n<p>No m\u00ednimo, a\u00e7\u00f5es podem ser tomadas para evitar que esses fen\u00f4menos se tornem ainda piores, se j\u00e1 n\u00e3o s\u00e3o inevit\u00e1veis.  No relat\u00f3rio indica que h\u00e1 evid\u00eancias crescentes de que a preserva\u00e7\u00e3o de ambientes como florestas, p\u00e2ntanos ou zonas \u00famidas, mant\u00e9m e reconstr\u00f3i a resili\u00eancia e \u00e9 uma chave de adapta\u00e7\u00e3o e mitiga\u00e7\u00e3o eficaz, e da conserva\u00e7\u00e3o da biodiversidade.  Outra indica\u00e7\u00e3o no relat\u00f3rio, \u00e9 a escuta da sabedoria dos povos ind\u00edgenas que vivem nas regi\u00f5es mencionadas no documento, por conhecerem profundamente a situa\u00e7\u00e3o local, a popula\u00e7\u00e3o e as pr\u00e1ticas sustent\u00e1veis, de conv\u00edvio com a natureza. <\/p>\n\n\n\n<p>O exemplo de devasta\u00e7\u00e3o desenfreada e a\u00e7\u00f5es humanas irrespons\u00e1veis do que se foi dito anteriormente \u00e9 o estado de Rond\u00f4nia que, a menos de 30 anos, tinha somente 2% de suas \u00e1reas desmatadas e, atualmente, tem o maior percentual de desfloresta\u00e7\u00e3o em rela\u00e7\u00e3o ao territ\u00f3rio da Amaz\u00f4nia, cerca 28,5%.  Este estado \u00e9 reduto eleitoral do governo bolsonarista e se encontra com a maior bancada agropecu\u00e1ria (ruralista) na assembleia legislativa, fortalecendo o atual governador bolsonarista. Essa bancada sancionou a lei estadual, de pr\u00f3pria autoria, da qual reduz em quase 80% das reservas e territ\u00f3rios ind\u00edgenas do estado.  Ativistas e defensores atuam pela preserva\u00e7\u00e3o e prote\u00e7\u00e3o do meio ambiente e pelos povos origin\u00e1rios e que lutam com perseveran\u00e7a. <\/p>\n\n\n\n<p>Essa conversa \u00e9 com a jornalista e ativista, natural de Porto Velho, Rond\u00f4nia, Luciana Oliveira. Bacharel em Direito, foi rep\u00f3rter, \u00e2ncora de telejornal, chefe de reda\u00e7\u00e3o, chefe de assessoria de comunica\u00e7\u00e3o e atualmente presta servi\u00e7os com blog alternativo e progressista e luta pela democracia e por justi\u00e7a social. Ela \u00e9 representante de Rond\u00f4nia na Comiss\u00e3o Nacional de Blogueiros do Centro de Estudos Bar\u00e3o do Itarar\u00e9 e assina coluna no Brasil 247. Especialista em Diversidade e G\u00eanero na Escola, pela Universidade Federal de Rond\u00f4nia. Feminista, militante da cultura e das causas sociais. <\/p>\n\n\n\n<p>EcoFeminismo \u00e9 o quadro do canal @DecolonialidadeMulheresEmPauta transmitido todas \u00e0s sextas feiras \u00e0s 13h (Bras\u00edlia), com a media\u00e7\u00e3o de Ivanilde Carvalho ativista e defensora pelos direitos das popula\u00e7\u00f5es origin\u00e1rias e tradicionais brasileiras e do meio ambiente.  <\/p>\n\n\n\n<p>Siga as redes DECOLONIALIDADE MULHERES EM PAUTA e parceiras. Ative o sininho do canal. YOUTUBE:  https:\/\/bit.ly\/3ixZ8CP  INSTAGRAM:  https:\/\/bit.ly\/3ziw73T  FACEBOOK:  https:\/\/bit.ly\/3wfiOz5  TWITTER:  https:\/\/bit.ly\/3isSv4C  Gratid\u00e3o! #DecolonialidadeMulheresEmPauta <\/p>\n\n\n\n<p>Confira:<\/p>\n\n\n\n<figure class=\"wp-block-embed-youtube wp-block-embed is-type-video is-provider-youtube wp-embed-aspect-16-9 wp-has-aspect-ratio\"><div class=\"wp-block-embed__wrapper\">\n<div class=\"jetpack-video-wrapper\"><iframe loading=\"lazy\" title=\"ENTREVISTA PARA CANAL DE ROMA\" width=\"600\" height=\"338\" src=\"https:\/\/www.youtube.com\/embed\/Zm9I9_dCEqI?feature=oembed\" frameborder=\"0\" allow=\"accelerometer; autoplay; clipboard-write; encrypted-media; gyroscope; picture-in-picture; web-share\" referrerpolicy=\"strict-origin-when-cross-origin\" allowfullscreen><\/iframe><\/div>\n<\/div><\/figure>\n","protected":false},"excerpt":{"rendered":"<p>Os desafios da resist\u00eancia do ativismo das feministas contra as pol\u00edticas do governo Bolsonaro em tempo da COVID-19 com Luciana Oliveira e Ivanilde Carvalho. Mudan\u00e7as clim\u00e1ticas, desmatamentos e inc\u00eandios amea\u00e7am colocar as florestas amaz\u00f4nicas em um caminho de uma \u201ctransforma\u00e7\u00e3o ecol\u00f3gica em larga escala\u201d, com um impacto para todo o planeta.<\/p>\n","protected":false},"author":1,"featured_media":0,"comment_status":"closed","ping_status":"open","sticky":false,"template":"","format":"standard","meta":{"_exactmetrics_skip_tracking":false,"_exactmetrics_sitenote_active":false,"_exactmetrics_sitenote_note":"","_exactmetrics_sitenote_category":0,"jetpack_post_was_ever_published":false,"_jetpack_newsletter_access":"","_jetpack_dont_email_post_to_subs":false,"_jetpack_newsletter_tier_id":0,"_jetpack_memberships_contains_paywalled_content":false,"_jetpack_memberships_contains_paid_content":false,"footnotes":"","jetpack_publicize_message":"","jetpack_publicize_feature_enabled":true,"jetpack_social_post_already_shared":true,"jetpack_social_options":{"image_generator_settings":{"template":"highway","enabled":false},"version":2}},"categories":[1],"tags":[],"class_list":["post-32618","post","type-post","status-publish","format-standard","hentry","category-notas"],"jetpack_publicize_connections":[],"jetpack_sharing_enabled":true,"jetpack_featured_media_url":"","jetpack_shortlink":"https:\/\/wp.me\/p7wKYW-8u6","jetpack-related-posts":[],"_links":{"self":[{"href":"http:\/\/blogdalucianaoliveira.com.br\/blog\/wp-json\/wp\/v2\/posts\/32618","targetHints":{"allow":["GET"]}}],"collection":[{"href":"http:\/\/blogdalucianaoliveira.com.br\/blog\/wp-json\/wp\/v2\/posts"}],"about":[{"href":"http:\/\/blogdalucianaoliveira.com.br\/blog\/wp-json\/wp\/v2\/types\/post"}],"author":[{"embeddable":true,"href":"http:\/\/blogdalucianaoliveira.com.br\/blog\/wp-json\/wp\/v2\/users\/1"}],"replies":[{"embeddable":true,"href":"http:\/\/blogdalucianaoliveira.com.br\/blog\/wp-json\/wp\/v2\/comments?post=32618"}],"version-history":[{"count":1,"href":"http:\/\/blogdalucianaoliveira.com.br\/blog\/wp-json\/wp\/v2\/posts\/32618\/revisions"}],"predecessor-version":[{"id":32620,"href":"http:\/\/blogdalucianaoliveira.com.br\/blog\/wp-json\/wp\/v2\/posts\/32618\/revisions\/32620"}],"wp:attachment":[{"href":"http:\/\/blogdalucianaoliveira.com.br\/blog\/wp-json\/wp\/v2\/media?parent=32618"}],"wp:term":[{"taxonomy":"category","embeddable":true,"href":"http:\/\/blogdalucianaoliveira.com.br\/blog\/wp-json\/wp\/v2\/categories?post=32618"},{"taxonomy":"post_tag","embeddable":true,"href":"http:\/\/blogdalucianaoliveira.com.br\/blog\/wp-json\/wp\/v2\/tags?post=32618"}],"curies":[{"name":"wp","href":"https:\/\/api.w.org\/{rel}","templated":true}]}}