{"id":32621,"date":"2021-08-13T20:09:19","date_gmt":"2021-08-14T00:09:19","guid":{"rendered":"http:\/\/blogdalucianaoliveira.com.br\/blog\/?p=32621"},"modified":"2021-08-13T20:09:25","modified_gmt":"2021-08-14T00:09:25","slug":"se-rasgum-abre-seletivas-de-incentivo-a-cultura","status":"publish","type":"post","link":"http:\/\/blogdalucianaoliveira.com.br\/blog\/2021\/08\/13\/se-rasgum-abre-seletivas-de-incentivo-a-cultura\/","title":{"rendered":"Se Rasgum abre seletivas de incentivo \u00e0 cultura"},"content":{"rendered":"\n<figure class=\"wp-block-image size-large\"><img loading=\"lazy\" decoding=\"async\" width=\"1024\" height=\"1280\" data-attachment-id=\"32622\" data-permalink=\"http:\/\/blogdalucianaoliveira.com.br\/blog\/2021\/08\/13\/se-rasgum-abre-seletivas-de-incentivo-a-cultura\/whatsapp-image-2021-08-13-at-16-46-45\/\" data-orig-file=\"https:\/\/i0.wp.com\/blogdalucianaoliveira.com.br\/blog\/wp-content\/uploads\/2021\/08\/WhatsApp-Image-2021-08-13-at-16.46.45.jpeg?fit=1024%2C1280\" data-orig-size=\"1024,1280\" data-comments-opened=\"0\" data-image-meta=\"{&quot;aperture&quot;:&quot;0&quot;,&quot;credit&quot;:&quot;&quot;,&quot;camera&quot;:&quot;&quot;,&quot;caption&quot;:&quot;&quot;,&quot;created_timestamp&quot;:&quot;0&quot;,&quot;copyright&quot;:&quot;&quot;,&quot;focal_length&quot;:&quot;0&quot;,&quot;iso&quot;:&quot;0&quot;,&quot;shutter_speed&quot;:&quot;0&quot;,&quot;title&quot;:&quot;&quot;,&quot;orientation&quot;:&quot;0&quot;}\" data-image-title=\"WhatsApp-Image-2021-08-13-at-16.46.45\" data-image-description=\"\" data-image-caption=\"\" data-medium-file=\"https:\/\/i0.wp.com\/blogdalucianaoliveira.com.br\/blog\/wp-content\/uploads\/2021\/08\/WhatsApp-Image-2021-08-13-at-16.46.45.jpeg?fit=240%2C300\" data-large-file=\"https:\/\/i0.wp.com\/blogdalucianaoliveira.com.br\/blog\/wp-content\/uploads\/2021\/08\/WhatsApp-Image-2021-08-13-at-16.46.45.jpeg?fit=600%2C750\" src=\"https:\/\/i2.wp.com\/blogdalucianaoliveira.com.br\/blog\/wp-content\/uploads\/2021\/08\/WhatsApp-Image-2021-08-13-at-16.46.45.jpeg?fit=600%2C750&amp;ssl=1\" alt=\"\" class=\"wp-image-32622\" srcset=\"https:\/\/i0.wp.com\/blogdalucianaoliveira.com.br\/blog\/wp-content\/uploads\/2021\/08\/WhatsApp-Image-2021-08-13-at-16.46.45.jpeg?w=1024 1024w, https:\/\/i0.wp.com\/blogdalucianaoliveira.com.br\/blog\/wp-content\/uploads\/2021\/08\/WhatsApp-Image-2021-08-13-at-16.46.45.jpeg?resize=240%2C300 240w, https:\/\/i0.wp.com\/blogdalucianaoliveira.com.br\/blog\/wp-content\/uploads\/2021\/08\/WhatsApp-Image-2021-08-13-at-16.46.45.jpeg?resize=819%2C1024 819w, https:\/\/i0.wp.com\/blogdalucianaoliveira.com.br\/blog\/wp-content\/uploads\/2021\/08\/WhatsApp-Image-2021-08-13-at-16.46.45.jpeg?resize=768%2C960 768w\" sizes=\"auto, (max-width: 600px) 100vw, 600px\" \/><\/figure>\n\n\n\n<p>Interessados t\u00eam at\u00e9 02 de setembro para se inscreverem gratuitamente e concorrer a 10 vagas para mentorias, produ\u00e7\u00e3o de singles e participa\u00e7\u00e3o de pitching; tr\u00eas projetos ser\u00e3o escolhidos para integrar o line-up do pr\u00f3ximo Se Rasgum.<\/p>\n\n\n\n<!--more-->\n\n\n\n<p>Seletivas Se Rasgum t\u00eam patroc\u00ednio master da Oi e apoio cultural do Oi Futuro atrav\u00e9s da lei Semear de incentivo \u00e0 cultura via Governo do Estado do Par\u00e1 e Funda\u00e7\u00e3o Cultural do Par\u00e1, al\u00e9m do player Oficial Deezer.<\/p>\n\n\n\n<p> <\/p>\n\n\n\n<p>Conhecido por revelar artistas da m\u00fasica paraense para o Brasil, o Festival Se Rasgum tornou-se uma refer\u00eancia no circuito nacional. O Festival anuncia para o dia 12 de agosto a abertura de sua tradicional etapa de Seletivas, mas com uma grande novidade: agora ampliar\u00e1 sua busca por novos artistas de todos os nove estados da Amaz\u00f4nia Legal (Amap\u00e1, Acre, Amazonas, Maranh\u00e3o, Mato Grosso, Par\u00e1, Roraima, Rond\u00f4nia e Tocantins).<\/p>\n\n\n\n<p>As inscri\u00e7\u00f5es s\u00e3o gratuitas e poder\u00e3o ser feitas atrav\u00e9s do site at\u00e9 o dia 02 de setembro. Para participar, os interessados devem residir em um dos estados da regi\u00e3o da Amaz\u00f4nia Legal, que tenham produzido e lan\u00e7ado pelo menos 4 singles, comprovar m\u00ednimo de 2 anos de exist\u00eancia do trabalho art\u00edstico inscrito e preencher o formul\u00e1rio de inscri\u00e7\u00f5es com informa\u00e7\u00f5es da banda como o release atualizado, anexar 2 fotos, links das m\u00fasicas lan\u00e7adas e link de v\u00eddeo de performance ao vivo, entre outros dados complementares.<\/p>\n\n\n\n<p>Em um ano de readapta\u00e7\u00f5es, o Festival Se Rasgum aproveitou para ampliar seu alcance para a regi\u00e3o da Amaz\u00f4nia Legal com o objetivo de mapear o que vem se destacando na m\u00fasica amaz\u00f4nica e toda a sua diversidade.<\/p>\n\n\n\n<p>H\u00e1 mais de uma d\u00e9cada o Se Rasgum vem revelando o que desponta na m\u00fasica produzida no Par\u00e1, abrindo o palco do Festival para novos talentos, ajudando tanto na apresenta\u00e7\u00e3o destas novidades para o mercado musical quanto na forma\u00e7\u00e3o de novos p\u00fablicos.<\/p>\n\n\n\n<p>&#8220;Sabemos que h\u00e1 uma dificuldade grande em fazer ecoar a m\u00fasica produzida no Par\u00e1, e no norte como um todo, mas em todos esses anos at\u00e9 que conseguimos dar bastante proje\u00e7\u00e3o para as nossas apostas. No entanto, vimos a necessidade de n\u00f3s mesmos conhecermos mais a m\u00fasica da nossa regi\u00e3o de uma forma mais ampla, sem se limitar \u00e0s nossas fronteiras estaduais. Sabemos que a Amaz\u00f4nia tem sotaque pr\u00f3prio e queremos usar a for\u00e7a do Se Rasgum para dar mais visibilidade aos artistas do Norte e da Amaz\u00f4nia Legal\u201d, conta Marcelo Damaso, que junto a Ren\u00e9e Chalu dirigem a Se Rasgum Produ\u00e7\u00f5es.<\/p>\n\n\n\n<p>Para escolher os 10 finalistas, o Festival convidou nove curadores, um de cada estado da regi\u00e3o, buscando mapear as novidades com um olhar voltado \u00e0 diversidade musical e \u00e0 equidade de g\u00eanero, \u00e9tnica e racial.<\/p>\n\n\n\n<p>Os selecionados passar\u00e3o por mentorias para impulsionamento de carreira, com a avalia\u00e7\u00e3o e orienta\u00e7\u00e3o de oito profissionais do mercado musical, sob coordena\u00e7\u00e3o do m\u00fasico, produtor musical e articulador do setor cultural Iuri Freiberger, que liderou a Acelera\u00e7\u00e3o Musical LabSonica. O ga\u00facho trabalha h\u00e1 mais de 20 anos no setor cultural e no mercado musical e tem experi\u00eancia de sobra na \u00e1rea: produziu mais de 150 \u00e1lbuns em todo pa\u00eds, realizou mais de 2000 apresenta\u00e7\u00f5es ao vivo, fez dire\u00e7\u00e3o t\u00e9cnica e curadoria para festivais. Foi cofundador e diretor estrat\u00e9gico da Rizoma Aceleradora de Projetos Culturais, empresa respons\u00e1vel pela gest\u00e3o dos projetos e acelera\u00e7\u00e3o do programa Natura Musical. \u00c9 fundador e atual diretor da Gramo Design Estrat\u00e9gico, empresa de intelig\u00eancia de mercados criativos.<\/p>\n\n\n\n<p>Todo esse processo on-line incluir\u00e1 workshops e encontros pelos quais os escolhidos passar\u00e3o para discutir temas relevantes da produ\u00e7\u00e3o musical como circula\u00e7\u00e3o, forma\u00e7\u00e3o de p\u00fablico, propriedade intelectual, royalties, distribui\u00e7\u00e3o, comunica\u00e7\u00e3o, marketing digital e apresenta\u00e7\u00e3o em pitchings. Os m\u00fasicos ter\u00e3o at\u00e9 o fim de outubro para produzir um single, sob orienta\u00e7\u00e3o e produ\u00e7\u00e3o de Iuri Freiberger, que integrar\u00e1 uma playlist com os 10 finalistas e que o Se Rasgum disponibilizar\u00e1 em seu canal no Deezer e em suas redes sociais.<\/p>\n\n\n\n<p>Os selecionados tamb\u00e9m passar\u00e3o por pitchings com 15 compradores do mercado musical nacional e internacional em evento que ser\u00e1 realizado via Zoom. No final, cada player selecionar\u00e1 tr\u00eas nomes e a trinca mais bem votada far\u00e1 parte do line-up da pr\u00f3xima edi\u00e7\u00e3o do Se Rasgum.<\/p>\n\n\n\n<p>As Seletivas Se Rasgum t\u00eam patroc\u00ednio master da Oi e apoio cultural do Oi Futuro atrav\u00e9s da lei Semear de incentivo \u00e0 cultura via Governo do Estado do Par\u00e1 e Funda\u00e7\u00e3o Cultural do Par\u00e1, al\u00e9m do player Oficial Deezer.<\/p>\n\n\n\n<p>servi\u00e7o:<\/p>\n\n\n\n<p>Seletivas Se Rasgum &#8211; Amaz\u00f4nia Legal<\/p>\n\n\n\n<p>De 12 de agosto a 02 de setembro<\/p>\n\n\n\n<p>Inscri\u00e7\u00f5es gratuitas e informa\u00e7\u00f5es: serasgum.com.br<\/p>\n\n\n\n<p>assessoria de imprensa Se Rasgum:<\/p>\n\n\n\n<p>francine ramos<\/p>\n\n\n\n<p>(11) 98839-9735<\/p>\n\n\n\n<p>franfranramos@gmail.com<\/p>\n","protected":false},"excerpt":{"rendered":"<p>Interessados t\u00eam at\u00e9 02 de setembro para se inscreverem gratuitamente e concorrer a 10 vagas para mentorias, produ\u00e7\u00e3o de singles e participa\u00e7\u00e3o de pitching; tr\u00eas projetos ser\u00e3o escolhidos para integrar o line-up do pr\u00f3ximo Se Rasgum.<\/p>\n","protected":false},"author":1,"featured_media":0,"comment_status":"closed","ping_status":"open","sticky":false,"template":"","format":"standard","meta":{"_exactmetrics_skip_tracking":false,"_exactmetrics_sitenote_active":false,"_exactmetrics_sitenote_note":"","_exactmetrics_sitenote_category":0,"jetpack_post_was_ever_published":false,"_jetpack_newsletter_access":"","_jetpack_dont_email_post_to_subs":false,"_jetpack_newsletter_tier_id":0,"_jetpack_memberships_contains_paywalled_content":false,"_jetpack_memberships_contains_paid_content":false,"footnotes":"","jetpack_publicize_message":"","jetpack_publicize_feature_enabled":true,"jetpack_social_post_already_shared":true,"jetpack_social_options":{"image_generator_settings":{"template":"highway","enabled":false},"version":2}},"categories":[1],"tags":[77,596,597],"class_list":["post-32621","post","type-post","status-publish","format-standard","hentry","category-notas","tag-cultura","tag-se-rasgum","tag-seletivas"],"jetpack_publicize_connections":[],"jetpack_sharing_enabled":true,"jetpack_featured_media_url":"","jetpack_shortlink":"https:\/\/wp.me\/p7wKYW-8u9","jetpack-related-posts":[],"_links":{"self":[{"href":"http:\/\/blogdalucianaoliveira.com.br\/blog\/wp-json\/wp\/v2\/posts\/32621","targetHints":{"allow":["GET"]}}],"collection":[{"href":"http:\/\/blogdalucianaoliveira.com.br\/blog\/wp-json\/wp\/v2\/posts"}],"about":[{"href":"http:\/\/blogdalucianaoliveira.com.br\/blog\/wp-json\/wp\/v2\/types\/post"}],"author":[{"embeddable":true,"href":"http:\/\/blogdalucianaoliveira.com.br\/blog\/wp-json\/wp\/v2\/users\/1"}],"replies":[{"embeddable":true,"href":"http:\/\/blogdalucianaoliveira.com.br\/blog\/wp-json\/wp\/v2\/comments?post=32621"}],"version-history":[{"count":1,"href":"http:\/\/blogdalucianaoliveira.com.br\/blog\/wp-json\/wp\/v2\/posts\/32621\/revisions"}],"predecessor-version":[{"id":32623,"href":"http:\/\/blogdalucianaoliveira.com.br\/blog\/wp-json\/wp\/v2\/posts\/32621\/revisions\/32623"}],"wp:attachment":[{"href":"http:\/\/blogdalucianaoliveira.com.br\/blog\/wp-json\/wp\/v2\/media?parent=32621"}],"wp:term":[{"taxonomy":"category","embeddable":true,"href":"http:\/\/blogdalucianaoliveira.com.br\/blog\/wp-json\/wp\/v2\/categories?post=32621"},{"taxonomy":"post_tag","embeddable":true,"href":"http:\/\/blogdalucianaoliveira.com.br\/blog\/wp-json\/wp\/v2\/tags?post=32621"}],"curies":[{"name":"wp","href":"https:\/\/api.w.org\/{rel}","templated":true}]}}