{"id":32624,"date":"2021-08-14T11:27:27","date_gmt":"2021-08-14T15:27:27","guid":{"rendered":"http:\/\/blogdalucianaoliveira.com.br\/blog\/?p=32624"},"modified":"2021-08-14T11:27:32","modified_gmt":"2021-08-14T15:27:32","slug":"adeus-ao-macale","status":"publish","type":"post","link":"http:\/\/blogdalucianaoliveira.com.br\/blog\/2021\/08\/14\/adeus-ao-macale\/","title":{"rendered":"Adeus ao Macal\u00e9"},"content":{"rendered":"\n<figure class=\"wp-block-image size-large\"><img loading=\"lazy\" decoding=\"async\" width=\"1080\" height=\"1080\" data-attachment-id=\"32625\" data-permalink=\"http:\/\/blogdalucianaoliveira.com.br\/blog\/2021\/08\/14\/adeus-ao-macale\/98cef8b7-8295-4d22-b391-b481dade4b5b\/\" data-orig-file=\"https:\/\/i0.wp.com\/blogdalucianaoliveira.com.br\/blog\/wp-content\/uploads\/2021\/08\/98CEF8B7-8295-4D22-B391-B481DADE4B5B.jpeg?fit=1080%2C1080\" data-orig-size=\"1080,1080\" data-comments-opened=\"0\" data-image-meta=\"{&quot;aperture&quot;:&quot;0&quot;,&quot;credit&quot;:&quot;&quot;,&quot;camera&quot;:&quot;&quot;,&quot;caption&quot;:&quot;&quot;,&quot;created_timestamp&quot;:&quot;0&quot;,&quot;copyright&quot;:&quot;&quot;,&quot;focal_length&quot;:&quot;0&quot;,&quot;iso&quot;:&quot;0&quot;,&quot;shutter_speed&quot;:&quot;0&quot;,&quot;title&quot;:&quot;&quot;,&quot;orientation&quot;:&quot;1&quot;}\" data-image-title=\"98CEF8B7-8295-4D22-B391-B481DADE4B5B\" data-image-description=\"\" data-image-caption=\"\" data-medium-file=\"https:\/\/i0.wp.com\/blogdalucianaoliveira.com.br\/blog\/wp-content\/uploads\/2021\/08\/98CEF8B7-8295-4D22-B391-B481DADE4B5B.jpeg?fit=300%2C300\" data-large-file=\"https:\/\/i0.wp.com\/blogdalucianaoliveira.com.br\/blog\/wp-content\/uploads\/2021\/08\/98CEF8B7-8295-4D22-B391-B481DADE4B5B.jpeg?fit=600%2C600\" src=\"https:\/\/i2.wp.com\/blogdalucianaoliveira.com.br\/blog\/wp-content\/uploads\/2021\/08\/98CEF8B7-8295-4D22-B391-B481DADE4B5B.jpeg?fit=600%2C600\" alt=\"\" class=\"wp-image-32625\" srcset=\"https:\/\/i0.wp.com\/blogdalucianaoliveira.com.br\/blog\/wp-content\/uploads\/2021\/08\/98CEF8B7-8295-4D22-B391-B481DADE4B5B.jpeg?w=1080 1080w, https:\/\/i0.wp.com\/blogdalucianaoliveira.com.br\/blog\/wp-content\/uploads\/2021\/08\/98CEF8B7-8295-4D22-B391-B481DADE4B5B.jpeg?resize=300%2C300 300w, https:\/\/i0.wp.com\/blogdalucianaoliveira.com.br\/blog\/wp-content\/uploads\/2021\/08\/98CEF8B7-8295-4D22-B391-B481DADE4B5B.jpeg?resize=1024%2C1024 1024w, https:\/\/i0.wp.com\/blogdalucianaoliveira.com.br\/blog\/wp-content\/uploads\/2021\/08\/98CEF8B7-8295-4D22-B391-B481DADE4B5B.jpeg?resize=150%2C150 150w, https:\/\/i0.wp.com\/blogdalucianaoliveira.com.br\/blog\/wp-content\/uploads\/2021\/08\/98CEF8B7-8295-4D22-B391-B481DADE4B5B.jpeg?resize=768%2C768 768w\" sizes=\"auto, (max-width: 600px) 100vw, 600px\" \/><\/figure>\n\n\n\n<p>Republico a cr\u00f4nica de amor e gratid\u00e3o que escrevi pra Macal\u00e9 em 2017.<\/p>\n\n\n\n<!--more-->\n\n\n\n<p>\ud83e\udd40<\/p>\n\n\n\n<p>Naquela rua t\u00e1 faltando ele\u2026<\/p>\n\n\n\n<p>As cidades s\u00e3o para algumas pessoas como algumas pessoas e lugarzinhos s\u00e3o para a cidade e isso se revela quando n\u00e3o se fala de uma cidade sem citar determinada pessoa ou lugarzinho.<\/p>\n\n\n\n<p>Se mencionar que um bar bem frequentado na Pinheiro Machado ou na Tenreiro Aranha \u00e9 parte da hist\u00f3ria de Porto Velho, talvez meu leitor n\u00e3o se recorde, mas se disser que chamava Bangal\u00f4, o Banga, do Macal\u00e9, quem n\u00e3o conheceu saber\u00e1 por outro.<\/p>\n\n\n\n<p>A casa funcionou como reduto cultural e ponto de encontro das mais picantes confabula\u00e7\u00f5es pol\u00edticas, palco de memor\u00e1veis encontros et\u00edlicos e paqueras.<\/p>\n\n\n\n<p>Na d\u00e9cada de 80 n\u00e3o tinha pra outro, o Banga reinava absoluto na prefer\u00eancia dos not\u00edvagos, fosse no in\u00edcio ou fim da noite, fosse pelo sandub\u00e3o da casa ou o caldinho de feij\u00e3o, fosse pelo som do Mar\u00e3o. <\/p>\n\n\n\n<p>Espiem, at\u00e9 rimou! Tudo naquele ref\u00fagio rimava, em verso ou prosa, poesia exalava.<\/p>\n\n\n\n<p>Naquela rua t\u00e1 faltando o Bangal\u00f4 e a saudade dele chega a doer em muita gente.<\/p>\n\n\n\n<p>Nasceu num novembro de 1981 pelas m\u00e3os do Macal\u00e9, da Lene e da Helo\u00edsa e fechou as portas em 1998. <\/p>\n\n\n\n<p>Como a saudade n\u00e3o morre nas pessoas, o Bangal\u00f4 estar\u00e1 sempre vivo na hist\u00f3ria de Porto Velho.<\/p>\n\n\n\n<p>Como o Bar ficou pra cidade, algumas figuras emblem\u00e1ticas ficaram para o Bar. \u00c9 imposs\u00edvel lembrar do Bangal\u00f4 sem mencionar os saudosos Paulo Queir\u00f3z, Odair Cordeiro e o bo\u00eamio mais amigo de todos chamado Juvenal. <\/p>\n\n\n\n<p>Sentar numa mesa com essas figuras era garantia de muito riso e informa\u00e7\u00e3o.<\/p>\n\n\n\n<p>O que motiva esse surto de nostalgia \u00e9 a passagem do anivers\u00e1rio de 70 anos do Macal\u00e9, o \u00fanico vasca\u00edno que carinhosamente me chama de musa como um amigo querido que gosta do que escrevo e da forma como escrevo. <\/p>\n\n\n\n<p>Ele foi merecidamente homenageado pelos familiares e amigos com uma festa surpresa no Mercado Cultural, onde por incontrol\u00e1vel emo\u00e7\u00e3o chorou e fez chorar.<\/p>\n\n\n\n<p>Parafraseando o amigo S\u00e9rgio Souto, \u201cNaquele bar o Macal\u00e9 juntava gente e todo mundo contava contente o que fez de manh\u00e3.\u201d<\/p>\n\n\n\n<p>Macal\u00e9 fechou o Bangal\u00f4, mas estampa num sorriso da largura do Madeira, um comp\u00eandio de mem\u00f3rias valioso e indispens\u00e1vel sobre o bar que entrou pra hist\u00f3ria da cidade.<\/p>\n\n\n\n<p>N\u00e3o resta uma mesa, mas todo mundo ainda fala das noites quentes e animadas do eterno Bangal\u00f4.<\/p>\n","protected":false},"excerpt":{"rendered":"<p>Republico a cr\u00f4nica de amor e gratid\u00e3o que escrevi pra Macal\u00e9 em 2017.<\/p>\n","protected":false},"author":1,"featured_media":0,"comment_status":"closed","ping_status":"open","sticky":false,"template":"","format":"standard","meta":{"_exactmetrics_skip_tracking":false,"_exactmetrics_sitenote_active":false,"_exactmetrics_sitenote_note":"","_exactmetrics_sitenote_category":0,"jetpack_post_was_ever_published":false,"_jetpack_newsletter_access":"","_jetpack_dont_email_post_to_subs":false,"_jetpack_newsletter_tier_id":0,"_jetpack_memberships_contains_paywalled_content":false,"_jetpack_memberships_contains_paid_content":false,"footnotes":"","jetpack_publicize_message":"","jetpack_publicize_feature_enabled":true,"jetpack_social_post_already_shared":true,"jetpack_social_options":{"image_generator_settings":{"template":"highway","enabled":false},"version":2}},"categories":[1],"tags":[598],"class_list":["post-32624","post","type-post","status-publish","format-standard","hentry","category-notas","tag-macale"],"jetpack_publicize_connections":[],"jetpack_sharing_enabled":true,"jetpack_featured_media_url":"","jetpack_shortlink":"https:\/\/wp.me\/p7wKYW-8uc","jetpack-related-posts":[],"_links":{"self":[{"href":"http:\/\/blogdalucianaoliveira.com.br\/blog\/wp-json\/wp\/v2\/posts\/32624","targetHints":{"allow":["GET"]}}],"collection":[{"href":"http:\/\/blogdalucianaoliveira.com.br\/blog\/wp-json\/wp\/v2\/posts"}],"about":[{"href":"http:\/\/blogdalucianaoliveira.com.br\/blog\/wp-json\/wp\/v2\/types\/post"}],"author":[{"embeddable":true,"href":"http:\/\/blogdalucianaoliveira.com.br\/blog\/wp-json\/wp\/v2\/users\/1"}],"replies":[{"embeddable":true,"href":"http:\/\/blogdalucianaoliveira.com.br\/blog\/wp-json\/wp\/v2\/comments?post=32624"}],"version-history":[{"count":1,"href":"http:\/\/blogdalucianaoliveira.com.br\/blog\/wp-json\/wp\/v2\/posts\/32624\/revisions"}],"predecessor-version":[{"id":32626,"href":"http:\/\/blogdalucianaoliveira.com.br\/blog\/wp-json\/wp\/v2\/posts\/32624\/revisions\/32626"}],"wp:attachment":[{"href":"http:\/\/blogdalucianaoliveira.com.br\/blog\/wp-json\/wp\/v2\/media?parent=32624"}],"wp:term":[{"taxonomy":"category","embeddable":true,"href":"http:\/\/blogdalucianaoliveira.com.br\/blog\/wp-json\/wp\/v2\/categories?post=32624"},{"taxonomy":"post_tag","embeddable":true,"href":"http:\/\/blogdalucianaoliveira.com.br\/blog\/wp-json\/wp\/v2\/tags?post=32624"}],"curies":[{"name":"wp","href":"https:\/\/api.w.org\/{rel}","templated":true}]}}