{"id":32628,"date":"2021-08-15T21:31:06","date_gmt":"2021-08-16T01:31:06","guid":{"rendered":"http:\/\/blogdalucianaoliveira.com.br\/blog\/?p=32628"},"modified":"2021-08-15T21:33:29","modified_gmt":"2021-08-16T01:33:29","slug":"intolerancia-religiosa","status":"publish","type":"post","link":"http:\/\/blogdalucianaoliveira.com.br\/blog\/2021\/08\/15\/intolerancia-religiosa\/","title":{"rendered":"INTOLER\u00c2NCIA RELIGIOSA"},"content":{"rendered":"\n<figure class=\"wp-block-image size-large\"><img loading=\"lazy\" decoding=\"async\" width=\"1920\" height=\"1080\" data-attachment-id=\"32629\" data-permalink=\"http:\/\/blogdalucianaoliveira.com.br\/blog\/2021\/08\/15\/intolerancia-religiosa\/cc8eaa03-bb27-44d2-817a-3b3683cf09a7\/\" data-orig-file=\"https:\/\/i0.wp.com\/blogdalucianaoliveira.com.br\/blog\/wp-content\/uploads\/2021\/08\/CC8EAA03-BB27-44D2-817A-3B3683CF09A7.jpeg?fit=1920%2C1080\" data-orig-size=\"1920,1080\" data-comments-opened=\"0\" data-image-meta=\"{&quot;aperture&quot;:&quot;0&quot;,&quot;credit&quot;:&quot;&quot;,&quot;camera&quot;:&quot;&quot;,&quot;caption&quot;:&quot;&quot;,&quot;created_timestamp&quot;:&quot;0&quot;,&quot;copyright&quot;:&quot;&quot;,&quot;focal_length&quot;:&quot;0&quot;,&quot;iso&quot;:&quot;0&quot;,&quot;shutter_speed&quot;:&quot;0&quot;,&quot;title&quot;:&quot;&quot;,&quot;orientation&quot;:&quot;1&quot;}\" data-image-title=\"CC8EAA03-BB27-44D2-817A-3B3683CF09A7\" data-image-description=\"\" data-image-caption=\"\" data-medium-file=\"https:\/\/i0.wp.com\/blogdalucianaoliveira.com.br\/blog\/wp-content\/uploads\/2021\/08\/CC8EAA03-BB27-44D2-817A-3B3683CF09A7.jpeg?fit=300%2C169\" data-large-file=\"https:\/\/i0.wp.com\/blogdalucianaoliveira.com.br\/blog\/wp-content\/uploads\/2021\/08\/CC8EAA03-BB27-44D2-817A-3B3683CF09A7.jpeg?fit=600%2C338\" src=\"https:\/\/i0.wp.com\/blogdalucianaoliveira.com.br\/blog\/wp-content\/uploads\/2021\/08\/CC8EAA03-BB27-44D2-817A-3B3683CF09A7.jpeg?fit=600%2C338\" alt=\"\" class=\"wp-image-32629\" srcset=\"https:\/\/i0.wp.com\/blogdalucianaoliveira.com.br\/blog\/wp-content\/uploads\/2021\/08\/CC8EAA03-BB27-44D2-817A-3B3683CF09A7.jpeg?w=1920 1920w, https:\/\/i0.wp.com\/blogdalucianaoliveira.com.br\/blog\/wp-content\/uploads\/2021\/08\/CC8EAA03-BB27-44D2-817A-3B3683CF09A7.jpeg?resize=300%2C169 300w, https:\/\/i0.wp.com\/blogdalucianaoliveira.com.br\/blog\/wp-content\/uploads\/2021\/08\/CC8EAA03-BB27-44D2-817A-3B3683CF09A7.jpeg?resize=1024%2C576 1024w, https:\/\/i0.wp.com\/blogdalucianaoliveira.com.br\/blog\/wp-content\/uploads\/2021\/08\/CC8EAA03-BB27-44D2-817A-3B3683CF09A7.jpeg?resize=768%2C432 768w, https:\/\/i0.wp.com\/blogdalucianaoliveira.com.br\/blog\/wp-content\/uploads\/2021\/08\/CC8EAA03-BB27-44D2-817A-3B3683CF09A7.jpeg?resize=1536%2C864 1536w, https:\/\/i0.wp.com\/blogdalucianaoliveira.com.br\/blog\/wp-content\/uploads\/2021\/08\/CC8EAA03-BB27-44D2-817A-3B3683CF09A7.jpeg?resize=533%2C300 533w, https:\/\/i0.wp.com\/blogdalucianaoliveira.com.br\/blog\/wp-content\/uploads\/2021\/08\/CC8EAA03-BB27-44D2-817A-3B3683CF09A7.jpeg?w=1200 1200w, https:\/\/i0.wp.com\/blogdalucianaoliveira.com.br\/blog\/wp-content\/uploads\/2021\/08\/CC8EAA03-BB27-44D2-817A-3B3683CF09A7.jpeg?w=1800 1800w\" sizes=\"auto, (max-width: 600px) 100vw, 600px\" \/><\/figure>\n\n\n\n<p><strong>CARTA ABERTA A&nbsp;<\/strong><strong>SECRETARIA DE ESTADO DA SEGURAN\u00c7A, DEFESA E CIDADANIA \u2013 SESDEC E POLICIA MILITAR DE RONDONIA \u2013 PM\/RO<\/strong><\/p>\n\n\n\n<!--more-->\n\n\n\n<p>A&nbsp;<strong>Federa\u00e7\u00e3o dos Cultos Afros Religiosos, Umbanda e Amer\u00edndios do Estado de Rond\u00f4nia<\/strong><strong>&nbsp;&#8211;<\/strong><strong><\/strong><strong><em>FECAUBER<\/em><\/strong><strong><em>&nbsp;<\/em><\/strong>vem a p\u00fablico manifestar rep\u00fadio aos atos cont\u00ednuos de&nbsp;\u00f3dio religioso&nbsp;ao ILE AS\u00c9 ORUM JODEWA&nbsp;praticados pelo vizinho do templo religioso e sem nenhuma a\u00e7\u00e3o efetiva da&nbsp;Pol\u00edcia Militar do Estado de&nbsp;Rond\u00f4nia.&nbsp;<\/p>\n\n\n\n<p>A naturaliza\u00e7\u00e3o dos&nbsp;atos&nbsp;praticados pelo vizinho da v\u00edtima Sra.&nbsp;Tawanna&nbsp;Vale Lopes Silva e aos membros de sua casa de santo ocorrem h\u00e1 mais de 2 anos, sendo registrados diversos boletins de ocorr\u00eancias e a PM\/RO, quando vai informa que nada pode fazer contra os atos de Intoler\u00e2ncias e \u00f3dio Religioso&nbsp;contra&nbsp;o ILE AS\u00c9 ORUM JODEWA,por raz\u00f5es de legalidade e de justi\u00e7a, n\u00e3o pode ser uma op\u00e7\u00e3o para a pol\u00edtica de seguran\u00e7a p\u00fablica.&nbsp;O sil\u00eancio&nbsp;e a omiss\u00e3o da PM\/RO&nbsp;frente&nbsp;a esses atos violentos&nbsp;demonstram&nbsp;que&nbsp;essa corpora\u00e7\u00e3oaquiesce com as a\u00e7\u00f5es violentas&nbsp;dessas pessoas intolerantes&nbsp;e apontam que&nbsp;o&nbsp;racismo&nbsp;religioso&nbsp;que estrutura o Estado Brasileiro \u00e9, \u00e0 margem de qualquer d\u00favida, estruturador dos pensamentos e a\u00e7\u00f5es pol\u00edticas&nbsp;desse \u00f3rg\u00e3o.<\/p>\n\n\n\n<p>No&nbsp;\u00faltimo&nbsp;s\u00e1bado,&nbsp;14\/08,&nbsp;o vizinho entrou no Terreiro da v\u00edtima e realizou mais um ato de vandalismo, quebrando os objetos sagrados e roubando as bebidas e comidas da casa, n\u00e3o satisfeito ele ainda bateu e arranhou o carro de uma das filhas da v\u00edtima.<\/p>\n\n\n\n<p>A&nbsp;v\u00edtima&nbsp;ligou para a Policia Militar e eles alegando n\u00e3o conseguir encontrar a casa encerraram a ocorr\u00eancia. A presidente da Federa\u00e7\u00e3o Senhora Ana Carla Pereira da Costa ligou novamente para o 198 e solicitou que eles retornassem porque a&nbsp;v\u00edtima&nbsp;se encontrava em estado de fragilidade emocional e eles prometeram voltar. N\u00e3o voltaram.&nbsp;A determina\u00e7\u00e3o da PM\/RO&nbsp;em&nbsp;n\u00e3o cuidar&nbsp;das&nbsp;vidas&nbsp;dos moradores&nbsp;em bairros perif\u00e9ricos n\u00e3o se reproduz quando esta mesma corpora\u00e7\u00e3o se faz presente em bairros habitados pela classe m\u00e9dia alta, com popula\u00e7\u00e3o esmagadoramente branca. As a\u00e7\u00f5es violentas e letais da PM\/RO&nbsp;t\u00eam destinat\u00e1rios certos:&nbsp;pobres&nbsp;das periferias.<\/p>\n\n\n\n<p>N\u00e3o h\u00e1 espa\u00e7o para discursos contradit\u00f3rios que pregam salvar vidas por meio da oferta de vacinas contra a COVID-19, o que \u00e9 entendido como a\u00e7\u00e3o fundamental no contexto de pandemia, mas que n\u00e3o medem esfor\u00e7os para extermin\u00e1-las por meio da viol\u00eancia letal da PM\/RO. N\u00e3o h\u00e1 ambiente democr\u00e1tico onde caiba tanto descaso com as vidas e em que, todos os dias,&nbsp;os adeptos dos cultos de afro religiosos&nbsp;sejam exterminados(as)sem que&nbsp;oPoder P\u00fablico e por uma Pol\u00edtica de Seguran\u00e7a P\u00fablica que deveriam lhes garantir o direito \u00e0 vida,&nbsp;se omitem de salva-la&nbsp;de forma criminosa.<\/p>\n\n\n\n<p>Com estas raz\u00f5es,&nbsp;a&nbsp;<strong>Federa\u00e7\u00e3o dos Cultos Afros Religiosos, Umbanda e Amer\u00edndios do Estado de Rond\u00f4nia &#8211;&nbsp;<\/strong><strong><em>FECAUBER<\/em><\/strong><strong><em>&nbsp;<\/em><\/strong>repudia as a\u00e7\u00f5es de&nbsp;omiss\u00e3o de socorro&nbsp;da popula\u00e7\u00e3o&nbsp;afro religiosapraticadas pela PM\/RO, bem como o sil\u00eancio e o descaso dos poderes p\u00fablicos&nbsp;com aqueles e aquelas que&nbsp;fazem parte&nbsp;da popula\u00e7\u00e3o&nbsp;rondoniense\u2013 o povo&nbsp;afro religioso&nbsp;deste estado \u2013 e exige que a sociedade civil e as&nbsp;fam\u00edlias das v\u00edtimas sejam ouvidas, assim como, os respons\u00e1veis punidos.<\/p>\n\n\n\n<p>Porto Velho, 15 de agosto de 2021.<\/p>\n\n\n\n<p>ANA CARLA PEREIRA DA COSTA<\/p>\n\n\n\n<p>Presidente da FECAUBER<\/p>\n\n\n\n<p>MARCONI MORAES DE VASCONCELOS<\/p>\n\n\n\n<p>Vice Presidente da FECAUBER<\/p>\n\n\n\n<p>SILVESTRE ANTONIO GOMES SANTOS<\/p>\n\n\n\n<p>Coordenador Regional da RENAFRO<\/p>\n\n\n\n<p>Fotos dos \u00faltimos ataques:<\/p>\n\n\n\n<figure class=\"wp-block-image size-large\"><img data-recalc-dims=\"1\" loading=\"lazy\" decoding=\"async\" width=\"519\" height=\"707\" data-attachment-id=\"32631\" data-permalink=\"http:\/\/blogdalucianaoliveira.com.br\/blog\/2021\/08\/15\/intolerancia-religiosa\/3786042e-1419-4600-afdb-fab9de9e6afd\/\" data-orig-file=\"https:\/\/i0.wp.com\/blogdalucianaoliveira.com.br\/blog\/wp-content\/uploads\/2021\/08\/3786042E-1419-4600-AFDB-FAB9DE9E6AFD.jpeg?fit=519%2C707\" data-orig-size=\"519,707\" data-comments-opened=\"0\" data-image-meta=\"{&quot;aperture&quot;:&quot;0&quot;,&quot;credit&quot;:&quot;&quot;,&quot;camera&quot;:&quot;&quot;,&quot;caption&quot;:&quot;&quot;,&quot;created_timestamp&quot;:&quot;0&quot;,&quot;copyright&quot;:&quot;&quot;,&quot;focal_length&quot;:&quot;0&quot;,&quot;iso&quot;:&quot;0&quot;,&quot;shutter_speed&quot;:&quot;0&quot;,&quot;title&quot;:&quot;&quot;,&quot;orientation&quot;:&quot;0&quot;}\" data-image-title=\"3786042E-1419-4600-AFDB-FAB9DE9E6AFD\" data-image-description=\"\" data-image-caption=\"\" data-medium-file=\"https:\/\/i0.wp.com\/blogdalucianaoliveira.com.br\/blog\/wp-content\/uploads\/2021\/08\/3786042E-1419-4600-AFDB-FAB9DE9E6AFD.jpeg?fit=220%2C300\" data-large-file=\"https:\/\/i0.wp.com\/blogdalucianaoliveira.com.br\/blog\/wp-content\/uploads\/2021\/08\/3786042E-1419-4600-AFDB-FAB9DE9E6AFD.jpeg?fit=519%2C707\" src=\"https:\/\/i0.wp.com\/blogdalucianaoliveira.com.br\/blog\/wp-content\/uploads\/2021\/08\/3786042E-1419-4600-AFDB-FAB9DE9E6AFD.jpeg?resize=519%2C707\" alt=\"\" class=\"wp-image-32631\" srcset=\"https:\/\/i0.wp.com\/blogdalucianaoliveira.com.br\/blog\/wp-content\/uploads\/2021\/08\/3786042E-1419-4600-AFDB-FAB9DE9E6AFD.jpeg?w=519 519w, https:\/\/i0.wp.com\/blogdalucianaoliveira.com.br\/blog\/wp-content\/uploads\/2021\/08\/3786042E-1419-4600-AFDB-FAB9DE9E6AFD.jpeg?resize=220%2C300 220w\" sizes=\"auto, (max-width: 519px) 100vw, 519px\" \/><\/figure>\n\n\n\n<figure class=\"wp-block-image size-large\"><img data-recalc-dims=\"1\" loading=\"lazy\" decoding=\"async\" width=\"600\" height=\"692\" data-attachment-id=\"32632\" data-permalink=\"http:\/\/blogdalucianaoliveira.com.br\/blog\/2021\/08\/15\/intolerancia-religiosa\/747fb6ea-6a33-4ebf-94ba-a005f520ed74\/\" data-orig-file=\"https:\/\/i0.wp.com\/blogdalucianaoliveira.com.br\/blog\/wp-content\/uploads\/2021\/08\/747FB6EA-6A33-4EBF-94BA-A005F520ED74.jpeg?fit=720%2C830\" data-orig-size=\"720,830\" data-comments-opened=\"0\" data-image-meta=\"{&quot;aperture&quot;:&quot;0&quot;,&quot;credit&quot;:&quot;&quot;,&quot;camera&quot;:&quot;&quot;,&quot;caption&quot;:&quot;&quot;,&quot;created_timestamp&quot;:&quot;0&quot;,&quot;copyright&quot;:&quot;&quot;,&quot;focal_length&quot;:&quot;0&quot;,&quot;iso&quot;:&quot;0&quot;,&quot;shutter_speed&quot;:&quot;0&quot;,&quot;title&quot;:&quot;&quot;,&quot;orientation&quot;:&quot;0&quot;}\" data-image-title=\"747FB6EA-6A33-4EBF-94BA-A005F520ED74\" data-image-description=\"\" data-image-caption=\"\" data-medium-file=\"https:\/\/i0.wp.com\/blogdalucianaoliveira.com.br\/blog\/wp-content\/uploads\/2021\/08\/747FB6EA-6A33-4EBF-94BA-A005F520ED74.jpeg?fit=260%2C300\" data-large-file=\"https:\/\/i0.wp.com\/blogdalucianaoliveira.com.br\/blog\/wp-content\/uploads\/2021\/08\/747FB6EA-6A33-4EBF-94BA-A005F520ED74.jpeg?fit=600%2C692\" src=\"https:\/\/i0.wp.com\/blogdalucianaoliveira.com.br\/blog\/wp-content\/uploads\/2021\/08\/747FB6EA-6A33-4EBF-94BA-A005F520ED74.jpeg?resize=600%2C692\" alt=\"\" class=\"wp-image-32632\" srcset=\"https:\/\/i0.wp.com\/blogdalucianaoliveira.com.br\/blog\/wp-content\/uploads\/2021\/08\/747FB6EA-6A33-4EBF-94BA-A005F520ED74.jpeg?w=720 720w, https:\/\/i0.wp.com\/blogdalucianaoliveira.com.br\/blog\/wp-content\/uploads\/2021\/08\/747FB6EA-6A33-4EBF-94BA-A005F520ED74.jpeg?resize=260%2C300 260w\" sizes=\"auto, (max-width: 600px) 100vw, 600px\" \/><\/figure>\n\n\n\n<figure class=\"wp-block-image size-large\"><img loading=\"lazy\" decoding=\"async\" width=\"960\" height=\"1280\" data-attachment-id=\"32633\" data-permalink=\"http:\/\/blogdalucianaoliveira.com.br\/blog\/2021\/08\/15\/intolerancia-religiosa\/92a7ac2c-b51a-4e5f-8e14-b615b75c7d2b\/\" data-orig-file=\"https:\/\/i0.wp.com\/blogdalucianaoliveira.com.br\/blog\/wp-content\/uploads\/2021\/08\/92A7AC2C-B51A-4E5F-8E14-B615B75C7D2B.jpeg?fit=960%2C1280\" data-orig-size=\"960,1280\" data-comments-opened=\"0\" data-image-meta=\"{&quot;aperture&quot;:&quot;0&quot;,&quot;credit&quot;:&quot;&quot;,&quot;camera&quot;:&quot;&quot;,&quot;caption&quot;:&quot;&quot;,&quot;created_timestamp&quot;:&quot;0&quot;,&quot;copyright&quot;:&quot;&quot;,&quot;focal_length&quot;:&quot;0&quot;,&quot;iso&quot;:&quot;0&quot;,&quot;shutter_speed&quot;:&quot;0&quot;,&quot;title&quot;:&quot;&quot;,&quot;orientation&quot;:&quot;0&quot;}\" data-image-title=\"92A7AC2C-B51A-4E5F-8E14-B615B75C7D2B\" data-image-description=\"\" data-image-caption=\"\" data-medium-file=\"https:\/\/i0.wp.com\/blogdalucianaoliveira.com.br\/blog\/wp-content\/uploads\/2021\/08\/92A7AC2C-B51A-4E5F-8E14-B615B75C7D2B.jpeg?fit=225%2C300\" data-large-file=\"https:\/\/i0.wp.com\/blogdalucianaoliveira.com.br\/blog\/wp-content\/uploads\/2021\/08\/92A7AC2C-B51A-4E5F-8E14-B615B75C7D2B.jpeg?fit=600%2C800\" src=\"https:\/\/i2.wp.com\/blogdalucianaoliveira.com.br\/blog\/wp-content\/uploads\/2021\/08\/92A7AC2C-B51A-4E5F-8E14-B615B75C7D2B.jpeg?fit=600%2C800\" alt=\"\" class=\"wp-image-32633\" srcset=\"https:\/\/i0.wp.com\/blogdalucianaoliveira.com.br\/blog\/wp-content\/uploads\/2021\/08\/92A7AC2C-B51A-4E5F-8E14-B615B75C7D2B.jpeg?w=960 960w, https:\/\/i0.wp.com\/blogdalucianaoliveira.com.br\/blog\/wp-content\/uploads\/2021\/08\/92A7AC2C-B51A-4E5F-8E14-B615B75C7D2B.jpeg?resize=225%2C300 225w, https:\/\/i0.wp.com\/blogdalucianaoliveira.com.br\/blog\/wp-content\/uploads\/2021\/08\/92A7AC2C-B51A-4E5F-8E14-B615B75C7D2B.jpeg?resize=768%2C1024 768w\" sizes=\"auto, (max-width: 600px) 100vw, 600px\" \/><\/figure>\n","protected":false},"excerpt":{"rendered":"<p>CARTA ABERTA A&nbsp;SECRETARIA DE ESTADO DA SEGURAN\u00c7A, DEFESA E CIDADANIA \u2013 SESDEC E POLICIA MILITAR DE RONDONIA \u2013 PM\/RO<\/p>\n","protected":false},"author":1,"featured_media":0,"comment_status":"closed","ping_status":"open","sticky":false,"template":"","format":"standard","meta":{"_exactmetrics_skip_tracking":false,"_exactmetrics_sitenote_active":false,"_exactmetrics_sitenote_note":"","_exactmetrics_sitenote_category":0,"jetpack_post_was_ever_published":false,"_jetpack_newsletter_access":"","_jetpack_dont_email_post_to_subs":false,"_jetpack_newsletter_tier_id":0,"_jetpack_memberships_contains_paywalled_content":false,"_jetpack_memberships_contains_paid_content":false,"footnotes":"","jetpack_publicize_message":"","jetpack_publicize_feature_enabled":true,"jetpack_social_post_already_shared":true,"jetpack_social_options":{"image_generator_settings":{"template":"highway","enabled":false},"version":2}},"categories":[1],"tags":[599,600],"class_list":["post-32628","post","type-post","status-publish","format-standard","hentry","category-notas","tag-intolerancia-religiosa","tag-sesdec"],"jetpack_publicize_connections":[],"jetpack_sharing_enabled":true,"jetpack_featured_media_url":"","jetpack_shortlink":"https:\/\/wp.me\/p7wKYW-8ug","jetpack-related-posts":[],"_links":{"self":[{"href":"http:\/\/blogdalucianaoliveira.com.br\/blog\/wp-json\/wp\/v2\/posts\/32628","targetHints":{"allow":["GET"]}}],"collection":[{"href":"http:\/\/blogdalucianaoliveira.com.br\/blog\/wp-json\/wp\/v2\/posts"}],"about":[{"href":"http:\/\/blogdalucianaoliveira.com.br\/blog\/wp-json\/wp\/v2\/types\/post"}],"author":[{"embeddable":true,"href":"http:\/\/blogdalucianaoliveira.com.br\/blog\/wp-json\/wp\/v2\/users\/1"}],"replies":[{"embeddable":true,"href":"http:\/\/blogdalucianaoliveira.com.br\/blog\/wp-json\/wp\/v2\/comments?post=32628"}],"version-history":[{"count":2,"href":"http:\/\/blogdalucianaoliveira.com.br\/blog\/wp-json\/wp\/v2\/posts\/32628\/revisions"}],"predecessor-version":[{"id":32634,"href":"http:\/\/blogdalucianaoliveira.com.br\/blog\/wp-json\/wp\/v2\/posts\/32628\/revisions\/32634"}],"wp:attachment":[{"href":"http:\/\/blogdalucianaoliveira.com.br\/blog\/wp-json\/wp\/v2\/media?parent=32628"}],"wp:term":[{"taxonomy":"category","embeddable":true,"href":"http:\/\/blogdalucianaoliveira.com.br\/blog\/wp-json\/wp\/v2\/categories?post=32628"},{"taxonomy":"post_tag","embeddable":true,"href":"http:\/\/blogdalucianaoliveira.com.br\/blog\/wp-json\/wp\/v2\/tags?post=32628"}],"curies":[{"name":"wp","href":"https:\/\/api.w.org\/{rel}","templated":true}]}}