{"id":32635,"date":"2021-08-16T07:19:45","date_gmt":"2021-08-16T11:19:45","guid":{"rendered":"http:\/\/blogdalucianaoliveira.com.br\/blog\/?p=32635"},"modified":"2021-08-16T07:19:48","modified_gmt":"2021-08-16T11:19:48","slug":"entenda-por-que-servidores-vao-fazer-greve-contra-a-reforma-administrativa-na-quarta","status":"publish","type":"post","link":"http:\/\/blogdalucianaoliveira.com.br\/blog\/2021\/08\/16\/entenda-por-que-servidores-vao-fazer-greve-contra-a-reforma-administrativa-na-quarta\/","title":{"rendered":"Entenda por que servidores v\u00e3o fazer greve contra a reforma administrativa na quarta"},"content":{"rendered":"\n<figure class=\"wp-block-image size-large\"><img data-recalc-dims=\"1\" loading=\"lazy\" decoding=\"async\" width=\"600\" height=\"398\" data-attachment-id=\"32636\" data-permalink=\"http:\/\/blogdalucianaoliveira.com.br\/blog\/2021\/08\/16\/entenda-por-que-servidores-vao-fazer-greve-contra-a-reforma-administrativa-na-quarta\/91dbd889-43c7-4ce8-ac6d-1a9a5facf19e\/\" data-orig-file=\"https:\/\/i0.wp.com\/blogdalucianaoliveira.com.br\/blog\/wp-content\/uploads\/2021\/08\/91DBD889-43C7-4CE8-AC6D-1A9A5FACF19E.jpeg?fit=800%2C531\" data-orig-size=\"800,531\" data-comments-opened=\"0\" data-image-meta=\"{&quot;aperture&quot;:&quot;0&quot;,&quot;credit&quot;:&quot;&quot;,&quot;camera&quot;:&quot;&quot;,&quot;caption&quot;:&quot;&quot;,&quot;created_timestamp&quot;:&quot;0&quot;,&quot;copyright&quot;:&quot;&quot;,&quot;focal_length&quot;:&quot;0&quot;,&quot;iso&quot;:&quot;0&quot;,&quot;shutter_speed&quot;:&quot;0&quot;,&quot;title&quot;:&quot;&quot;,&quot;orientation&quot;:&quot;0&quot;}\" data-image-title=\"91DBD889-43C7-4CE8-AC6D-1A9A5FACF19E\" data-image-description=\"\" data-image-caption=\"\" data-medium-file=\"https:\/\/i0.wp.com\/blogdalucianaoliveira.com.br\/blog\/wp-content\/uploads\/2021\/08\/91DBD889-43C7-4CE8-AC6D-1A9A5FACF19E.jpeg?fit=300%2C199\" data-large-file=\"https:\/\/i0.wp.com\/blogdalucianaoliveira.com.br\/blog\/wp-content\/uploads\/2021\/08\/91DBD889-43C7-4CE8-AC6D-1A9A5FACF19E.jpeg?fit=600%2C398\" src=\"https:\/\/i0.wp.com\/blogdalucianaoliveira.com.br\/blog\/wp-content\/uploads\/2021\/08\/91DBD889-43C7-4CE8-AC6D-1A9A5FACF19E.jpeg?resize=600%2C398\" alt=\"\" class=\"wp-image-32636\" srcset=\"https:\/\/i0.wp.com\/blogdalucianaoliveira.com.br\/blog\/wp-content\/uploads\/2021\/08\/91DBD889-43C7-4CE8-AC6D-1A9A5FACF19E.jpeg?w=800 800w, https:\/\/i0.wp.com\/blogdalucianaoliveira.com.br\/blog\/wp-content\/uploads\/2021\/08\/91DBD889-43C7-4CE8-AC6D-1A9A5FACF19E.jpeg?resize=300%2C199 300w, https:\/\/i0.wp.com\/blogdalucianaoliveira.com.br\/blog\/wp-content\/uploads\/2021\/08\/91DBD889-43C7-4CE8-AC6D-1A9A5FACF19E.jpeg?resize=768%2C510 768w, https:\/\/i0.wp.com\/blogdalucianaoliveira.com.br\/blog\/wp-content\/uploads\/2021\/08\/91DBD889-43C7-4CE8-AC6D-1A9A5FACF19E.jpeg?resize=452%2C300 452w\" sizes=\"auto, (max-width: 600px) 100vw, 600px\" \/><\/figure>\n\n\n\n<h4 class=\"wp-block-heading\">Representantes do funcionalismo e da oposi\u00e7\u00e3o se queixam de falta de di\u00e1logo com governo Bolsonaro&nbsp;<\/h4>\n\n\n\n<!--more-->\n\n\n\n<p>Cristiane SampaioBrasil de Fato | Fortaleza (CE) |<\/p>\n\n\n\n<p>Ponto de destaque da agenda econ\u00f4mica do presidente Jair Bolsonaro (sem partido),&nbsp;<a href=\"https:\/\/www.brasildefato.com.br\/2021\/07\/26\/artigo-a-quem-serve-a-reforma-administrativa-do-governo-bolsonaro\" target=\"_blank\" rel=\"noreferrer noopener\">a reforma administrativa<\/a>&nbsp;deve ser alvo esta semana de mais uma grande mobiliza\u00e7\u00e3o: a primeira greve nacional. Servidores p\u00fablicos de todas as regi\u00f5es do pa\u00eds e de diferentes esferas de atua\u00e7\u00e3o \u2013 municipal, estadual e federal \u2013 prometem uma paralisa\u00e7\u00e3o dos trabalhos na pr\u00f3xima quarta (18) para protestar contra a medida, que altera normas que regem o trabalho dos servidores do Estado.<\/p>\n\n\n\n<p>A pauta tramita atualmente na C\u00e2mara dos Deputados como Proposta de Emenda Constitucional (PEC) 32\/2020 e pode ser votada at\u00e9 o final deste m\u00eas na comiss\u00e3o especial que discute o tema. A mobiliza\u00e7\u00e3o do funcionalismo tem o objetivo de&nbsp;<a href=\"https:\/\/www.brasildefato.com.br\/2021\/01\/28\/artigo-os-desafios-do-funcionalismo-publico-em-2021\" target=\"_blank\" rel=\"noreferrer noopener\">evitar que isso ocorra<\/a>.<\/p>\n\n\n\n<p>Segundo os organizadores, o dia da greve contar\u00e1 com diversos atos p\u00fablicos, panfletagem e outras atividades de protesto espalhadas por diferentes regi\u00f5es do pa\u00eds. A paralisa\u00e7\u00e3o \u00e9 articulada pelas centrais sindicais e entidades de base e foi definida durante um encontro nacional das centrais, no final de julho.<\/p>\n\n\n\n<p>O dirigente S\u00e9rgio Ronaldo, da Confedera\u00e7\u00e3o dos Trabalhadores no Servi\u00e7o P\u00fablico Federal (Condsef), afirma que as categorias se queixam de n\u00e3o terem sido ouvidas pela gest\u00e3o Bolsonaro antes e ap\u00f3s a apresenta\u00e7\u00e3o da proposta de reforma. A medida foi protocolada pelo governo em setembro do ano passado e<a href=\"https:\/\/www.brasildefato.com.br\/2021\/02\/17\/reforma-permitira-que-qualquer-pessoa-assuma-cargo-de-confianca-no-servico-publico\" target=\"_blank\" rel=\"noreferrer noopener\">&nbsp;altera uma s\u00e9rie de normas&nbsp;<\/a>que regem o trabalho dos servidores do Estado.<\/p>\n\n\n\n<p>\u201cN\u00e3o nos restou outra sa\u00edda, a n\u00e3o ser ir para o enfrentamento, j\u00e1 que o governo federal n\u00e3o escuta os mais envolvidos nessa situa\u00e7\u00e3o. S\u00f3 quer fazer reuni\u00e3o com a Fiesp, com os bancos, e a proposta foi criada no seio dessa turma. Por conta disso, n\u00f3s resolvemos radicalizar, que \u00e9 a \u00fanica alternativa que nos restou neste momento\u201d, diz Ronaldo.<\/p>\n\n\n\n<p>O diretor-executivo da Central \u00danica dos Trabalhadores (CUT), Pedro Armengol, destaca que diferentes trechos do texto da PEC preocupam o funcionalismo. Um dos pontos mais controversos \u00e9 o fato de a proposta introduzir na esfera estatal os chamados \u201cinstrumentos de coopera\u00e7\u00e3o\u201d, que permitem a execu\u00e7\u00e3o compartilhada dos servi\u00e7os entre entidades p\u00fablicas e privadas.<\/p>\n\n\n\n<p>Nessa modalidade, a Uni\u00e3o, o Distrito Federal, os estados e munic\u00edpios ficam autorizados para firmar esse tipo de acordo, inclusive com a divis\u00e3o da estrutura f\u00edsica e o uso dos recursos humanos. \u201c\u00c9 praticamente privatizar<a href=\"https:\/\/www.brasildefato.com.br\/2020\/10\/13\/governo-federal-generaliza-funcionalismo-para-tocar-a-reforma-administrativa\" target=\"_blank\" rel=\"noreferrer noopener\">&nbsp;o servi\u00e7o p\u00fablico,<\/a>&nbsp;e n\u00f3s entendemos que n\u00e3o \u00e9 privatizando que vamos ter uma melhoria do servi\u00e7o para a sociedade, principalmente para aqueles mais necessitados, por isso tamb\u00e9m a greve\u201d, diz Armengol. &nbsp;<\/p>\n\n\n\n<p>A PEC prev\u00ea ainda outras mudan\u00e7as duramente criticadas pelo funcionalismo, como \u00e9 o caso da proibi\u00e7\u00e3o de adicionais por tempo de servi\u00e7o, licen\u00e7as-pr\u00eamio e outras licen\u00e7as, exceto quando se trata de capacita\u00e7\u00e3o do servidor e diminui\u00e7\u00e3o de jornada sem redu\u00e7\u00e3o de sal\u00e1rio.<\/p>\n\n\n\n<p>\u201c\u00c9 uma PEC que, na sua ess\u00eancia, n\u00e3o traz nenhuma perspectiva de amplia\u00e7\u00e3o das pol\u00edticas de prote\u00e7\u00e3o social. Para n\u00f3s, \u00e9 uma narrativa mentirosa essa de que ela seria para a melhorar a administra\u00e7\u00e3o. Ao contr\u00e1rio, ela conduz a uma vis\u00e3o de Estado m\u00ednimo social, de reduzir&nbsp;<a href=\"https:\/\/www.brasildefators.com.br\/2021\/06\/18\/reforma-administrativa-precariza-servicos-publicos-e-os-torna-fonte-de-lucro\" target=\"_blank\" rel=\"noreferrer noopener\">o que j\u00e1 \u00e9 prec\u00e1rio,<\/a>&nbsp;e vem numa conjuntura de pandemia, que traduz uma necessidade de amplia\u00e7\u00e3o da rede de servi\u00e7os p\u00fablicos essenciais\u201d, acrescenta Armengol. &nbsp;<\/p>\n\n\n\n<p>A proposta \u00e9 assinada pelo ministro da Economia, Paulo Guedes, que alega que a PEC teria o objetivo de&nbsp;<a href=\"https:\/\/www.brasildefato.com.br\/2020\/09\/08\/reforma-administrativa-fragiliza-direitos-e-permite-perseguicao-dizem-especialistas\" target=\"_blank\" rel=\"noreferrer noopener\">minimizar os gastos<\/a>&nbsp;na administra\u00e7\u00e3o p\u00fablica, combater privil\u00e9gios e \u201ccorrigir distor\u00e7\u00f5es\u201d.<\/p>\n\n\n\n<p>\u201cSe eles queriam combater privil\u00e9gios, deveriam ter inclu\u00eddo os magistrados, os parlamentares, os militares, os membros do Minist\u00e9rio P\u00fablico, porque l\u00e1 talvez existam alguns privil\u00e9gios. \u00c9 uma narrativa falsa\u201d, contrap\u00f5e o diretor-executivo da CUT.<\/p>\n\n\n\n<p><strong>Estabilidade<\/strong><\/p>\n\n\n\n<p>Outra proposta da PEC que causa pol\u00eamica entre os servidores \u00e9 o fim da estabilidade. \u201cA estabilidade n\u00e3o \u00e9 para proteger servidor, e sim para proteger o cidad\u00e3o, para que o agente p\u00fablico tenha autonomia e isen\u00e7\u00e3o para executar suas a\u00e7\u00f5es na&nbsp;<a href=\"https:\/\/www.brasildefato.com.br\/2021\/07\/21\/o-desmonte-do-servico-publico\" target=\"_blank\" rel=\"noreferrer noopener\">presta\u00e7\u00e3o de servi\u00e7o<\/a>&nbsp;\u00e0 sociedade, e n\u00e3o para atender os interesses fisiol\u00f3gicos e eleitoreiros\u201d, argumenta Armengol.&nbsp; &nbsp;<\/p>\n\n\n\n<p>A quest\u00e3o \u00e9 uma das que mais preocupa o servidor p\u00fablico federal Francisco de Assis Silveira, que pretende aderir aos protestos nacionais na pr\u00f3xima quarta-feira. \u201cO servidor n\u00e3o vai estar seguro de realizar o seu papel, n\u00e3o vai ter autonomia para realizar a sua fun\u00e7\u00e3o. Ele vai acabar sendo capacho de qualquer tipo de poder e n\u00e3o vai trabalhar \u00e0 disposi\u00e7\u00e3o da sociedade, mas sim em rela\u00e7\u00e3o<a href=\"https:\/\/www.brasildefato.com.br\/2021\/06\/29\/denuncia-na-cpi-da-pandemia-foi-garantida-por-estabilidade-de-servidor-publico\" target=\"_blank\" rel=\"noreferrer noopener\">&nbsp;a interesses escusos,&nbsp;<\/a>e isso \u00e9 um dos pontos que precisam ser enfrentados\u201d, diz.&nbsp;&nbsp;<\/p>\n\n\n\n<p>Morador de Reden\u00e7\u00e3o, interior do Cear\u00e1, Silveira atua na Universidade da Integra\u00e7\u00e3o Internacional da Lusofonia Afro-Brasileira (Unilab) e diz temer um maior enxugamento do Estado, que est\u00e1 hoje j\u00e1 sob vig\u00eancia da chamada&nbsp;<a href=\"https:\/\/www25.senado.leg.br\/web\/atividade\/materias\/-\/materia\/127337\" target=\"_blank\" rel=\"noreferrer noopener\">PEC do&nbsp;Teto dos Gastos (55\/2016<\/a>), aprovada&nbsp;durante a gest\u00e3o Temer e mantida&nbsp;por Bolsonaro, para congelar investimentos p\u00fablicos em diferentes setores, inclusive em sa\u00fade e educa\u00e7\u00e3o.<\/p>\n\n\n\n<p>\u201cA greve \u00e9 important\u00edssima, \u00e9 um ponto crucial pra que a sociedade entenda o que est\u00e1 em jogo com a reforma. Quanto mais mobiliza\u00e7\u00e3o, mais aten\u00e7\u00e3o social\u201d.<\/p>\n\n\n\n<p>Parlamentares<\/p>\n\n\n\n<p>As mobiliza\u00e7\u00f5es dos servidores contra a PEC 32\/2020 contam com o apoio&nbsp;<a href=\"https:\/\/www.brasildefato.com.br\/2021\/06\/09\/oposicao-entrega-abaixo-assinado-de-128-mil-assinaturas-contra-reforma-administrativa\" target=\"_blank\" rel=\"noreferrer noopener\">dos parlamentares de oposi\u00e7\u00e3o<\/a>, que se organizam no Congresso por meio da Frente Parlamentar Mista em Defesa do Servi\u00e7o P\u00fablico \u2013 Servir Brasil. Presidente do grupo, o deputado Israel Batista (PV-DF) aponta que a greve ajuda a fortalecer a interlocu\u00e7\u00e3o com a sociedade.<\/p>\n\n\n\n<p>\u201cInfelizmente, o debate sobre a reforma administrativa acabou n\u00e3o chegando onde deveria, que \u00e9 no usu\u00e1rio final dos servi\u00e7os p\u00fablicos, e isso nos preocupa muito. A greve vai chamar aten\u00e7\u00e3o da popula\u00e7\u00e3o para o absurdo que \u00e9 toda a reforma administrativa do governo Bolsonaro e o que ela representa\u201d, diz o deputado.<\/p>\n\n\n\n<p>Ele conta que os opositores seguem se mobilizando em diferentes fronts, inclusive por meio da tentativa de abrir um canal de di\u00e1logo com o governo sobre o tema. \u201cJ\u00e1 mobilizamos tamb\u00e9m o Judici\u00e1rio e procuramos, por todos os meios, impedir a tramita\u00e7\u00e3o da PEC 32 da maneira como ela tem sido levada adiante\u201d.<\/p>\n\n\n\n<p>A PEC 32 teve a admissibilidade&nbsp;<a href=\"https:\/\/www.brasildefato.com.br\/2021\/05\/29\/reforma-administrativa-versao-aprovada-na-ccj-fere-clausulas-petreas-da-constituicao\" target=\"_blank\" rel=\"noreferrer noopener\">aprovada&nbsp;<\/a>pela Comiss\u00e3o de Constitui\u00e7\u00e3o e Justi\u00e7a (CCJ) em maio deste ano. Foi a primeira vota\u00e7\u00e3o do percurso legislativo da proposta na C\u00e2mara. Caso receba aval da comiss\u00e3o especial que analisa o texto, a PEC seguir\u00e1 para avalia\u00e7\u00e3o do plen\u00e1rio da Casa.<\/p>\n\n\n\n<p>Edi\u00e7\u00e3o: Sarah Fernandes<\/p>\n","protected":false},"excerpt":{"rendered":"<p>Representantes do funcionalismo e da oposi\u00e7\u00e3o se queixam de falta de di\u00e1logo com governo Bolsonaro&nbsp;<\/p>\n","protected":false},"author":1,"featured_media":0,"comment_status":"closed","ping_status":"open","sticky":false,"template":"","format":"standard","meta":{"_exactmetrics_skip_tracking":false,"_exactmetrics_sitenote_active":false,"_exactmetrics_sitenote_note":"","_exactmetrics_sitenote_category":0,"jetpack_post_was_ever_published":false,"_jetpack_newsletter_access":"","_jetpack_dont_email_post_to_subs":false,"_jetpack_newsletter_tier_id":0,"_jetpack_memberships_contains_paywalled_content":false,"_jetpack_memberships_contains_paid_content":false,"footnotes":"","jetpack_publicize_message":"","jetpack_publicize_feature_enabled":true,"jetpack_social_post_already_shared":true,"jetpack_social_options":{"image_generator_settings":{"template":"highway","enabled":false},"version":2}},"categories":[1],"tags":[],"class_list":["post-32635","post","type-post","status-publish","format-standard","hentry","category-notas"],"jetpack_publicize_connections":[],"jetpack_sharing_enabled":true,"jetpack_featured_media_url":"","jetpack_shortlink":"https:\/\/wp.me\/p7wKYW-8un","jetpack-related-posts":[],"_links":{"self":[{"href":"http:\/\/blogdalucianaoliveira.com.br\/blog\/wp-json\/wp\/v2\/posts\/32635","targetHints":{"allow":["GET"]}}],"collection":[{"href":"http:\/\/blogdalucianaoliveira.com.br\/blog\/wp-json\/wp\/v2\/posts"}],"about":[{"href":"http:\/\/blogdalucianaoliveira.com.br\/blog\/wp-json\/wp\/v2\/types\/post"}],"author":[{"embeddable":true,"href":"http:\/\/blogdalucianaoliveira.com.br\/blog\/wp-json\/wp\/v2\/users\/1"}],"replies":[{"embeddable":true,"href":"http:\/\/blogdalucianaoliveira.com.br\/blog\/wp-json\/wp\/v2\/comments?post=32635"}],"version-history":[{"count":1,"href":"http:\/\/blogdalucianaoliveira.com.br\/blog\/wp-json\/wp\/v2\/posts\/32635\/revisions"}],"predecessor-version":[{"id":32637,"href":"http:\/\/blogdalucianaoliveira.com.br\/blog\/wp-json\/wp\/v2\/posts\/32635\/revisions\/32637"}],"wp:attachment":[{"href":"http:\/\/blogdalucianaoliveira.com.br\/blog\/wp-json\/wp\/v2\/media?parent=32635"}],"wp:term":[{"taxonomy":"category","embeddable":true,"href":"http:\/\/blogdalucianaoliveira.com.br\/blog\/wp-json\/wp\/v2\/categories?post=32635"},{"taxonomy":"post_tag","embeddable":true,"href":"http:\/\/blogdalucianaoliveira.com.br\/blog\/wp-json\/wp\/v2\/tags?post=32635"}],"curies":[{"name":"wp","href":"https:\/\/api.w.org\/{rel}","templated":true}]}}