{"id":32638,"date":"2021-08-16T09:50:13","date_gmt":"2021-08-16T13:50:13","guid":{"rendered":"http:\/\/blogdalucianaoliveira.com.br\/blog\/?p=32638"},"modified":"2021-08-16T09:50:18","modified_gmt":"2021-08-16T13:50:18","slug":"rondonia-e-a-fumaca-de-queimadas-por-cima-de-tudo-e-de-todos","status":"publish","type":"post","link":"http:\/\/blogdalucianaoliveira.com.br\/blog\/2021\/08\/16\/rondonia-e-a-fumaca-de-queimadas-por-cima-de-tudo-e-de-todos\/","title":{"rendered":"Rond\u00f4nia e a fuma\u00e7a de queimadas por cima de tudo e de todos"},"content":{"rendered":"\n<figure class=\"wp-block-image size-large\"><img loading=\"lazy\" decoding=\"async\" width=\"2560\" height=\"1786\" data-attachment-id=\"32639\" data-permalink=\"http:\/\/blogdalucianaoliveira.com.br\/blog\/2021\/08\/16\/rondonia-e-a-fumaca-de-queimadas-por-cima-de-tudo-e-de-todos\/70a1b3d4-5a07-4d67-a7b9-f426f835397a\/\" data-orig-file=\"https:\/\/i0.wp.com\/blogdalucianaoliveira.com.br\/blog\/wp-content\/uploads\/2021\/08\/70A1B3D4-5A07-4D67-A7B9-F426F835397A-scaled.jpeg?fit=2560%2C1786\" data-orig-size=\"2560,1786\" data-comments-opened=\"0\" data-image-meta=\"{&quot;aperture&quot;:&quot;0&quot;,&quot;credit&quot;:&quot;&quot;,&quot;camera&quot;:&quot;&quot;,&quot;caption&quot;:&quot;&quot;,&quot;created_timestamp&quot;:&quot;0&quot;,&quot;copyright&quot;:&quot;&quot;,&quot;focal_length&quot;:&quot;0&quot;,&quot;iso&quot;:&quot;0&quot;,&quot;shutter_speed&quot;:&quot;0&quot;,&quot;title&quot;:&quot;&quot;,&quot;orientation&quot;:&quot;1&quot;}\" data-image-title=\"70A1B3D4-5A07-4D67-A7B9-F426F835397A\" data-image-description=\"\" data-image-caption=\"\" data-medium-file=\"https:\/\/i0.wp.com\/blogdalucianaoliveira.com.br\/blog\/wp-content\/uploads\/2021\/08\/70A1B3D4-5A07-4D67-A7B9-F426F835397A-scaled.jpeg?fit=300%2C209\" data-large-file=\"https:\/\/i0.wp.com\/blogdalucianaoliveira.com.br\/blog\/wp-content\/uploads\/2021\/08\/70A1B3D4-5A07-4D67-A7B9-F426F835397A-scaled.jpeg?fit=600%2C418\" src=\"https:\/\/i0.wp.com\/blogdalucianaoliveira.com.br\/blog\/wp-content\/uploads\/2021\/08\/70A1B3D4-5A07-4D67-A7B9-F426F835397A-scaled.jpeg?fit=600%2C418\" alt=\"\" class=\"wp-image-32639\" srcset=\"https:\/\/i0.wp.com\/blogdalucianaoliveira.com.br\/blog\/wp-content\/uploads\/2021\/08\/70A1B3D4-5A07-4D67-A7B9-F426F835397A-scaled.jpeg?w=2560 2560w, https:\/\/i0.wp.com\/blogdalucianaoliveira.com.br\/blog\/wp-content\/uploads\/2021\/08\/70A1B3D4-5A07-4D67-A7B9-F426F835397A-scaled.jpeg?resize=300%2C209 300w, https:\/\/i0.wp.com\/blogdalucianaoliveira.com.br\/blog\/wp-content\/uploads\/2021\/08\/70A1B3D4-5A07-4D67-A7B9-F426F835397A-scaled.jpeg?resize=1024%2C714 1024w, https:\/\/i0.wp.com\/blogdalucianaoliveira.com.br\/blog\/wp-content\/uploads\/2021\/08\/70A1B3D4-5A07-4D67-A7B9-F426F835397A-scaled.jpeg?resize=768%2C536 768w, https:\/\/i0.wp.com\/blogdalucianaoliveira.com.br\/blog\/wp-content\/uploads\/2021\/08\/70A1B3D4-5A07-4D67-A7B9-F426F835397A-scaled.jpeg?resize=1536%2C1072 1536w, https:\/\/i0.wp.com\/blogdalucianaoliveira.com.br\/blog\/wp-content\/uploads\/2021\/08\/70A1B3D4-5A07-4D67-A7B9-F426F835397A-scaled.jpeg?resize=2048%2C1429 2048w, https:\/\/i0.wp.com\/blogdalucianaoliveira.com.br\/blog\/wp-content\/uploads\/2021\/08\/70A1B3D4-5A07-4D67-A7B9-F426F835397A-scaled.jpeg?resize=430%2C300 430w, https:\/\/i0.wp.com\/blogdalucianaoliveira.com.br\/blog\/wp-content\/uploads\/2021\/08\/70A1B3D4-5A07-4D67-A7B9-F426F835397A-scaled.jpeg?w=1200 1200w, https:\/\/i0.wp.com\/blogdalucianaoliveira.com.br\/blog\/wp-content\/uploads\/2021\/08\/70A1B3D4-5A07-4D67-A7B9-F426F835397A-scaled.jpeg?w=1800 1800w\" sizes=\"auto, (max-width: 600px) 100vw, 600px\" \/><\/figure>\n\n\n\n<p>O hino do estado diz que o seu \u201cc\u00e9u \u00e9 mais azul\u201d. <\/p>\n\n\n\n<p>N\u00e3o no per\u00edodo de seca em que ocorrem queimadas diariamente e pra todo lado.<\/p>\n\n\n\n<p>Tudo cinza. Pra cima e pra baixo. <\/p>\n\n\n\n<p>\u00c9 o quarto estado com mais focos de calor nas \u00faltimas 48 hs.<\/p>\n\n\n\n<p>No comparativo anual entre 2020 e 2021, o aumento ultrapassa os 40%.<\/p>\n\n\n\n<p>No per\u00edodo anual Porto Velho ocupa o segundo lugar no ranking dos focos de calor e no mensal o quinto.<\/p>\n\n\n\n<p>Neste momento Rond\u00f4nia tem 1099 focos, sendo 445 s\u00f3 na capital. <\/p>\n\n\n\n<p>O agro \u00e9 fogo. <\/p>\n\n\n\n<p>Fonte: INPE e Monitoramento Rural<\/p>\n","protected":false},"excerpt":{"rendered":"<p>O hino do estado diz que o seu \u201cc\u00e9u \u00e9 mais azul\u201d. N\u00e3o no per\u00edodo de seca em que ocorrem queimadas diariamente e pra todo lado. Tudo cinza. Pra cima e pra baixo. \u00c9 o quarto estado com mais focos de calor nas \u00faltimas 48 hs. No comparativo anual entre 2020 e 2021, o aumento&#8230;<a class=\"more-link\" href=\"http:\/\/blogdalucianaoliveira.com.br\/blog\/2021\/08\/16\/rondonia-e-a-fumaca-de-queimadas-por-cima-de-tudo-e-de-todos\/\">Continue a leitura <span class=\"meta-nav\">&raquo;<\/span><\/a><\/p>\n","protected":false},"author":1,"featured_media":0,"comment_status":"closed","ping_status":"open","sticky":false,"template":"","format":"standard","meta":{"_exactmetrics_skip_tracking":false,"_exactmetrics_sitenote_active":false,"_exactmetrics_sitenote_note":"","_exactmetrics_sitenote_category":0,"jetpack_post_was_ever_published":false,"_jetpack_newsletter_access":"","_jetpack_dont_email_post_to_subs":false,"_jetpack_newsletter_tier_id":0,"_jetpack_memberships_contains_paywalled_content":false,"_jetpack_memberships_contains_paid_content":false,"footnotes":"","jetpack_publicize_message":"","jetpack_publicize_feature_enabled":true,"jetpack_social_post_already_shared":true,"jetpack_social_options":{"image_generator_settings":{"template":"highway","enabled":false},"version":2}},"categories":[1],"tags":[295,7],"class_list":["post-32638","post","type-post","status-publish","format-standard","hentry","category-notas","tag-queimadas","tag-rondonia"],"jetpack_publicize_connections":[],"jetpack_sharing_enabled":true,"jetpack_featured_media_url":"","jetpack_shortlink":"https:\/\/wp.me\/p7wKYW-8uq","jetpack-related-posts":[],"_links":{"self":[{"href":"http:\/\/blogdalucianaoliveira.com.br\/blog\/wp-json\/wp\/v2\/posts\/32638","targetHints":{"allow":["GET"]}}],"collection":[{"href":"http:\/\/blogdalucianaoliveira.com.br\/blog\/wp-json\/wp\/v2\/posts"}],"about":[{"href":"http:\/\/blogdalucianaoliveira.com.br\/blog\/wp-json\/wp\/v2\/types\/post"}],"author":[{"embeddable":true,"href":"http:\/\/blogdalucianaoliveira.com.br\/blog\/wp-json\/wp\/v2\/users\/1"}],"replies":[{"embeddable":true,"href":"http:\/\/blogdalucianaoliveira.com.br\/blog\/wp-json\/wp\/v2\/comments?post=32638"}],"version-history":[{"count":1,"href":"http:\/\/blogdalucianaoliveira.com.br\/blog\/wp-json\/wp\/v2\/posts\/32638\/revisions"}],"predecessor-version":[{"id":32640,"href":"http:\/\/blogdalucianaoliveira.com.br\/blog\/wp-json\/wp\/v2\/posts\/32638\/revisions\/32640"}],"wp:attachment":[{"href":"http:\/\/blogdalucianaoliveira.com.br\/blog\/wp-json\/wp\/v2\/media?parent=32638"}],"wp:term":[{"taxonomy":"category","embeddable":true,"href":"http:\/\/blogdalucianaoliveira.com.br\/blog\/wp-json\/wp\/v2\/categories?post=32638"},{"taxonomy":"post_tag","embeddable":true,"href":"http:\/\/blogdalucianaoliveira.com.br\/blog\/wp-json\/wp\/v2\/tags?post=32638"}],"curies":[{"name":"wp","href":"https:\/\/api.w.org\/{rel}","templated":true}]}}