{"id":32641,"date":"2021-08-16T18:41:27","date_gmt":"2021-08-16T22:41:27","guid":{"rendered":"http:\/\/blogdalucianaoliveira.com.br\/blog\/?p=32641"},"modified":"2021-08-16T18:42:47","modified_gmt":"2021-08-16T22:42:47","slug":"artista-denuncia-ataques-racistas-e-homofobicos","status":"publish","type":"post","link":"http:\/\/blogdalucianaoliveira.com.br\/blog\/2021\/08\/16\/artista-denuncia-ataques-racistas-e-homofobicos\/","title":{"rendered":"Artista denuncia ataques racistas e homof\u00f3bicos"},"content":{"rendered":"\n<figure class=\"wp-block-image size-large\"><img loading=\"lazy\" decoding=\"async\" width=\"2560\" height=\"973\" data-attachment-id=\"32642\" data-permalink=\"http:\/\/blogdalucianaoliveira.com.br\/blog\/2021\/08\/16\/artista-denuncia-ataques-racistas-e-homofobicos\/bla-2\/\" data-orig-file=\"https:\/\/i0.wp.com\/blogdalucianaoliveira.com.br\/blog\/wp-content\/uploads\/2021\/08\/bla-scaled.jpg?fit=2560%2C973\" data-orig-size=\"2560,973\" data-comments-opened=\"0\" data-image-meta=\"{&quot;aperture&quot;:&quot;0&quot;,&quot;credit&quot;:&quot;&quot;,&quot;camera&quot;:&quot;&quot;,&quot;caption&quot;:&quot;&quot;,&quot;created_timestamp&quot;:&quot;0&quot;,&quot;copyright&quot;:&quot;&quot;,&quot;focal_length&quot;:&quot;0&quot;,&quot;iso&quot;:&quot;0&quot;,&quot;shutter_speed&quot;:&quot;0&quot;,&quot;title&quot;:&quot;&quot;,&quot;orientation&quot;:&quot;0&quot;}\" data-image-title=\"bla\" data-image-description=\"\" data-image-caption=\"\" data-medium-file=\"https:\/\/i0.wp.com\/blogdalucianaoliveira.com.br\/blog\/wp-content\/uploads\/2021\/08\/bla-scaled.jpg?fit=300%2C114\" data-large-file=\"https:\/\/i0.wp.com\/blogdalucianaoliveira.com.br\/blog\/wp-content\/uploads\/2021\/08\/bla-scaled.jpg?fit=600%2C228\" src=\"https:\/\/i0.wp.com\/blogdalucianaoliveira.com.br\/blog\/wp-content\/uploads\/2021\/08\/bla-scaled.jpg?fit=600%2C228&amp;ssl=1\" alt=\"\" class=\"wp-image-32642\" srcset=\"https:\/\/i0.wp.com\/blogdalucianaoliveira.com.br\/blog\/wp-content\/uploads\/2021\/08\/bla-scaled.jpg?w=2560 2560w, https:\/\/i0.wp.com\/blogdalucianaoliveira.com.br\/blog\/wp-content\/uploads\/2021\/08\/bla-scaled.jpg?resize=300%2C114 300w, https:\/\/i0.wp.com\/blogdalucianaoliveira.com.br\/blog\/wp-content\/uploads\/2021\/08\/bla-scaled.jpg?resize=1024%2C389 1024w, https:\/\/i0.wp.com\/blogdalucianaoliveira.com.br\/blog\/wp-content\/uploads\/2021\/08\/bla-scaled.jpg?resize=768%2C292 768w, https:\/\/i0.wp.com\/blogdalucianaoliveira.com.br\/blog\/wp-content\/uploads\/2021\/08\/bla-scaled.jpg?resize=1536%2C584 1536w, https:\/\/i0.wp.com\/blogdalucianaoliveira.com.br\/blog\/wp-content\/uploads\/2021\/08\/bla-scaled.jpg?resize=2048%2C779 2048w, https:\/\/i0.wp.com\/blogdalucianaoliveira.com.br\/blog\/wp-content\/uploads\/2021\/08\/bla-scaled.jpg?resize=789%2C300 789w, https:\/\/i0.wp.com\/blogdalucianaoliveira.com.br\/blog\/wp-content\/uploads\/2021\/08\/bla-scaled.jpg?w=1200 1200w, https:\/\/i0.wp.com\/blogdalucianaoliveira.com.br\/blog\/wp-content\/uploads\/2021\/08\/bla-scaled.jpg?w=1800 1800w\" sizes=\"auto, (max-width: 600px) 100vw, 600px\" \/><\/figure>\n\n\n\n<p>O ataque surgiu com o lan\u00e7amento do videoclipe Pachamama nas redes sociais. Divulgado no Blog da Luciana Oliveira e repercutido no portal Casa Ninja Amaz\u00f4nia, atingiu mais de 100 mil visualiza\u00e7\u00f5es e atraiu coment\u00e1rios criminosos.<\/p>\n\n\n\n<!--more-->\n\n\n\n<p>A Black Z \u00e9 um homem preto gay, filho de m\u00e3e solo. Ele nasceu em Santa In\u00eas no Maranh\u00e3o, mas se tornou rondoniano quando a m\u00e3e veio procurar o pai do cantor, que anteriormente viera para Rond\u00f4nia em \u201cbusca de novas oportunidades\u201d. Nunca o encontraram.<\/p>\n\n\n\n<p>No in\u00edcio da descoberta de sua voz, A Black Z foi cantor de m\u00fasica gospel em corais. Com o passar do tempo se aceitou gay e j\u00e1 n\u00e3o cabia dentro da igreja. A partir desse ponto da sua exist\u00eancia come\u00e7ou a buscar novas refer\u00eancias para o seu canto, especialmente Fat Family, Vanessa Jackson e Tim Maia. Na atualidade Liniker \u00e9 uma de suas grandes inspira\u00e7\u00f5es.<\/p>\n\n\n\n<p>A Black Z descobriu na m\u00fasica uma v\u00e1lvula de escape para toda a press\u00e3o que ser preto, pobre e gay provoca em uma pessoa. Com sua voz potente, desde 2018 fez covers de Tim Maia, tocou em bares e casamentos.<\/p>\n\n\n\n<p>Em 2019 conheceu seu produtor \u00c9dier William e juntos come\u00e7aram a produzir o primeiro \u00e1lbum do cantor: Futuro; e na sequ\u00eancia o EP Pachamama, resultado de processos de estudos e pesquisas sobre a degrada\u00e7\u00e3o ambiental que vem destruindo um dos mais belos biomas do mundo.<\/p>\n\n\n\n<p>Veja a reposta que o cantor deu a seus agressores:<\/p>\n\n\n\n<figure class=\"wp-block-embed-youtube wp-block-embed is-type-video is-provider-youtube wp-embed-aspect-16-9 wp-has-aspect-ratio\"><div class=\"wp-block-embed__wrapper\">\n<div class=\"jetpack-video-wrapper\"><iframe loading=\"lazy\" title=\"A Black Z denuncia ataques racistas e homof\u00f3bicos\" width=\"600\" height=\"338\" src=\"https:\/\/www.youtube.com\/embed\/_FdmjxzOOkY?feature=oembed\" frameborder=\"0\" allow=\"accelerometer; autoplay; clipboard-write; encrypted-media; gyroscope; picture-in-picture; web-share\" referrerpolicy=\"strict-origin-when-cross-origin\" allowfullscreen><\/iframe><\/div>\n<\/div><\/figure>\n\n\n\n<p><\/p>\n\n\n\n<p>Leia tamb\u00e9m:<\/p>\n\n\n\n<figure class=\"wp-block-embed-wordpress wp-block-embed is-type-wp-embed is-provider-blog-da-luciana-oliveira\"><div class=\"wp-block-embed__wrapper\">\n<blockquote class=\"wp-embedded-content\" data-secret=\"p2Xcme01ik\"><a href=\"http:\/\/blogdalucianaoliveira.com.br\/blog\/2021\/07\/16\/ro-com-musica-engajada-edier-e-black-z-alertam-para-ecocidio-na-amazonia\/\">RO: Com m\u00fasica engajada \u00c9dier e Black Z alertam para ecoc\u00eddio na Amaz\u00f4nia<\/a><\/blockquote><iframe loading=\"lazy\" class=\"wp-embedded-content\" sandbox=\"allow-scripts\" security=\"restricted\" style=\"position: absolute; clip: rect(1px, 1px, 1px, 1px);\" title=\"&#8220;RO: Com m\u00fasica engajada \u00c9dier e Black Z alertam para ecoc\u00eddio na Amaz\u00f4nia&#8221; &#8212; Blog da Luciana Oliveira\" src=\"http:\/\/blogdalucianaoliveira.com.br\/blog\/2021\/07\/16\/ro-com-musica-engajada-edier-e-black-z-alertam-para-ecocidio-na-amazonia\/embed\/#?secret=t8yiB423Wc#?secret=p2Xcme01ik\" data-secret=\"p2Xcme01ik\" width=\"600\" height=\"338\" frameborder=\"0\" marginwidth=\"0\" marginheight=\"0\" scrolling=\"no\"><\/iframe>\n<\/div><\/figure>\n\n\n\n<p>Veja o videoclipe:<\/p>\n\n\n\n<figure class=\"wp-block-embed-youtube wp-block-embed is-type-video is-provider-youtube wp-embed-aspect-16-9 wp-has-aspect-ratio\"><div class=\"wp-block-embed__wrapper\">\n<div class=\"jetpack-video-wrapper\"><iframe loading=\"lazy\" title=\"A Black Z - Pachamama (Clipe Oficial)\" width=\"600\" height=\"338\" src=\"https:\/\/www.youtube.com\/embed\/uO3plZ7Oejk?feature=oembed\" frameborder=\"0\" allow=\"accelerometer; autoplay; clipboard-write; encrypted-media; gyroscope; picture-in-picture; web-share\" referrerpolicy=\"strict-origin-when-cross-origin\" allowfullscreen><\/iframe><\/div>\n<\/div><\/figure>\n","protected":false},"excerpt":{"rendered":"<p>O ataque surgiu com o lan\u00e7amento do videoclipe Pachamama nas redes sociais. Divulgado no Blog da Luciana Oliveira e repercutido no portal Casa Ninja Amaz\u00f4nia, atingiu mais de 100 mil visualiza\u00e7\u00f5es e atraiu coment\u00e1rios criminosos.<\/p>\n","protected":false},"author":1,"featured_media":0,"comment_status":"closed","ping_status":"open","sticky":false,"template":"","format":"standard","meta":{"_exactmetrics_skip_tracking":false,"_exactmetrics_sitenote_active":false,"_exactmetrics_sitenote_note":"","_exactmetrics_sitenote_category":0,"jetpack_post_was_ever_published":false,"_jetpack_newsletter_access":"","_jetpack_dont_email_post_to_subs":false,"_jetpack_newsletter_tier_id":0,"_jetpack_memberships_contains_paywalled_content":false,"_jetpack_memberships_contains_paid_content":false,"footnotes":"","jetpack_publicize_message":"","jetpack_publicize_feature_enabled":true,"jetpack_social_post_already_shared":true,"jetpack_social_options":{"image_generator_settings":{"template":"highway","enabled":false},"version":2}},"categories":[1],"tags":[576,601,578,602],"class_list":["post-32641","post","type-post","status-publish","format-standard","hentry","category-notas","tag-a-black-z","tag-homofbia","tag-pachamama","tag-racismo"],"jetpack_publicize_connections":[],"jetpack_sharing_enabled":true,"jetpack_featured_media_url":"","jetpack_shortlink":"https:\/\/wp.me\/p7wKYW-8ut","jetpack-related-posts":[],"_links":{"self":[{"href":"http:\/\/blogdalucianaoliveira.com.br\/blog\/wp-json\/wp\/v2\/posts\/32641","targetHints":{"allow":["GET"]}}],"collection":[{"href":"http:\/\/blogdalucianaoliveira.com.br\/blog\/wp-json\/wp\/v2\/posts"}],"about":[{"href":"http:\/\/blogdalucianaoliveira.com.br\/blog\/wp-json\/wp\/v2\/types\/post"}],"author":[{"embeddable":true,"href":"http:\/\/blogdalucianaoliveira.com.br\/blog\/wp-json\/wp\/v2\/users\/1"}],"replies":[{"embeddable":true,"href":"http:\/\/blogdalucianaoliveira.com.br\/blog\/wp-json\/wp\/v2\/comments?post=32641"}],"version-history":[{"count":2,"href":"http:\/\/blogdalucianaoliveira.com.br\/blog\/wp-json\/wp\/v2\/posts\/32641\/revisions"}],"predecessor-version":[{"id":32644,"href":"http:\/\/blogdalucianaoliveira.com.br\/blog\/wp-json\/wp\/v2\/posts\/32641\/revisions\/32644"}],"wp:attachment":[{"href":"http:\/\/blogdalucianaoliveira.com.br\/blog\/wp-json\/wp\/v2\/media?parent=32641"}],"wp:term":[{"taxonomy":"category","embeddable":true,"href":"http:\/\/blogdalucianaoliveira.com.br\/blog\/wp-json\/wp\/v2\/categories?post=32641"},{"taxonomy":"post_tag","embeddable":true,"href":"http:\/\/blogdalucianaoliveira.com.br\/blog\/wp-json\/wp\/v2\/tags?post=32641"}],"curies":[{"name":"wp","href":"https:\/\/api.w.org\/{rel}","templated":true}]}}