{"id":32645,"date":"2021-08-16T19:13:17","date_gmt":"2021-08-16T23:13:17","guid":{"rendered":"http:\/\/blogdalucianaoliveira.com.br\/blog\/?p=32645"},"modified":"2021-08-16T19:13:21","modified_gmt":"2021-08-16T23:13:21","slug":"cpt-ro-divulga-carta-de-repudio-a-intervencao-da-forca-nacional-no-estado-de-rondonia","status":"publish","type":"post","link":"http:\/\/blogdalucianaoliveira.com.br\/blog\/2021\/08\/16\/cpt-ro-divulga-carta-de-repudio-a-intervencao-da-forca-nacional-no-estado-de-rondonia\/","title":{"rendered":"CPT-RO divulga Carta de Repudio \u00e0 Interven\u00e7\u00e3o da For\u00e7a Nacional no estado de Rond\u00f4nia"},"content":{"rendered":"\n<figure class=\"wp-block-image size-large\"><img data-recalc-dims=\"1\" loading=\"lazy\" decoding=\"async\" width=\"182\" height=\"117\" data-attachment-id=\"32646\" data-permalink=\"http:\/\/blogdalucianaoliveira.com.br\/blog\/2021\/08\/16\/cpt-ro-divulga-carta-de-repudio-a-intervencao-da-forca-nacional-no-estado-de-rondonia\/60244f0b-f2d8-45a3-9969-e3d17e6ddfac\/\" data-orig-file=\"https:\/\/i0.wp.com\/blogdalucianaoliveira.com.br\/blog\/wp-content\/uploads\/2021\/08\/60244F0B-F2D8-45A3-9969-E3D17E6DDFAC.png?fit=182%2C117\" data-orig-size=\"182,117\" data-comments-opened=\"0\" data-image-meta=\"{&quot;aperture&quot;:&quot;0&quot;,&quot;credit&quot;:&quot;&quot;,&quot;camera&quot;:&quot;&quot;,&quot;caption&quot;:&quot;&quot;,&quot;created_timestamp&quot;:&quot;0&quot;,&quot;copyright&quot;:&quot;&quot;,&quot;focal_length&quot;:&quot;0&quot;,&quot;iso&quot;:&quot;0&quot;,&quot;shutter_speed&quot;:&quot;0&quot;,&quot;title&quot;:&quot;&quot;,&quot;orientation&quot;:&quot;0&quot;}\" data-image-title=\"60244F0B-F2D8-45A3-9969-E3D17E6DDFAC\" data-image-description=\"\" data-image-caption=\"\" data-medium-file=\"https:\/\/i0.wp.com\/blogdalucianaoliveira.com.br\/blog\/wp-content\/uploads\/2021\/08\/60244F0B-F2D8-45A3-9969-E3D17E6DDFAC.png?fit=182%2C117\" data-large-file=\"https:\/\/i0.wp.com\/blogdalucianaoliveira.com.br\/blog\/wp-content\/uploads\/2021\/08\/60244F0B-F2D8-45A3-9969-E3D17E6DDFAC.png?fit=182%2C117\" src=\"https:\/\/i0.wp.com\/blogdalucianaoliveira.com.br\/blog\/wp-content\/uploads\/2021\/08\/60244F0B-F2D8-45A3-9969-E3D17E6DDFAC.png?resize=182%2C117\" alt=\"\" class=\"wp-image-32646\"\/><\/figure>\n\n\n\n<p>A Comiss\u00e3o Pastoral da Terra do Regional Rond\u00f4nia organizou uma carta de rep\u00fadio relacionada \u00e0s interven\u00e7\u00f5es da For\u00e7a Nacional no estado de Rond\u00f4nia, al\u00e9m de incluir informa\u00e7\u00f5es sobre as mortes ocorridas no \u00faltimo dia 13 de agosto de 2021, na regi\u00e3o de Nova Mutum, distrito do munic\u00edpio de Porto Velho, capital do estado de Rond\u00f4nia.&nbsp;<\/p>\n\n\n\n<!--more-->\n\n\n\n<p>Uma opera\u00e7\u00e3o policial, que ceifou a vida de tr\u00eas (03) trabalhadores rurais sem-terra, dois deles membros da mesma fam\u00edlia, e um jovem amigo da fam\u00edlia. Segundo informa\u00e7\u00f5es, al\u00e9m dessas tr\u00eas mortes, cinco (05) pessoas ainda est\u00e3o desaparecidas, um deles o jovem Wilson Ferreira dos Santos.<\/p>\n\n\n\n<p>A \u00e1rea onde aconteceu mais esta trag\u00e9dia rondoniense, est\u00e1 situada nas proximidades da regi\u00e3o do Acampamento Dois Amigos e do Acampamento Thiago dos Santos, em Uni\u00e3o Bandeirantes, distrito do munic\u00edpio de Porto Velho. O fato ocorreu na \u00e1rea da Fazenda Santa Carmem, um latif\u00fandio semiabandonado ocupado em janeiro de 2021 e que tem registrado diversos atos de viol\u00eancia na regi\u00e3o de Nova Mutum-Paran\u00e1, norte de Rond\u00f4nia.<\/p>\n\n\n\n<p><em>A CPT-RO disponibiliza link para coletar demais assinaturas:&nbsp;&nbsp;<a href=\"https:\/\/forms.gle\/VbKNyEs88vfEm5vz5\">https:\/\/forms.gle\/VbKNyEs88vfEm5vz5<\/a>&nbsp;<\/em><\/p>\n\n\n\n<p><strong><em>Segue a carta na \u00edntegra:&nbsp;<\/em><\/strong><strong><a href=\"https:\/\/1.bp.blogspot.com\/-9Ls9S8Y255k\/YRrWPrnTGUI\/AAAAAAAATX4\/BFsuetetVU0MFYbhkNTXGhDRbB3bXuWxgCLcBGAsYHQ\/s182\/logo%2BCPT.png\"><\/a><\/strong><\/p>\n\n\n\n<p><strong>Carta de Repudio \u00e0 Interven\u00e7\u00e3o da For\u00e7a Nacional no estado de Rond\u00f4nia \u2013 RO<\/strong><\/p>\n\n\n\n<p>A atua\u00e7\u00e3o do Estado Brasileiro no desmonte das pol\u00edticas p\u00fablicas &#8211; agr\u00e1rias e socioambientais &#8211; com n\u00edtido incentivo aos processos de Regulariza\u00e7\u00e3o Fundi\u00e1ria a favor dos grileiros de terras e das empresas do Agroneg\u00f3cio, tem se desdobrado em pr\u00e1ticas de viol\u00eancia cometidas contra povos ind\u00edgenas, quilombolas, camponeses e demais comunidades tradicionais. Tais povos devem ser vistos como povos de resist\u00eancia da terra, da \u00e1gua e do territ\u00f3rio, entretanto v\u00eam sendo v\u00edtimas de graves viola\u00e7\u00f5es de direitos humanos.<\/p>\n\n\n\n<p>Os dados do relat\u00f3rio&nbsp;<em>Conflitos no Campo Brasil 2020<\/em>, registrados pela CPT, lan\u00e7ado no dia 31 de maio, em \u00e2mbito nacional e no dia 13 de agosto, em \u00e2mbito estadual (RO), exp\u00f5em os n\u00fameros relacionados \u00e0 realidade de viol\u00eancias contra os povos ind\u00edgenas, comunidades tradicionais e camponesas, deste \u00faltimo ano. Destaca-se a posi\u00e7\u00e3o do estado de Rond\u00f4nia como um dos estados com maior n\u00famero de \u2018Viol\u00eancia contra a Pessoa\u2019, a\u00e7\u00f5es de torturas, pris\u00f5es e agress\u00f5es f\u00edsicas. Ao todo foram 55 mil pessoas envolvidas em conflitos no estado de Rond\u00f4nia, sendo 38 pessoas presas, 18 amea\u00e7as de morte, 5 torturados e 1 assassinada.<\/p>\n\n\n\n<p>Esse cen\u00e1rio tem causado grandes preocupa\u00e7\u00f5es ao conjunto da sociedade civil organizada no seu compromisso na defesa da vida e dos direitos dos lutadores e lutadoras sociais. Concomitantemente, para agravar a situa\u00e7\u00e3o, o Minist\u00e9rio da Justi\u00e7a autorizou o envio da For\u00e7a Nacional para atuar em Rond\u00f4nia por 90 dias. O destacamento chegou ao Estado em 15 de junho e j\u00e1 executou diversas a\u00e7\u00f5es sob a alega\u00e7\u00e3o de combater supostas organiza\u00e7\u00f5es criminosas que invadem propriedades particulares rurais.&nbsp;<\/p>\n\n\n\n<p>No cumprimento ao exerc\u00edcio para prote\u00e7\u00e3o dos direitos do cidad\u00e3o a Procuradoria Federal do Direitos do Cidad\u00e3o (PFDC), \u00f3rg\u00e3o do Minist\u00e9rio P\u00fablico Federal (MPF), encaminhou of\u00edcio ao Minist\u00e9rio da Justi\u00e7a e Seguran\u00e7a P\u00fablica (MJ) no \u00faltimo dia (22) de Junho, reiterando pedido de informa\u00e7\u00f5es sobre o uso da For\u00e7a Nacional de Seguran\u00e7a (FNS) contra movimentos de luta camponesa em Rond\u00f4nia.<\/p>\n\n\n\n<p>Deste hist\u00f3rico de viol\u00eancia contra a luta camponesa, constata-se a instaura\u00e7\u00e3o de um cen\u00e1rio organizado pelo Estado pautado no agravamento aos conflitos no campo, reflexo da pol\u00edtica negacionista e violenta implementada pelo atual governo brasileiro que dissemina o \u00f3dio contra as minorias e incentiva a criminaliza\u00e7\u00e3o da Luta pela Terra.&nbsp;<\/p>\n\n\n\n<p>Em decorr\u00eancia a esta a\u00e7\u00e3o do Estado acobertada pelo manto da \u201cfalsa justi\u00e7a para o campo\u201d, no \u00faltimo dia 13 de agosto de 2021, infelizmente, novo massacre aconteceu em solo rondoniense, dessa vez no Acampamento Ademar Ferreira, na regi\u00e3o de Nova Mutum, distrito do munic\u00edpio de Porto Velho, capital do estado de Rond\u00f4nia. O ato fat\u00eddico, que ceifou a vida de tr\u00eas (03) trabalhadores rurais sem-terra, Amarildo Aparecido Rodrigues, Amaral Jos\u00e9 Stoco Rodrigues, Kevin Fernando Holanda de Souza, &nbsp;membros da mesma fam\u00edlia, sendo pai e filho mortos em mais esta a\u00e7\u00e3o que escancara a real inten\u00e7\u00e3o do Estado brasileiro, em espec\u00edfico do governo de Rond\u00f4nia, de disseminar o \u00f3dio contra o povo do campo, o povo sem-terra. Sonhos foram interrompidos, a terra foi manchada com sangue inocente. Al\u00e9m dessas mortes, h\u00e1 informa\u00e7\u00f5es de cinco (05) pessoas que ainda est\u00e3o desaparecidas, causando imensa afli\u00e7\u00e3o aos seus familiares.&nbsp;<\/p>\n\n\n\n<p>Salientamos que logo ap\u00f3s o an\u00fancio desta opera\u00e7\u00e3o com o emprego da For\u00e7a Nacional, organismos e movimentos sociais se manifestaram prontamente contra esta manobra do Estado, visto que, j\u00e1 temiam que cen\u00e1rios como este, do dia 13 de agosto, pudessem acontecer. Ao longo dos \u00faltimos meses, temos observado o aumento no n\u00famero de despejos, maior viol\u00eancia no campo, e agora, lamentavelmente, novas mortes devem ser contabilizadas para este governo regido por uma necropol\u00edtica.<\/p>\n\n\n\n<p>As organiza\u00e7\u00f5es abaixo assinam, se solidarizam e repudiam veementemente as a\u00e7\u00f5es do Estado de Rond\u00f4nia e da for\u00e7a nacional, reafirmando que a paz no campo se faz com a garantia do direito \u00e0 vida, fundamentalmente o acesso ao territ\u00f3rio e dignidade dos povos, comunidades tradicionais e camponesas.<\/p>\n\n\n\n<p>Porto Velho, 16 de agosto de 2021.<\/p>\n\n\n\n<p><strong><em>Assinam a Carta<\/em><\/strong>:Comiss\u00e3o Pastoral da Terra Regional Rond\u00f4nia \u2013 CPT\/RO<br>Ouvidoria Geral Externa da Defensoria P\u00fablica do Estado de Rond\u00f4nia<br>Luciana Ri\u00e7a Mour\u00e3o Borges &#8211; GEPE-Front\/UNIR<br>Movimento Nacional de Direitos Humanos &#8211; MNDH&nbsp;Brasil<br>Articula\u00e7\u00e3o para o Monitoramento dos Direitos Humanos no BrasilPaula Stolerman Araujo &#8211; pesquisadora do Grupo de Pesquisa TERRIMA\/UNIRComiss\u00e3o Pastoral da Terra Regional Maranh\u00e3o&nbsp; &#8211; CPT\/MA<\/p>\n","protected":false},"excerpt":{"rendered":"<p>A Comiss\u00e3o Pastoral da Terra do Regional Rond\u00f4nia organizou uma carta de rep\u00fadio relacionada \u00e0s interven\u00e7\u00f5es da For\u00e7a Nacional no estado de Rond\u00f4nia, al\u00e9m de incluir informa\u00e7\u00f5es sobre as mortes ocorridas no \u00faltimo dia 13 de agosto de 2021, na regi\u00e3o de Nova Mutum, distrito do munic\u00edpio de Porto Velho, capital do estado de Rond\u00f4nia.&nbsp;<\/p>\n","protected":false},"author":1,"featured_media":0,"comment_status":"closed","ping_status":"open","sticky":false,"template":"","format":"standard","meta":{"_exactmetrics_skip_tracking":false,"_exactmetrics_sitenote_active":false,"_exactmetrics_sitenote_note":"","_exactmetrics_sitenote_category":0,"jetpack_post_was_ever_published":false,"_jetpack_newsletter_access":"","_jetpack_dont_email_post_to_subs":false,"_jetpack_newsletter_tier_id":0,"_jetpack_memberships_contains_paywalled_content":false,"_jetpack_memberships_contains_paid_content":false,"footnotes":"","jetpack_publicize_message":"","jetpack_publicize_feature_enabled":true,"jetpack_social_post_already_shared":true,"jetpack_social_options":{"image_generator_settings":{"template":"highway","enabled":false},"version":2}},"categories":[1],"tags":[],"class_list":["post-32645","post","type-post","status-publish","format-standard","hentry","category-notas"],"jetpack_publicize_connections":[],"jetpack_sharing_enabled":true,"jetpack_featured_media_url":"","jetpack_shortlink":"https:\/\/wp.me\/p7wKYW-8ux","jetpack-related-posts":[],"_links":{"self":[{"href":"http:\/\/blogdalucianaoliveira.com.br\/blog\/wp-json\/wp\/v2\/posts\/32645","targetHints":{"allow":["GET"]}}],"collection":[{"href":"http:\/\/blogdalucianaoliveira.com.br\/blog\/wp-json\/wp\/v2\/posts"}],"about":[{"href":"http:\/\/blogdalucianaoliveira.com.br\/blog\/wp-json\/wp\/v2\/types\/post"}],"author":[{"embeddable":true,"href":"http:\/\/blogdalucianaoliveira.com.br\/blog\/wp-json\/wp\/v2\/users\/1"}],"replies":[{"embeddable":true,"href":"http:\/\/blogdalucianaoliveira.com.br\/blog\/wp-json\/wp\/v2\/comments?post=32645"}],"version-history":[{"count":1,"href":"http:\/\/blogdalucianaoliveira.com.br\/blog\/wp-json\/wp\/v2\/posts\/32645\/revisions"}],"predecessor-version":[{"id":32647,"href":"http:\/\/blogdalucianaoliveira.com.br\/blog\/wp-json\/wp\/v2\/posts\/32645\/revisions\/32647"}],"wp:attachment":[{"href":"http:\/\/blogdalucianaoliveira.com.br\/blog\/wp-json\/wp\/v2\/media?parent=32645"}],"wp:term":[{"taxonomy":"category","embeddable":true,"href":"http:\/\/blogdalucianaoliveira.com.br\/blog\/wp-json\/wp\/v2\/categories?post=32645"},{"taxonomy":"post_tag","embeddable":true,"href":"http:\/\/blogdalucianaoliveira.com.br\/blog\/wp-json\/wp\/v2\/tags?post=32645"}],"curies":[{"name":"wp","href":"https:\/\/api.w.org\/{rel}","templated":true}]}}