{"id":32648,"date":"2021-08-17T09:48:25","date_gmt":"2021-08-17T13:48:25","guid":{"rendered":"http:\/\/blogdalucianaoliveira.com.br\/blog\/?p=32648"},"modified":"2021-08-17T09:59:30","modified_gmt":"2021-08-17T13:59:30","slug":"rondonienses-lancam-campanha-na-internet-para-frear-queimadas","status":"publish","type":"post","link":"http:\/\/blogdalucianaoliveira.com.br\/blog\/2021\/08\/17\/rondonienses-lancam-campanha-na-internet-para-frear-queimadas\/","title":{"rendered":"Rondonienses lan\u00e7am campanha na internet para frear queimadas"},"content":{"rendered":"\n<figure class=\"wp-block-image size-large\"><img loading=\"lazy\" decoding=\"async\" width=\"1131\" height=\"1600\" data-attachment-id=\"32649\" data-permalink=\"http:\/\/blogdalucianaoliveira.com.br\/blog\/2021\/08\/17\/rondonienses-lancam-campanha-na-internet-para-frear-queimadas\/whatsapp-image-2021-08-17-at-09-29-34\/\" data-orig-file=\"https:\/\/i0.wp.com\/blogdalucianaoliveira.com.br\/blog\/wp-content\/uploads\/2021\/08\/WhatsApp-Image-2021-08-17-at-09.29.34.jpeg?fit=1131%2C1600\" data-orig-size=\"1131,1600\" data-comments-opened=\"0\" data-image-meta=\"{&quot;aperture&quot;:&quot;0&quot;,&quot;credit&quot;:&quot;&quot;,&quot;camera&quot;:&quot;&quot;,&quot;caption&quot;:&quot;&quot;,&quot;created_timestamp&quot;:&quot;0&quot;,&quot;copyright&quot;:&quot;&quot;,&quot;focal_length&quot;:&quot;0&quot;,&quot;iso&quot;:&quot;0&quot;,&quot;shutter_speed&quot;:&quot;0&quot;,&quot;title&quot;:&quot;&quot;,&quot;orientation&quot;:&quot;0&quot;}\" data-image-title=\"WhatsApp-Image-2021-08-17-at-09.29.34\" data-image-description=\"\" data-image-caption=\"\" data-medium-file=\"https:\/\/i0.wp.com\/blogdalucianaoliveira.com.br\/blog\/wp-content\/uploads\/2021\/08\/WhatsApp-Image-2021-08-17-at-09.29.34.jpeg?fit=212%2C300\" data-large-file=\"https:\/\/i0.wp.com\/blogdalucianaoliveira.com.br\/blog\/wp-content\/uploads\/2021\/08\/WhatsApp-Image-2021-08-17-at-09.29.34.jpeg?fit=600%2C849\" src=\"https:\/\/i0.wp.com\/blogdalucianaoliveira.com.br\/blog\/wp-content\/uploads\/2021\/08\/WhatsApp-Image-2021-08-17-at-09.29.34.jpeg?fit=600%2C849&amp;ssl=1\" alt=\"\" class=\"wp-image-32649\" srcset=\"https:\/\/i0.wp.com\/blogdalucianaoliveira.com.br\/blog\/wp-content\/uploads\/2021\/08\/WhatsApp-Image-2021-08-17-at-09.29.34.jpeg?w=1131 1131w, https:\/\/i0.wp.com\/blogdalucianaoliveira.com.br\/blog\/wp-content\/uploads\/2021\/08\/WhatsApp-Image-2021-08-17-at-09.29.34.jpeg?resize=212%2C300 212w, https:\/\/i0.wp.com\/blogdalucianaoliveira.com.br\/blog\/wp-content\/uploads\/2021\/08\/WhatsApp-Image-2021-08-17-at-09.29.34.jpeg?resize=724%2C1024 724w, https:\/\/i0.wp.com\/blogdalucianaoliveira.com.br\/blog\/wp-content\/uploads\/2021\/08\/WhatsApp-Image-2021-08-17-at-09.29.34.jpeg?resize=768%2C1086 768w, https:\/\/i0.wp.com\/blogdalucianaoliveira.com.br\/blog\/wp-content\/uploads\/2021\/08\/WhatsApp-Image-2021-08-17-at-09.29.34.jpeg?resize=1086%2C1536 1086w\" sizes=\"auto, (max-width: 600px) 100vw, 600px\" \/><\/figure>\n\n\n\n<p>Com fotos, v\u00eddeos e tema de perfil em rede social internautas aderiram a campanha contra queimadas.<\/p>\n\n\n\n<p>A fuma\u00e7a invade casas e com\u00e9rcios e as doen\u00e7as respirat\u00f3rias aumentam todo per\u00edodo de queima, mas a situa\u00e7\u00e3o tem piorado muito nos \u00faltimos anos.<\/p>\n\n\n\n<!--more-->\n\n\n\n<p>Confira o texto da convoca\u00e7\u00e3o a protesto:<\/p>\n\n\n\n<p>Estamos em emerg\u00eancia ambiental e lan\u00e7amos uma campanha pelo fim das queimadas. Muita gente aderiu e a import\u00e2ncia desse gesto est\u00e1 na visibilidade dada ao elevado \u00edndice de degrada\u00e7\u00e3o em Rond\u00f4nia. Precisamos mostrar que n\u00e3o h\u00e1 esfor\u00e7os nem de governos nem da classe pol\u00edtica para frear a destrui\u00e7\u00e3o florestal. <\/p>\n\n\n\n<p>Pelo contr\u00e1rio, h\u00e1 est\u00edmulo ao desenvolvimento sem nenhuma responsabilidade com o futuro ambiental, clim\u00e1tico e econ\u00f4mico. O hist\u00f3rico de degrada\u00e7\u00e3o em Rond\u00f4nia de tr\u00eas anos pra c\u00e1 aumentou muito. No bioma Amaz\u00f4nia, o estado est\u00e1 sempre no topo do ranking de focos de calor. <\/p>\n\n\n\n<p>Segundo dados do INPE, hoje Rond\u00f4nia est\u00e1 entre os 10 estados com mais focos de janeiro a agosto de 2021. A capital, Porto Velho, ocupa o terceiro lugar no ano, com mais de 13% de responsabilidade na destrui\u00e7\u00e3o das florestas. Precisamos denunciar, pedir socorro e exigir recupera\u00e7\u00e3o ambiental.<\/p>\n\n\n\n<p>PARTICIPE! Use suas redes sociais para gritar pro mundo ouvir que EST\u00c3O QUEIMANDO O NOSSO FUTURO. <a href=\"https:\/\/www.facebook.com\/hashtag\/sosrondonia?__eep__=6&amp;__cft__[0]=AZW4mJdbr-2F-9vzlhtJtvOWBAW2AXMsLO5m43NdqueJgLZghRyEFjzehExkW9x3DgmCC6VHWte0IUZ-xIZcsAnJ_uejfDP_wfws9jcZ9oRScKv2TgeM4WU8y_4ao4a6ofvHxAs_RdRjQeBHMSan3EFX&amp;__tn__=*NK-R\">#sosrondonia<\/a><\/p>\n\n\n\n<figure class=\"wp-block-embed-youtube wp-block-embed is-type-video is-provider-youtube wp-embed-aspect-16-9 wp-has-aspect-ratio\"><div class=\"wp-block-embed__wrapper\">\n<div class=\"jetpack-video-wrapper\"><span class=\"embed-youtube\" style=\"text-align:center; display: block;\"><iframe loading=\"lazy\" class=\"youtube-player\" width=\"600\" height=\"338\" src=\"https:\/\/www.youtube.com\/embed\/i4lzsmpJ9a4?version=3&#038;rel=1&#038;showsearch=0&#038;showinfo=1&#038;iv_load_policy=1&#038;fs=1&#038;hl=pt-BR&#038;autohide=2&#038;wmode=transparent\" allowfullscreen=\"true\" style=\"border:0;\" sandbox=\"allow-scripts allow-same-origin allow-popups allow-presentation allow-popups-to-escape-sandbox\"><\/iframe><\/span><\/div>\n<\/div><\/figure>\n\n\n\n<p>A m\u00fasica tema da campanha \u00e9 do cantor A Black Z.<\/p>\n\n\n\n<p>Confira: <\/p>\n\n\n\n<figure class=\"wp-block-embed-youtube wp-block-embed is-type-video is-provider-youtube wp-embed-aspect-16-9 wp-has-aspect-ratio\"><div class=\"wp-block-embed__wrapper\">\n<div class=\"jetpack-video-wrapper\"><iframe loading=\"lazy\" title=\"A Black Z - Pachamama (Clipe Oficial)\" width=\"600\" height=\"338\" src=\"https:\/\/www.youtube.com\/embed\/uO3plZ7Oejk?feature=oembed\" frameborder=\"0\" allow=\"accelerometer; autoplay; clipboard-write; encrypted-media; gyroscope; picture-in-picture; web-share\" referrerpolicy=\"strict-origin-when-cross-origin\" allowfullscreen><\/iframe><\/div>\n<\/div><\/figure>\n\n\n\n<p>Link para adicionar tema feito por Rafael Altomar, clique abaixo:<\/p>\n\n\n\n<p><a href=\"https:\/\/www.facebook.com\/profilepicframes\/?selected_overlay_id=1466456617066850\">https:\/\/www.facebook.com\/profilepicframes\/?selected_overlay_id=1466456617066850<\/a><\/p>\n","protected":false},"excerpt":{"rendered":"<p>Com fotos, v\u00eddeos e tema de perfil em rede social internautas aderiram a campanha contra queimadas. A fuma\u00e7a invade casas e com\u00e9rcios e as doen\u00e7as respirat\u00f3rias aumentam todo per\u00edodo de queima, mas a situa\u00e7\u00e3o tem piorado muito nos \u00faltimos anos.<\/p>\n","protected":false},"author":1,"featured_media":0,"comment_status":"closed","ping_status":"open","sticky":false,"template":"","format":"standard","meta":{"_exactmetrics_skip_tracking":false,"_exactmetrics_sitenote_active":false,"_exactmetrics_sitenote_note":"","_exactmetrics_sitenote_category":0,"jetpack_post_was_ever_published":false,"_jetpack_newsletter_access":"","_jetpack_dont_email_post_to_subs":false,"_jetpack_newsletter_tier_id":0,"_jetpack_memberships_contains_paywalled_content":false,"_jetpack_memberships_contains_paid_content":false,"footnotes":"","jetpack_publicize_message":"","jetpack_publicize_feature_enabled":true,"jetpack_social_post_already_shared":true,"jetpack_social_options":{"image_generator_settings":{"template":"highway","enabled":false},"version":2}},"categories":[1],"tags":[580,386,295,603],"class_list":["post-32648","post","type-post","status-publish","format-standard","hentry","category-notas","tag-destruicao","tag-meio-ambiente","tag-queimadas","tag-sosrondonia"],"jetpack_publicize_connections":[],"jetpack_sharing_enabled":true,"jetpack_featured_media_url":"","jetpack_shortlink":"https:\/\/wp.me\/p7wKYW-8uA","jetpack-related-posts":[],"_links":{"self":[{"href":"http:\/\/blogdalucianaoliveira.com.br\/blog\/wp-json\/wp\/v2\/posts\/32648","targetHints":{"allow":["GET"]}}],"collection":[{"href":"http:\/\/blogdalucianaoliveira.com.br\/blog\/wp-json\/wp\/v2\/posts"}],"about":[{"href":"http:\/\/blogdalucianaoliveira.com.br\/blog\/wp-json\/wp\/v2\/types\/post"}],"author":[{"embeddable":true,"href":"http:\/\/blogdalucianaoliveira.com.br\/blog\/wp-json\/wp\/v2\/users\/1"}],"replies":[{"embeddable":true,"href":"http:\/\/blogdalucianaoliveira.com.br\/blog\/wp-json\/wp\/v2\/comments?post=32648"}],"version-history":[{"count":2,"href":"http:\/\/blogdalucianaoliveira.com.br\/blog\/wp-json\/wp\/v2\/posts\/32648\/revisions"}],"predecessor-version":[{"id":32651,"href":"http:\/\/blogdalucianaoliveira.com.br\/blog\/wp-json\/wp\/v2\/posts\/32648\/revisions\/32651"}],"wp:attachment":[{"href":"http:\/\/blogdalucianaoliveira.com.br\/blog\/wp-json\/wp\/v2\/media?parent=32648"}],"wp:term":[{"taxonomy":"category","embeddable":true,"href":"http:\/\/blogdalucianaoliveira.com.br\/blog\/wp-json\/wp\/v2\/categories?post=32648"},{"taxonomy":"post_tag","embeddable":true,"href":"http:\/\/blogdalucianaoliveira.com.br\/blog\/wp-json\/wp\/v2\/tags?post=32648"}],"curies":[{"name":"wp","href":"https:\/\/api.w.org\/{rel}","templated":true}]}}