{"id":32653,"date":"2021-08-19T10:21:39","date_gmt":"2021-08-19T14:21:39","guid":{"rendered":"http:\/\/blogdalucianaoliveira.com.br\/blog\/?p=32653"},"modified":"2021-08-19T10:25:26","modified_gmt":"2021-08-19T14:25:26","slug":"fumaca-de-queimadas-cobre-rondonia","status":"publish","type":"post","link":"http:\/\/blogdalucianaoliveira.com.br\/blog\/2021\/08\/19\/fumaca-de-queimadas-cobre-rondonia\/","title":{"rendered":"Fuma\u00e7a de queimadas cobre Rond\u00f4nia"},"content":{"rendered":"\n<figure class=\"wp-block-image size-large\"><img loading=\"lazy\" decoding=\"async\" width=\"1506\" height=\"1106\" data-attachment-id=\"32654\" data-permalink=\"http:\/\/blogdalucianaoliveira.com.br\/blog\/2021\/08\/19\/fumaca-de-queimadas-cobre-rondonia\/whatsapp-image-2021-08-19-at-10-09-13\/\" data-orig-file=\"https:\/\/i0.wp.com\/blogdalucianaoliveira.com.br\/blog\/wp-content\/uploads\/2021\/08\/WhatsApp-Image-2021-08-19-at-10.09.13.jpeg?fit=1506%2C1106\" data-orig-size=\"1506,1106\" data-comments-opened=\"0\" data-image-meta=\"{&quot;aperture&quot;:&quot;0&quot;,&quot;credit&quot;:&quot;&quot;,&quot;camera&quot;:&quot;&quot;,&quot;caption&quot;:&quot;&quot;,&quot;created_timestamp&quot;:&quot;0&quot;,&quot;copyright&quot;:&quot;&quot;,&quot;focal_length&quot;:&quot;0&quot;,&quot;iso&quot;:&quot;0&quot;,&quot;shutter_speed&quot;:&quot;0&quot;,&quot;title&quot;:&quot;&quot;,&quot;orientation&quot;:&quot;0&quot;}\" data-image-title=\"WhatsApp-Image-2021-08-19-at-10.09.13\" data-image-description=\"\" data-image-caption=\"\" data-medium-file=\"https:\/\/i0.wp.com\/blogdalucianaoliveira.com.br\/blog\/wp-content\/uploads\/2021\/08\/WhatsApp-Image-2021-08-19-at-10.09.13.jpeg?fit=300%2C220\" data-large-file=\"https:\/\/i0.wp.com\/blogdalucianaoliveira.com.br\/blog\/wp-content\/uploads\/2021\/08\/WhatsApp-Image-2021-08-19-at-10.09.13.jpeg?fit=600%2C441\" src=\"https:\/\/i0.wp.com\/blogdalucianaoliveira.com.br\/blog\/wp-content\/uploads\/2021\/08\/WhatsApp-Image-2021-08-19-at-10.09.13.jpeg?fit=600%2C441&amp;ssl=1\" alt=\"\" class=\"wp-image-32654\" srcset=\"https:\/\/i0.wp.com\/blogdalucianaoliveira.com.br\/blog\/wp-content\/uploads\/2021\/08\/WhatsApp-Image-2021-08-19-at-10.09.13.jpeg?w=1506 1506w, https:\/\/i0.wp.com\/blogdalucianaoliveira.com.br\/blog\/wp-content\/uploads\/2021\/08\/WhatsApp-Image-2021-08-19-at-10.09.13.jpeg?resize=300%2C220 300w, https:\/\/i0.wp.com\/blogdalucianaoliveira.com.br\/blog\/wp-content\/uploads\/2021\/08\/WhatsApp-Image-2021-08-19-at-10.09.13.jpeg?resize=1024%2C752 1024w, https:\/\/i0.wp.com\/blogdalucianaoliveira.com.br\/blog\/wp-content\/uploads\/2021\/08\/WhatsApp-Image-2021-08-19-at-10.09.13.jpeg?resize=768%2C564 768w, https:\/\/i0.wp.com\/blogdalucianaoliveira.com.br\/blog\/wp-content\/uploads\/2021\/08\/WhatsApp-Image-2021-08-19-at-10.09.13.jpeg?resize=408%2C300 408w, https:\/\/i0.wp.com\/blogdalucianaoliveira.com.br\/blog\/wp-content\/uploads\/2021\/08\/WhatsApp-Image-2021-08-19-at-10.09.13.jpeg?w=1200 1200w\" sizes=\"auto, (max-width: 600px) 100vw, 600px\" \/><\/figure>\n\n\n\n<p>O c\u00e9u que no hino do estado \u00e9 cantado como \u2018mais azul\u201d tem amanhecido cada vez mais cinza neste per\u00edodo de seca e queimadas. De longe e do alto, o rio Madeira j\u00e1 n\u00e3o \u00e9 visto na paisagem na regi\u00e3o central.<\/p>\n\n\n\n<p>Hoje a Amaz\u00f4nia \u00e9 o bioma mais\ndestru\u00eddo pelo fogo, com 41% dos focos registrados no per\u00edodo anual.<\/p>\n\n\n\n<p>Rond\u00f4nia \u00e9 o terceiro estado com\nmais focos de calor, segundo dados do Instituto Nacional de Pesquisas\nEspaciais, o INPE.<\/p>\n\n\n\n<p>Na compara\u00e7\u00e3o entre o agosto de 2020 e 2021, h\u00e1 aumento de focos de 2683 para 3419 e faltando 12 dias para o fim do m\u00eas.<\/p>\n\n\n\n<p>Sua capital, Porto Velho, est\u00e1 em terceiro lugar no ranking do INPE com 1451 focos, o equivalente a 13% da destrui\u00e7\u00e3o.<\/p>\n\n\n\n<figure class=\"wp-block-image size-large\"><img loading=\"lazy\" decoding=\"async\" width=\"1389\" height=\"757\" data-attachment-id=\"32655\" data-permalink=\"http:\/\/blogdalucianaoliveira.com.br\/blog\/2021\/08\/19\/fumaca-de-queimadas-cobre-rondonia\/whatsapp-image-2021-08-19-at-10-08-55\/\" data-orig-file=\"https:\/\/i0.wp.com\/blogdalucianaoliveira.com.br\/blog\/wp-content\/uploads\/2021\/08\/WhatsApp-Image-2021-08-19-at-10.08.55.jpeg?fit=1389%2C757\" data-orig-size=\"1389,757\" data-comments-opened=\"0\" data-image-meta=\"{&quot;aperture&quot;:&quot;0&quot;,&quot;credit&quot;:&quot;&quot;,&quot;camera&quot;:&quot;&quot;,&quot;caption&quot;:&quot;&quot;,&quot;created_timestamp&quot;:&quot;0&quot;,&quot;copyright&quot;:&quot;&quot;,&quot;focal_length&quot;:&quot;0&quot;,&quot;iso&quot;:&quot;0&quot;,&quot;shutter_speed&quot;:&quot;0&quot;,&quot;title&quot;:&quot;&quot;,&quot;orientation&quot;:&quot;0&quot;}\" data-image-title=\"WhatsApp-Image-2021-08-19-at-10.08.55\" data-image-description=\"\" data-image-caption=\"\" data-medium-file=\"https:\/\/i0.wp.com\/blogdalucianaoliveira.com.br\/blog\/wp-content\/uploads\/2021\/08\/WhatsApp-Image-2021-08-19-at-10.08.55.jpeg?fit=300%2C163\" data-large-file=\"https:\/\/i0.wp.com\/blogdalucianaoliveira.com.br\/blog\/wp-content\/uploads\/2021\/08\/WhatsApp-Image-2021-08-19-at-10.08.55.jpeg?fit=600%2C327\" src=\"https:\/\/i0.wp.com\/blogdalucianaoliveira.com.br\/blog\/wp-content\/uploads\/2021\/08\/WhatsApp-Image-2021-08-19-at-10.08.55.jpeg?fit=600%2C327&amp;ssl=1\" alt=\"\" class=\"wp-image-32655\" srcset=\"https:\/\/i0.wp.com\/blogdalucianaoliveira.com.br\/blog\/wp-content\/uploads\/2021\/08\/WhatsApp-Image-2021-08-19-at-10.08.55.jpeg?w=1389 1389w, https:\/\/i0.wp.com\/blogdalucianaoliveira.com.br\/blog\/wp-content\/uploads\/2021\/08\/WhatsApp-Image-2021-08-19-at-10.08.55.jpeg?resize=300%2C163 300w, https:\/\/i0.wp.com\/blogdalucianaoliveira.com.br\/blog\/wp-content\/uploads\/2021\/08\/WhatsApp-Image-2021-08-19-at-10.08.55.jpeg?resize=1024%2C558 1024w, https:\/\/i0.wp.com\/blogdalucianaoliveira.com.br\/blog\/wp-content\/uploads\/2021\/08\/WhatsApp-Image-2021-08-19-at-10.08.55.jpeg?resize=768%2C419 768w, https:\/\/i0.wp.com\/blogdalucianaoliveira.com.br\/blog\/wp-content\/uploads\/2021\/08\/WhatsApp-Image-2021-08-19-at-10.08.55.jpeg?resize=550%2C300 550w, https:\/\/i0.wp.com\/blogdalucianaoliveira.com.br\/blog\/wp-content\/uploads\/2021\/08\/WhatsApp-Image-2021-08-19-at-10.08.55.jpeg?w=1200 1200w\" sizes=\"auto, (max-width: 600px) 100vw, 600px\" \/><\/figure>\n\n\n\n<p>A plataforma Monitoramento Rural que mapeia o estrago diariamente mostra nesta quinta-feira, 19, que os focos se concentram, al\u00e9m da capital, nos munic\u00edpios de Candeias do Jamari, Cujubim e Nova Mamor\u00e9.<\/p>\n\n\n\n<p>Esses munic\u00edpios t\u00eam a maior quantidade de rebanho bovino do estado, conforme dados do segundo semestre de 2020 da Ag\u00eancia de Defesa Sanit\u00e1ria Agrosilvopastoril, a IDARON.<\/p>\n\n\n\n<p>A boiada \u00e9 fogo e tamb\u00e9m motivo de Rond\u00f4nia ser a grande pot\u00eancia produtiva de carne e derivados na Amaz\u00f4nia.<\/p>\n\n\n\n<p>O lucro est\u00e1 acima da vida e estudos comprovam que futuramente o arrependimento n\u00e3o v\u00e3o aplacar o inevit\u00e1vel preju\u00edzo econ\u00f4mico com o descontrole ambiental. <\/p>\n\n\n\n<p>No portal da IDARON, \u00e9 flagrante\na \u2018fake News\u2019 do governo bolsonarista que exalta esfor\u00e7os para o desenvolvimento\nsustent\u00e1vel.<\/p>\n\n\n\n<p>\u201cRond\u00f4nia exporta praticamente\ntoda de sua produ\u00e7\u00e3o, 76 milh\u00f5es de toneladas de carne por trimestre, que tem\num efeito de US$ 329 milh\u00f5es (d\u00f3lares) no mesmo per\u00edodo na balan\u00e7a comercial do\nEstado, constituindo no c\u00f4mputo anual um total de US$ 1,3 bilh\u00e3o com a\nexporta\u00e7\u00e3o de 304 milh\u00f5es de toneladas de carne, segundo dados do N\u00facleo de\nAgrodados da Secretaria de Estado da Agricultura (Seagri)\u201d, divulga o portal.<\/p>\n\n\n\n<p>Na realidade o que se v\u00ea a cada dia \u00e9 a abertura de novas \u00e1reas para a agricultura e pecu\u00e1ria com degrada\u00e7\u00e3o ambiental por cima de tudo e de todos.<\/p>\n\n\n\n<p>O lucro com atividades intensas e descontroladas de pecu\u00e1ria e soja t\u00eam colocado o estado no topo do ranking de desmatamentos e queimadas, o que nada tem a ver com sustentabilidade.<\/p>\n\n\n\n<p>A \u00e1rea plantada de soja, cultura\nagr\u00edcola que tamb\u00e9m impulsiona a economia do estado aumentou 13,8% de acordo\ncom a Companhia Nacional de Abastecimento (Conab) na compara\u00e7\u00e3o das safras\n2019\/2020 e a produ\u00e7\u00e3o subiu 8,1%.<\/p>\n\n\n\n<p>\u201cPara esta safra 2020\/21, a\ncolheita deve alcan\u00e7ar 1.215,4 mil toneladas. A \u00faltima semeadura foi realizada\nno final de fevereiro e a colheita do gr\u00e3o se estendeu at\u00e9 o final de maio\ndeste ano, devido ao in\u00edcio do vazio sanit\u00e1rio, previsto para ser iniciado em\njunho. Em rela\u00e7\u00e3o \u00e0 exporta\u00e7\u00e3o, em 2020, o Estado exportou o valor de US$ 421\nmilh\u00f5es de d\u00f3lares em soja, com aumento de 9,15%, se comparado ao ano de 2019,\nonde atingiu o valor de US$ 386 milh\u00f5es\u201d, diz a mat\u00e9ria publicada pela\nSecretaria Estadual de Agrocultura.<\/p>\n\n\n\n<p>De janeiro para c\u00e1 o governador Marcos Rocha tem se esfor\u00e7ado para aumentar o que considera ser \u2018vantajoso\u2019 custe o que custar.<\/p>\n\n\n\n<p>Sem a m\u00ednima preocupa\u00e7\u00e3o com os recursos naturais que n\u00e3o s\u00e3o inesgot\u00e1veis e com os povos origin\u00e1rios, prop\u00f4s e sancionou altera\u00e7\u00f5es de Unidades de Conserva\u00e7\u00e3o que v\u00e3o provocar incalcul\u00e1vel desequil\u00edbrio ambiental, clim\u00e1tico e econ\u00f4mico. \u00a0A atualiza\u00e7\u00e3o do Zoneamento Socioecon\u00f4mico e ecol\u00f3gico, aproximando \u00e1reas intensas de produ\u00e7\u00e3o de zonas proibidas, est\u00e1 na Assembleia Legislativa e deve ser aprovada em breve.<\/p>\n\n\n\n<p>Al\u00e9m disso, liberou o garimpo\nnos rios do estado, estimulando outra atividade danosa ao meio ambiente.<\/p>\n\n\n\n<p>H\u00e1 uma escalada de destrui\u00e7\u00e3o que\npode provocar um ciclo irrepar\u00e1vel de genoc\u00eddio, etnoc\u00eddio e ecoc\u00eddio em Rond\u00f4nia.<\/p>\n\n\n\n<p>Tudo est\u00e1 acontecendo muito rapidamente\npor a\u00e7\u00e3o e omiss\u00e3o da classe pol\u00edtica do estado que v\u00ea apenas os votos do\neleitorado do agroneg\u00f3cio.<\/p>\n\n\n\n<p>Em todos os munic\u00edpios h\u00e1 campanha\ncom outdoor de apoio ao governo Bolsonaro em nome do setor.<\/p>\n\n\n\n<p>Segundo fonte, foram financiados por um poderoso empres\u00e1rio ruralista que se engaja na pol\u00edtica antiambiental do presidente  <\/p>\n\n\n\n<figure class=\"wp-block-image size-large\"><img data-recalc-dims=\"1\" loading=\"lazy\" decoding=\"async\" width=\"600\" height=\"306\" data-attachment-id=\"32657\" data-permalink=\"http:\/\/blogdalucianaoliveira.com.br\/blog\/2021\/08\/19\/fumaca-de-queimadas-cobre-rondonia\/whatsapp-image-2021-08-19-at-10-23-06\/\" data-orig-file=\"https:\/\/i0.wp.com\/blogdalucianaoliveira.com.br\/blog\/wp-content\/uploads\/2021\/08\/WhatsApp-Image-2021-08-19-at-10.23.06.jpeg?fit=664%2C339\" data-orig-size=\"664,339\" data-comments-opened=\"0\" data-image-meta=\"{&quot;aperture&quot;:&quot;0&quot;,&quot;credit&quot;:&quot;&quot;,&quot;camera&quot;:&quot;&quot;,&quot;caption&quot;:&quot;&quot;,&quot;created_timestamp&quot;:&quot;0&quot;,&quot;copyright&quot;:&quot;&quot;,&quot;focal_length&quot;:&quot;0&quot;,&quot;iso&quot;:&quot;0&quot;,&quot;shutter_speed&quot;:&quot;0&quot;,&quot;title&quot;:&quot;&quot;,&quot;orientation&quot;:&quot;0&quot;}\" data-image-title=\"WhatsApp-Image-2021-08-19-at-10.23.06\" data-image-description=\"\" data-image-caption=\"\" data-medium-file=\"https:\/\/i0.wp.com\/blogdalucianaoliveira.com.br\/blog\/wp-content\/uploads\/2021\/08\/WhatsApp-Image-2021-08-19-at-10.23.06.jpeg?fit=300%2C153\" data-large-file=\"https:\/\/i0.wp.com\/blogdalucianaoliveira.com.br\/blog\/wp-content\/uploads\/2021\/08\/WhatsApp-Image-2021-08-19-at-10.23.06.jpeg?fit=600%2C306\" src=\"https:\/\/i0.wp.com\/blogdalucianaoliveira.com.br\/blog\/wp-content\/uploads\/2021\/08\/WhatsApp-Image-2021-08-19-at-10.23.06.jpeg?resize=600%2C306&#038;ssl=1\" alt=\"\" class=\"wp-image-32657\" srcset=\"https:\/\/i0.wp.com\/blogdalucianaoliveira.com.br\/blog\/wp-content\/uploads\/2021\/08\/WhatsApp-Image-2021-08-19-at-10.23.06.jpeg?w=664 664w, https:\/\/i0.wp.com\/blogdalucianaoliveira.com.br\/blog\/wp-content\/uploads\/2021\/08\/WhatsApp-Image-2021-08-19-at-10.23.06.jpeg?resize=300%2C153 300w, https:\/\/i0.wp.com\/blogdalucianaoliveira.com.br\/blog\/wp-content\/uploads\/2021\/08\/WhatsApp-Image-2021-08-19-at-10.23.06.jpeg?resize=588%2C300 588w\" sizes=\"auto, (max-width: 600px) 100vw, 600px\" \/><\/figure>\n","protected":false},"excerpt":{"rendered":"<p>O c\u00e9u que no hino do estado \u00e9 cantado como \u2018mais azul\u201d tem amanhecido cada vez mais cinza neste per\u00edodo de seca e queimadas. De longe e do alto, o rio Madeira j\u00e1 n\u00e3o \u00e9 visto na paisagem na regi\u00e3o central. Hoje a Amaz\u00f4nia \u00e9 o bioma mais destru\u00eddo pelo fogo, com 41% dos focos&#8230;<a class=\"more-link\" href=\"http:\/\/blogdalucianaoliveira.com.br\/blog\/2021\/08\/19\/fumaca-de-queimadas-cobre-rondonia\/\">Continue a leitura <span class=\"meta-nav\">&raquo;<\/span><\/a><\/p>\n","protected":false},"author":1,"featured_media":0,"comment_status":"closed","ping_status":"open","sticky":false,"template":"","format":"standard","meta":{"_exactmetrics_skip_tracking":false,"_exactmetrics_sitenote_active":false,"_exactmetrics_sitenote_note":"","_exactmetrics_sitenote_category":0,"jetpack_post_was_ever_published":false,"_jetpack_newsletter_access":"","_jetpack_dont_email_post_to_subs":false,"_jetpack_newsletter_tier_id":0,"_jetpack_memberships_contains_paywalled_content":false,"_jetpack_memberships_contains_paid_content":false,"footnotes":"","jetpack_publicize_message":"","jetpack_publicize_feature_enabled":true,"jetpack_social_post_already_shared":true,"jetpack_social_options":{"image_generator_settings":{"template":"highway","enabled":false},"version":2}},"categories":[1],"tags":[53,372,295,7],"class_list":["post-32653","post","type-post","status-publish","format-standard","hentry","category-notas","tag-bolsonaro","tag-marcos-rocha","tag-queimadas","tag-rondonia"],"jetpack_publicize_connections":[],"jetpack_sharing_enabled":true,"jetpack_featured_media_url":"","jetpack_shortlink":"https:\/\/wp.me\/p7wKYW-8uF","jetpack-related-posts":[],"_links":{"self":[{"href":"http:\/\/blogdalucianaoliveira.com.br\/blog\/wp-json\/wp\/v2\/posts\/32653","targetHints":{"allow":["GET"]}}],"collection":[{"href":"http:\/\/blogdalucianaoliveira.com.br\/blog\/wp-json\/wp\/v2\/posts"}],"about":[{"href":"http:\/\/blogdalucianaoliveira.com.br\/blog\/wp-json\/wp\/v2\/types\/post"}],"author":[{"embeddable":true,"href":"http:\/\/blogdalucianaoliveira.com.br\/blog\/wp-json\/wp\/v2\/users\/1"}],"replies":[{"embeddable":true,"href":"http:\/\/blogdalucianaoliveira.com.br\/blog\/wp-json\/wp\/v2\/comments?post=32653"}],"version-history":[{"count":3,"href":"http:\/\/blogdalucianaoliveira.com.br\/blog\/wp-json\/wp\/v2\/posts\/32653\/revisions"}],"predecessor-version":[{"id":32659,"href":"http:\/\/blogdalucianaoliveira.com.br\/blog\/wp-json\/wp\/v2\/posts\/32653\/revisions\/32659"}],"wp:attachment":[{"href":"http:\/\/blogdalucianaoliveira.com.br\/blog\/wp-json\/wp\/v2\/media?parent=32653"}],"wp:term":[{"taxonomy":"category","embeddable":true,"href":"http:\/\/blogdalucianaoliveira.com.br\/blog\/wp-json\/wp\/v2\/categories?post=32653"},{"taxonomy":"post_tag","embeddable":true,"href":"http:\/\/blogdalucianaoliveira.com.br\/blog\/wp-json\/wp\/v2\/tags?post=32653"}],"curies":[{"name":"wp","href":"https:\/\/api.w.org\/{rel}","templated":true}]}}