{"id":32660,"date":"2021-08-20T09:50:31","date_gmt":"2021-08-20T13:50:31","guid":{"rendered":"http:\/\/blogdalucianaoliveira.com.br\/blog\/?p=32660"},"modified":"2021-08-20T13:29:36","modified_gmt":"2021-08-20T17:29:36","slug":"com-oito-vezes-mais-gado-que-gente-em-rondonia-fumaca-por-cima-de-tudo-e-de-todos","status":"publish","type":"post","link":"http:\/\/blogdalucianaoliveira.com.br\/blog\/2021\/08\/20\/com-oito-vezes-mais-gado-que-gente-em-rondonia-fumaca-por-cima-de-tudo-e-de-todos\/","title":{"rendered":"Com oito vezes mais gado que gente em Rond\u00f4nia, fuma\u00e7a por cima de tudo e de todos"},"content":{"rendered":"\n<figure class=\"wp-block-image size-large\"><img data-recalc-dims=\"1\" loading=\"lazy\" decoding=\"async\" width=\"600\" height=\"450\" data-attachment-id=\"32662\" data-permalink=\"http:\/\/blogdalucianaoliveira.com.br\/blog\/2021\/08\/20\/com-oito-vezes-mais-gado-que-gente-em-rondonia-fumaca-por-cima-de-tudo-e-de-todos\/239799327_4394422820633587_3458830275459086261_n\/\" data-orig-file=\"https:\/\/i0.wp.com\/blogdalucianaoliveira.com.br\/blog\/wp-content\/uploads\/2021\/08\/239799327_4394422820633587_3458830275459086261_n.jpg?fit=1024%2C768\" data-orig-size=\"1024,768\" data-comments-opened=\"0\" data-image-meta=\"{&quot;aperture&quot;:&quot;0&quot;,&quot;credit&quot;:&quot;&quot;,&quot;camera&quot;:&quot;&quot;,&quot;caption&quot;:&quot;&quot;,&quot;created_timestamp&quot;:&quot;0&quot;,&quot;copyright&quot;:&quot;&quot;,&quot;focal_length&quot;:&quot;0&quot;,&quot;iso&quot;:&quot;0&quot;,&quot;shutter_speed&quot;:&quot;0&quot;,&quot;title&quot;:&quot;&quot;,&quot;orientation&quot;:&quot;0&quot;}\" data-image-title=\"239799327_4394422820633587_3458830275459086261_n\" data-image-description=\"\" data-image-caption=\"\" data-medium-file=\"https:\/\/i0.wp.com\/blogdalucianaoliveira.com.br\/blog\/wp-content\/uploads\/2021\/08\/239799327_4394422820633587_3458830275459086261_n.jpg?fit=300%2C225\" data-large-file=\"https:\/\/i0.wp.com\/blogdalucianaoliveira.com.br\/blog\/wp-content\/uploads\/2021\/08\/239799327_4394422820633587_3458830275459086261_n.jpg?fit=600%2C450\" src=\"https:\/\/i0.wp.com\/blogdalucianaoliveira.com.br\/blog\/wp-content\/uploads\/2021\/08\/239799327_4394422820633587_3458830275459086261_n.jpg?resize=600%2C450&#038;ssl=1\" alt=\"\" class=\"wp-image-32662\" srcset=\"https:\/\/i0.wp.com\/blogdalucianaoliveira.com.br\/blog\/wp-content\/uploads\/2021\/08\/239799327_4394422820633587_3458830275459086261_n.jpg?w=1024 1024w, https:\/\/i0.wp.com\/blogdalucianaoliveira.com.br\/blog\/wp-content\/uploads\/2021\/08\/239799327_4394422820633587_3458830275459086261_n.jpg?resize=300%2C225 300w, https:\/\/i0.wp.com\/blogdalucianaoliveira.com.br\/blog\/wp-content\/uploads\/2021\/08\/239799327_4394422820633587_3458830275459086261_n.jpg?resize=768%2C576 768w, https:\/\/i0.wp.com\/blogdalucianaoliveira.com.br\/blog\/wp-content\/uploads\/2021\/08\/239799327_4394422820633587_3458830275459086261_n.jpg?resize=400%2C300 400w\" sizes=\"auto, (max-width: 600px) 100vw, 600px\" \/><\/figure>\n\n\n\n<p>Rond\u00f4nia e sua capital ocupam nesta sexta-feira, 20, o sexto lugar no ranking de focos de calor nas \u00faltimas 48 horas. Nos \u00faltimos cinco anos, nos \u00faltimos cinco meses e neste m\u00eas, Porto Velho aparece no topo dos munic\u00edpios com mais focos no per\u00edodo de 1 a 19 de agosto. <br><\/p>\n\n\n\n<p>Rond\u00f4nia tem oito vezes mais gado que gente. Quem mais importa?<\/p>\n\n\n\n<p>Quem se importa?O deputado estadual Cirone Deir\u00f3 disse em plen\u00e1rio que \u201cdentro do estado de Rondonia o nosso maior patrim\u00f4nio \u00e9 o rebanho bovino\u201d. O &#8216;lucro&#8217; acima de tudo e de todos. <a href=\"https:\/\/www.facebook.com\/hashtag\/sosrondonia?__eep__=6&amp;__cft__[0]=AZWkZTBAmDs_ioWybNGk42j5FdbZCr_S-5LV6KHI2eeVUYQR-6lKMEcQiu0LlSjKqqNGWJe3rgxHsxtDIdheJ8T0iwMCuTV8oV7Yu6SZg3KKE-nh7oFdE-AiSQ0PoIOMwoA&amp;__tn__=*NK-R\">#SOSRondonia<\/a>Oa dados s\u00e3o do INPE e a fala do deputado foi transmitida ao vivo em sess\u00e3o de vota\u00e7\u00e3o do PL 080 que reduziu Unidades de Conserva\u00e7\u00e3o para  a boiada passar.<a href=\"https:\/\/www.facebook.com\/photo\/?fbid=4394422817300254&amp;set=a.278584732217437&amp;__cft__[0]=AZWkZTBAmDs_ioWybNGk42j5FdbZCr_S-5LV6KHI2eeVUYQR-6lKMEcQiu0LlSjKqqNGWJe3rgxHsxtDIdheJ8T0iwMCuTV8oV7Yu6SZg3KKE-nh7oFdE-AiSQ0PoIOMwoA&amp;__tn__=EH-R\"><\/a><\/p>\n\n\n\n<!--more-->\n\n\n\n<p><\/p>\n\n\n\n<div class=\"fb-video\" data-allowfullscreen=\"true\" data-href=\"https:\/\/www.facebook.com\/100001977379087\/videos\/4005802096162330\/\"><\/div>\n","protected":false},"excerpt":{"rendered":"<p>Rond\u00f4nia e sua capital ocupam nesta sexta-feira, 20, o sexto lugar no ranking de focos de calor nas \u00faltimas 48 horas. Nos \u00faltimos cinco anos, nos \u00faltimos cinco meses e neste m\u00eas, Porto Velho aparece no topo dos munic\u00edpios com mais focos no per\u00edodo de 1 a 19 de agosto. Rond\u00f4nia tem oito vezes mais&#8230;<a class=\"more-link\" href=\"http:\/\/blogdalucianaoliveira.com.br\/blog\/2021\/08\/20\/com-oito-vezes-mais-gado-que-gente-em-rondonia-fumaca-por-cima-de-tudo-e-de-todos\/\">Continue a leitura <span class=\"meta-nav\">&raquo;<\/span><\/a><\/p>\n","protected":false},"author":1,"featured_media":0,"comment_status":"closed","ping_status":"open","sticky":false,"template":"","format":"standard","meta":{"_exactmetrics_skip_tracking":false,"_exactmetrics_sitenote_active":false,"_exactmetrics_sitenote_note":"","_exactmetrics_sitenote_category":0,"jetpack_post_was_ever_published":false,"_jetpack_newsletter_access":"","_jetpack_dont_email_post_to_subs":false,"_jetpack_newsletter_tier_id":0,"_jetpack_memberships_contains_paywalled_content":false,"_jetpack_memberships_contains_paid_content":false,"footnotes":"","jetpack_publicize_message":"","jetpack_publicize_feature_enabled":true,"jetpack_social_post_already_shared":true,"jetpack_social_options":{"image_generator_settings":{"template":"highway","enabled":false},"version":2}},"categories":[1],"tags":[605,604,295,7],"class_list":["post-32660","post","type-post","status-publish","format-standard","hentry","category-notas","tag-fumaca","tag-gado","tag-queimadas","tag-rondonia"],"jetpack_publicize_connections":[],"jetpack_sharing_enabled":true,"jetpack_featured_media_url":"","jetpack_shortlink":"https:\/\/wp.me\/p7wKYW-8uM","jetpack-related-posts":[],"_links":{"self":[{"href":"http:\/\/blogdalucianaoliveira.com.br\/blog\/wp-json\/wp\/v2\/posts\/32660","targetHints":{"allow":["GET"]}}],"collection":[{"href":"http:\/\/blogdalucianaoliveira.com.br\/blog\/wp-json\/wp\/v2\/posts"}],"about":[{"href":"http:\/\/blogdalucianaoliveira.com.br\/blog\/wp-json\/wp\/v2\/types\/post"}],"author":[{"embeddable":true,"href":"http:\/\/blogdalucianaoliveira.com.br\/blog\/wp-json\/wp\/v2\/users\/1"}],"replies":[{"embeddable":true,"href":"http:\/\/blogdalucianaoliveira.com.br\/blog\/wp-json\/wp\/v2\/comments?post=32660"}],"version-history":[{"count":4,"href":"http:\/\/blogdalucianaoliveira.com.br\/blog\/wp-json\/wp\/v2\/posts\/32660\/revisions"}],"predecessor-version":[{"id":32683,"href":"http:\/\/blogdalucianaoliveira.com.br\/blog\/wp-json\/wp\/v2\/posts\/32660\/revisions\/32683"}],"wp:attachment":[{"href":"http:\/\/blogdalucianaoliveira.com.br\/blog\/wp-json\/wp\/v2\/media?parent=32660"}],"wp:term":[{"taxonomy":"category","embeddable":true,"href":"http:\/\/blogdalucianaoliveira.com.br\/blog\/wp-json\/wp\/v2\/categories?post=32660"},{"taxonomy":"post_tag","embeddable":true,"href":"http:\/\/blogdalucianaoliveira.com.br\/blog\/wp-json\/wp\/v2\/tags?post=32660"}],"curies":[{"name":"wp","href":"https:\/\/api.w.org\/{rel}","templated":true}]}}