{"id":32666,"date":"2021-08-20T11:49:15","date_gmt":"2021-08-20T15:49:15","guid":{"rendered":"http:\/\/blogdalucianaoliveira.com.br\/blog\/?p=32666"},"modified":"2021-08-20T11:51:26","modified_gmt":"2021-08-20T15:51:26","slug":"unir-publica-edital-para-mestrado-e-doutorado-em-geografia","status":"publish","type":"post","link":"http:\/\/blogdalucianaoliveira.com.br\/blog\/2021\/08\/20\/unir-publica-edital-para-mestrado-e-doutorado-em-geografia\/","title":{"rendered":"UNIR publica edital para Mestrado e Doutorado em Geografia"},"content":{"rendered":"\n<p><\/p>\n\n\n\n<figure class=\"wp-block-image size-large\"><img data-recalc-dims=\"1\" loading=\"lazy\" decoding=\"async\" width=\"600\" height=\"339\" data-attachment-id=\"32667\" data-permalink=\"http:\/\/blogdalucianaoliveira.com.br\/blog\/2021\/08\/20\/unir-publica-edital-para-mestrado-e-doutorado-em-geografia\/fba68633-f721-4a61-90fd-3a00d3be1098\/\" data-orig-file=\"https:\/\/i0.wp.com\/blogdalucianaoliveira.com.br\/blog\/wp-content\/uploads\/2021\/08\/FBA68633-F721-4A61-90FD-3A00D3BE1098.jpeg?fit=828%2C468\" data-orig-size=\"828,468\" data-comments-opened=\"0\" data-image-meta=\"{&quot;aperture&quot;:&quot;0&quot;,&quot;credit&quot;:&quot;&quot;,&quot;camera&quot;:&quot;&quot;,&quot;caption&quot;:&quot;&quot;,&quot;created_timestamp&quot;:&quot;0&quot;,&quot;copyright&quot;:&quot;&quot;,&quot;focal_length&quot;:&quot;0&quot;,&quot;iso&quot;:&quot;0&quot;,&quot;shutter_speed&quot;:&quot;0&quot;,&quot;title&quot;:&quot;&quot;,&quot;orientation&quot;:&quot;1&quot;}\" data-image-title=\"FBA68633-F721-4A61-90FD-3A00D3BE1098\" data-image-description=\"\" data-image-caption=\"\" data-medium-file=\"https:\/\/i0.wp.com\/blogdalucianaoliveira.com.br\/blog\/wp-content\/uploads\/2021\/08\/FBA68633-F721-4A61-90FD-3A00D3BE1098.jpeg?fit=300%2C170\" data-large-file=\"https:\/\/i0.wp.com\/blogdalucianaoliveira.com.br\/blog\/wp-content\/uploads\/2021\/08\/FBA68633-F721-4A61-90FD-3A00D3BE1098.jpeg?fit=600%2C339\" src=\"https:\/\/i0.wp.com\/blogdalucianaoliveira.com.br\/blog\/wp-content\/uploads\/2021\/08\/FBA68633-F721-4A61-90FD-3A00D3BE1098.jpeg?resize=600%2C339\" alt=\"\" class=\"wp-image-32667\" srcset=\"https:\/\/i0.wp.com\/blogdalucianaoliveira.com.br\/blog\/wp-content\/uploads\/2021\/08\/FBA68633-F721-4A61-90FD-3A00D3BE1098.jpeg?w=828 828w, https:\/\/i0.wp.com\/blogdalucianaoliveira.com.br\/blog\/wp-content\/uploads\/2021\/08\/FBA68633-F721-4A61-90FD-3A00D3BE1098.jpeg?resize=300%2C170 300w, https:\/\/i0.wp.com\/blogdalucianaoliveira.com.br\/blog\/wp-content\/uploads\/2021\/08\/FBA68633-F721-4A61-90FD-3A00D3BE1098.jpeg?resize=768%2C434 768w, https:\/\/i0.wp.com\/blogdalucianaoliveira.com.br\/blog\/wp-content\/uploads\/2021\/08\/FBA68633-F721-4A61-90FD-3A00D3BE1098.jpeg?resize=531%2C300 531w\" sizes=\"auto, (max-width: 600px) 100vw, 600px\" \/><\/figure>\n\n\n<p><br>\n<br>\n<!--StartFragment--><\/p>\n\n\n<p>O Programa de P\u00f3s-gradua\u00e7\u00e3o em Geografia \u2013 PPGG da Universidade Federal de Rond\u00f4nia &#8211; UNIR torna p\u00fablico o edital de sele\u00e7\u00e3o para os cursos de Mestrado e Doutorado. O per\u00edodo de inscri\u00e7\u00e3o \u00e9 de 30\/08 a 30\/09\/2021, com o processo seletivo totalmente remoto.<\/p>\n\n\n\n<!--more-->\n\n\n\n<p>Neste ano, o PPGG ofertar\u00e1 41 vagas, sendo 25 de mestrado e 05 de a\u00e7\u00f5es afirmativas; 09 de doutorado e 02 de a\u00e7\u00f5es afirmativas. Composto por 13 docentes, o PPGG \u00e9 abrangente nos estudos amaz\u00f4nicos, com \u00c1rea de Concentra\u00e7\u00e3o \u201cAmbiente e Territ\u00f3rio na Pan-Amaz\u00f4nia\u201d e duas Linhas de Pesquisa: Paisagem, Processos do Meio F\u00edsico e Gest\u00e3o Ambiental \u2013PMG e Territ\u00f3rio e Sociedade na Pan-Amaz\u00f4nia \u2013TSP.<\/p>\n\n\n\n<p>Para o professor Ricardo Gilson,\ncoordenador do PPGG, o programa de p\u00f3s-gradua\u00e7\u00e3o se prop\u00f5e a formar pesquisadores\ne profissionais de alto n\u00edvel para a investiga\u00e7\u00e3o cient\u00edfica nas esferas da\nprodu\u00e7\u00e3o do espa\u00e7o geogr\u00e1fico, gest\u00e3o territorial e ambiental, din\u00e2micas\nespaciais rurais, urbanas e regionais, educa\u00e7\u00e3o geogr\u00e1fica, reconhecimento e\nfortalecimento das culturas amaz\u00f4nicas e dos territ\u00f3rios dos povos e\ncomunidades tradicionais.<\/p>\n\n\n\n<p>As inscri\u00e7\u00f5es ser\u00e3o\nrealizadas&nbsp;<strong>EXCLUSIVAMENTE<\/strong>&nbsp;pelo sistema SIGAA UNIR:<\/p>\n\n\n\n<p>Outras informa\u00e7\u00f5es, acessar o link: <a href=\"http:\/\/www.posgeografia.unir.br\/noticia\/exibir\/18147\">http:\/\/www.posgeografia.unir.br\/noticia\/exibir\/18147<\/a><\/p>\n\n\n<p><!--EndFragment--><br>\n<br>\n<\/p>","protected":false},"excerpt":{"rendered":"<p>O Programa de P\u00f3s-gradua\u00e7\u00e3o em Geografia \u2013 PPGG da Universidade Federal de Rond\u00f4nia &#8211; UNIR torna p\u00fablico o edital de sele\u00e7\u00e3o para os cursos de Mestrado e Doutorado. O per\u00edodo de inscri\u00e7\u00e3o \u00e9 de 30\/08 a 30\/09\/2021, com o processo seletivo totalmente remoto.<\/p>\n","protected":false},"author":1,"featured_media":0,"comment_status":"closed","ping_status":"open","sticky":false,"template":"","format":"standard","meta":{"_exactmetrics_skip_tracking":false,"_exactmetrics_sitenote_active":false,"_exactmetrics_sitenote_note":"","_exactmetrics_sitenote_category":0,"jetpack_post_was_ever_published":false,"_jetpack_newsletter_access":"","_jetpack_dont_email_post_to_subs":false,"_jetpack_newsletter_tier_id":0,"_jetpack_memberships_contains_paywalled_content":false,"_jetpack_memberships_contains_paid_content":false,"footnotes":"","jetpack_publicize_message":"","jetpack_publicize_feature_enabled":true,"jetpack_social_post_already_shared":true,"jetpack_social_options":{"image_generator_settings":{"template":"highway","enabled":false},"version":2}},"categories":[1],"tags":[],"class_list":["post-32666","post","type-post","status-publish","format-standard","hentry","category-notas"],"jetpack_publicize_connections":[],"jetpack_sharing_enabled":true,"jetpack_featured_media_url":"","jetpack_shortlink":"https:\/\/wp.me\/p7wKYW-8uS","jetpack-related-posts":[],"_links":{"self":[{"href":"http:\/\/blogdalucianaoliveira.com.br\/blog\/wp-json\/wp\/v2\/posts\/32666","targetHints":{"allow":["GET"]}}],"collection":[{"href":"http:\/\/blogdalucianaoliveira.com.br\/blog\/wp-json\/wp\/v2\/posts"}],"about":[{"href":"http:\/\/blogdalucianaoliveira.com.br\/blog\/wp-json\/wp\/v2\/types\/post"}],"author":[{"embeddable":true,"href":"http:\/\/blogdalucianaoliveira.com.br\/blog\/wp-json\/wp\/v2\/users\/1"}],"replies":[{"embeddable":true,"href":"http:\/\/blogdalucianaoliveira.com.br\/blog\/wp-json\/wp\/v2\/comments?post=32666"}],"version-history":[{"count":2,"href":"http:\/\/blogdalucianaoliveira.com.br\/blog\/wp-json\/wp\/v2\/posts\/32666\/revisions"}],"predecessor-version":[{"id":32669,"href":"http:\/\/blogdalucianaoliveira.com.br\/blog\/wp-json\/wp\/v2\/posts\/32666\/revisions\/32669"}],"wp:attachment":[{"href":"http:\/\/blogdalucianaoliveira.com.br\/blog\/wp-json\/wp\/v2\/media?parent=32666"}],"wp:term":[{"taxonomy":"category","embeddable":true,"href":"http:\/\/blogdalucianaoliveira.com.br\/blog\/wp-json\/wp\/v2\/categories?post=32666"},{"taxonomy":"post_tag","embeddable":true,"href":"http:\/\/blogdalucianaoliveira.com.br\/blog\/wp-json\/wp\/v2\/tags?post=32666"}],"curies":[{"name":"wp","href":"https:\/\/api.w.org\/{rel}","templated":true}]}}