{"id":32687,"date":"2021-08-23T17:40:50","date_gmt":"2021-08-23T21:40:50","guid":{"rendered":"http:\/\/blogdalucianaoliveira.com.br\/blog\/?p=32687"},"modified":"2021-08-23T17:40:55","modified_gmt":"2021-08-23T21:40:55","slug":"em-seu-segundo-dia-o-acampamento-luta-pela-vida-teve-sessoes-plenarias-cerimonia-espiritual-e-intensa-agenda-internacional","status":"publish","type":"post","link":"http:\/\/blogdalucianaoliveira.com.br\/blog\/2021\/08\/23\/em-seu-segundo-dia-o-acampamento-luta-pela-vida-teve-sessoes-plenarias-cerimonia-espiritual-e-intensa-agenda-internacional\/","title":{"rendered":"Em seu segundo dia, o Acampamento Luta pela Vida teve sess\u00f5es plen\u00e1rias, cerim\u00f4nia espiritual e intensa agenda internacional"},"content":{"rendered":"\n<figure class=\"wp-block-image size-large\"><img loading=\"lazy\" decoding=\"async\" width=\"1080\" height=\"675\" data-attachment-id=\"32688\" data-permalink=\"http:\/\/blogdalucianaoliveira.com.br\/blog\/2021\/08\/23\/em-seu-segundo-dia-o-acampamento-luta-pela-vida-teve-sessoes-plenarias-cerimonia-espiritual-e-intensa-agenda-internacional\/photo_2021-08-23-16-47-30-1080x675-1\/\" data-orig-file=\"https:\/\/i0.wp.com\/blogdalucianaoliveira.com.br\/blog\/wp-content\/uploads\/2021\/08\/photo_2021-08-23-16.47.30-1080x675-1.jpeg?fit=1080%2C675\" data-orig-size=\"1080,675\" data-comments-opened=\"0\" data-image-meta=\"{&quot;aperture&quot;:&quot;0&quot;,&quot;credit&quot;:&quot;&quot;,&quot;camera&quot;:&quot;&quot;,&quot;caption&quot;:&quot;&quot;,&quot;created_timestamp&quot;:&quot;0&quot;,&quot;copyright&quot;:&quot;&quot;,&quot;focal_length&quot;:&quot;0&quot;,&quot;iso&quot;:&quot;0&quot;,&quot;shutter_speed&quot;:&quot;0&quot;,&quot;title&quot;:&quot;&quot;,&quot;orientation&quot;:&quot;0&quot;}\" data-image-title=\"photo_2021-08-23-16.47.30-1080&amp;#215;675-1\" data-image-description=\"\" data-image-caption=\"\" data-medium-file=\"https:\/\/i0.wp.com\/blogdalucianaoliveira.com.br\/blog\/wp-content\/uploads\/2021\/08\/photo_2021-08-23-16.47.30-1080x675-1.jpeg?fit=300%2C188\" data-large-file=\"https:\/\/i0.wp.com\/blogdalucianaoliveira.com.br\/blog\/wp-content\/uploads\/2021\/08\/photo_2021-08-23-16.47.30-1080x675-1.jpeg?fit=600%2C375\" src=\"https:\/\/i0.wp.com\/blogdalucianaoliveira.com.br\/blog\/wp-content\/uploads\/2021\/08\/photo_2021-08-23-16.47.30-1080x675-1.jpeg?fit=600%2C375&amp;ssl=1\" alt=\"\" class=\"wp-image-32688\" srcset=\"https:\/\/i0.wp.com\/blogdalucianaoliveira.com.br\/blog\/wp-content\/uploads\/2021\/08\/photo_2021-08-23-16.47.30-1080x675-1.jpeg?w=1080 1080w, https:\/\/i0.wp.com\/blogdalucianaoliveira.com.br\/blog\/wp-content\/uploads\/2021\/08\/photo_2021-08-23-16.47.30-1080x675-1.jpeg?resize=300%2C188 300w, https:\/\/i0.wp.com\/blogdalucianaoliveira.com.br\/blog\/wp-content\/uploads\/2021\/08\/photo_2021-08-23-16.47.30-1080x675-1.jpeg?resize=1024%2C640 1024w, https:\/\/i0.wp.com\/blogdalucianaoliveira.com.br\/blog\/wp-content\/uploads\/2021\/08\/photo_2021-08-23-16.47.30-1080x675-1.jpeg?resize=768%2C480 768w, https:\/\/i0.wp.com\/blogdalucianaoliveira.com.br\/blog\/wp-content\/uploads\/2021\/08\/photo_2021-08-23-16.47.30-1080x675-1.jpeg?resize=480%2C300 480w\" sizes=\"auto, (max-width: 600px) 100vw, 600px\" \/><\/figure>\n\n\n\n<h4 class=\"wp-block-heading\"><em>Cerca de 5 mil ind\u00edgenas de todas as regi\u00f5es do Brasil est\u00e3o reunidos em Bras\u00edlia para reivindicar seus direitos<\/em><\/h4>\n\n\n\n<!--more-->\n\n\n\n<p>Por APIB <\/p>\n\n\n\n<p>Acesse a programa\u00e7\u00e3o completa\u00a0<a href=\"https:\/\/apiboficial.org\/luta-pela-vida\/\">aqui<\/a><\/p>\n\n\n\n<p>O segundo dia do Acampamento Luta pela Vida come\u00e7ou com a apresenta\u00e7\u00e3o das delega\u00e7\u00f5es ind\u00edgenas que est\u00e3o reunidas no acampamento. Neste momento, mais de 5 mil ind\u00edgenas, de 117 povos de todas as regi\u00f5es do Brasil, se fazem presentes na Esplanada dos Minist\u00e9rios, em Bras\u00edlia. Esta manh\u00e3, em um momento de apresenta\u00e7\u00f5es culturais, as delega\u00e7\u00f5es tiveram a oportunidade de exibir as suas dan\u00e7as e cantos tradicionais, refor\u00e7ando a ancestralidade cultural compartilhada entre os povos.<\/p>\n\n\n\n<p>\u00c0 tarde, a coordena\u00e7\u00e3o da Apib e suas organiza\u00e7\u00f5es regionais tiveram um momento para apresentar suas considera\u00e7\u00f5es sobre os desafios que os Povos Ind\u00edgenas enfrentam em todo o pa\u00eds. As organiza\u00e7\u00f5es regionais que comp\u00f5em a Apib s\u00e3o: Articula\u00e7\u00e3o dos Povos Ind\u00edgenas do Nordeste, Minas Gerais e Esp\u00edrito Santo (APOINME), Conselho do Povo Terena, Articula\u00e7\u00e3o dos Povos Ind\u00edgenas do Sudeste (ARPINSUDESTE), Articula\u00e7\u00e3o dos Povos Ind\u00edgenas do Sul (ARPINSUL), Grande Assembleia dos Povos Guarani Kaiow\u00e1 (Aty Guasu), Coordena\u00e7\u00e3o das Organiza\u00e7\u00f5es Ind\u00edgenas da Amaz\u00f4nia Brasileira (COIAB) e Comiss\u00e3o Guarani Yvyrupa.<br>\u201c\u00c9 importante destacar tamb\u00e9m, que nosso acampamento desenvolveu uma s\u00e9rie de protocolos sanit\u00e1rios, dedicados a refor\u00e7ar as normas existentes da OMS. Todos os ind\u00edgenas que est\u00e3o no acampamento devem ser vacinados, obrigatoriamente para poder acompanhar nosso acampamento. Nos sentimos obrigados a nos fazer presente em Bras\u00edlia, neste cen\u00e1rio t\u00e3o desolador que est\u00e1 sendo promovido tanto pelo Congresso Nacional, mas principalmente pelo Governo Federal no que tange o direito dos povos ind\u00edgenas. Mediante a isso, n\u00f3s mobilizamos nossas bases para estarem presentes nesse momento, no per\u00edodo de 22 \u00e0 28 de agosto, em Bras\u00edlia, na luta pelos direitos dos povos ind\u00edgenas, principalmente garantindo o nosso bem-viver e dos nossos territ\u00f3rios.\u201d Dinamam Tux\u00e1, Coordenador da Articula\u00e7\u00e3o dos Povos Ind\u00edgenas do Brasil (Apib).<br><strong>Povos Ind\u00edgenas do Brasil recebem apoio internacional<\/strong><br>O acampamento recebeu a visita da comitiva da Progressive International, articula\u00e7\u00e3o que re\u00fane entidades de direitos humanos, partidos pol\u00edticos, sindicatos e outras institui\u00e7\u00f5es do campo progressista de diversos pa\u00edses. A comitiva foi recepcionada por representantes dos Povos Munduruku e Kayap\u00f3, que aproveitaram o encontro para denunciar os impactos que est\u00e3o enfrentando devido a projetos de infraestrutura pr\u00f3ximos \u00e0s suas terras.<\/p>\n\n\n\n<p>Representantes da Apib entregaram c\u00f3pias do&nbsp;<a href=\"https:\/\/apiboficial.org\/files\/2021\/08\/DOSSIE_pt_v3web.pdf\">Dossi\u00ea Internacional<\/a>&nbsp;lan\u00e7ado na semana passada para servir como instrumento de den\u00fancia global. O documento traz uma s\u00e9rie de den\u00fancias sobre as amea\u00e7as e a viol\u00eancia cometidas pelo Governo de Bolsonaro contra os povos ind\u00edgenas.<\/p>\n\n\n\n<p>Ainda no dia de hoje, uma delega\u00e7\u00e3o da Apib foi convidada para visitar a Embaixada da Noruega, onde tamb\u00e9m puderam entregar o Dossi\u00ea e demandar apoio para sua luta ao Embaixador Sr. Nils Martin Gunneng, e ao oficial do programa, Sr. Kristian Bengston.<\/p>\n\n\n\n<p><strong>Na\u00e7\u00f5es Unidas reafirmam direitos dos Povos Ind\u00edgenas do Brasil<\/strong><br>Francisco Cali Tzay, Relator Especial da ONU sobre os direitos dos povos ind\u00edgenas,&nbsp;<a href=\"https:\/\/www.ohchr.org\/EN\/NewsEvents\/Pages\/DisplayNews.aspx?NewsID=27400&amp;LangID=E\">pediu hoje ao Supremo Tribunal Federal (STF)&nbsp;<\/a>que garanta os direitos dos povos ind\u00edgenas a suas terras e territ\u00f3rios, e que rejeite um argumento legal promovido por agentes comerciais com o fim de explorar recursos naturais em terras ind\u00edgenas tradicionais, referindo-se \u00e0 tese do Marco Temporal.<\/p>\n\n\n\n<p>\u201cA aceita\u00e7\u00e3o de uma doutrina de marco temporal resultaria em uma nega\u00e7\u00e3o significativa de justi\u00e7a para muitos povos ind\u00edgenas que buscam o reconhecimento de seus direitos tradicionais \u00e0 terra. De acordo com a Constitui\u00e7\u00e3o, os povos ind\u00edgenas t\u00eam direito \u00e0 posse permanente das terras que tradicionalmente ocupam\u201d, disse Francisco. A afirma\u00e7\u00e3o refor\u00e7a a relev\u00e2ncia e a necessidade de defender o direito dos povos ind\u00edgenas a seus territ\u00f3rios.<\/p>\n\n\n\n<p><strong>Plen\u00e1ria Os Cinco Poderes<\/strong><br>\u00c0s 15h foi realizada a Plen\u00e1ria \u2018Os Cinco Poderes\u2019, para promover uma an\u00e1lise de conjuntura sobre os poderes legislativo, executivo, judici\u00e1rio e os poderes popular e espiritual. \u00c0 noite, os Povos Ind\u00edgenas celebram o in\u00edcio deste encontro com uma Pajelan\u00e7a: um ritual religioso para refor\u00e7ar a alian\u00e7a dos Povos. Ap\u00f3s a cerim\u00f4nia, a M\u00eddia \u00cdndia (@midiaindia) vai organizar a exibi\u00e7\u00e3o de v\u00eddeo: \u201cMem\u00f3ria e Luta\u201d.<\/p>\n\n\n\n<p>\u201cEssa plen\u00e1ria que fala dos cinco poderes \u00e9 muito importante dentro do acampamento Luta pela Vida e ela tem um significado muito grande porque ela passa pela discuss\u00e3o do legislativo, do judici\u00e1rio e do executivo mas ela lembra do quarto poder que s\u00e3o as massas, que \u00e9 o povo. Que \u00e9 a na\u00e7\u00e3o brasileira como um todo, n\u00e3o s\u00f3 os povos ind\u00edgenas, mas o povo brasileiro que \u00e9 o quarto poder. E a\u00ed a gente fala no quinto poder como sendo o espiritual. As divindades regem as nossas vidas, rege as comunidades, d\u00e1 for\u00e7a nos momentos de dificuldade nas invas\u00e3o dos garimpeiros, dos madeireiros, contra os mineradores, contra as PECs e PLs e portarias, contra todas as mazelas do homem e tamb\u00e9m espiritual, tamb\u00e9m contra a pandemia, contra doen\u00e7as\u201d refor\u00e7a Marcos Sabaru, assessor pol\u00edtico da Apib.<\/p>\n","protected":false},"excerpt":{"rendered":"<p>Cerca de 5 mil ind\u00edgenas de todas as regi\u00f5es do Brasil est\u00e3o reunidos em Bras\u00edlia para reivindicar seus direitos<\/p>\n","protected":false},"author":1,"featured_media":0,"comment_status":"closed","ping_status":"open","sticky":false,"template":"","format":"standard","meta":{"_exactmetrics_skip_tracking":false,"_exactmetrics_sitenote_active":false,"_exactmetrics_sitenote_note":"","_exactmetrics_sitenote_category":0,"jetpack_post_was_ever_published":false,"_jetpack_newsletter_access":"","_jetpack_dont_email_post_to_subs":false,"_jetpack_newsletter_tier_id":0,"_jetpack_memberships_contains_paywalled_content":false,"_jetpack_memberships_contains_paid_content":false,"footnotes":"","jetpack_publicize_message":"","jetpack_publicize_feature_enabled":true,"jetpack_social_post_already_shared":true,"jetpack_social_options":{"image_generator_settings":{"template":"highway","enabled":false},"version":2}},"categories":[1],"tags":[],"class_list":["post-32687","post","type-post","status-publish","format-standard","hentry","category-notas"],"jetpack_publicize_connections":[],"jetpack_sharing_enabled":true,"jetpack_featured_media_url":"","jetpack_shortlink":"https:\/\/wp.me\/p7wKYW-8vd","jetpack-related-posts":[],"_links":{"self":[{"href":"http:\/\/blogdalucianaoliveira.com.br\/blog\/wp-json\/wp\/v2\/posts\/32687","targetHints":{"allow":["GET"]}}],"collection":[{"href":"http:\/\/blogdalucianaoliveira.com.br\/blog\/wp-json\/wp\/v2\/posts"}],"about":[{"href":"http:\/\/blogdalucianaoliveira.com.br\/blog\/wp-json\/wp\/v2\/types\/post"}],"author":[{"embeddable":true,"href":"http:\/\/blogdalucianaoliveira.com.br\/blog\/wp-json\/wp\/v2\/users\/1"}],"replies":[{"embeddable":true,"href":"http:\/\/blogdalucianaoliveira.com.br\/blog\/wp-json\/wp\/v2\/comments?post=32687"}],"version-history":[{"count":1,"href":"http:\/\/blogdalucianaoliveira.com.br\/blog\/wp-json\/wp\/v2\/posts\/32687\/revisions"}],"predecessor-version":[{"id":32689,"href":"http:\/\/blogdalucianaoliveira.com.br\/blog\/wp-json\/wp\/v2\/posts\/32687\/revisions\/32689"}],"wp:attachment":[{"href":"http:\/\/blogdalucianaoliveira.com.br\/blog\/wp-json\/wp\/v2\/media?parent=32687"}],"wp:term":[{"taxonomy":"category","embeddable":true,"href":"http:\/\/blogdalucianaoliveira.com.br\/blog\/wp-json\/wp\/v2\/categories?post=32687"},{"taxonomy":"post_tag","embeddable":true,"href":"http:\/\/blogdalucianaoliveira.com.br\/blog\/wp-json\/wp\/v2\/tags?post=32687"}],"curies":[{"name":"wp","href":"https:\/\/api.w.org\/{rel}","templated":true}]}}