{"id":32690,"date":"2021-08-23T18:46:34","date_gmt":"2021-08-23T22:46:34","guid":{"rendered":"http:\/\/blogdalucianaoliveira.com.br\/blog\/?p=32690"},"modified":"2021-08-23T18:46:40","modified_gmt":"2021-08-23T22:46:40","slug":"a-familia-bolsonaro-so-pensa-em-cadeia","status":"publish","type":"post","link":"http:\/\/blogdalucianaoliveira.com.br\/blog\/2021\/08\/23\/a-familia-bolsonaro-so-pensa-em-cadeia\/","title":{"rendered":"A fam\u00edlia Bolsonaro s\u00f3 pensa em cadeia"},"content":{"rendered":"\n<figure class=\"wp-block-image\"><img data-recalc-dims=\"1\" decoding=\"async\" src=\"https:\/\/i0.wp.com\/publisher-publish.s3.eu-central-1.amazonaws.com\/pb-brasil247\/swp\/jtjeq9\/media\/20210325080336_671864dd-c844-4145-8771-7d349dddca1c.jpg?w=600&#038;ssl=1\" alt=\"Fl\u00e1vio, Jair, Eduardo e Carlos Bolsonaro\"\/><\/figure>\n\n\n\n<p>247, <strong>Por Mois\u00e9s Mendes, do\u00a0<\/strong><a rel=\"noreferrer noopener\" target=\"_blank\" href=\"https:\/\/www.catarse.me\/jornalistaspelademocracia\"><strong>Jornalistas pela Democracia<\/strong><\/a> &#8211; A corda ficaria bem esticada se, na carona de um passo em falso dos Bolsonaros, pedissem a pris\u00e3o de um dos filhos. Se Flavio, Eduardo ou Carluxo ca\u00edssem, a corda poderia rebentar, ou n\u00e3o.<\/p>\n\n\n\n<!--more-->\n\n\n\n<p>Mas prender com que argumento? Flavio n\u00e3o se desvencilhou como pretendia dos rolos das rachadinhas, mas h\u00e3o h\u00e1 nada que indique que deva estar em pris\u00e3o tempor\u00e1ria ou preventiva. \u00c9 senador, \u00e9 complicado.<\/p>\n\n\n\n<p>Eduardo, o que mais tem falado, est\u00e1 envolvido no inqu\u00e9rito das fake news, mas que acusa\u00e7\u00e3o hoje poderia provocar uma pris\u00e3o? Esse tamb\u00e9m \u00e9 o caso de Carluxo, que anda quieto e no ano passado poderia, dizem, ter sido enquadrado na Lei de Seguran\u00e7a Nacional<\/p>\n\n\n\n<p>Por que ent\u00e3o eles ficam falando que um dos manos pode ser preso? No dia 17, quando do depoimento de Braga Netto em audi\u00eancia conjunta de comiss\u00f5es da C\u00e2mara, Eduardo disse:<\/p>\n\n\n\n<p>\u201cAqui nessa casa h\u00e1 deputados cogitando a pris\u00e3o do meu irm\u00e3o\u201d.<br><\/p>\n\n\n\n<p>Dois depois, em entrevista, o rapaz se queixou do cerco de Alexandre de Moraes:<\/p>\n\n\n\n<p>\u201cQual seria o pr\u00f3ximo passo? Prender o presidente? Prender um dos filhos?\u201d<\/p>\n\n\n\n<p>Bolsonaro e os filhos se comportam como l\u00edderes mafiosos cercados e autorreferentes. Bolsonaro n\u00e3o fala de nada do governo, de nenhum projeto, da pandemia, de obras, das reformas de Arthur Lira, nada.&nbsp;<br><\/p>\n\n\n\n<p>S\u00f3 fala de como a fam\u00edlia tenta se defender de suspeitas, ind\u00edcios e acusa\u00e7\u00f5es. \u00c9 a \u00fanica ocupa\u00e7\u00e3o dos Bolsonaros, depois que a hist\u00f3ria do voto impresso foi sepultada pela C\u00e2mara.<\/p>\n\n\n\n<p>Eduardo foi fazer interven\u00e7\u00f5es, no depoimento de Braga Netto, para defender o irm\u00e3o, s\u00f3 isso. Chegamos a uma situa\u00e7\u00e3o em que o que mais temos, a todo momento, \u00e9 a fam\u00edlia esperneando.<\/p>\n\n\n\n<p>Os Bolsonaro dizem a todo momento que um deles pode ser preso, como se esse alerta fosse uma estrat\u00e9gia para preparar resist\u00eancias.&nbsp;<br><\/p>\n\n\n\n<p>Mas resist\u00eancia de quem? Quem poderia reagir hoje a uma pris\u00e3o de um dos Bolsonaros, mesmo que isso seja improv\u00e1vel? Braga Netto reagiria \u00e0 pris\u00e3o de Carluxo? Com mais uma nota ou com jipes? Bolsonaro acionaria milicianos? As pol\u00edcias militares? &nbsp;<\/p>\n\n\n\n<p>Todo debate sobre os riscos representados pelas a\u00e7\u00f5es do Supremo contra a extrema direita \u00e9 repetitivo e acaba acionando a fam\u00edlia em defesa da pr\u00f3pria fam\u00edlia.<\/p>\n\n\n\n<p>H\u00e1 mais de um ano os Bolsonaros lidam com esse medo, sempre a partir de alertas que estariam sendo dados pelos movimentos de Alexandre de Moraes. Isso vem desde abril.<\/p>\n\n\n\n<p>Mas o que temos at\u00e9 agora \u00e9 a pris\u00e3o da chinelagem. O Supremo vai comendo a valentia dos Bolsonaros pelas bordas, pegando o entorno e ainda longe do miolo.<\/p>\n\n\n\n<p>A lista de presos e\/ou liberados \u00e9 de gente do segundo e do terceiro times. Sara Winter, Oswaldo Eust\u00e1quio, Daniel Silveira, Roberto Jefferson e uma turma que em 2020 cercou a casa de Alexandre de Moraes em S\u00e3o Paulo.<\/p>\n\n\n\n<p>S\u00f3 a chinelagem do bolsonarismo experimentou a cadeia at\u00e9 agora, alguns por poucos dias. Se mandarem prender o blogueiro Allan dos Santos, o n\u00edvel continuar\u00e1 o mesmo.<\/p>\n\n\n\n<p>D\u00e1 pra ir al\u00e9m dessa turma e qualificar a cadeia? Talvez n\u00e3o. Os Bolsonaros devem saber que n\u00e3o, mas insinuam que sim.&nbsp;<\/p>\n\n\n\n<p>O pai e os filhos gostam desse jogo em que sugerem que est\u00e3o sempre escapando de cercos injustos e de que eles s\u00e3o os mocinhos. A fam\u00edlia acorda pensando em cadeia, passa o dia vagabundeando e falando de cadeia e dorme e sonha com a cadeia.<br><\/p>\n\n\n\n<p><br><\/p>\n\n\n\n<p><\/p>\n","protected":false},"excerpt":{"rendered":"<p>247, Por Mois\u00e9s Mendes, do\u00a0Jornalistas pela Democracia &#8211; A corda ficaria bem esticada se, na carona de um passo em falso dos Bolsonaros, pedissem a pris\u00e3o de um dos filhos. Se Flavio, Eduardo ou Carluxo ca\u00edssem, a corda poderia rebentar, ou n\u00e3o.<\/p>\n","protected":false},"author":1,"featured_media":0,"comment_status":"closed","ping_status":"open","sticky":false,"template":"","format":"standard","meta":{"_exactmetrics_skip_tracking":false,"_exactmetrics_sitenote_active":false,"_exactmetrics_sitenote_note":"","_exactmetrics_sitenote_category":0,"jetpack_post_was_ever_published":false,"_jetpack_newsletter_access":"","_jetpack_dont_email_post_to_subs":false,"_jetpack_newsletter_tier_id":0,"_jetpack_memberships_contains_paywalled_content":false,"_jetpack_memberships_contains_paid_content":false,"footnotes":"","jetpack_publicize_message":"","jetpack_publicize_feature_enabled":true,"jetpack_social_post_already_shared":true,"jetpack_social_options":{"image_generator_settings":{"template":"highway","enabled":false},"version":2}},"categories":[1],"tags":[],"class_list":["post-32690","post","type-post","status-publish","format-standard","hentry","category-notas"],"jetpack_publicize_connections":[],"jetpack_sharing_enabled":true,"jetpack_featured_media_url":"","jetpack_shortlink":"https:\/\/wp.me\/p7wKYW-8vg","jetpack-related-posts":[],"_links":{"self":[{"href":"http:\/\/blogdalucianaoliveira.com.br\/blog\/wp-json\/wp\/v2\/posts\/32690","targetHints":{"allow":["GET"]}}],"collection":[{"href":"http:\/\/blogdalucianaoliveira.com.br\/blog\/wp-json\/wp\/v2\/posts"}],"about":[{"href":"http:\/\/blogdalucianaoliveira.com.br\/blog\/wp-json\/wp\/v2\/types\/post"}],"author":[{"embeddable":true,"href":"http:\/\/blogdalucianaoliveira.com.br\/blog\/wp-json\/wp\/v2\/users\/1"}],"replies":[{"embeddable":true,"href":"http:\/\/blogdalucianaoliveira.com.br\/blog\/wp-json\/wp\/v2\/comments?post=32690"}],"version-history":[{"count":1,"href":"http:\/\/blogdalucianaoliveira.com.br\/blog\/wp-json\/wp\/v2\/posts\/32690\/revisions"}],"predecessor-version":[{"id":32691,"href":"http:\/\/blogdalucianaoliveira.com.br\/blog\/wp-json\/wp\/v2\/posts\/32690\/revisions\/32691"}],"wp:attachment":[{"href":"http:\/\/blogdalucianaoliveira.com.br\/blog\/wp-json\/wp\/v2\/media?parent=32690"}],"wp:term":[{"taxonomy":"category","embeddable":true,"href":"http:\/\/blogdalucianaoliveira.com.br\/blog\/wp-json\/wp\/v2\/categories?post=32690"},{"taxonomy":"post_tag","embeddable":true,"href":"http:\/\/blogdalucianaoliveira.com.br\/blog\/wp-json\/wp\/v2\/tags?post=32690"}],"curies":[{"name":"wp","href":"https:\/\/api.w.org\/{rel}","templated":true}]}}