{"id":32692,"date":"2021-08-24T08:24:04","date_gmt":"2021-08-24T12:24:04","guid":{"rendered":"http:\/\/blogdalucianaoliveira.com.br\/blog\/?p=32692"},"modified":"2021-08-24T08:25:09","modified_gmt":"2021-08-24T12:25:09","slug":"em-rondonia-o-agro-nao-para-de-queimar-e-destruir","status":"publish","type":"post","link":"http:\/\/blogdalucianaoliveira.com.br\/blog\/2021\/08\/24\/em-rondonia-o-agro-nao-para-de-queimar-e-destruir\/","title":{"rendered":"Em Rond\u00f4nia o agro n\u00e3o para. De queimar e destruir"},"content":{"rendered":"\n<figure class=\"wp-block-image size-large\"><img loading=\"lazy\" decoding=\"async\" width=\"1600\" height=\"1150\" data-attachment-id=\"32693\" data-permalink=\"http:\/\/blogdalucianaoliveira.com.br\/blog\/2021\/08\/24\/em-rondonia-o-agro-nao-para-de-queimar-e-destruir\/whatsapp-image-2021-08-24-at-08-15-38\/\" data-orig-file=\"https:\/\/i0.wp.com\/blogdalucianaoliveira.com.br\/blog\/wp-content\/uploads\/2021\/08\/WhatsApp-Image-2021-08-24-at-08.15.38.jpeg?fit=1600%2C1150\" data-orig-size=\"1600,1150\" data-comments-opened=\"0\" data-image-meta=\"{&quot;aperture&quot;:&quot;0&quot;,&quot;credit&quot;:&quot;&quot;,&quot;camera&quot;:&quot;&quot;,&quot;caption&quot;:&quot;&quot;,&quot;created_timestamp&quot;:&quot;0&quot;,&quot;copyright&quot;:&quot;&quot;,&quot;focal_length&quot;:&quot;0&quot;,&quot;iso&quot;:&quot;0&quot;,&quot;shutter_speed&quot;:&quot;0&quot;,&quot;title&quot;:&quot;&quot;,&quot;orientation&quot;:&quot;0&quot;}\" data-image-title=\"WhatsApp-Image-2021-08-24-at-08.15.38\" data-image-description=\"\" data-image-caption=\"\" data-medium-file=\"https:\/\/i0.wp.com\/blogdalucianaoliveira.com.br\/blog\/wp-content\/uploads\/2021\/08\/WhatsApp-Image-2021-08-24-at-08.15.38.jpeg?fit=300%2C216\" data-large-file=\"https:\/\/i0.wp.com\/blogdalucianaoliveira.com.br\/blog\/wp-content\/uploads\/2021\/08\/WhatsApp-Image-2021-08-24-at-08.15.38.jpeg?fit=600%2C431\" src=\"https:\/\/i0.wp.com\/blogdalucianaoliveira.com.br\/blog\/wp-content\/uploads\/2021\/08\/WhatsApp-Image-2021-08-24-at-08.15.38.jpeg?fit=600%2C431&amp;ssl=1\" alt=\"\" class=\"wp-image-32693\" srcset=\"https:\/\/i0.wp.com\/blogdalucianaoliveira.com.br\/blog\/wp-content\/uploads\/2021\/08\/WhatsApp-Image-2021-08-24-at-08.15.38.jpeg?w=1600 1600w, https:\/\/i0.wp.com\/blogdalucianaoliveira.com.br\/blog\/wp-content\/uploads\/2021\/08\/WhatsApp-Image-2021-08-24-at-08.15.38.jpeg?resize=300%2C216 300w, https:\/\/i0.wp.com\/blogdalucianaoliveira.com.br\/blog\/wp-content\/uploads\/2021\/08\/WhatsApp-Image-2021-08-24-at-08.15.38.jpeg?resize=1024%2C736 1024w, https:\/\/i0.wp.com\/blogdalucianaoliveira.com.br\/blog\/wp-content\/uploads\/2021\/08\/WhatsApp-Image-2021-08-24-at-08.15.38.jpeg?resize=768%2C552 768w, https:\/\/i0.wp.com\/blogdalucianaoliveira.com.br\/blog\/wp-content\/uploads\/2021\/08\/WhatsApp-Image-2021-08-24-at-08.15.38.jpeg?resize=1536%2C1104 1536w, https:\/\/i0.wp.com\/blogdalucianaoliveira.com.br\/blog\/wp-content\/uploads\/2021\/08\/WhatsApp-Image-2021-08-24-at-08.15.38.jpeg?resize=417%2C300 417w, https:\/\/i0.wp.com\/blogdalucianaoliveira.com.br\/blog\/wp-content\/uploads\/2021\/08\/WhatsApp-Image-2021-08-24-at-08.15.38.jpeg?w=1200 1200w\" sizes=\"auto, (max-width: 600px) 100vw, 600px\" \/><\/figure>\n\n\n\n<p>Porto Velho s\u00f3 perde em focos de calor nas \u00daLTIMAS 48 HORAS\npara Porto Murtinho, <strong>epicentro dos inc\u00eandios em Mato Grosso do Sul<\/strong>&nbsp;nos \u00faltimos dias. <\/p>\n\n\n\n<p>No per\u00edodo ANUAL, Porto Velho ocupa o terceiro lugar no\nranking do fogo e o quinto no per\u00edodo MENSAL, segundo o INPE.<\/p>\n\n\n\n<!--more-->\n\n\n\n<p>O Monitoramento Rural informa que Rond\u00f4nia tem na manh\u00e3 desta\nter\u00e7a-feira, 24, 2285 focos de calor. <\/p>\n\n\n\n<p>S\u00f3 na capital s\u00e3o mais de 800 focos.<\/p>\n\n\n\n<figure class=\"wp-block-image size-large\"><img loading=\"lazy\" decoding=\"async\" width=\"1600\" height=\"757\" data-attachment-id=\"32694\" data-permalink=\"http:\/\/blogdalucianaoliveira.com.br\/blog\/2021\/08\/24\/em-rondonia-o-agro-nao-para-de-queimar-e-destruir\/whatsapp-image-2021-08-24-at-08-15-39-1\/\" data-orig-file=\"https:\/\/i0.wp.com\/blogdalucianaoliveira.com.br\/blog\/wp-content\/uploads\/2021\/08\/WhatsApp-Image-2021-08-24-at-08.15.39-1.jpeg?fit=1600%2C757\" data-orig-size=\"1600,757\" data-comments-opened=\"0\" data-image-meta=\"{&quot;aperture&quot;:&quot;0&quot;,&quot;credit&quot;:&quot;&quot;,&quot;camera&quot;:&quot;&quot;,&quot;caption&quot;:&quot;&quot;,&quot;created_timestamp&quot;:&quot;0&quot;,&quot;copyright&quot;:&quot;&quot;,&quot;focal_length&quot;:&quot;0&quot;,&quot;iso&quot;:&quot;0&quot;,&quot;shutter_speed&quot;:&quot;0&quot;,&quot;title&quot;:&quot;&quot;,&quot;orientation&quot;:&quot;0&quot;}\" data-image-title=\"WhatsApp-Image-2021-08-24-at-08.15.39-1\" data-image-description=\"\" data-image-caption=\"\" data-medium-file=\"https:\/\/i0.wp.com\/blogdalucianaoliveira.com.br\/blog\/wp-content\/uploads\/2021\/08\/WhatsApp-Image-2021-08-24-at-08.15.39-1.jpeg?fit=300%2C142\" data-large-file=\"https:\/\/i0.wp.com\/blogdalucianaoliveira.com.br\/blog\/wp-content\/uploads\/2021\/08\/WhatsApp-Image-2021-08-24-at-08.15.39-1.jpeg?fit=600%2C284\" src=\"https:\/\/i0.wp.com\/blogdalucianaoliveira.com.br\/blog\/wp-content\/uploads\/2021\/08\/WhatsApp-Image-2021-08-24-at-08.15.39-1.jpeg?fit=600%2C284&amp;ssl=1\" alt=\"\" class=\"wp-image-32694\" srcset=\"https:\/\/i0.wp.com\/blogdalucianaoliveira.com.br\/blog\/wp-content\/uploads\/2021\/08\/WhatsApp-Image-2021-08-24-at-08.15.39-1.jpeg?w=1600 1600w, https:\/\/i0.wp.com\/blogdalucianaoliveira.com.br\/blog\/wp-content\/uploads\/2021\/08\/WhatsApp-Image-2021-08-24-at-08.15.39-1.jpeg?resize=300%2C142 300w, https:\/\/i0.wp.com\/blogdalucianaoliveira.com.br\/blog\/wp-content\/uploads\/2021\/08\/WhatsApp-Image-2021-08-24-at-08.15.39-1.jpeg?resize=1024%2C484 1024w, https:\/\/i0.wp.com\/blogdalucianaoliveira.com.br\/blog\/wp-content\/uploads\/2021\/08\/WhatsApp-Image-2021-08-24-at-08.15.39-1.jpeg?resize=768%2C363 768w, https:\/\/i0.wp.com\/blogdalucianaoliveira.com.br\/blog\/wp-content\/uploads\/2021\/08\/WhatsApp-Image-2021-08-24-at-08.15.39-1.jpeg?resize=1536%2C727 1536w, https:\/\/i0.wp.com\/blogdalucianaoliveira.com.br\/blog\/wp-content\/uploads\/2021\/08\/WhatsApp-Image-2021-08-24-at-08.15.39-1.jpeg?resize=634%2C300 634w, https:\/\/i0.wp.com\/blogdalucianaoliveira.com.br\/blog\/wp-content\/uploads\/2021\/08\/WhatsApp-Image-2021-08-24-at-08.15.39-1.jpeg?w=1200 1200w\" sizes=\"auto, (max-width: 600px) 100vw, 600px\" \/><\/figure>\n\n\n\n<p>Em Rond\u00f4nia o fogo se concentra em munic\u00edpios com intensas atividades agr\u00edcolas e pecu\u00e1rias.<\/p>\n\n\n\n<figure class=\"wp-block-image size-large\"><img data-recalc-dims=\"1\" loading=\"lazy\" decoding=\"async\" width=\"600\" height=\"1006\" data-attachment-id=\"32695\" data-permalink=\"http:\/\/blogdalucianaoliveira.com.br\/blog\/2021\/08\/24\/em-rondonia-o-agro-nao-para-de-queimar-e-destruir\/whatsapp-image-2021-08-24-at-08-15-16\/\" data-orig-file=\"https:\/\/i0.wp.com\/blogdalucianaoliveira.com.br\/blog\/wp-content\/uploads\/2021\/08\/WhatsApp-Image-2021-08-24-at-08.15.16.jpeg?fit=611%2C1024\" data-orig-size=\"611,1024\" data-comments-opened=\"0\" data-image-meta=\"{&quot;aperture&quot;:&quot;0&quot;,&quot;credit&quot;:&quot;&quot;,&quot;camera&quot;:&quot;&quot;,&quot;caption&quot;:&quot;&quot;,&quot;created_timestamp&quot;:&quot;0&quot;,&quot;copyright&quot;:&quot;&quot;,&quot;focal_length&quot;:&quot;0&quot;,&quot;iso&quot;:&quot;0&quot;,&quot;shutter_speed&quot;:&quot;0&quot;,&quot;title&quot;:&quot;&quot;,&quot;orientation&quot;:&quot;0&quot;}\" data-image-title=\"WhatsApp-Image-2021-08-24-at-08.15.16\" data-image-description=\"\" data-image-caption=\"\" data-medium-file=\"https:\/\/i0.wp.com\/blogdalucianaoliveira.com.br\/blog\/wp-content\/uploads\/2021\/08\/WhatsApp-Image-2021-08-24-at-08.15.16.jpeg?fit=179%2C300\" data-large-file=\"https:\/\/i0.wp.com\/blogdalucianaoliveira.com.br\/blog\/wp-content\/uploads\/2021\/08\/WhatsApp-Image-2021-08-24-at-08.15.16.jpeg?fit=600%2C1006\" src=\"https:\/\/i0.wp.com\/blogdalucianaoliveira.com.br\/blog\/wp-content\/uploads\/2021\/08\/WhatsApp-Image-2021-08-24-at-08.15.16.jpeg?resize=600%2C1006&#038;ssl=1\" alt=\"\" class=\"wp-image-32695\" srcset=\"https:\/\/i0.wp.com\/blogdalucianaoliveira.com.br\/blog\/wp-content\/uploads\/2021\/08\/WhatsApp-Image-2021-08-24-at-08.15.16.jpeg?w=611 611w, https:\/\/i0.wp.com\/blogdalucianaoliveira.com.br\/blog\/wp-content\/uploads\/2021\/08\/WhatsApp-Image-2021-08-24-at-08.15.16.jpeg?resize=179%2C300 179w\" sizes=\"auto, (max-width: 600px) 100vw, 600px\" \/><\/figure>\n\n\n\n<p>No estado n\u00e3o se abre a janela para garantir circula\u00e7\u00e3o de ar, orienta\u00e7\u00e3o fundamental na pandemia de Covid-19, mas para a fuma\u00e7a tomar conta do ambiente.<\/p>\n\n\n\n<p>No WhatsApp, um grupo oferece mil reais para quem topar ir \u00e0 Bras\u00edlia protestar no dia 7 de setembro em atos antidemocr\u00e1ticos. \u00c9 gente que quer a boiada, a soja, a grilagem, o garimpo, desmatamentos e queimadas, por cima de tudo e de todos com fogo pra todo lado.<\/p>\n\n\n\n<p>\u00c9 gente que apoia crimes ambientais e que se agarra ao presidente mais antiambiental que este pa\u00eds j\u00e1 teve.<\/p>\n\n\n\n<figure class=\"wp-block-image size-large\"><img data-recalc-dims=\"1\" loading=\"lazy\" decoding=\"async\" width=\"600\" height=\"445\" data-attachment-id=\"32696\" data-permalink=\"http:\/\/blogdalucianaoliveira.com.br\/blog\/2021\/08\/24\/em-rondonia-o-agro-nao-para-de-queimar-e-destruir\/whatsapp-image-2021-08-24-at-08-21-32\/\" data-orig-file=\"https:\/\/i0.wp.com\/blogdalucianaoliveira.com.br\/blog\/wp-content\/uploads\/2021\/08\/WhatsApp-Image-2021-08-24-at-08.21.32.jpeg?fit=796%2C590\" data-orig-size=\"796,590\" data-comments-opened=\"0\" data-image-meta=\"{&quot;aperture&quot;:&quot;0&quot;,&quot;credit&quot;:&quot;&quot;,&quot;camera&quot;:&quot;&quot;,&quot;caption&quot;:&quot;&quot;,&quot;created_timestamp&quot;:&quot;0&quot;,&quot;copyright&quot;:&quot;&quot;,&quot;focal_length&quot;:&quot;0&quot;,&quot;iso&quot;:&quot;0&quot;,&quot;shutter_speed&quot;:&quot;0&quot;,&quot;title&quot;:&quot;&quot;,&quot;orientation&quot;:&quot;0&quot;}\" data-image-title=\"WhatsApp-Image-2021-08-24-at-08.21.32\" data-image-description=\"\" data-image-caption=\"\" data-medium-file=\"https:\/\/i0.wp.com\/blogdalucianaoliveira.com.br\/blog\/wp-content\/uploads\/2021\/08\/WhatsApp-Image-2021-08-24-at-08.21.32.jpeg?fit=300%2C222\" data-large-file=\"https:\/\/i0.wp.com\/blogdalucianaoliveira.com.br\/blog\/wp-content\/uploads\/2021\/08\/WhatsApp-Image-2021-08-24-at-08.21.32.jpeg?fit=600%2C445\" src=\"https:\/\/i0.wp.com\/blogdalucianaoliveira.com.br\/blog\/wp-content\/uploads\/2021\/08\/WhatsApp-Image-2021-08-24-at-08.21.32.jpeg?resize=600%2C445&#038;ssl=1\" alt=\"\" class=\"wp-image-32696\" srcset=\"https:\/\/i0.wp.com\/blogdalucianaoliveira.com.br\/blog\/wp-content\/uploads\/2021\/08\/WhatsApp-Image-2021-08-24-at-08.21.32.jpeg?w=796 796w, https:\/\/i0.wp.com\/blogdalucianaoliveira.com.br\/blog\/wp-content\/uploads\/2021\/08\/WhatsApp-Image-2021-08-24-at-08.21.32.jpeg?resize=300%2C222 300w, https:\/\/i0.wp.com\/blogdalucianaoliveira.com.br\/blog\/wp-content\/uploads\/2021\/08\/WhatsApp-Image-2021-08-24-at-08.21.32.jpeg?resize=768%2C569 768w, https:\/\/i0.wp.com\/blogdalucianaoliveira.com.br\/blog\/wp-content\/uploads\/2021\/08\/WhatsApp-Image-2021-08-24-at-08.21.32.jpeg?resize=405%2C300 405w\" sizes=\"auto, (max-width: 600px) 100vw, 600px\" \/><\/figure>\n\n\n\n<figure class=\"wp-block-image size-large\"><img loading=\"lazy\" decoding=\"async\" width=\"828\" height=\"1230\" data-attachment-id=\"32697\" data-permalink=\"http:\/\/blogdalucianaoliveira.com.br\/blog\/2021\/08\/24\/em-rondonia-o-agro-nao-para-de-queimar-e-destruir\/whatsapp-image-2021-08-24-at-08-21-33\/\" data-orig-file=\"https:\/\/i0.wp.com\/blogdalucianaoliveira.com.br\/blog\/wp-content\/uploads\/2021\/08\/WhatsApp-Image-2021-08-24-at-08.21.33.jpeg?fit=828%2C1230\" data-orig-size=\"828,1230\" data-comments-opened=\"0\" data-image-meta=\"{&quot;aperture&quot;:&quot;0&quot;,&quot;credit&quot;:&quot;&quot;,&quot;camera&quot;:&quot;&quot;,&quot;caption&quot;:&quot;&quot;,&quot;created_timestamp&quot;:&quot;0&quot;,&quot;copyright&quot;:&quot;&quot;,&quot;focal_length&quot;:&quot;0&quot;,&quot;iso&quot;:&quot;0&quot;,&quot;shutter_speed&quot;:&quot;0&quot;,&quot;title&quot;:&quot;&quot;,&quot;orientation&quot;:&quot;0&quot;}\" data-image-title=\"WhatsApp-Image-2021-08-24-at-08.21.33\" data-image-description=\"\" data-image-caption=\"\" data-medium-file=\"https:\/\/i0.wp.com\/blogdalucianaoliveira.com.br\/blog\/wp-content\/uploads\/2021\/08\/WhatsApp-Image-2021-08-24-at-08.21.33.jpeg?fit=202%2C300\" data-large-file=\"https:\/\/i0.wp.com\/blogdalucianaoliveira.com.br\/blog\/wp-content\/uploads\/2021\/08\/WhatsApp-Image-2021-08-24-at-08.21.33.jpeg?fit=600%2C892\" src=\"https:\/\/i2.wp.com\/blogdalucianaoliveira.com.br\/blog\/wp-content\/uploads\/2021\/08\/WhatsApp-Image-2021-08-24-at-08.21.33.jpeg?fit=600%2C892&amp;ssl=1\" alt=\"\" class=\"wp-image-32697\" srcset=\"https:\/\/i0.wp.com\/blogdalucianaoliveira.com.br\/blog\/wp-content\/uploads\/2021\/08\/WhatsApp-Image-2021-08-24-at-08.21.33.jpeg?w=828 828w, https:\/\/i0.wp.com\/blogdalucianaoliveira.com.br\/blog\/wp-content\/uploads\/2021\/08\/WhatsApp-Image-2021-08-24-at-08.21.33.jpeg?resize=202%2C300 202w, https:\/\/i0.wp.com\/blogdalucianaoliveira.com.br\/blog\/wp-content\/uploads\/2021\/08\/WhatsApp-Image-2021-08-24-at-08.21.33.jpeg?resize=689%2C1024 689w, https:\/\/i0.wp.com\/blogdalucianaoliveira.com.br\/blog\/wp-content\/uploads\/2021\/08\/WhatsApp-Image-2021-08-24-at-08.21.33.jpeg?resize=768%2C1141 768w\" sizes=\"auto, (max-width: 600px) 100vw, 600px\" \/><\/figure>\n\n\n\n<p>Ap\u00f3s den\u00fancia na imprensa, o link de convite do grupo foi redefinido.<\/p>\n","protected":false},"excerpt":{"rendered":"<p>Porto Velho s\u00f3 perde em focos de calor nas \u00daLTIMAS 48 HORAS para Porto Murtinho, epicentro dos inc\u00eandios em Mato Grosso do Sul&nbsp;nos \u00faltimos dias. No per\u00edodo ANUAL, Porto Velho ocupa o terceiro lugar no ranking do fogo e o quinto no per\u00edodo MENSAL, segundo o INPE.<\/p>\n","protected":false},"author":1,"featured_media":0,"comment_status":"closed","ping_status":"open","sticky":false,"template":"","format":"standard","meta":{"_exactmetrics_skip_tracking":false,"_exactmetrics_sitenote_active":false,"_exactmetrics_sitenote_note":"","_exactmetrics_sitenote_category":0,"jetpack_post_was_ever_published":false,"_jetpack_newsletter_access":"","_jetpack_dont_email_post_to_subs":false,"_jetpack_newsletter_tier_id":0,"_jetpack_memberships_contains_paywalled_content":false,"_jetpack_memberships_contains_paid_content":false,"footnotes":"","jetpack_publicize_message":"","jetpack_publicize_feature_enabled":true,"jetpack_social_post_already_shared":true,"jetpack_social_options":{"image_generator_settings":{"template":"highway","enabled":false},"version":2}},"categories":[1],"tags":[607,295,7],"class_list":["post-32692","post","type-post","status-publish","format-standard","hentry","category-notas","tag-agro","tag-queimadas","tag-rondonia"],"jetpack_publicize_connections":[],"jetpack_sharing_enabled":true,"jetpack_featured_media_url":"","jetpack_shortlink":"https:\/\/wp.me\/p7wKYW-8vi","jetpack-related-posts":[],"_links":{"self":[{"href":"http:\/\/blogdalucianaoliveira.com.br\/blog\/wp-json\/wp\/v2\/posts\/32692","targetHints":{"allow":["GET"]}}],"collection":[{"href":"http:\/\/blogdalucianaoliveira.com.br\/blog\/wp-json\/wp\/v2\/posts"}],"about":[{"href":"http:\/\/blogdalucianaoliveira.com.br\/blog\/wp-json\/wp\/v2\/types\/post"}],"author":[{"embeddable":true,"href":"http:\/\/blogdalucianaoliveira.com.br\/blog\/wp-json\/wp\/v2\/users\/1"}],"replies":[{"embeddable":true,"href":"http:\/\/blogdalucianaoliveira.com.br\/blog\/wp-json\/wp\/v2\/comments?post=32692"}],"version-history":[{"count":2,"href":"http:\/\/blogdalucianaoliveira.com.br\/blog\/wp-json\/wp\/v2\/posts\/32692\/revisions"}],"predecessor-version":[{"id":32699,"href":"http:\/\/blogdalucianaoliveira.com.br\/blog\/wp-json\/wp\/v2\/posts\/32692\/revisions\/32699"}],"wp:attachment":[{"href":"http:\/\/blogdalucianaoliveira.com.br\/blog\/wp-json\/wp\/v2\/media?parent=32692"}],"wp:term":[{"taxonomy":"category","embeddable":true,"href":"http:\/\/blogdalucianaoliveira.com.br\/blog\/wp-json\/wp\/v2\/categories?post=32692"},{"taxonomy":"post_tag","embeddable":true,"href":"http:\/\/blogdalucianaoliveira.com.br\/blog\/wp-json\/wp\/v2\/tags?post=32692"}],"curies":[{"name":"wp","href":"https:\/\/api.w.org\/{rel}","templated":true}]}}