{"id":32700,"date":"2021-08-25T10:35:32","date_gmt":"2021-08-25T14:35:32","guid":{"rendered":"http:\/\/blogdalucianaoliveira.com.br\/blog\/?p=32700"},"modified":"2021-08-25T10:35:36","modified_gmt":"2021-08-25T14:35:36","slug":"campanha-de-solidariedade-aos-camponeses-do-acampamento-ademar-ferreira","status":"publish","type":"post","link":"http:\/\/blogdalucianaoliveira.com.br\/blog\/2021\/08\/25\/campanha-de-solidariedade-aos-camponeses-do-acampamento-ademar-ferreira\/","title":{"rendered":"CAMPANHA DE SOLIDARIEDADE AOS CAMPONESES DO ACAMPAMENTO ADEMAR FERREIRA"},"content":{"rendered":"\n<figure class=\"wp-block-image size-large\"><img loading=\"lazy\" decoding=\"async\" width=\"1280\" height=\"908\" data-attachment-id=\"32701\" data-permalink=\"http:\/\/blogdalucianaoliveira.com.br\/blog\/2021\/08\/25\/campanha-de-solidariedade-aos-camponeses-do-acampamento-ademar-ferreira\/whatsapp-image-2021-08-25-at-10-12-20\/\" data-orig-file=\"https:\/\/i0.wp.com\/blogdalucianaoliveira.com.br\/blog\/wp-content\/uploads\/2021\/08\/WhatsApp-Image-2021-08-25-at-10.12.20.jpeg?fit=1280%2C908\" data-orig-size=\"1280,908\" data-comments-opened=\"0\" data-image-meta=\"{&quot;aperture&quot;:&quot;0&quot;,&quot;credit&quot;:&quot;&quot;,&quot;camera&quot;:&quot;&quot;,&quot;caption&quot;:&quot;&quot;,&quot;created_timestamp&quot;:&quot;0&quot;,&quot;copyright&quot;:&quot;&quot;,&quot;focal_length&quot;:&quot;0&quot;,&quot;iso&quot;:&quot;0&quot;,&quot;shutter_speed&quot;:&quot;0&quot;,&quot;title&quot;:&quot;&quot;,&quot;orientation&quot;:&quot;0&quot;}\" data-image-title=\"WhatsApp-Image-2021-08-25-at-10.12.20\" data-image-description=\"\" data-image-caption=\"\" data-medium-file=\"https:\/\/i0.wp.com\/blogdalucianaoliveira.com.br\/blog\/wp-content\/uploads\/2021\/08\/WhatsApp-Image-2021-08-25-at-10.12.20.jpeg?fit=300%2C213\" data-large-file=\"https:\/\/i0.wp.com\/blogdalucianaoliveira.com.br\/blog\/wp-content\/uploads\/2021\/08\/WhatsApp-Image-2021-08-25-at-10.12.20.jpeg?fit=600%2C425\" src=\"https:\/\/i0.wp.com\/blogdalucianaoliveira.com.br\/blog\/wp-content\/uploads\/2021\/08\/WhatsApp-Image-2021-08-25-at-10.12.20.jpeg?fit=600%2C425&amp;ssl=1\" alt=\"\" class=\"wp-image-32701\" srcset=\"https:\/\/i0.wp.com\/blogdalucianaoliveira.com.br\/blog\/wp-content\/uploads\/2021\/08\/WhatsApp-Image-2021-08-25-at-10.12.20.jpeg?w=1280 1280w, https:\/\/i0.wp.com\/blogdalucianaoliveira.com.br\/blog\/wp-content\/uploads\/2021\/08\/WhatsApp-Image-2021-08-25-at-10.12.20.jpeg?resize=300%2C213 300w, https:\/\/i0.wp.com\/blogdalucianaoliveira.com.br\/blog\/wp-content\/uploads\/2021\/08\/WhatsApp-Image-2021-08-25-at-10.12.20.jpeg?resize=1024%2C726 1024w, https:\/\/i0.wp.com\/blogdalucianaoliveira.com.br\/blog\/wp-content\/uploads\/2021\/08\/WhatsApp-Image-2021-08-25-at-10.12.20.jpeg?resize=768%2C545 768w, https:\/\/i0.wp.com\/blogdalucianaoliveira.com.br\/blog\/wp-content\/uploads\/2021\/08\/WhatsApp-Image-2021-08-25-at-10.12.20.jpeg?resize=423%2C300 423w, https:\/\/i0.wp.com\/blogdalucianaoliveira.com.br\/blog\/wp-content\/uploads\/2021\/08\/WhatsApp-Image-2021-08-25-at-10.12.20.jpeg?w=1200 1200w\" sizes=\"auto, (max-width: 600px) 100vw, 600px\" \/><\/figure>\n\n\n\n<p><strong>DCE-UNIR<\/strong> &#8211; No dia 13 de agosto de 2021, quatro dias ap\u00f3s o epis\u00f3dio conhecido como &#8220;massacre de Corumbiara&#8221; completar 26 anos, for\u00e7as da Pol\u00edcia Militar de Rond\u00f4nia juntamente com o BOPE  invadiram o acampamento Ademar Ferreira, em Nova Mutum Paran\u00e1, e como de costume na hist\u00f3ria de Rond\u00f4nia, assassinaram trabalhadores camponeses. Amarildo Aparecido Rodrigues e seu filho, o jovem Amaral Jos\u00e9 Stoco Rodrigues, foram alvejados com tiros efetuados por policiais armados com fuzis, enquanto trabalhavam com  suas  foices  em  seu  lote,  realizando  ro\u00e7ada. J\u00e1 o jovem Kevin Fernando Holanda de Souza, que passava de moto, viu os policiais, se assustou e, ao tentar correr, foi alvejado com mais de 30 tiros de fuzil pelas costas, levando-o \u00e0 \u00f3bito no mesmo instante. Todas as v\u00edtimas estavam em busca de um peda\u00e7o de terra para viver e trabalhar com dignidade. <\/p>\n\n\n\n<!--more-->\n\n\n\n<p>Diante de tal trag\u00e9dia e injusti\u00e7a, n\u00f3s do Diret\u00f3rio Central dos Estudantes da UNIR, da Executiva Rondoniense de Estudantes de Pedagogia, do Gr\u00eamio Estudantil do IFRO do Grupo de Estudos e Pesquisas, hist\u00f3ria sociedade e educa\u00e7\u00e3o no Brasil, do Grupo de Pesquisa em Gest\u00e3o do Territ\u00f3rio e Geografia Agr\u00e1ria da Amaz\u00f4nia o N\u00facleo de Estudos Afro-brasileiros e Ind\u00edgenas e o Grupo de Estudos e Pesquisas Interdisciplinares Afro e Amaz\u00f4nicos nos unimos para criar uma campanha de solidariedade aos camponeses do acampamento Ademar Ferreira. A campanha visa arrecadar roupas, alimentos e recursos financeiros para nos deslocarmos em uma miss\u00e3o de solidariedade ao acampamento, bem como recolher os relatos do que os camponeses vem passando na regi\u00e3o. A campanha tem a dura\u00e7\u00e3o de 23 de agosto a 08 de setembro e os pontos de coleta das roupas e dos alimentos s\u00e3o: RUA RUI BARBOSA, N\u00ba 1131, BAIRRO ARIGOL\u00c2NDIA (ESCRIT\u00d3RIO DO ADVOGADO MANOEL RIVALDO); A Recep\u00e7\u00e3o da UNIR\/CENTRO; e a Recep\u00e7\u00e3o do IFRO\/CAMPUS CALAMA. A doa\u00e7\u00e3o de recurso financeiro para o deslocamento pode ser feita atrav\u00e9s dos dados banc\u00e1rios presentes no card de divulga\u00e7\u00e3o. Contribua com o que puder, apoie a luta pela terra em Rond\u00f4nia e o acampamento Ademar Ferreira.<\/p>\n","protected":false},"excerpt":{"rendered":"<p>DCE-UNIR &#8211; No dia 13 de agosto de 2021, quatro dias ap\u00f3s o epis\u00f3dio conhecido como &#8220;massacre de Corumbiara&#8221; completar 26 anos, for\u00e7as da Pol\u00edcia Militar de Rond\u00f4nia juntamente com o BOPE invadiram o acampamento Ademar Ferreira, em Nova Mutum Paran\u00e1, e como de costume na hist\u00f3ria de Rond\u00f4nia, assassinaram trabalhadores camponeses. Amarildo Aparecido Rodrigues&#8230;<a class=\"more-link\" href=\"http:\/\/blogdalucianaoliveira.com.br\/blog\/2021\/08\/25\/campanha-de-solidariedade-aos-camponeses-do-acampamento-ademar-ferreira\/\">Continue a leitura <span class=\"meta-nav\">&raquo;<\/span><\/a><\/p>\n","protected":false},"author":1,"featured_media":0,"comment_status":"closed","ping_status":"open","sticky":false,"template":"","format":"standard","meta":{"_exactmetrics_skip_tracking":false,"_exactmetrics_sitenote_active":false,"_exactmetrics_sitenote_note":"","_exactmetrics_sitenote_category":0,"jetpack_post_was_ever_published":false,"_jetpack_newsletter_access":"","_jetpack_dont_email_post_to_subs":false,"_jetpack_newsletter_tier_id":0,"_jetpack_memberships_contains_paywalled_content":false,"_jetpack_memberships_contains_paid_content":false,"footnotes":"","jetpack_publicize_message":"","jetpack_publicize_feature_enabled":true,"jetpack_social_post_already_shared":true,"jetpack_social_options":{"image_generator_settings":{"template":"highway","enabled":false},"version":2}},"categories":[1],"tags":[],"class_list":["post-32700","post","type-post","status-publish","format-standard","hentry","category-notas"],"jetpack_publicize_connections":[],"jetpack_sharing_enabled":true,"jetpack_featured_media_url":"","jetpack_shortlink":"https:\/\/wp.me\/p7wKYW-8vq","jetpack-related-posts":[],"_links":{"self":[{"href":"http:\/\/blogdalucianaoliveira.com.br\/blog\/wp-json\/wp\/v2\/posts\/32700","targetHints":{"allow":["GET"]}}],"collection":[{"href":"http:\/\/blogdalucianaoliveira.com.br\/blog\/wp-json\/wp\/v2\/posts"}],"about":[{"href":"http:\/\/blogdalucianaoliveira.com.br\/blog\/wp-json\/wp\/v2\/types\/post"}],"author":[{"embeddable":true,"href":"http:\/\/blogdalucianaoliveira.com.br\/blog\/wp-json\/wp\/v2\/users\/1"}],"replies":[{"embeddable":true,"href":"http:\/\/blogdalucianaoliveira.com.br\/blog\/wp-json\/wp\/v2\/comments?post=32700"}],"version-history":[{"count":1,"href":"http:\/\/blogdalucianaoliveira.com.br\/blog\/wp-json\/wp\/v2\/posts\/32700\/revisions"}],"predecessor-version":[{"id":32702,"href":"http:\/\/blogdalucianaoliveira.com.br\/blog\/wp-json\/wp\/v2\/posts\/32700\/revisions\/32702"}],"wp:attachment":[{"href":"http:\/\/blogdalucianaoliveira.com.br\/blog\/wp-json\/wp\/v2\/media?parent=32700"}],"wp:term":[{"taxonomy":"category","embeddable":true,"href":"http:\/\/blogdalucianaoliveira.com.br\/blog\/wp-json\/wp\/v2\/categories?post=32700"},{"taxonomy":"post_tag","embeddable":true,"href":"http:\/\/blogdalucianaoliveira.com.br\/blog\/wp-json\/wp\/v2\/tags?post=32700"}],"curies":[{"name":"wp","href":"https:\/\/api.w.org\/{rel}","templated":true}]}}