{"id":32705,"date":"2021-08-25T20:38:09","date_gmt":"2021-08-26T00:38:09","guid":{"rendered":"http:\/\/blogdalucianaoliveira.com.br\/blog\/?p=32705"},"modified":"2021-08-25T20:38:12","modified_gmt":"2021-08-26T00:38:12","slug":"vice-lider-de-bolsonaro-usa-estrutura-da-camara-para-apoiar-acampamento-do-7-de-setembro-golpista-em-brasilia","status":"publish","type":"post","link":"http:\/\/blogdalucianaoliveira.com.br\/blog\/2021\/08\/25\/vice-lider-de-bolsonaro-usa-estrutura-da-camara-para-apoiar-acampamento-do-7-de-setembro-golpista-em-brasilia\/","title":{"rendered":"VICE-L\u00cdDER DE BOLSONARO USA ESTRUTURA DA C\u00c2MARA PARA APOIAR ACAMPAMENTO DO 7 DE SETEMBRO GOLPISTA EM BRAS\u00cdLIA"},"content":{"rendered":"\n<figure class=\"wp-block-image size-large\"><img data-recalc-dims=\"1\" loading=\"lazy\" decoding=\"async\" width=\"405\" height=\"220\" data-attachment-id=\"32706\" data-permalink=\"http:\/\/blogdalucianaoliveira.com.br\/blog\/2021\/08\/25\/vice-lider-de-bolsonaro-usa-estrutura-da-camara-para-apoiar-acampamento-do-7-de-setembro-golpista-em-brasilia\/f80bb1ae-bd44-49bf-94d2-97f576500358\/\" data-orig-file=\"https:\/\/i0.wp.com\/blogdalucianaoliveira.com.br\/blog\/wp-content\/uploads\/2021\/08\/F80BB1AE-BD44-49BF-94D2-97F576500358.jpeg?fit=405%2C220\" data-orig-size=\"405,220\" data-comments-opened=\"0\" data-image-meta=\"{&quot;aperture&quot;:&quot;0&quot;,&quot;credit&quot;:&quot;&quot;,&quot;camera&quot;:&quot;&quot;,&quot;caption&quot;:&quot;&quot;,&quot;created_timestamp&quot;:&quot;0&quot;,&quot;copyright&quot;:&quot;&quot;,&quot;focal_length&quot;:&quot;0&quot;,&quot;iso&quot;:&quot;0&quot;,&quot;shutter_speed&quot;:&quot;0&quot;,&quot;title&quot;:&quot;&quot;,&quot;orientation&quot;:&quot;0&quot;}\" data-image-title=\"F80BB1AE-BD44-49BF-94D2-97F576500358\" data-image-description=\"\" data-image-caption=\"\" data-medium-file=\"https:\/\/i0.wp.com\/blogdalucianaoliveira.com.br\/blog\/wp-content\/uploads\/2021\/08\/F80BB1AE-BD44-49BF-94D2-97F576500358.jpeg?fit=300%2C163\" data-large-file=\"https:\/\/i0.wp.com\/blogdalucianaoliveira.com.br\/blog\/wp-content\/uploads\/2021\/08\/F80BB1AE-BD44-49BF-94D2-97F576500358.jpeg?fit=405%2C220\" src=\"https:\/\/i0.wp.com\/blogdalucianaoliveira.com.br\/blog\/wp-content\/uploads\/2021\/08\/F80BB1AE-BD44-49BF-94D2-97F576500358.jpeg?resize=405%2C220\" alt=\"\" class=\"wp-image-32706\" srcset=\"https:\/\/i0.wp.com\/blogdalucianaoliveira.com.br\/blog\/wp-content\/uploads\/2021\/08\/F80BB1AE-BD44-49BF-94D2-97F576500358.jpeg?w=405 405w, https:\/\/i0.wp.com\/blogdalucianaoliveira.com.br\/blog\/wp-content\/uploads\/2021\/08\/F80BB1AE-BD44-49BF-94D2-97F576500358.jpeg?resize=300%2C163 300w\" sizes=\"auto, (max-width: 405px) 100vw, 405px\" \/><\/figure>\n\n\n\n<p><strong>The Intercept-<\/strong> A ASSESSORIA\u00a0de um dos vice-l\u00edderes de Jair Bolsonaro na C\u00e2mara dos Deputados deixou vazar num grupo de WhatsApp planos para a montagem de um\u00a0<a rel=\"noreferrer noopener\" href=\"https:\/\/theintercept.com\/2021\/08\/21\/ruralistas-financiam-manifestacoes-golpistas-7-setembro\/\" target=\"_blank\">acampamento de ruralistas<\/a>\u00a0na Esplanada dos Minist\u00e9rios, em Bras\u00edlia, durante os protestos marcados pela extrema direita para 7 de setembro. A mensagem confirma a inten\u00e7\u00e3o dos bolsonaristas de coagir ministros do Supremo Tribunal Federal, o STF, e parlamentares em prol das pautas antidemocr\u00e1ticas do presidente.<\/p>\n\n\n\n<!--more-->\n\n\n\n<p>Sigmar Rodrigues Nunes, assessor do deputado L\u00facio Mosquini, do MDB de Rond\u00f4nia, enviou na segunda-feira, 23 de agosto, uma mensagem a um grupo de servidores da C\u00e2mara explicando que o deputado pretendia instalar uma \u201ctenda no canteiro central da Esplanada no dia 07 de setembro\u201d. Nunes pedia, ent\u00e3o, ajuda aos colegas para conseguir uma autoriza\u00e7\u00e3o para montar a estrutura. Ele foi orientado a procurar o Governo do Distrito Federal, o GDF.<\/p>\n\n\n\n<div class=\"wp-block-image\"><figure class=\"aligncenter\"><img data-recalc-dims=\"1\" decoding=\"async\" src=\"https:\/\/i0.wp.com\/theintercept.imgix.net\/wp-uploads\/sites\/1\/2021\/08\/print-grupo.jpg?w=600&#038;ssl=1\" alt=\"\" class=\"wp-image-368000\"\/><\/figure><\/div>\n\n\n\n<p>A mensagem enviada por Sigmar Nunes: uma tenda na Esplanada dos Minist\u00e9rios para abrigar participantes dos atos golpistas, a pedido do chefe.<\/p>\n\n\n\n<p>Na mensagem, Nunes n\u00e3o especificou a quem se destinava o acampamento, mas o deputado Mosquini me deixou claro que a inten\u00e7\u00e3o era abrigar seus eleitores ruralistas. No \u00faltimo s\u00e1bado, 21 de agosto, o<strong>&nbsp;Intercept<\/strong><a href=\"https:\/\/theintercept.com\/2021\/08\/21\/ruralistas-financiam-manifestacoes-golpistas-7-setembro\/\" target=\"_blank\" rel=\"noreferrer noopener\">revelou<\/a>&nbsp;que latifundi\u00e1rios alinhados a Bolsonaro est\u00e3o financiando as manifesta\u00e7\u00f5es marcadas para 7 de setembro, em articula\u00e7\u00e3o com pol\u00edticos ligados ao governo.<\/p>\n\n\n\n<p>Estimulada pelo presidente ao longo das \u00faltimas semanas com frases como \u201c<a rel=\"noreferrer noopener\" href=\"https:\/\/www.poder360.com.br\/governo\/bolsonaro-afirma-que-participara-de-atos-em-7-de-setembro\/\" target=\"_blank\">estamos sendo sufocados e quem est\u00e1 nos oprimindo \u00e9 uma minori<\/a>a\u201d, a extrema direita prepara atos de tom golpista para o feriado da Independ\u00eancia do Brasil. O objetivo \u00e9 promover a \u201cindepend\u00eancia do governo Bolsonaro\u201d e pressionar ministros do STF a recuarem de a\u00e7\u00f5es da corte contra Bolsonaro e seus apoiadores da mil\u00edcia digital. Segundo a Procuradoria-Geral da Rep\u00fablica, a PGR, h\u00e1 planos de invas\u00e3o do pr\u00e9dio do Supremo, na Pra\u00e7a dos Tr\u00eas Poderes, localizada num dos extremos da Esplanada.<\/p>\n\n\n\n<p>Mosquini \u00e9 um pol\u00edtico ruralista em seu segundo mandato, que se tornou vice-l\u00edder do governo Bolsonaro na C\u00e2mara em setembro de 2020. Questionado sobre o uso da estrutura de seu gabinete para ajudar numa manifesta\u00e7\u00e3o de car\u00e1ter golpista, ele n\u00e3o fez rodeios para admitir seu apoio aos ruralistas participantes.<\/p>\n\n\n\n<p>\u201cS\u00e3o grupos de produtores rurais vinculados ao meu mandato l\u00e1 em Buritis, em Rond\u00f4nia\u201d, me disse o deputado. \u201cEles fizeram um pedido para saber onde eles podem acampar, onde podem se instalar. Fiz de forma oficial, solicitei [ao GDF] informa\u00e7\u00f5es\u201d.<\/p>\n\n\n\n<p>O pol\u00edtico tem bom relacionamento com o Planalto e \u00e9 um dos beneficiados por verbas do&nbsp;<a href=\"https:\/\/politica.estadao.com.br\/noticias\/geral,bolsonaro-cria-orcamento-secreto-em-troca-de-apoio-do-congresso,70003708713\" target=\"_blank\" rel=\"noreferrer noopener\">Tratora\u00e7o<\/a>, um dos desdobramentos do or\u00e7amento secreto, criado pelo governo Bolsonaro para distribuir dinheiro a deputados aliados e&nbsp;<a href=\"https:\/\/politica.estadao.com.br\/noticias\/geral,bolsonaro-cria-orcamento-secreto-em-troca-de-apoio-do-congresso,70003708713\" target=\"_blank\" rel=\"noreferrer noopener\">revelado<\/a>&nbsp;pelo Estad\u00e3o.<\/p>\n\n\n\n<p>\u201cN\u00e3o incentivei de forma nenhuma [os atos], mas \u00e9 a minha base aliada l\u00e1 do estado de Rond\u00f4nia. O camarada pede uma assessoria para o nosso gabinete perguntando onde eles podem se instalar. Com a minha assessoria ou sem a minha assessoria, eles vir\u00e3o a Bras\u00edlia. N\u00e3o acho que estou incentivando, n\u00e3o, mas tenho esse compromisso de atend\u00ea-los. Quando vou na cidade deles, eles tamb\u00e9m me recebem, me atendem\u201d, justificou-se.<\/p>\n\n\n\n<p>A atua\u00e7\u00e3o do deputado vai contra o\u00a0<a rel=\"noreferrer noopener\" href=\"https:\/\/www2.camara.leg.br\/atividade-legislativa\/legislacao\/regimento-interno-da-camara-dos-deputados\/arquivos-1\/RICD%20atualizado%20ate%20RCD%2021-2021.pdf\" target=\"_blank\">juramento<\/a>\u00a0que fez ao tomar posse do mandato, com base no Regimento Interno da C\u00e2mara, em que ele prometeu \u201cmanter, defender e cumprir a Constitui\u00e7\u00e3o, observar as leis, promover o bem geral do povo brasileiro e sustentar a uni\u00e3o, a integridade e a independ\u00eancia do Brasil\u201d. O\u00a0<a rel=\"noreferrer noopener\" href=\"https:\/\/www2.camara.leg.br\/a-camara\/estruturaadm\/eticaedecoro\" target=\"_blank\">c\u00f3digo de \u00e9tica<\/a>\u00a0da C\u00e2mara diz, ainda, que \u00e9 dever dos parlamentares \u201czelar pelo prest\u00edgio, aprimoramento e valoriza\u00e7\u00e3o das institui\u00e7\u00f5es democr\u00e1ticas e representativas e pelas prerrogativas do Poder Legislativo\u201d.<\/p>\n\n\n\n<p>Informa\u00e7\u00f5es sobre protestos e ocupa\u00e7\u00e3o do espa\u00e7o p\u00fablico em Bras\u00edlia ficam dispon\u00edveis no&nbsp;<a href=\"http:\/\/www.ssp.df.gov.br\/cadastrar-eventomanifestacao-po\/\" target=\"_blank\" rel=\"noreferrer noopener\">portal<\/a>&nbsp;do GDF, o que torna desnecess\u00e1ria a intermedia\u00e7\u00e3o de um parlamentar. Ainda assim, Mosquini confirmou que funcion\u00e1rios de seu gabinete, pagos com dinheiro p\u00fablico, enviaram of\u00edcio para o GDF, em busca de informa\u00e7\u00f5es para montar o acampamento. O Distrito Federal \u00e9 governado por Ibaneis Rocha, do MDB, um bolsonarista arrependido que nos \u00faltimos dias&nbsp;<a href=\"https:\/\/www.correiobraziliense.com.br\/cidades-df\/2021\/08\/4944204-ibaneis-defende-carta-de-apoio-ao-stf-e-fortalecimento-de-instituicoes.html\" target=\"_blank\" rel=\"noreferrer noopener\">assinou uma carta em defesa do STF<\/a>.<\/p>\n\n\n\n<p>Eu pedi a Mosquini acesso ao documento enviado ao GDF. Durante a entrevista, o deputado prometeu que enviaria o documento, mas n\u00e3o o fez. Reforcei o pedido por WhatsApp, mas n\u00e3o tive retorno.<\/p>\n\n\n\n<p>O pol\u00edtico j\u00e1 foi&nbsp;<a href=\"http:\/\/g1.globo.com\/ro\/rondonia\/noticia\/2014\/12\/preso-por-fraude-deputado-federal-eleito-pode-ser-diplomado-em-ro.html\" target=\"_blank\" rel=\"noreferrer noopener\">preso<\/a>&nbsp;em 2014, durante a&nbsp;<a href=\"http:\/\/g1.globo.com\/ro\/rondonia\/noticia\/2014\/12\/preso-por-fraude-deputado-federal-eleito-pode-ser-diplomado-em-ro.html\" target=\"_blank\" rel=\"noreferrer noopener\">opera\u00e7\u00e3o Ludus<\/a>, do Minist\u00e9rio P\u00fablico Estadual de Rond\u00f4nia. Ele era suspeito de fraude em licita\u00e7\u00e3o de contratos do Departamento de Estradas e Rodagens, que dirigia \u00e0 \u00e9poca. A defesa de Mosquini negou irregularidades e considerou que a pris\u00e3o, que durou 10 dias, \u201cn\u00e3o deve ter passado de algum equ\u00edvoco\u201d. Ele foi solto por&nbsp;<a href=\"http:\/\/g1.globo.com\/ro\/rondonia\/noticia\/2014\/12\/stj-libera-prefeito-deputado-eleito-e-detidos-na-operacao-ludus-em-ro.html\" target=\"_blank\" rel=\"noreferrer noopener\">decis\u00e3o do Superior Tribunal de Justi\u00e7a<\/a>.<\/p>\n\n\n\n<p>Tamb\u00e9m confirmei que a deputada federal bolsonarista Carla Zambelli, do PSL de S\u00e3o Paulo, se movimenta para encorpar os atos na capital paulista. Zambelli participa de grupos de WhatsApp que discutem as manifesta\u00e7\u00f5es, trajetos e equipamentos que ser\u00e3o utilizados no protesto, como caminh\u00f5es e faixas.<\/p>\n\n\n\n<p>Procurei a assessoria da deputada. Eles n\u00e3o se manifestaram sobre os atos e sua coordena\u00e7\u00e3o. Responderam apenas que \u201cCarla Zambelli apoia e participa de atos dos quais ela concorda com a pauta e que sejam pac\u00edficos e democr\u00e1ticos\u201d.<\/p>\n\n\n\n<div class=\"wp-block-image\"><figure class=\"aligncenter\"><img data-recalc-dims=\"1\" decoding=\"async\" src=\"https:\/\/i0.wp.com\/theintercept.imgix.net\/wp-uploads\/sites\/1\/2021\/08\/120554588_2600959256724120_3970858043208184546_n.jpg?w=600&#038;ssl=1\" alt=\"\" class=\"wp-image-367938\"\/><\/figure><\/div>\n\n\n\n<p>Bolsonaro e Mosquini: o ruralista se tornou vice-l\u00edder do governo de extrema direita h\u00e1 um ano, ganhou emendas no or\u00e7amento secreto e j\u00e1 foi preso em opera\u00e7\u00e3o policial.<\/p>\n\n\n\n<p>Foto: Reprodu\u00e7\u00e3o\/Facebook<\/p>\n\n\n\n<h3 class=\"wp-block-heading\">\u2018Vamos ficar at\u00e9 o dia que Deus achar que devemos\u2019<\/h3>\n\n\n\n<p>A comitiva de cabos eleitorais de Mosquini pretende ir para Bras\u00edlia com ao menos 150 pessoas, entre elas comerciantes e ruralistas, sem data para voltar para casa. O munic\u00edpio de&nbsp;<a href=\"https:\/\/cidades.ibge.gov.br\/brasil\/ro\/buritis\/panorama\" target=\"_blank\" rel=\"noreferrer noopener\">Buritis<\/a>, de 40 mil habitantes no interior de Rond\u00f4nia, fica a 2,4 mil km da capital federal.<\/p>\n\n\n\n<p>\u201cN\u00e3o definimos quantos dias vamos ficar. A gente vai sair daqui, uns tr\u00eas dias antes do dia 7 e chegando a\u00ed [em Bras\u00edlia], vamos ficar at\u00e9 o dia que Deus achar que devemos\u201d, me disse um dos organizadores do grupo, Alexandro Pereira de Oliveira. Foi ele quem pediu ajuda ao deputado Mosquini.<\/p>\n\n\n\n<p>Oliveira \u00e9 ruralista e eleitor de Mosquini, com quem me disse ter rela\u00e7\u00e3o de \u201camigo\u201d h\u00e1 pelo menos quatro anos \u2013&nbsp;ou seja, desde o primeiro mandato do deputado em Bras\u00edlia. Segundo Oliveira, a comitiva se \u201cautofinancia com doa\u00e7\u00f5es\u201d. Ele n\u00e3o revelou que valor ser\u00e1 gasto com hospedagem, alimenta\u00e7\u00e3o e deslocamento a Bras\u00edlia.<\/p>\n\n\n\n<p>Quando perguntei sobre o acampamento, Oliveira desconversou e disse que, apesar de planejar acampamento, o grupo preferiu ficar em uma pousada. \u201cAchamos uma pousadinha com restaurante, que fazem comida para a gente. Porque at\u00e9 agora n\u00e3o tivemos retorno do deputado, achei at\u00e9 que voc\u00ea estava me ligando por acaso disso\u201d, despistou.Governo do Distrito Federal se recusa a informar nomes de quem informou que far\u00e1 atos no 7 de setembro.<\/p>\n\n\n\n<p>Para ele, o ex-deputado e cantor S\u00e9rgio Reis, suspeito de estimular atos de viol\u00eancia, \u00e9 um \u201ccoitadinho\u201d que est\u00e1 sendo \u201cmassacrado\u201d. \u201cO que a gente v\u00ea est\u00e1 destoando um pouquinho da realidade, por exemplo, esses processos em que o ministro Alexandre [de Moraes] toma uma decis\u00e3o, em que ele abre o inqu\u00e9rito, \u00e9 o promotor, \u00e9 o advogado, \u00e9 o juiz. A gente v\u00ea que isso da\u00ed n\u00e3o tem como. Vai parar quando isso da\u00ed?\u201d, questionou Oliveira.<\/p>\n\n\n\n<p>Na mira da PGR, est\u00e3o os ex-deputados Roberto Jefferson, presidente do PTB, que est\u00e1 preso preventivamente \u2013&nbsp;por prazo indeterminado \u2013 desde 13 de agosto, S\u00e9rgio Reis e o deputado federal Otoni de Paula, do PSC do Rio de Janeiro. Todos s\u00e3o suspeitos de organizar os atos golpistas. Os \u00faltimos dois foram alvos de&nbsp;<a href=\"https:\/\/g1.globo.com\/rj\/rio-de-janeiro\/noticia\/2021\/08\/20\/pf-mandados-stf.ghtml\" target=\"_blank\" rel=\"noreferrer noopener\">mandados de busca<\/a>&nbsp;e apreens\u00e3o autorizados pelo ministro Alexandre de Moraes, do STF, que supervisiona a investiga\u00e7\u00e3o sobre atos contra a democracia e a incita\u00e7\u00e3o de viol\u00eancia.<\/p>\n\n\n\n<p>Procurada, a Secretaria de Seguran\u00e7a P\u00fablica do GDF n\u00e3o informou o nome de quem pediu autoriza\u00e7\u00e3o para realizar as manifesta\u00e7\u00f5es de 7 de setembro. Em nota, informou que as for\u00e7as de seguran\u00e7a \u201catuar\u00e3o de forma integrada, de acordo com a legisla\u00e7\u00e3o vigente no pa\u00eds, nas manifesta\u00e7\u00f5es\u201d. O texto ressaltava que, \u201cassim como em todas as manifesta\u00e7\u00f5es desse tipo, \u00e9 feito planejamento pr\u00e9vio, com a participa\u00e7\u00e3o dos envolvidos, com objetivo de garantir a seguran\u00e7a dos participantes e da popula\u00e7\u00e3o em geral\u201d.<\/p>\n\n\n\n<p>Procurei o assessor parlamentar Sigmar Nunes na tarde de ter\u00e7a-feira, 24 de agosto, via WhatsApp. Ele visualizou as mensagens, mas n\u00e3o as respondeu.<\/p>\n\n\n\n<p><strong>Corre\u00e7\u00e3o: 25 de agosto, 17h08<\/strong><\/p>\n\n\n\n<p><em>Uma vers\u00e3o anterior deste texto afirmava que&nbsp;L\u00facio Mosquini era deputado federal pelo estado de Roraima. Na verdade, ele foi eleito por Rond\u00f4nia.<\/em><\/p>\n\n\n\n<p><\/p>\n","protected":false},"excerpt":{"rendered":"<p>The Intercept- A ASSESSORIA\u00a0de um dos vice-l\u00edderes de Jair Bolsonaro na C\u00e2mara dos Deputados deixou vazar num grupo de WhatsApp planos para a montagem de um\u00a0acampamento de ruralistas\u00a0na Esplanada dos Minist\u00e9rios, em Bras\u00edlia, durante os protestos marcados pela extrema direita para 7 de setembro. A mensagem confirma a inten\u00e7\u00e3o dos bolsonaristas de coagir ministros do&#8230;<a class=\"more-link\" href=\"http:\/\/blogdalucianaoliveira.com.br\/blog\/2021\/08\/25\/vice-lider-de-bolsonaro-usa-estrutura-da-camara-para-apoiar-acampamento-do-7-de-setembro-golpista-em-brasilia\/\">Continue a leitura <span class=\"meta-nav\">&raquo;<\/span><\/a><\/p>\n","protected":false},"author":1,"featured_media":0,"comment_status":"closed","ping_status":"open","sticky":false,"template":"","format":"standard","meta":{"_exactmetrics_skip_tracking":false,"_exactmetrics_sitenote_active":false,"_exactmetrics_sitenote_note":"","_exactmetrics_sitenote_category":0,"jetpack_post_was_ever_published":false,"_jetpack_newsletter_access":"","_jetpack_dont_email_post_to_subs":false,"_jetpack_newsletter_tier_id":0,"_jetpack_memberships_contains_paywalled_content":false,"_jetpack_memberships_contains_paid_content":false,"footnotes":"","jetpack_publicize_message":"","jetpack_publicize_feature_enabled":true,"jetpack_social_post_already_shared":true,"jetpack_social_options":{"image_generator_settings":{"template":"highway","enabled":false},"version":2}},"categories":[1],"tags":[592,473,522,7],"class_list":["post-32705","post","type-post","status-publish","format-standard","hentry","category-notas","tag-de-olho-nos-ruralistas","tag-deputados-federais","tag-lucio-mosquini","tag-rondonia"],"jetpack_publicize_connections":[],"jetpack_sharing_enabled":true,"jetpack_featured_media_url":"","jetpack_shortlink":"https:\/\/wp.me\/p7wKYW-8vv","jetpack-related-posts":[],"_links":{"self":[{"href":"http:\/\/blogdalucianaoliveira.com.br\/blog\/wp-json\/wp\/v2\/posts\/32705","targetHints":{"allow":["GET"]}}],"collection":[{"href":"http:\/\/blogdalucianaoliveira.com.br\/blog\/wp-json\/wp\/v2\/posts"}],"about":[{"href":"http:\/\/blogdalucianaoliveira.com.br\/blog\/wp-json\/wp\/v2\/types\/post"}],"author":[{"embeddable":true,"href":"http:\/\/blogdalucianaoliveira.com.br\/blog\/wp-json\/wp\/v2\/users\/1"}],"replies":[{"embeddable":true,"href":"http:\/\/blogdalucianaoliveira.com.br\/blog\/wp-json\/wp\/v2\/comments?post=32705"}],"version-history":[{"count":1,"href":"http:\/\/blogdalucianaoliveira.com.br\/blog\/wp-json\/wp\/v2\/posts\/32705\/revisions"}],"predecessor-version":[{"id":32707,"href":"http:\/\/blogdalucianaoliveira.com.br\/blog\/wp-json\/wp\/v2\/posts\/32705\/revisions\/32707"}],"wp:attachment":[{"href":"http:\/\/blogdalucianaoliveira.com.br\/blog\/wp-json\/wp\/v2\/media?parent=32705"}],"wp:term":[{"taxonomy":"category","embeddable":true,"href":"http:\/\/blogdalucianaoliveira.com.br\/blog\/wp-json\/wp\/v2\/categories?post=32705"},{"taxonomy":"post_tag","embeddable":true,"href":"http:\/\/blogdalucianaoliveira.com.br\/blog\/wp-json\/wp\/v2\/tags?post=32705"}],"curies":[{"name":"wp","href":"https:\/\/api.w.org\/{rel}","templated":true}]}}