{"id":3271,"date":"2016-08-19T10:46:13","date_gmt":"2016-08-19T14:46:13","guid":{"rendered":"http:\/\/blogdalucianaoliveira.com.br\/blog\/?p=3271"},"modified":"2016-08-19T10:46:13","modified_gmt":"2016-08-19T14:46:13","slug":"dilma-confirma-que-recebeu-carta-de-papa-francisco-mas-evita-uso-politico-da-mensagem","status":"publish","type":"post","link":"http:\/\/blogdalucianaoliveira.com.br\/blog\/2016\/08\/19\/dilma-confirma-que-recebeu-carta-de-papa-francisco-mas-evita-uso-politico-da-mensagem\/","title":{"rendered":"Dilma confirma que recebeu carta de papa Francisco, mas evita uso pol\u00edtico da mensagem"},"content":{"rendered":"<p><img data-recalc-dims=\"1\" loading=\"lazy\" decoding=\"async\" data-attachment-id=\"3274\" data-permalink=\"http:\/\/blogdalucianaoliveira.com.br\/blog\/2016\/08\/19\/dilma-confirma-que-recebeu-carta-de-papa-francisco-mas-evita-uso-politico-da-mensagem\/dilma-2\/\" data-orig-file=\"https:\/\/i0.wp.com\/blogdalucianaoliveira.com.br\/blog\/wp-content\/uploads\/2016\/08\/dilma-1.jpg?fit=1024%2C768\" data-orig-size=\"1024,768\" data-comments-opened=\"0\" data-image-meta=\"{&quot;aperture&quot;:&quot;0&quot;,&quot;credit&quot;:&quot;&quot;,&quot;camera&quot;:&quot;&quot;,&quot;caption&quot;:&quot;&quot;,&quot;created_timestamp&quot;:&quot;0&quot;,&quot;copyright&quot;:&quot;AFP ImageForum&quot;,&quot;focal_length&quot;:&quot;0&quot;,&quot;iso&quot;:&quot;0&quot;,&quot;shutter_speed&quot;:&quot;0&quot;,&quot;title&quot;:&quot;&quot;,&quot;orientation&quot;:&quot;0&quot;}\" data-image-title=\"dilma\" data-image-description=\"\" data-image-caption=\"\" data-medium-file=\"https:\/\/i0.wp.com\/blogdalucianaoliveira.com.br\/blog\/wp-content\/uploads\/2016\/08\/dilma-1.jpg?fit=300%2C225\" data-large-file=\"https:\/\/i0.wp.com\/blogdalucianaoliveira.com.br\/blog\/wp-content\/uploads\/2016\/08\/dilma-1.jpg?fit=600%2C450\" src=\"https:\/\/i0.wp.com\/blogdalucianaoliveira.com.br\/blog\/wp-content\/uploads\/2016\/08\/dilma-1.jpg?resize=600%2C450\" alt=\"dilma\" width=\"600\" height=\"450\" class=\"alignnone size-full wp-image-3274\" srcset=\"https:\/\/i0.wp.com\/blogdalucianaoliveira.com.br\/blog\/wp-content\/uploads\/2016\/08\/dilma-1.jpg?w=1024 1024w, https:\/\/i0.wp.com\/blogdalucianaoliveira.com.br\/blog\/wp-content\/uploads\/2016\/08\/dilma-1.jpg?resize=300%2C225 300w, https:\/\/i0.wp.com\/blogdalucianaoliveira.com.br\/blog\/wp-content\/uploads\/2016\/08\/dilma-1.jpg?resize=400%2C300 400w\" sizes=\"auto, (max-width: 600px) 100vw, 600px\" \/><\/p>\n<p>Dilma Roussef, que vai encarar a \u00faltima chance de escapar do impeachment daqui a uma semana, teria recebido a carta do Papa Francisco no in\u00edcio do m\u00eas, como vazou o te\u00f3logo Leonardo Boff no Twitter.<!--more--><\/p>\n<p>Com o cadafalso armado, abriu m\u00e3o de faturar politicamente com uma mensagem do l\u00edder religioso mais influente da atualidade. <\/p>\n<p>Em entrevista para ag\u00eancias internacionais, a presidenta afastada confirmou o privil\u00e9gio da missiva, mas guardou em segredo o conte\u00fado que um dia, quem sabe, se torne p\u00fablico.<\/p>\n<p> &#8220;Ele escreveu uma carta para mim, mas n\u00e3o vou dizer mais nada sobre isso. Digo apenas que n\u00e3o foi uma carta oficial. N\u00e3o foi uma carta do Papa em sua condi\u00e7\u00e3o de representante do Vaticano, n\u00e3o tem import\u00e2ncia [o conte\u00fado]. N\u00e3o \u00e9 uma carta para ser divulgada&#8221;.<\/p>\n","protected":false},"excerpt":{"rendered":"<p>Dilma Roussef, que vai encarar a \u00faltima chance de escapar do impeachment daqui a uma semana, teria recebido a carta do Papa Francisco no in\u00edcio do m\u00eas, como vazou o te\u00f3logo Leonardo Boff no Twitter.<\/p>\n","protected":false},"author":1,"featured_media":0,"comment_status":"closed","ping_status":"open","sticky":false,"template":"","format":"standard","meta":{"_exactmetrics_skip_tracking":false,"_exactmetrics_sitenote_active":false,"_exactmetrics_sitenote_note":"","_exactmetrics_sitenote_category":0,"jetpack_post_was_ever_published":false,"_jetpack_newsletter_access":"","_jetpack_dont_email_post_to_subs":false,"_jetpack_newsletter_tier_id":0,"_jetpack_memberships_contains_paywalled_content":false,"_jetpack_memberships_contains_paid_content":false,"footnotes":"","jetpack_publicize_message":"","jetpack_publicize_feature_enabled":true,"jetpack_social_post_already_shared":true,"jetpack_social_options":{"image_generator_settings":{"template":"highway","enabled":false},"version":2}},"categories":[1],"tags":[],"class_list":["post-3271","post","type-post","status-publish","format-standard","hentry","category-notas"],"jetpack_publicize_connections":[],"jetpack_sharing_enabled":true,"jetpack_featured_media_url":"","jetpack_shortlink":"https:\/\/wp.me\/p7wKYW-QL","jetpack-related-posts":[],"_links":{"self":[{"href":"http:\/\/blogdalucianaoliveira.com.br\/blog\/wp-json\/wp\/v2\/posts\/3271","targetHints":{"allow":["GET"]}}],"collection":[{"href":"http:\/\/blogdalucianaoliveira.com.br\/blog\/wp-json\/wp\/v2\/posts"}],"about":[{"href":"http:\/\/blogdalucianaoliveira.com.br\/blog\/wp-json\/wp\/v2\/types\/post"}],"author":[{"embeddable":true,"href":"http:\/\/blogdalucianaoliveira.com.br\/blog\/wp-json\/wp\/v2\/users\/1"}],"replies":[{"embeddable":true,"href":"http:\/\/blogdalucianaoliveira.com.br\/blog\/wp-json\/wp\/v2\/comments?post=3271"}],"version-history":[{"count":1,"href":"http:\/\/blogdalucianaoliveira.com.br\/blog\/wp-json\/wp\/v2\/posts\/3271\/revisions"}],"predecessor-version":[{"id":3275,"href":"http:\/\/blogdalucianaoliveira.com.br\/blog\/wp-json\/wp\/v2\/posts\/3271\/revisions\/3275"}],"wp:attachment":[{"href":"http:\/\/blogdalucianaoliveira.com.br\/blog\/wp-json\/wp\/v2\/media?parent=3271"}],"wp:term":[{"taxonomy":"category","embeddable":true,"href":"http:\/\/blogdalucianaoliveira.com.br\/blog\/wp-json\/wp\/v2\/categories?post=3271"},{"taxonomy":"post_tag","embeddable":true,"href":"http:\/\/blogdalucianaoliveira.com.br\/blog\/wp-json\/wp\/v2\/tags?post=3271"}],"curies":[{"name":"wp","href":"https:\/\/api.w.org\/{rel}","templated":true}]}}